{"id":915,"date":"2022-06-16T08:08:04","date_gmt":"2022-06-16T06:08:04","guid":{"rendered":"https:\/\/desdelaterrazadeamador.com\/?p=915"},"modified":"2022-06-16T08:08:06","modified_gmt":"2022-06-16T06:08:06","slug":"los-usa-superan-el-millon-de-muertes-por-covid-19","status":"publish","type":"post","link":"https:\/\/desdelaterrazadeamador.com\/en\/los-usa-superan-el-millon-de-muertes-por-covid-19\/","title":{"rendered":"The US exceeds one million deaths from Covid-19"},"content":{"rendered":"<p>Views: 34<\/p>\n<p class=\"wp-block-paragraph\">Not long ago the news appeared that the US had reached one million deaths from Covid-19, and throughout the world this disease continues to cause problems despite the fact that it is relatively controlled thanks to vaccines.<\/p>\n\n\n\n<p class=\"wp-block-paragraph\">In Asia there are still some important outbreaks, and in Europe deaths have decreased because the majority of the population have 3 vaccines in our body. But despite this, there are quite a few people who get sick, although fortunately the vaccines make the discomfort more or less mild and hospitalization is not necessary.<\/p>\n\n\n\n<p class=\"wp-block-paragraph\">It is a disease that today can be said to be \"controlled\", but that is not why it can be underestimated and we must put aside some minimum precautions so as not to be infected again.<\/p>\n\n\n\n<figure class=\"wp-block-image size-full is-resized\"><img loading=\"lazy\" decoding=\"async\" src=\"https:\/\/desdelaterrazadeamador.com\/wp-content\/uploads\/2022\/06\/Covid-enfermo.jpg\" alt=\"\" class=\"wp-image-916\" width=\"461\" height=\"307\" srcset=\"https:\/\/desdelaterrazadeamador.com\/wp-content\/uploads\/2022\/06\/Covid-enfermo.jpg 275w, https:\/\/desdelaterrazadeamador.com\/wp-content\/uploads\/2022\/06\/Covid-enfermo-18x12.jpg 18w\" sizes=\"auto, (max-width: 461px) 100vw, 461px\" \/><\/figure>\n\n\n\n<p class=\"wp-block-paragraph\">And the announcement of the deaths in the USA leads me to make this reflection. Since also in Spain many people want to \"forget\" what we have been through and go back to \"before\", without being aware that the situation has changed from \u201cbefore\u201d. Whether we like it or not, the situation has changed and it is more than possible that the \"new situation\" will last for quite some time.<\/p>\n\n\n\n<p class=\"wp-block-paragraph\">And in this new situation, it will be necessary to be prudent and possibly wear masks in the presence of many other people, so as not to collaborate in the transmission of possible infections.<\/p>\n\n\n\n<p class=\"wp-block-paragraph\">People, and especially politicians, want to convey the message that we are as before the pandemic, but I think that is not the case. It is not about being pessimistic but about seeing what is happening around us.<\/p>\n\n\n\n<p class=\"wp-block-paragraph\">There are people who continue to get sick with Covid-19, and although they do not need to go to the hospital because they are vaccinated, if the appropriate protection measures are not taken, they infect other people. And so on.<\/p>\n\n\n\n<p class=\"wp-block-paragraph\">Nobody knows how long this situation will last, but I think we have the use of masks for a while. And it's nothing especially serious neither, it\u2019s just about taking a few simple precautionary measures.<\/p>\n\n\n\n<p class=\"wp-block-paragraph\">But to say that everything is over is a mistake, a serious mistake. And the US death numbers should remind us of that.<\/p>","protected":false},"excerpt":{"rendered":"<p>Views: 34 Hace no mucho apareci\u00f3 la noticia de que en EEUU se hab\u00eda llegado al mill\u00f3n de muertes por Covid-19, y por el mundo adelante esta enfermedad sigue dando problemas a pesar de que est\u00e1 relativamente controlada gracias a las vacunas. En Asia se siguen dando algunos rebrotes importantes, y en Europa las muertes [&hellip;]<\/p>\n","protected":false},"author":1,"featured_media":917,"comment_status":"open","ping_status":"open","sticky":false,"template":"","format":"standard","meta":{"_crdt_document":"","footnotes":"","jetpack_publicize_message":"","jetpack_publicize_feature_enabled":true,"jetpack_social_post_already_shared":false,"jetpack_social_options":{"image_generator_settings":{"template":"highway","default_image_id":0,"font":"","enabled":false},"version":2}},"categories":[148],"tags":[],"class_list":["post-915","post","type-post","status-publish","format-standard","has-post-thumbnail","hentry","category-health"],"yoast_head":"<!-- This site is optimized with the Yoast SEO plugin v27.5 - https:\/\/yoast.com\/product\/yoast-seo-wordpress\/ -->\n<title>Los USA superan el mill\u00f3n de muertes por Covid-19 - Desde la terraza de Amador<\/title>\n<meta name=\"description\" content=\"Hace no mucho apareci\u00f3 la noticia de que en EEUU se hab\u00eda llegado al mill\u00f3n de muertes por Covid-19, y por el mundo adelante esta enfermedad sigue dando\" \/>\n<meta name=\"robots\" content=\"index, follow, max-snippet:-1, max-image-preview:large, max-video-preview:-1\" \/>\n<link rel=\"canonical\" href=\"https:\/\/desdelaterrazadeamador.com\/en\/los-usa-superan-el-millon-de-muertes-por-covid-19\/\" \/>\n<meta property=\"og:locale\" content=\"en_US\" \/>\n<meta property=\"og:type\" content=\"article\" \/>\n<meta property=\"og:title\" content=\"Los USA superan el mill\u00f3n de muertes por Covid-19 - Desde la terraza de Amador\" \/>\n<meta property=\"og:description\" content=\"Hace no mucho apareci\u00f3 la noticia de que en EEUU se hab\u00eda llegado al mill\u00f3n de muertes por Covid-19, y por el mundo adelante esta enfermedad sigue dando\" \/>\n<meta property=\"og:url\" content=\"https:\/\/desdelaterrazadeamador.com\/en\/los-usa-superan-el-millon-de-muertes-por-covid-19\/\" \/>\n<meta property=\"og:site_name\" content=\"Desde la terraza de Amador\" \/>\n<meta property=\"article:published_time\" content=\"2022-06-16T06:08:04+00:00\" \/>\n<meta property=\"article:modified_time\" content=\"2022-06-16T06:08:06+00:00\" \/>\n<meta property=\"og:image\" content=\"https:\/\/desdelaterrazadeamador.com\/wp-content\/uploads\/2022\/06\/Covid-19.png\" \/>\n\t<meta property=\"og:image:width\" content=\"150\" \/>\n\t<meta property=\"og:image:height\" content=\"150\" \/>\n\t<meta property=\"og:image:type\" content=\"image\/png\" \/>\n<meta name=\"author\" content=\"Amador Palacios\" \/>\n<meta name=\"twitter:card\" content=\"summary_large_image\" \/>\n<meta name=\"twitter:creator\" content=\"@https:\/\/twitter.com\/edurneamaya\" \/>\n<meta name=\"twitter:site\" content=\"@edurneamaya\" \/>\n<meta name=\"twitter:label1\" content=\"Written by\" \/>\n\t<meta name=\"twitter:data1\" content=\"Amador Palacios\" \/>\n\t<meta name=\"twitter:label2\" content=\"Est. reading time\" \/>\n\t<meta name=\"twitter:data2\" content=\"2 minutes\" \/>\n<script type=\"application\/ld+json\" class=\"yoast-schema-graph\">{\"@context\":\"https:\\\/\\\/schema.org\",\"@graph\":[{\"@type\":\"Article\",\"@id\":\"https:\\\/\\\/desdelaterrazadeamador.com\\\/en\\\/los-usa-superan-el-millon-de-muertes-por-covid-19\\\/#article\",\"isPartOf\":{\"@id\":\"https:\\\/\\\/desdelaterrazadeamador.com\\\/en\\\/los-usa-superan-el-millon-de-muertes-por-covid-19\\\/\"},\"author\":{\"name\":\"Amador Palacios\",\"@id\":\"https:\\\/\\\/desdelaterrazadeamador.com\\\/#\\\/schema\\\/person\\\/0b6966cf66bcc9a2eb35a69e1c074d66\"},\"headline\":\"Los USA superan el mill\u00f3n de muertes por Covid-19\",\"datePublished\":\"2022-06-16T06:08:04+00:00\",\"dateModified\":\"2022-06-16T06:08:06+00:00\",\"mainEntityOfPage\":{\"@id\":\"https:\\\/\\\/desdelaterrazadeamador.com\\\/en\\\/los-usa-superan-el-millon-de-muertes-por-covid-19\\\/\"},\"wordCount\":382,\"commentCount\":0,\"publisher\":{\"@id\":\"https:\\\/\\\/desdelaterrazadeamador.com\\\/#\\\/schema\\\/person\\\/0b6966cf66bcc9a2eb35a69e1c074d66\"},\"image\":{\"@id\":\"https:\\\/\\\/desdelaterrazadeamador.com\\\/en\\\/los-usa-superan-el-millon-de-muertes-por-covid-19\\\/#primaryimage\"},\"thumbnailUrl\":\"https:\\\/\\\/desdelaterrazadeamador.com\\\/wp-content\\\/uploads\\\/2022\\\/06\\\/Covid-19.png\",\"articleSection\":[\"Health\"],\"inLanguage\":\"en-US\",\"potentialAction\":[{\"@type\":\"CommentAction\",\"name\":\"Comment\",\"target\":[\"https:\\\/\\\/desdelaterrazadeamador.com\\\/en\\\/los-usa-superan-el-millon-de-muertes-por-covid-19\\\/#respond\"]}]},{\"@type\":\"WebPage\",\"@id\":\"https:\\\/\\\/desdelaterrazadeamador.com\\\/en\\\/los-usa-superan-el-millon-de-muertes-por-covid-19\\\/\",\"url\":\"https:\\\/\\\/desdelaterrazadeamador.com\\\/en\\\/los-usa-superan-el-millon-de-muertes-por-covid-19\\\/\",\"name\":\"Los USA superan el mill\u00f3n de muertes por Covid-19 - Desde la terraza de Amador\",\"isPartOf\":{\"@id\":\"https:\\\/\\\/desdelaterrazadeamador.com\\\/#website\"},\"primaryImageOfPage\":{\"@id\":\"https:\\\/\\\/desdelaterrazadeamador.com\\\/en\\\/los-usa-superan-el-millon-de-muertes-por-covid-19\\\/#primaryimage\"},\"image\":{\"@id\":\"https:\\\/\\\/desdelaterrazadeamador.com\\\/en\\\/los-usa-superan-el-millon-de-muertes-por-covid-19\\\/#primaryimage\"},\"thumbnailUrl\":\"https:\\\/\\\/desdelaterrazadeamador.com\\\/wp-content\\\/uploads\\\/2022\\\/06\\\/Covid-19.png\",\"datePublished\":\"2022-06-16T06:08:04+00:00\",\"dateModified\":\"2022-06-16T06:08:06+00:00\",\"description\":\"Hace no mucho apareci\u00f3 la noticia de que en EEUU se hab\u00eda llegado al mill\u00f3n de muertes por Covid-19, y por el mundo adelante esta enfermedad sigue dando\",\"breadcrumb\":{\"@id\":\"https:\\\/\\\/desdelaterrazadeamador.com\\\/en\\\/los-usa-superan-el-millon-de-muertes-por-covid-19\\\/#breadcrumb\"},\"inLanguage\":\"en-US\",\"potentialAction\":[{\"@type\":\"ReadAction\",\"target\":[\"https:\\\/\\\/desdelaterrazadeamador.com\\\/en\\\/los-usa-superan-el-millon-de-muertes-por-covid-19\\\/\"]}]},{\"@type\":\"ImageObject\",\"inLanguage\":\"en-US\",\"@id\":\"https:\\\/\\\/desdelaterrazadeamador.com\\\/en\\\/los-usa-superan-el-millon-de-muertes-por-covid-19\\\/#primaryimage\",\"url\":\"https:\\\/\\\/desdelaterrazadeamador.com\\\/wp-content\\\/uploads\\\/2022\\\/06\\\/Covid-19.png\",\"contentUrl\":\"https:\\\/\\\/desdelaterrazadeamador.com\\\/wp-content\\\/uploads\\\/2022\\\/06\\\/Covid-19.png\",\"width\":150,\"height\":150},{\"@type\":\"BreadcrumbList\",\"@id\":\"https:\\\/\\\/desdelaterrazadeamador.com\\\/en\\\/los-usa-superan-el-millon-de-muertes-por-covid-19\\\/#breadcrumb\",\"itemListElement\":[{\"@type\":\"ListItem\",\"position\":1,\"name\":\"Portada\",\"item\":\"https:\\\/\\\/desdelaterrazadeamador.com\\\/\"},{\"@type\":\"ListItem\",\"position\":2,\"name\":\"Los USA superan el mill\u00f3n de muertes por Covid-19\"}]},{\"@type\":\"WebSite\",\"@id\":\"https:\\\/\\\/desdelaterrazadeamador.com\\\/#website\",\"url\":\"https:\\\/\\\/desdelaterrazadeamador.com\\\/\",\"name\":\"Desde la terraza de Amador\",\"description\":\"Reflexiones libres y honestas sobre temas de actualidad social y tecnol\u00f3gica\",\"publisher\":{\"@id\":\"https:\\\/\\\/desdelaterrazadeamador.com\\\/#\\\/schema\\\/person\\\/0b6966cf66bcc9a2eb35a69e1c074d66\"},\"potentialAction\":[{\"@type\":\"SearchAction\",\"target\":{\"@type\":\"EntryPoint\",\"urlTemplate\":\"https:\\\/\\\/desdelaterrazadeamador.com\\\/?s={search_term_string}\"},\"query-input\":{\"@type\":\"PropertyValueSpecification\",\"valueRequired\":true,\"valueName\":\"search_term_string\"}}],\"inLanguage\":\"en-US\"},{\"@type\":[\"Person\",\"Organization\"],\"@id\":\"https:\\\/\\\/desdelaterrazadeamador.com\\\/#\\\/schema\\\/person\\\/0b6966cf66bcc9a2eb35a69e1c074d66\",\"name\":\"Amador Palacios\",\"image\":{\"@type\":\"ImageObject\",\"inLanguage\":\"en-US\",\"@id\":\"https:\\\/\\\/desdelaterrazadeamador.com\\\/wp-content\\\/uploads\\\/2022\\\/01\\\/amador-palacios.jpg\",\"url\":\"https:\\\/\\\/desdelaterrazadeamador.com\\\/wp-content\\\/uploads\\\/2022\\\/01\\\/amador-palacios.jpg\",\"contentUrl\":\"https:\\\/\\\/desdelaterrazadeamador.com\\\/wp-content\\\/uploads\\\/2022\\\/01\\\/amador-palacios.jpg\",\"width\":1265,\"height\":899,\"caption\":\"Amador Palacios\"},\"logo\":{\"@id\":\"https:\\\/\\\/desdelaterrazadeamador.com\\\/wp-content\\\/uploads\\\/2022\\\/01\\\/amador-palacios.jpg\"},\"description\":\"Reflexiones de Amador Palacios sobre temas de Actualidad Social y Tecnol\u00f3gica; otras opiniones diferentes a la m\u00eda son bienvenidas\",\"sameAs\":[\"http:\\\/\\\/desdelaterrazadeamador.com\",\"https:\\\/\\\/es.linkedin.com\\\/in\\\/amador-palacios-499532a\",\"https:\\\/\\\/x.com\\\/https:\\\/\\\/twitter.com\\\/edurneamaya\"]}]}<\/script>\n<!-- \/ Yoast SEO plugin. -->","yoast_head_json":{"title":"Los USA superan el mill\u00f3n de muertes por Covid-19 - Desde la terraza de Amador","description":"Hace no mucho apareci\u00f3 la noticia de que en EEUU se hab\u00eda llegado al mill\u00f3n de muertes por Covid-19, y por el mundo adelante esta enfermedad sigue dando","robots":{"index":"index","follow":"follow","max-snippet":"max-snippet:-1","max-image-preview":"max-image-preview:large","max-video-preview":"max-video-preview:-1"},"canonical":"https:\/\/desdelaterrazadeamador.com\/en\/los-usa-superan-el-millon-de-muertes-por-covid-19\/","og_locale":"en_US","og_type":"article","og_title":"Los USA superan el mill\u00f3n de muertes por Covid-19 - Desde la terraza de Amador","og_description":"Hace no mucho apareci\u00f3 la noticia de que en EEUU se hab\u00eda llegado al mill\u00f3n de muertes por Covid-19, y por el mundo adelante esta enfermedad sigue dando","og_url":"https:\/\/desdelaterrazadeamador.com\/en\/los-usa-superan-el-millon-de-muertes-por-covid-19\/","og_site_name":"Desde la terraza de Amador","article_published_time":"2022-06-16T06:08:04+00:00","article_modified_time":"2022-06-16T06:08:06+00:00","og_image":[{"width":150,"height":150,"url":"https:\/\/desdelaterrazadeamador.com\/wp-content\/uploads\/2022\/06\/Covid-19.png","type":"image\/png"}],"author":"Amador Palacios","twitter_card":"summary_large_image","twitter_creator":"@https:\/\/twitter.com\/edurneamaya","twitter_site":"@edurneamaya","twitter_misc":{"Written by":"Amador Palacios","Est. reading time":"2 minutes"},"schema":{"@context":"https:\/\/schema.org","@graph":[{"@type":"Article","@id":"https:\/\/desdelaterrazadeamador.com\/en\/los-usa-superan-el-millon-de-muertes-por-covid-19\/#article","isPartOf":{"@id":"https:\/\/desdelaterrazadeamador.com\/en\/los-usa-superan-el-millon-de-muertes-por-covid-19\/"},"author":{"name":"Amador Palacios","@id":"https:\/\/desdelaterrazadeamador.com\/#\/schema\/person\/0b6966cf66bcc9a2eb35a69e1c074d66"},"headline":"Los USA superan el mill\u00f3n de muertes por Covid-19","datePublished":"2022-06-16T06:08:04+00:00","dateModified":"2022-06-16T06:08:06+00:00","mainEntityOfPage":{"@id":"https:\/\/desdelaterrazadeamador.com\/en\/los-usa-superan-el-millon-de-muertes-por-covid-19\/"},"wordCount":382,"commentCount":0,"publisher":{"@id":"https:\/\/desdelaterrazadeamador.com\/#\/schema\/person\/0b6966cf66bcc9a2eb35a69e1c074d66"},"image":{"@id":"https:\/\/desdelaterrazadeamador.com\/en\/los-usa-superan-el-millon-de-muertes-por-covid-19\/#primaryimage"},"thumbnailUrl":"https:\/\/desdelaterrazadeamador.com\/wp-content\/uploads\/2022\/06\/Covid-19.png","articleSection":["Health"],"inLanguage":"en-US","potentialAction":[{"@type":"CommentAction","name":"Comment","target":["https:\/\/desdelaterrazadeamador.com\/en\/los-usa-superan-el-millon-de-muertes-por-covid-19\/#respond"]}]},{"@type":"WebPage","@id":"https:\/\/desdelaterrazadeamador.com\/en\/los-usa-superan-el-millon-de-muertes-por-covid-19\/","url":"https:\/\/desdelaterrazadeamador.com\/en\/los-usa-superan-el-millon-de-muertes-por-covid-19\/","name":"Los USA superan el mill\u00f3n de muertes por Covid-19 - Desde la terraza de Amador","isPartOf":{"@id":"https:\/\/desdelaterrazadeamador.com\/#website"},"primaryImageOfPage":{"@id":"https:\/\/desdelaterrazadeamador.com\/en\/los-usa-superan-el-millon-de-muertes-por-covid-19\/#primaryimage"},"image":{"@id":"https:\/\/desdelaterrazadeamador.com\/en\/los-usa-superan-el-millon-de-muertes-por-covid-19\/#primaryimage"},"thumbnailUrl":"https:\/\/desdelaterrazadeamador.com\/wp-content\/uploads\/2022\/06\/Covid-19.png","datePublished":"2022-06-16T06:08:04+00:00","dateModified":"2022-06-16T06:08:06+00:00","description":"Hace no mucho apareci\u00f3 la noticia de que en EEUU se hab\u00eda llegado al mill\u00f3n de muertes por Covid-19, y por el mundo adelante esta enfermedad sigue dando","breadcrumb":{"@id":"https:\/\/desdelaterrazadeamador.com\/en\/los-usa-superan-el-millon-de-muertes-por-covid-19\/#breadcrumb"},"inLanguage":"en-US","potentialAction":[{"@type":"ReadAction","target":["https:\/\/desdelaterrazadeamador.com\/en\/los-usa-superan-el-millon-de-muertes-por-covid-19\/"]}]},{"@type":"ImageObject","inLanguage":"en-US","@id":"https:\/\/desdelaterrazadeamador.com\/en\/los-usa-superan-el-millon-de-muertes-por-covid-19\/#primaryimage","url":"https:\/\/desdelaterrazadeamador.com\/wp-content\/uploads\/2022\/06\/Covid-19.png","contentUrl":"https:\/\/desdelaterrazadeamador.com\/wp-content\/uploads\/2022\/06\/Covid-19.png","width":150,"height":150},{"@type":"BreadcrumbList","@id":"https:\/\/desdelaterrazadeamador.com\/en\/los-usa-superan-el-millon-de-muertes-por-covid-19\/#breadcrumb","itemListElement":[{"@type":"ListItem","position":1,"name":"Portada","item":"https:\/\/desdelaterrazadeamador.com\/"},{"@type":"ListItem","position":2,"name":"Los USA superan el mill\u00f3n de muertes por Covid-19"}]},{"@type":"WebSite","@id":"https:\/\/desdelaterrazadeamador.com\/#website","url":"https:\/\/desdelaterrazadeamador.com\/","name":"Desde la terraza de Amador","description":"Free and honest reflections on current social and technological issues","publisher":{"@id":"https:\/\/desdelaterrazadeamador.com\/#\/schema\/person\/0b6966cf66bcc9a2eb35a69e1c074d66"},"potentialAction":[{"@type":"SearchAction","target":{"@type":"EntryPoint","urlTemplate":"https:\/\/desdelaterrazadeamador.com\/?s={search_term_string}"},"query-input":{"@type":"PropertyValueSpecification","valueRequired":true,"valueName":"search_term_string"}}],"inLanguage":"en-US"},{"@type":["Person","Organization"],"@id":"https:\/\/desdelaterrazadeamador.com\/#\/schema\/person\/0b6966cf66bcc9a2eb35a69e1c074d66","name":"Amador Palacios","image":{"@type":"ImageObject","inLanguage":"en-US","@id":"https:\/\/desdelaterrazadeamador.com\/wp-content\/uploads\/2022\/01\/amador-palacios.jpg","url":"https:\/\/desdelaterrazadeamador.com\/wp-content\/uploads\/2022\/01\/amador-palacios.jpg","contentUrl":"https:\/\/desdelaterrazadeamador.com\/wp-content\/uploads\/2022\/01\/amador-palacios.jpg","width":1265,"height":899,"caption":"Amador Palacios"},"logo":{"@id":"https:\/\/desdelaterrazadeamador.com\/wp-content\/uploads\/2022\/01\/amador-palacios.jpg"},"description":"Reflexiones de Amador Palacios sobre temas de Actualidad Social y Tecnol\u00f3gica; otras opiniones diferentes a la m\u00eda son bienvenidas","sameAs":["http:\/\/desdelaterrazadeamador.com","https:\/\/es.linkedin.com\/in\/amador-palacios-499532a","https:\/\/x.com\/https:\/\/twitter.com\/edurneamaya"]}]}},"jetpack_publicize_connections":[],"_links":{"self":[{"href":"https:\/\/desdelaterrazadeamador.com\/en\/wp-json\/wp\/v2\/posts\/915","targetHints":{"allow":["GET"]}}],"collection":[{"href":"https:\/\/desdelaterrazadeamador.com\/en\/wp-json\/wp\/v2\/posts"}],"about":[{"href":"https:\/\/desdelaterrazadeamador.com\/en\/wp-json\/wp\/v2\/types\/post"}],"author":[{"embeddable":true,"href":"https:\/\/desdelaterrazadeamador.com\/en\/wp-json\/wp\/v2\/users\/1"}],"replies":[{"embeddable":true,"href":"https:\/\/desdelaterrazadeamador.com\/en\/wp-json\/wp\/v2\/comments?post=915"}],"version-history":[{"count":1,"href":"https:\/\/desdelaterrazadeamador.com\/en\/wp-json\/wp\/v2\/posts\/915\/revisions"}],"predecessor-version":[{"id":918,"href":"https:\/\/desdelaterrazadeamador.com\/en\/wp-json\/wp\/v2\/posts\/915\/revisions\/918"}],"wp:featuredmedia":[{"embeddable":true,"href":"https:\/\/desdelaterrazadeamador.com\/en\/wp-json\/wp\/v2\/media\/917"}],"wp:attachment":[{"href":"https:\/\/desdelaterrazadeamador.com\/en\/wp-json\/wp\/v2\/media?parent=915"}],"wp:term":[{"taxonomy":"category","embeddable":true,"href":"https:\/\/desdelaterrazadeamador.com\/en\/wp-json\/wp\/v2\/categories?post=915"},{"taxonomy":"post_tag","embeddable":true,"href":"https:\/\/desdelaterrazadeamador.com\/en\/wp-json\/wp\/v2\/tags?post=915"}],"curies":[{"name":"wp","href":"https:\/\/api.w.org\/{rel}","templated":true}]}}