{"id":771,"date":"2022-04-27T08:38:24","date_gmt":"2022-04-27T06:38:24","guid":{"rendered":"https:\/\/desdelaterrazadeamador.com\/?p=771"},"modified":"2022-04-27T08:38:26","modified_gmt":"2022-04-27T06:38:26","slug":"nokia-anuncia-que-abandona-los-moviles-de-alta-gama","status":"publish","type":"post","link":"https:\/\/desdelaterrazadeamador.com\/en\/nokia-anuncia-que-abandona-los-moviles-de-alta-gama\/","title":{"rendered":"Nokia announces that it abandons the high-end mobiles market"},"content":{"rendered":"<p>Views: 33<\/p>\n<p class=\"wp-block-paragraph\">In fact, after being \"dead\" for a few years and \"resurrected\" to return to manufacturing mobile phones with the Android system, Nokia has announced that it is abandoning the niche of high-end mobile phones, and is going to concentrate only on offering mobile phones of middle and low range.<\/p>\n\n\n\n<p class=\"wp-block-paragraph\">Nokia knows a lot about mobile phones and has cutting-edge technology in 5G transmissions, something that Ericsson also has and that is outside the mobile phone market. Neither of these two companies are what they were, but they survive in their niche markets.<\/p>\n\n\n\n<p class=\"wp-block-paragraph\">Nokia wanted to be someone in the mobile world again and announced high-end models but the harsh reality of its sales I guess has led it to make this tough decision.<\/p>\n\n\n\n<p class=\"wp-block-paragraph\">The high-end of mobile phones is controlled by Apple with an iron hand, and the others (Samsung and others) sell what they can, and in reality they do not sell many of these terminals. Apple is the undisputed king of that niche.<\/p>\n\n\n\n<figure class=\"wp-block-image size-full is-resized\"><img loading=\"lazy\" decoding=\"async\" src=\"https:\/\/desdelaterrazadeamador.com\/wp-content\/uploads\/2022\/04\/Movil-Nokia.jpg\" alt=\"\" class=\"wp-image-772\" width=\"511\" height=\"355\" srcset=\"https:\/\/desdelaterrazadeamador.com\/wp-content\/uploads\/2022\/04\/Movil-Nokia.jpg 450w, https:\/\/desdelaterrazadeamador.com\/wp-content\/uploads\/2022\/04\/Movil-Nokia-300x209.jpg 300w, https:\/\/desdelaterrazadeamador.com\/wp-content\/uploads\/2022\/04\/Movil-Nokia-18x12.jpg 18w\" sizes=\"auto, (max-width: 511px) 100vw, 511px\" \/><\/figure>\n\n\n\n<p class=\"wp-block-paragraph\">That is why Nokia's decision to focus on selling mobile phones in the mid-range and possibly low is quite logical. But this is not going to be easy, as there are many companies that stick to that part of the cake.<\/p>\n\n\n\n<p class=\"wp-block-paragraph\">I think that Xiaomi is one of the strong ones, although it is not the only one. With the exception of Apple, all brands offer some models in the mid-price range, so competition is fierce.<\/p>\n\n\n\n<p class=\"wp-block-paragraph\">And to make it more difficult, any new brand that appears in the mobile market (and I'm surprised that some new ones continue to appear), starts selling its products in that market niche.<\/p>\n\n\n\n<p class=\"wp-block-paragraph\">I have always had a special affection for Nokia, perhaps because my first mobile phones were from that brand, and partly because it manufactured very good terminals (those that did not break), but I think it will not be easy for it to maintain itself.<\/p>\n\n\n\n<p class=\"wp-block-paragraph\">In mobile phones there are no longer so many innovations each year, and people have stopped changing them as often as before and they make them last longer, so companies have to fight harder to sell each new terminal.<\/p>\n\n\n\n<p class=\"wp-block-paragraph\">I wish the best to our friends of Nokia and that they are able to stay in the market. At the moment, and together with Fairphone, they are the only European companies that remain in the mobile market. I hope they last a long time.<\/p>","protected":false},"excerpt":{"rendered":"<p>Views: 33 En efecto, despu\u00e9s de estar \u201cmuerta\u201d durante unos cuantos a\u00f1os y \u201cresucitar\u201d para volver a fabricar m\u00f3viles con el sistema Android, Nokia ha anunciado que abandona el nicho de los m\u00f3viles de alta gama, y va a concentrarse solamente en ofrecer m\u00f3viles de gama media y baja. Nokia sabe mucho de m\u00f3viles y [&hellip;]<\/p>\n","protected":false},"author":1,"featured_media":773,"comment_status":"open","ping_status":"open","sticky":false,"template":"","format":"standard","meta":{"_crdt_document":"","footnotes":"","jetpack_publicize_message":"","jetpack_publicize_feature_enabled":true,"jetpack_social_post_already_shared":false,"jetpack_social_options":{"image_generator_settings":{"template":"highway","default_image_id":0,"font":"","enabled":false},"version":2}},"categories":[1],"tags":[],"class_list":["post-771","post","type-post","status-publish","format-standard","has-post-thumbnail","hentry","category-uncategorized"],"yoast_head":"<!-- This site is optimized with the Yoast SEO plugin v27.5 - https:\/\/yoast.com\/product\/yoast-seo-wordpress\/ -->\n<title>Nokia anuncia que abandona los m\u00f3viles de alta gama - Desde la terraza de Amador<\/title>\n<meta name=\"description\" content=\"En efecto, despu\u00e9s de estar \u201cmuerta\u201d durante unos cuantos a\u00f1os y \u201cresucitar\u201d para volver a fabricar m\u00f3viles con el sistema Android, Nokia ha anunciado que\" \/>\n<meta name=\"robots\" content=\"index, follow, max-snippet:-1, max-image-preview:large, max-video-preview:-1\" \/>\n<link rel=\"canonical\" href=\"https:\/\/desdelaterrazadeamador.com\/en\/nokia-anuncia-que-abandona-los-moviles-de-alta-gama\/\" \/>\n<meta property=\"og:locale\" content=\"en_US\" \/>\n<meta property=\"og:type\" content=\"article\" \/>\n<meta property=\"og:title\" content=\"Nokia anuncia que abandona los m\u00f3viles de alta gama - Desde la terraza de Amador\" \/>\n<meta property=\"og:description\" content=\"En efecto, despu\u00e9s de estar \u201cmuerta\u201d durante unos cuantos a\u00f1os y \u201cresucitar\u201d para volver a fabricar m\u00f3viles con el sistema Android, Nokia ha anunciado que\" \/>\n<meta property=\"og:url\" content=\"https:\/\/desdelaterrazadeamador.com\/en\/nokia-anuncia-que-abandona-los-moviles-de-alta-gama\/\" \/>\n<meta property=\"og:site_name\" content=\"Desde la terraza de Amador\" \/>\n<meta property=\"article:published_time\" content=\"2022-04-27T06:38:24+00:00\" \/>\n<meta property=\"article:modified_time\" content=\"2022-04-27T06:38:26+00:00\" \/>\n<meta property=\"og:image\" content=\"https:\/\/desdelaterrazadeamador.com\/wp-content\/uploads\/2022\/04\/Movil-antiguo-MODELO.jpg\" \/>\n\t<meta property=\"og:image:width\" content=\"318\" \/>\n\t<meta property=\"og:image:height\" content=\"159\" \/>\n\t<meta property=\"og:image:type\" content=\"image\/jpeg\" \/>\n<meta name=\"author\" content=\"Amador Palacios\" \/>\n<meta name=\"twitter:card\" content=\"summary_large_image\" \/>\n<meta name=\"twitter:creator\" content=\"@https:\/\/twitter.com\/edurneamaya\" \/>\n<meta name=\"twitter:site\" content=\"@edurneamaya\" \/>\n<meta name=\"twitter:label1\" content=\"Written by\" \/>\n\t<meta name=\"twitter:data1\" content=\"Amador Palacios\" \/>\n\t<meta name=\"twitter:label2\" content=\"Est. reading time\" \/>\n\t<meta name=\"twitter:data2\" content=\"3 minutes\" \/>\n<script type=\"application\/ld+json\" class=\"yoast-schema-graph\">{\"@context\":\"https:\\\/\\\/schema.org\",\"@graph\":[{\"@type\":\"Article\",\"@id\":\"https:\\\/\\\/desdelaterrazadeamador.com\\\/nokia-anuncia-que-abandona-los-moviles-de-alta-gama\\\/#article\",\"isPartOf\":{\"@id\":\"https:\\\/\\\/desdelaterrazadeamador.com\\\/nokia-anuncia-que-abandona-los-moviles-de-alta-gama\\\/\"},\"author\":{\"name\":\"Amador Palacios\",\"@id\":\"https:\\\/\\\/desdelaterrazadeamador.com\\\/#\\\/schema\\\/person\\\/0b6966cf66bcc9a2eb35a69e1c074d66\"},\"headline\":\"Nokia anuncia que abandona los m\u00f3viles de alta gama\",\"datePublished\":\"2022-04-27T06:38:24+00:00\",\"dateModified\":\"2022-04-27T06:38:26+00:00\",\"mainEntityOfPage\":{\"@id\":\"https:\\\/\\\/desdelaterrazadeamador.com\\\/nokia-anuncia-que-abandona-los-moviles-de-alta-gama\\\/\"},\"wordCount\":454,\"commentCount\":0,\"publisher\":{\"@id\":\"https:\\\/\\\/desdelaterrazadeamador.com\\\/#\\\/schema\\\/person\\\/0b6966cf66bcc9a2eb35a69e1c074d66\"},\"image\":{\"@id\":\"https:\\\/\\\/desdelaterrazadeamador.com\\\/nokia-anuncia-que-abandona-los-moviles-de-alta-gama\\\/#primaryimage\"},\"thumbnailUrl\":\"https:\\\/\\\/desdelaterrazadeamador.com\\\/wp-content\\\/uploads\\\/2022\\\/04\\\/Movil-antiguo-MODELO.jpg\",\"inLanguage\":\"en-US\",\"potentialAction\":[{\"@type\":\"CommentAction\",\"name\":\"Comment\",\"target\":[\"https:\\\/\\\/desdelaterrazadeamador.com\\\/nokia-anuncia-que-abandona-los-moviles-de-alta-gama\\\/#respond\"]}]},{\"@type\":\"WebPage\",\"@id\":\"https:\\\/\\\/desdelaterrazadeamador.com\\\/nokia-anuncia-que-abandona-los-moviles-de-alta-gama\\\/\",\"url\":\"https:\\\/\\\/desdelaterrazadeamador.com\\\/nokia-anuncia-que-abandona-los-moviles-de-alta-gama\\\/\",\"name\":\"Nokia anuncia que abandona los m\u00f3viles de alta gama - Desde la terraza de Amador\",\"isPartOf\":{\"@id\":\"https:\\\/\\\/desdelaterrazadeamador.com\\\/#website\"},\"primaryImageOfPage\":{\"@id\":\"https:\\\/\\\/desdelaterrazadeamador.com\\\/nokia-anuncia-que-abandona-los-moviles-de-alta-gama\\\/#primaryimage\"},\"image\":{\"@id\":\"https:\\\/\\\/desdelaterrazadeamador.com\\\/nokia-anuncia-que-abandona-los-moviles-de-alta-gama\\\/#primaryimage\"},\"thumbnailUrl\":\"https:\\\/\\\/desdelaterrazadeamador.com\\\/wp-content\\\/uploads\\\/2022\\\/04\\\/Movil-antiguo-MODELO.jpg\",\"datePublished\":\"2022-04-27T06:38:24+00:00\",\"dateModified\":\"2022-04-27T06:38:26+00:00\",\"description\":\"En efecto, despu\u00e9s de estar \u201cmuerta\u201d durante unos cuantos a\u00f1os y \u201cresucitar\u201d para volver a fabricar m\u00f3viles con el sistema Android, Nokia ha anunciado que\",\"breadcrumb\":{\"@id\":\"https:\\\/\\\/desdelaterrazadeamador.com\\\/nokia-anuncia-que-abandona-los-moviles-de-alta-gama\\\/#breadcrumb\"},\"inLanguage\":\"en-US\",\"potentialAction\":[{\"@type\":\"ReadAction\",\"target\":[\"https:\\\/\\\/desdelaterrazadeamador.com\\\/nokia-anuncia-que-abandona-los-moviles-de-alta-gama\\\/\"]}]},{\"@type\":\"ImageObject\",\"inLanguage\":\"en-US\",\"@id\":\"https:\\\/\\\/desdelaterrazadeamador.com\\\/nokia-anuncia-que-abandona-los-moviles-de-alta-gama\\\/#primaryimage\",\"url\":\"https:\\\/\\\/desdelaterrazadeamador.com\\\/wp-content\\\/uploads\\\/2022\\\/04\\\/Movil-antiguo-MODELO.jpg\",\"contentUrl\":\"https:\\\/\\\/desdelaterrazadeamador.com\\\/wp-content\\\/uploads\\\/2022\\\/04\\\/Movil-antiguo-MODELO.jpg\",\"width\":318,\"height\":159},{\"@type\":\"BreadcrumbList\",\"@id\":\"https:\\\/\\\/desdelaterrazadeamador.com\\\/nokia-anuncia-que-abandona-los-moviles-de-alta-gama\\\/#breadcrumb\",\"itemListElement\":[{\"@type\":\"ListItem\",\"position\":1,\"name\":\"Portada\",\"item\":\"https:\\\/\\\/desdelaterrazadeamador.com\\\/\"},{\"@type\":\"ListItem\",\"position\":2,\"name\":\"Nokia anuncia que abandona los m\u00f3viles de alta gama\"}]},{\"@type\":\"WebSite\",\"@id\":\"https:\\\/\\\/desdelaterrazadeamador.com\\\/#website\",\"url\":\"https:\\\/\\\/desdelaterrazadeamador.com\\\/\",\"name\":\"Desde la terraza de Amador\",\"description\":\"Reflexiones libres y honestas sobre temas de actualidad social y tecnol\u00f3gica\",\"publisher\":{\"@id\":\"https:\\\/\\\/desdelaterrazadeamador.com\\\/#\\\/schema\\\/person\\\/0b6966cf66bcc9a2eb35a69e1c074d66\"},\"potentialAction\":[{\"@type\":\"SearchAction\",\"target\":{\"@type\":\"EntryPoint\",\"urlTemplate\":\"https:\\\/\\\/desdelaterrazadeamador.com\\\/?s={search_term_string}\"},\"query-input\":{\"@type\":\"PropertyValueSpecification\",\"valueRequired\":true,\"valueName\":\"search_term_string\"}}],\"inLanguage\":\"en-US\"},{\"@type\":[\"Person\",\"Organization\"],\"@id\":\"https:\\\/\\\/desdelaterrazadeamador.com\\\/#\\\/schema\\\/person\\\/0b6966cf66bcc9a2eb35a69e1c074d66\",\"name\":\"Amador Palacios\",\"image\":{\"@type\":\"ImageObject\",\"inLanguage\":\"en-US\",\"@id\":\"https:\\\/\\\/desdelaterrazadeamador.com\\\/wp-content\\\/uploads\\\/2022\\\/01\\\/amador-palacios.jpg\",\"url\":\"https:\\\/\\\/desdelaterrazadeamador.com\\\/wp-content\\\/uploads\\\/2022\\\/01\\\/amador-palacios.jpg\",\"contentUrl\":\"https:\\\/\\\/desdelaterrazadeamador.com\\\/wp-content\\\/uploads\\\/2022\\\/01\\\/amador-palacios.jpg\",\"width\":1265,\"height\":899,\"caption\":\"Amador Palacios\"},\"logo\":{\"@id\":\"https:\\\/\\\/desdelaterrazadeamador.com\\\/wp-content\\\/uploads\\\/2022\\\/01\\\/amador-palacios.jpg\"},\"description\":\"Reflexiones de Amador Palacios sobre temas de Actualidad Social y Tecnol\u00f3gica; otras opiniones diferentes a la m\u00eda son bienvenidas\",\"sameAs\":[\"http:\\\/\\\/desdelaterrazadeamador.com\",\"https:\\\/\\\/es.linkedin.com\\\/in\\\/amador-palacios-499532a\",\"https:\\\/\\\/x.com\\\/https:\\\/\\\/twitter.com\\\/edurneamaya\"]}]}<\/script>\n<!-- \/ Yoast SEO plugin. -->","yoast_head_json":{"title":"Nokia anuncia que abandona los m\u00f3viles de alta gama - Desde la terraza de Amador","description":"En efecto, despu\u00e9s de estar \u201cmuerta\u201d durante unos cuantos a\u00f1os y \u201cresucitar\u201d para volver a fabricar m\u00f3viles con el sistema Android, Nokia ha anunciado que","robots":{"index":"index","follow":"follow","max-snippet":"max-snippet:-1","max-image-preview":"max-image-preview:large","max-video-preview":"max-video-preview:-1"},"canonical":"https:\/\/desdelaterrazadeamador.com\/en\/nokia-anuncia-que-abandona-los-moviles-de-alta-gama\/","og_locale":"en_US","og_type":"article","og_title":"Nokia anuncia que abandona los m\u00f3viles de alta gama - Desde la terraza de Amador","og_description":"En efecto, despu\u00e9s de estar \u201cmuerta\u201d durante unos cuantos a\u00f1os y \u201cresucitar\u201d para volver a fabricar m\u00f3viles con el sistema Android, Nokia ha anunciado que","og_url":"https:\/\/desdelaterrazadeamador.com\/en\/nokia-anuncia-que-abandona-los-moviles-de-alta-gama\/","og_site_name":"Desde la terraza de Amador","article_published_time":"2022-04-27T06:38:24+00:00","article_modified_time":"2022-04-27T06:38:26+00:00","og_image":[{"width":318,"height":159,"url":"https:\/\/desdelaterrazadeamador.com\/wp-content\/uploads\/2022\/04\/Movil-antiguo-MODELO.jpg","type":"image\/jpeg"}],"author":"Amador Palacios","twitter_card":"summary_large_image","twitter_creator":"@https:\/\/twitter.com\/edurneamaya","twitter_site":"@edurneamaya","twitter_misc":{"Written by":"Amador Palacios","Est. reading time":"3 minutes"},"schema":{"@context":"https:\/\/schema.org","@graph":[{"@type":"Article","@id":"https:\/\/desdelaterrazadeamador.com\/nokia-anuncia-que-abandona-los-moviles-de-alta-gama\/#article","isPartOf":{"@id":"https:\/\/desdelaterrazadeamador.com\/nokia-anuncia-que-abandona-los-moviles-de-alta-gama\/"},"author":{"name":"Amador Palacios","@id":"https:\/\/desdelaterrazadeamador.com\/#\/schema\/person\/0b6966cf66bcc9a2eb35a69e1c074d66"},"headline":"Nokia anuncia que abandona los m\u00f3viles de alta gama","datePublished":"2022-04-27T06:38:24+00:00","dateModified":"2022-04-27T06:38:26+00:00","mainEntityOfPage":{"@id":"https:\/\/desdelaterrazadeamador.com\/nokia-anuncia-que-abandona-los-moviles-de-alta-gama\/"},"wordCount":454,"commentCount":0,"publisher":{"@id":"https:\/\/desdelaterrazadeamador.com\/#\/schema\/person\/0b6966cf66bcc9a2eb35a69e1c074d66"},"image":{"@id":"https:\/\/desdelaterrazadeamador.com\/nokia-anuncia-que-abandona-los-moviles-de-alta-gama\/#primaryimage"},"thumbnailUrl":"https:\/\/desdelaterrazadeamador.com\/wp-content\/uploads\/2022\/04\/Movil-antiguo-MODELO.jpg","inLanguage":"en-US","potentialAction":[{"@type":"CommentAction","name":"Comment","target":["https:\/\/desdelaterrazadeamador.com\/nokia-anuncia-que-abandona-los-moviles-de-alta-gama\/#respond"]}]},{"@type":"WebPage","@id":"https:\/\/desdelaterrazadeamador.com\/nokia-anuncia-que-abandona-los-moviles-de-alta-gama\/","url":"https:\/\/desdelaterrazadeamador.com\/nokia-anuncia-que-abandona-los-moviles-de-alta-gama\/","name":"Nokia anuncia que abandona los m\u00f3viles de alta gama - Desde la terraza de Amador","isPartOf":{"@id":"https:\/\/desdelaterrazadeamador.com\/#website"},"primaryImageOfPage":{"@id":"https:\/\/desdelaterrazadeamador.com\/nokia-anuncia-que-abandona-los-moviles-de-alta-gama\/#primaryimage"},"image":{"@id":"https:\/\/desdelaterrazadeamador.com\/nokia-anuncia-que-abandona-los-moviles-de-alta-gama\/#primaryimage"},"thumbnailUrl":"https:\/\/desdelaterrazadeamador.com\/wp-content\/uploads\/2022\/04\/Movil-antiguo-MODELO.jpg","datePublished":"2022-04-27T06:38:24+00:00","dateModified":"2022-04-27T06:38:26+00:00","description":"En efecto, despu\u00e9s de estar \u201cmuerta\u201d durante unos cuantos a\u00f1os y \u201cresucitar\u201d para volver a fabricar m\u00f3viles con el sistema Android, Nokia ha anunciado que","breadcrumb":{"@id":"https:\/\/desdelaterrazadeamador.com\/nokia-anuncia-que-abandona-los-moviles-de-alta-gama\/#breadcrumb"},"inLanguage":"en-US","potentialAction":[{"@type":"ReadAction","target":["https:\/\/desdelaterrazadeamador.com\/nokia-anuncia-que-abandona-los-moviles-de-alta-gama\/"]}]},{"@type":"ImageObject","inLanguage":"en-US","@id":"https:\/\/desdelaterrazadeamador.com\/nokia-anuncia-que-abandona-los-moviles-de-alta-gama\/#primaryimage","url":"https:\/\/desdelaterrazadeamador.com\/wp-content\/uploads\/2022\/04\/Movil-antiguo-MODELO.jpg","contentUrl":"https:\/\/desdelaterrazadeamador.com\/wp-content\/uploads\/2022\/04\/Movil-antiguo-MODELO.jpg","width":318,"height":159},{"@type":"BreadcrumbList","@id":"https:\/\/desdelaterrazadeamador.com\/nokia-anuncia-que-abandona-los-moviles-de-alta-gama\/#breadcrumb","itemListElement":[{"@type":"ListItem","position":1,"name":"Portada","item":"https:\/\/desdelaterrazadeamador.com\/"},{"@type":"ListItem","position":2,"name":"Nokia anuncia que abandona los m\u00f3viles de alta gama"}]},{"@type":"WebSite","@id":"https:\/\/desdelaterrazadeamador.com\/#website","url":"https:\/\/desdelaterrazadeamador.com\/","name":"Desde la terraza de Amador","description":"Free and honest reflections on current social and technological issues","publisher":{"@id":"https:\/\/desdelaterrazadeamador.com\/#\/schema\/person\/0b6966cf66bcc9a2eb35a69e1c074d66"},"potentialAction":[{"@type":"SearchAction","target":{"@type":"EntryPoint","urlTemplate":"https:\/\/desdelaterrazadeamador.com\/?s={search_term_string}"},"query-input":{"@type":"PropertyValueSpecification","valueRequired":true,"valueName":"search_term_string"}}],"inLanguage":"en-US"},{"@type":["Person","Organization"],"@id":"https:\/\/desdelaterrazadeamador.com\/#\/schema\/person\/0b6966cf66bcc9a2eb35a69e1c074d66","name":"Amador Palacios","image":{"@type":"ImageObject","inLanguage":"en-US","@id":"https:\/\/desdelaterrazadeamador.com\/wp-content\/uploads\/2022\/01\/amador-palacios.jpg","url":"https:\/\/desdelaterrazadeamador.com\/wp-content\/uploads\/2022\/01\/amador-palacios.jpg","contentUrl":"https:\/\/desdelaterrazadeamador.com\/wp-content\/uploads\/2022\/01\/amador-palacios.jpg","width":1265,"height":899,"caption":"Amador Palacios"},"logo":{"@id":"https:\/\/desdelaterrazadeamador.com\/wp-content\/uploads\/2022\/01\/amador-palacios.jpg"},"description":"Reflexiones de Amador Palacios sobre temas de Actualidad Social y Tecnol\u00f3gica; otras opiniones diferentes a la m\u00eda son bienvenidas","sameAs":["http:\/\/desdelaterrazadeamador.com","https:\/\/es.linkedin.com\/in\/amador-palacios-499532a","https:\/\/x.com\/https:\/\/twitter.com\/edurneamaya"]}]}},"jetpack_publicize_connections":[],"_links":{"self":[{"href":"https:\/\/desdelaterrazadeamador.com\/en\/wp-json\/wp\/v2\/posts\/771","targetHints":{"allow":["GET"]}}],"collection":[{"href":"https:\/\/desdelaterrazadeamador.com\/en\/wp-json\/wp\/v2\/posts"}],"about":[{"href":"https:\/\/desdelaterrazadeamador.com\/en\/wp-json\/wp\/v2\/types\/post"}],"author":[{"embeddable":true,"href":"https:\/\/desdelaterrazadeamador.com\/en\/wp-json\/wp\/v2\/users\/1"}],"replies":[{"embeddable":true,"href":"https:\/\/desdelaterrazadeamador.com\/en\/wp-json\/wp\/v2\/comments?post=771"}],"version-history":[{"count":1,"href":"https:\/\/desdelaterrazadeamador.com\/en\/wp-json\/wp\/v2\/posts\/771\/revisions"}],"predecessor-version":[{"id":774,"href":"https:\/\/desdelaterrazadeamador.com\/en\/wp-json\/wp\/v2\/posts\/771\/revisions\/774"}],"wp:featuredmedia":[{"embeddable":true,"href":"https:\/\/desdelaterrazadeamador.com\/en\/wp-json\/wp\/v2\/media\/773"}],"wp:attachment":[{"href":"https:\/\/desdelaterrazadeamador.com\/en\/wp-json\/wp\/v2\/media?parent=771"}],"wp:term":[{"taxonomy":"category","embeddable":true,"href":"https:\/\/desdelaterrazadeamador.com\/en\/wp-json\/wp\/v2\/categories?post=771"},{"taxonomy":"post_tag","embeddable":true,"href":"https:\/\/desdelaterrazadeamador.com\/en\/wp-json\/wp\/v2\/tags?post=771"}],"curies":[{"name":"wp","href":"https:\/\/api.w.org\/{rel}","templated":true}]}}