{"id":686,"date":"2022-03-28T09:04:16","date_gmt":"2022-03-28T07:04:16","guid":{"rendered":"https:\/\/desdelaterrazadeamador.com\/?p=686"},"modified":"2022-03-28T09:06:36","modified_gmt":"2022-03-28T07:06:36","slug":"nuevo-sistema-de-control-biometrico","status":"publish","type":"post","link":"https:\/\/desdelaterrazadeamador.com\/en\/nuevo-sistema-de-control-biometrico\/","title":{"rendered":"New biometric control system"},"content":{"rendered":"<p>Views: 11<\/p>\n<p class=\"wp-block-paragraph\">Every day we use more control systems to access all kinds of applications, installations, etc\u2026 and what was initially announced as a very secure method, after a certain time are discovered different vulnerabilities and it ceases to be as secure as it originally looked like.<\/p>\n\n\n\n<p class=\"wp-block-paragraph\">If, in addition, the control system is of the \u201ccontactless\u201d type, it seems better because it can be used without the risk of any type of contagion by contact. After Covid-19 this particularity is highly appreciated.<\/p>\n\n\n\n<p class=\"wp-block-paragraph\">I recently saw information about a biometric contact that uses the entire palm of the hand, and that does not require physical contact. We approach our hand to the device and it scans our palm and detects who we are to allow us to access the application.<\/p>\n\n\n\n<p class=\"wp-block-paragraph\">The device \"sees\" a map of our hand including its interior veins to ensure that each hand is different from another throughout the world, and thus be able to accurately select the person in question. You can see a photo below.<\/p>\n\n\n\n<figure class=\"wp-block-image size-full is-resized\"><img loading=\"lazy\" decoding=\"async\" src=\"https:\/\/desdelaterrazadeamador.com\/wp-content\/uploads\/2022\/03\/Control-palma-mano.jpg\" alt=\"\" class=\"wp-image-688\" width=\"672\" height=\"448\" srcset=\"https:\/\/desdelaterrazadeamador.com\/wp-content\/uploads\/2022\/03\/Control-palma-mano.jpg 530w, https:\/\/desdelaterrazadeamador.com\/wp-content\/uploads\/2022\/03\/Control-palma-mano-300x200.jpg 300w, https:\/\/desdelaterrazadeamador.com\/wp-content\/uploads\/2022\/03\/Control-palma-mano-18x12.jpg 18w\" sizes=\"auto, (max-width: 672px) 100vw, 672px\" \/><\/figure>\n\n\n\n<p class=\"wp-block-paragraph\">It is an easy-to-use, non-invasive, hygienic system, and according to its creators it is much safer than fingerprints and others.<\/p>\n\n\n\n<p class=\"wp-block-paragraph\">All companies and governments are interested in this type of user security solutions, and biometric analysis seems to be one of the most interesting. The market that is presented for companies is very large, and that is why there are so many people working on the subject.<\/p>\n\n\n\n<p class=\"wp-block-paragraph\">I am not an expert on the subject, but apart from security it is important that these systems are easy to implement. I had heard that the analysis of the iris was one of the safest, but I don't know how it compares with this one of the whole hand.<\/p>\n\n\n\n<p class=\"wp-block-paragraph\">With the struggle that occurs today between security measures and attempts to hack that information, it is difficult to know by what means, where and how we are truly secure.<\/p>\n\n\n\n<p class=\"wp-block-paragraph\">Every time someone says that they have a really \u201csecure\u201d system, soon after someone appears who has managed to break into the supposedly secure system and take advantage of the data stored there.<\/p>\n\n\n\n<p class=\"wp-block-paragraph\">I suppose something similar will happen in this case. Absolute security is very difficult to achieve, assuming it exists.<\/p>\n\n\n\n<p class=\"wp-block-paragraph\">The most important and sometimes very difficult thing is to find a balance between security, privacy and ease of implementation and use.<\/p>","protected":false},"excerpt":{"rendered":"<p>Views: 11 Cada d\u00eda usamos m\u00e1s sistemas de control para acceder a todo tipo de aplicaciones, instalaciones, etc \u2026 y lo que en un principio se anunciaba como un m\u00e9todo muy seguro, despu\u00e9s de un cierto tiempo se le descubren diferentes vulnerabilidades y deja de ser tan seguro como parec\u00eda. Si adem\u00e1s el sistema de [&hellip;]<\/p>\n","protected":false},"author":1,"featured_media":687,"comment_status":"open","ping_status":"open","sticky":false,"template":"","format":"standard","meta":{"_crdt_document":"","footnotes":"","jetpack_publicize_message":"","jetpack_publicize_feature_enabled":true,"jetpack_social_post_already_shared":false,"jetpack_social_options":{"image_generator_settings":{"template":"highway","default_image_id":0,"font":"","enabled":false},"version":2}},"categories":[129,151,135],"tags":[],"class_list":["post-686","post","type-post","status-publish","format-standard","has-post-thumbnail","hentry","category-privacy","category-security","category-technology"],"yoast_head":"<!-- This site is optimized with the Yoast SEO plugin v27.5 - https:\/\/yoast.com\/product\/yoast-seo-wordpress\/ -->\n<title>Nuevo sistema de control biom\u00e9trico - Desde la terraza de Amador<\/title>\n<meta name=\"description\" content=\"Cada d\u00eda usamos m\u00e1s sistemas de control para acceder a todo tipo de aplicaciones, instalaciones, etc \u2026 y lo que en un principio se anunciaba como un\" \/>\n<meta name=\"robots\" content=\"index, follow, max-snippet:-1, max-image-preview:large, max-video-preview:-1\" \/>\n<link rel=\"canonical\" href=\"https:\/\/desdelaterrazadeamador.com\/en\/nuevo-sistema-de-control-biometrico\/\" \/>\n<meta property=\"og:locale\" content=\"en_US\" \/>\n<meta property=\"og:type\" content=\"article\" \/>\n<meta property=\"og:title\" content=\"Nuevo sistema de control biom\u00e9trico - Desde la terraza de Amador\" \/>\n<meta property=\"og:description\" content=\"Cada d\u00eda usamos m\u00e1s sistemas de control para acceder a todo tipo de aplicaciones, instalaciones, etc \u2026 y lo que en un principio se anunciaba como un\" \/>\n<meta property=\"og:url\" content=\"https:\/\/desdelaterrazadeamador.com\/en\/nuevo-sistema-de-control-biometrico\/\" \/>\n<meta property=\"og:site_name\" content=\"Desde la terraza de Amador\" \/>\n<meta property=\"article:published_time\" content=\"2022-03-28T07:04:16+00:00\" \/>\n<meta property=\"article:modified_time\" content=\"2022-03-28T07:06:36+00:00\" \/>\n<meta property=\"og:image\" content=\"https:\/\/desdelaterrazadeamador.com\/wp-content\/uploads\/2022\/03\/Access-Control-MODELO.jpg\" \/>\n\t<meta property=\"og:image:width\" content=\"645\" \/>\n\t<meta property=\"og:image:height\" content=\"280\" \/>\n\t<meta property=\"og:image:type\" content=\"image\/jpeg\" \/>\n<meta name=\"author\" content=\"Amador Palacios\" \/>\n<meta name=\"twitter:card\" content=\"summary_large_image\" \/>\n<meta name=\"twitter:creator\" content=\"@https:\/\/twitter.com\/edurneamaya\" \/>\n<meta name=\"twitter:site\" content=\"@edurneamaya\" \/>\n<meta name=\"twitter:label1\" content=\"Written by\" \/>\n\t<meta name=\"twitter:data1\" content=\"Amador Palacios\" \/>\n\t<meta name=\"twitter:label2\" content=\"Est. reading time\" \/>\n\t<meta name=\"twitter:data2\" content=\"3 minutes\" \/>\n<script type=\"application\/ld+json\" class=\"yoast-schema-graph\">{\"@context\":\"https:\\\/\\\/schema.org\",\"@graph\":[{\"@type\":\"Article\",\"@id\":\"https:\\\/\\\/desdelaterrazadeamador.com\\\/nuevo-sistema-de-control-biometrico\\\/#article\",\"isPartOf\":{\"@id\":\"https:\\\/\\\/desdelaterrazadeamador.com\\\/nuevo-sistema-de-control-biometrico\\\/\"},\"author\":{\"name\":\"Amador Palacios\",\"@id\":\"https:\\\/\\\/desdelaterrazadeamador.com\\\/#\\\/schema\\\/person\\\/0b6966cf66bcc9a2eb35a69e1c074d66\"},\"headline\":\"Nuevo sistema de control biom\u00e9trico\",\"datePublished\":\"2022-03-28T07:04:16+00:00\",\"dateModified\":\"2022-03-28T07:06:36+00:00\",\"mainEntityOfPage\":{\"@id\":\"https:\\\/\\\/desdelaterrazadeamador.com\\\/nuevo-sistema-de-control-biometrico\\\/\"},\"wordCount\":437,\"commentCount\":0,\"publisher\":{\"@id\":\"https:\\\/\\\/desdelaterrazadeamador.com\\\/#\\\/schema\\\/person\\\/0b6966cf66bcc9a2eb35a69e1c074d66\"},\"image\":{\"@id\":\"https:\\\/\\\/desdelaterrazadeamador.com\\\/nuevo-sistema-de-control-biometrico\\\/#primaryimage\"},\"thumbnailUrl\":\"https:\\\/\\\/desdelaterrazadeamador.com\\\/wp-content\\\/uploads\\\/2022\\\/03\\\/Access-Control-MODELO.jpg\",\"articleSection\":[\"Privacy\",\"Security\",\"Technology\"],\"inLanguage\":\"en-US\",\"potentialAction\":[{\"@type\":\"CommentAction\",\"name\":\"Comment\",\"target\":[\"https:\\\/\\\/desdelaterrazadeamador.com\\\/nuevo-sistema-de-control-biometrico\\\/#respond\"]}]},{\"@type\":\"WebPage\",\"@id\":\"https:\\\/\\\/desdelaterrazadeamador.com\\\/nuevo-sistema-de-control-biometrico\\\/\",\"url\":\"https:\\\/\\\/desdelaterrazadeamador.com\\\/nuevo-sistema-de-control-biometrico\\\/\",\"name\":\"Nuevo sistema de control biom\u00e9trico - Desde la terraza de Amador\",\"isPartOf\":{\"@id\":\"https:\\\/\\\/desdelaterrazadeamador.com\\\/#website\"},\"primaryImageOfPage\":{\"@id\":\"https:\\\/\\\/desdelaterrazadeamador.com\\\/nuevo-sistema-de-control-biometrico\\\/#primaryimage\"},\"image\":{\"@id\":\"https:\\\/\\\/desdelaterrazadeamador.com\\\/nuevo-sistema-de-control-biometrico\\\/#primaryimage\"},\"thumbnailUrl\":\"https:\\\/\\\/desdelaterrazadeamador.com\\\/wp-content\\\/uploads\\\/2022\\\/03\\\/Access-Control-MODELO.jpg\",\"datePublished\":\"2022-03-28T07:04:16+00:00\",\"dateModified\":\"2022-03-28T07:06:36+00:00\",\"description\":\"Cada d\u00eda usamos m\u00e1s sistemas de control para acceder a todo tipo de aplicaciones, instalaciones, etc \u2026 y lo que en un principio se anunciaba como un\",\"breadcrumb\":{\"@id\":\"https:\\\/\\\/desdelaterrazadeamador.com\\\/nuevo-sistema-de-control-biometrico\\\/#breadcrumb\"},\"inLanguage\":\"en-US\",\"potentialAction\":[{\"@type\":\"ReadAction\",\"target\":[\"https:\\\/\\\/desdelaterrazadeamador.com\\\/nuevo-sistema-de-control-biometrico\\\/\"]}]},{\"@type\":\"ImageObject\",\"inLanguage\":\"en-US\",\"@id\":\"https:\\\/\\\/desdelaterrazadeamador.com\\\/nuevo-sistema-de-control-biometrico\\\/#primaryimage\",\"url\":\"https:\\\/\\\/desdelaterrazadeamador.com\\\/wp-content\\\/uploads\\\/2022\\\/03\\\/Access-Control-MODELO.jpg\",\"contentUrl\":\"https:\\\/\\\/desdelaterrazadeamador.com\\\/wp-content\\\/uploads\\\/2022\\\/03\\\/Access-Control-MODELO.jpg\",\"width\":645,\"height\":280},{\"@type\":\"BreadcrumbList\",\"@id\":\"https:\\\/\\\/desdelaterrazadeamador.com\\\/nuevo-sistema-de-control-biometrico\\\/#breadcrumb\",\"itemListElement\":[{\"@type\":\"ListItem\",\"position\":1,\"name\":\"Portada\",\"item\":\"https:\\\/\\\/desdelaterrazadeamador.com\\\/\"},{\"@type\":\"ListItem\",\"position\":2,\"name\":\"Nuevo sistema de control biom\u00e9trico\"}]},{\"@type\":\"WebSite\",\"@id\":\"https:\\\/\\\/desdelaterrazadeamador.com\\\/#website\",\"url\":\"https:\\\/\\\/desdelaterrazadeamador.com\\\/\",\"name\":\"Desde la terraza de Amador\",\"description\":\"Reflexiones libres y honestas sobre temas de actualidad social y tecnol\u00f3gica\",\"publisher\":{\"@id\":\"https:\\\/\\\/desdelaterrazadeamador.com\\\/#\\\/schema\\\/person\\\/0b6966cf66bcc9a2eb35a69e1c074d66\"},\"potentialAction\":[{\"@type\":\"SearchAction\",\"target\":{\"@type\":\"EntryPoint\",\"urlTemplate\":\"https:\\\/\\\/desdelaterrazadeamador.com\\\/?s={search_term_string}\"},\"query-input\":{\"@type\":\"PropertyValueSpecification\",\"valueRequired\":true,\"valueName\":\"search_term_string\"}}],\"inLanguage\":\"en-US\"},{\"@type\":[\"Person\",\"Organization\"],\"@id\":\"https:\\\/\\\/desdelaterrazadeamador.com\\\/#\\\/schema\\\/person\\\/0b6966cf66bcc9a2eb35a69e1c074d66\",\"name\":\"Amador Palacios\",\"image\":{\"@type\":\"ImageObject\",\"inLanguage\":\"en-US\",\"@id\":\"https:\\\/\\\/desdelaterrazadeamador.com\\\/wp-content\\\/uploads\\\/2022\\\/01\\\/amador-palacios.jpg\",\"url\":\"https:\\\/\\\/desdelaterrazadeamador.com\\\/wp-content\\\/uploads\\\/2022\\\/01\\\/amador-palacios.jpg\",\"contentUrl\":\"https:\\\/\\\/desdelaterrazadeamador.com\\\/wp-content\\\/uploads\\\/2022\\\/01\\\/amador-palacios.jpg\",\"width\":1265,\"height\":899,\"caption\":\"Amador Palacios\"},\"logo\":{\"@id\":\"https:\\\/\\\/desdelaterrazadeamador.com\\\/wp-content\\\/uploads\\\/2022\\\/01\\\/amador-palacios.jpg\"},\"description\":\"Reflexiones de Amador Palacios sobre temas de Actualidad Social y Tecnol\u00f3gica; otras opiniones diferentes a la m\u00eda son bienvenidas\",\"sameAs\":[\"http:\\\/\\\/desdelaterrazadeamador.com\",\"https:\\\/\\\/es.linkedin.com\\\/in\\\/amador-palacios-499532a\",\"https:\\\/\\\/x.com\\\/https:\\\/\\\/twitter.com\\\/edurneamaya\"]}]}<\/script>\n<!-- \/ Yoast SEO plugin. -->","yoast_head_json":{"title":"Nuevo sistema de control biom\u00e9trico - Desde la terraza de Amador","description":"Cada d\u00eda usamos m\u00e1s sistemas de control para acceder a todo tipo de aplicaciones, instalaciones, etc \u2026 y lo que en un principio se anunciaba como un","robots":{"index":"index","follow":"follow","max-snippet":"max-snippet:-1","max-image-preview":"max-image-preview:large","max-video-preview":"max-video-preview:-1"},"canonical":"https:\/\/desdelaterrazadeamador.com\/en\/nuevo-sistema-de-control-biometrico\/","og_locale":"en_US","og_type":"article","og_title":"Nuevo sistema de control biom\u00e9trico - Desde la terraza de Amador","og_description":"Cada d\u00eda usamos m\u00e1s sistemas de control para acceder a todo tipo de aplicaciones, instalaciones, etc \u2026 y lo que en un principio se anunciaba como un","og_url":"https:\/\/desdelaterrazadeamador.com\/en\/nuevo-sistema-de-control-biometrico\/","og_site_name":"Desde la terraza de Amador","article_published_time":"2022-03-28T07:04:16+00:00","article_modified_time":"2022-03-28T07:06:36+00:00","og_image":[{"width":645,"height":280,"url":"https:\/\/desdelaterrazadeamador.com\/wp-content\/uploads\/2022\/03\/Access-Control-MODELO.jpg","type":"image\/jpeg"}],"author":"Amador Palacios","twitter_card":"summary_large_image","twitter_creator":"@https:\/\/twitter.com\/edurneamaya","twitter_site":"@edurneamaya","twitter_misc":{"Written by":"Amador Palacios","Est. reading time":"3 minutes"},"schema":{"@context":"https:\/\/schema.org","@graph":[{"@type":"Article","@id":"https:\/\/desdelaterrazadeamador.com\/nuevo-sistema-de-control-biometrico\/#article","isPartOf":{"@id":"https:\/\/desdelaterrazadeamador.com\/nuevo-sistema-de-control-biometrico\/"},"author":{"name":"Amador Palacios","@id":"https:\/\/desdelaterrazadeamador.com\/#\/schema\/person\/0b6966cf66bcc9a2eb35a69e1c074d66"},"headline":"Nuevo sistema de control biom\u00e9trico","datePublished":"2022-03-28T07:04:16+00:00","dateModified":"2022-03-28T07:06:36+00:00","mainEntityOfPage":{"@id":"https:\/\/desdelaterrazadeamador.com\/nuevo-sistema-de-control-biometrico\/"},"wordCount":437,"commentCount":0,"publisher":{"@id":"https:\/\/desdelaterrazadeamador.com\/#\/schema\/person\/0b6966cf66bcc9a2eb35a69e1c074d66"},"image":{"@id":"https:\/\/desdelaterrazadeamador.com\/nuevo-sistema-de-control-biometrico\/#primaryimage"},"thumbnailUrl":"https:\/\/desdelaterrazadeamador.com\/wp-content\/uploads\/2022\/03\/Access-Control-MODELO.jpg","articleSection":["Privacy","Security","Technology"],"inLanguage":"en-US","potentialAction":[{"@type":"CommentAction","name":"Comment","target":["https:\/\/desdelaterrazadeamador.com\/nuevo-sistema-de-control-biometrico\/#respond"]}]},{"@type":"WebPage","@id":"https:\/\/desdelaterrazadeamador.com\/nuevo-sistema-de-control-biometrico\/","url":"https:\/\/desdelaterrazadeamador.com\/nuevo-sistema-de-control-biometrico\/","name":"Nuevo sistema de control biom\u00e9trico - Desde la terraza de Amador","isPartOf":{"@id":"https:\/\/desdelaterrazadeamador.com\/#website"},"primaryImageOfPage":{"@id":"https:\/\/desdelaterrazadeamador.com\/nuevo-sistema-de-control-biometrico\/#primaryimage"},"image":{"@id":"https:\/\/desdelaterrazadeamador.com\/nuevo-sistema-de-control-biometrico\/#primaryimage"},"thumbnailUrl":"https:\/\/desdelaterrazadeamador.com\/wp-content\/uploads\/2022\/03\/Access-Control-MODELO.jpg","datePublished":"2022-03-28T07:04:16+00:00","dateModified":"2022-03-28T07:06:36+00:00","description":"Cada d\u00eda usamos m\u00e1s sistemas de control para acceder a todo tipo de aplicaciones, instalaciones, etc \u2026 y lo que en un principio se anunciaba como un","breadcrumb":{"@id":"https:\/\/desdelaterrazadeamador.com\/nuevo-sistema-de-control-biometrico\/#breadcrumb"},"inLanguage":"en-US","potentialAction":[{"@type":"ReadAction","target":["https:\/\/desdelaterrazadeamador.com\/nuevo-sistema-de-control-biometrico\/"]}]},{"@type":"ImageObject","inLanguage":"en-US","@id":"https:\/\/desdelaterrazadeamador.com\/nuevo-sistema-de-control-biometrico\/#primaryimage","url":"https:\/\/desdelaterrazadeamador.com\/wp-content\/uploads\/2022\/03\/Access-Control-MODELO.jpg","contentUrl":"https:\/\/desdelaterrazadeamador.com\/wp-content\/uploads\/2022\/03\/Access-Control-MODELO.jpg","width":645,"height":280},{"@type":"BreadcrumbList","@id":"https:\/\/desdelaterrazadeamador.com\/nuevo-sistema-de-control-biometrico\/#breadcrumb","itemListElement":[{"@type":"ListItem","position":1,"name":"Portada","item":"https:\/\/desdelaterrazadeamador.com\/"},{"@type":"ListItem","position":2,"name":"Nuevo sistema de control biom\u00e9trico"}]},{"@type":"WebSite","@id":"https:\/\/desdelaterrazadeamador.com\/#website","url":"https:\/\/desdelaterrazadeamador.com\/","name":"Desde la terraza de Amador","description":"Free and honest reflections on current social and technological issues","publisher":{"@id":"https:\/\/desdelaterrazadeamador.com\/#\/schema\/person\/0b6966cf66bcc9a2eb35a69e1c074d66"},"potentialAction":[{"@type":"SearchAction","target":{"@type":"EntryPoint","urlTemplate":"https:\/\/desdelaterrazadeamador.com\/?s={search_term_string}"},"query-input":{"@type":"PropertyValueSpecification","valueRequired":true,"valueName":"search_term_string"}}],"inLanguage":"en-US"},{"@type":["Person","Organization"],"@id":"https:\/\/desdelaterrazadeamador.com\/#\/schema\/person\/0b6966cf66bcc9a2eb35a69e1c074d66","name":"Amador Palacios","image":{"@type":"ImageObject","inLanguage":"en-US","@id":"https:\/\/desdelaterrazadeamador.com\/wp-content\/uploads\/2022\/01\/amador-palacios.jpg","url":"https:\/\/desdelaterrazadeamador.com\/wp-content\/uploads\/2022\/01\/amador-palacios.jpg","contentUrl":"https:\/\/desdelaterrazadeamador.com\/wp-content\/uploads\/2022\/01\/amador-palacios.jpg","width":1265,"height":899,"caption":"Amador Palacios"},"logo":{"@id":"https:\/\/desdelaterrazadeamador.com\/wp-content\/uploads\/2022\/01\/amador-palacios.jpg"},"description":"Reflexiones de Amador Palacios sobre temas de Actualidad Social y Tecnol\u00f3gica; otras opiniones diferentes a la m\u00eda son bienvenidas","sameAs":["http:\/\/desdelaterrazadeamador.com","https:\/\/es.linkedin.com\/in\/amador-palacios-499532a","https:\/\/x.com\/https:\/\/twitter.com\/edurneamaya"]}]}},"jetpack_publicize_connections":[],"_links":{"self":[{"href":"https:\/\/desdelaterrazadeamador.com\/en\/wp-json\/wp\/v2\/posts\/686","targetHints":{"allow":["GET"]}}],"collection":[{"href":"https:\/\/desdelaterrazadeamador.com\/en\/wp-json\/wp\/v2\/posts"}],"about":[{"href":"https:\/\/desdelaterrazadeamador.com\/en\/wp-json\/wp\/v2\/types\/post"}],"author":[{"embeddable":true,"href":"https:\/\/desdelaterrazadeamador.com\/en\/wp-json\/wp\/v2\/users\/1"}],"replies":[{"embeddable":true,"href":"https:\/\/desdelaterrazadeamador.com\/en\/wp-json\/wp\/v2\/comments?post=686"}],"version-history":[{"count":1,"href":"https:\/\/desdelaterrazadeamador.com\/en\/wp-json\/wp\/v2\/posts\/686\/revisions"}],"predecessor-version":[{"id":689,"href":"https:\/\/desdelaterrazadeamador.com\/en\/wp-json\/wp\/v2\/posts\/686\/revisions\/689"}],"wp:featuredmedia":[{"embeddable":true,"href":"https:\/\/desdelaterrazadeamador.com\/en\/wp-json\/wp\/v2\/media\/687"}],"wp:attachment":[{"href":"https:\/\/desdelaterrazadeamador.com\/en\/wp-json\/wp\/v2\/media?parent=686"}],"wp:term":[{"taxonomy":"category","embeddable":true,"href":"https:\/\/desdelaterrazadeamador.com\/en\/wp-json\/wp\/v2\/categories?post=686"},{"taxonomy":"post_tag","embeddable":true,"href":"https:\/\/desdelaterrazadeamador.com\/en\/wp-json\/wp\/v2\/tags?post=686"}],"curies":[{"name":"wp","href":"https:\/\/api.w.org\/{rel}","templated":true}]}}