{"id":4857,"date":"2026-09-01T08:29:40","date_gmt":"2026-09-01T06:29:40","guid":{"rendered":"https:\/\/desdelaterrazadeamador.com\/?p=4857"},"modified":"2026-09-01T08:29:55","modified_gmt":"2026-09-01T06:29:55","slug":"estado-del-clima-en-europa-un-informe-desolador-que-ya-no-podemos-ignorar","status":"publish","type":"post","link":"https:\/\/desdelaterrazadeamador.com\/en\/estado-del-clima-en-europa-un-informe-desolador-que-ya-no-podemos-ignorar\/","title":{"rendered":"The state of the Climate in Europe: A bleak Report we can no longer ignore"},"content":{"rendered":"<p>Views: 0<\/p>\n<p class=\"wp-block-paragraph\">The new State of the Climate in Europe 2025 report, published on April 29, 2026, by the European Centre for Medium-Range Weather Forecasts (ECMWF) and the World Meteorological Organization (WMO), leaves little room for complacency.<\/p>\n\n\n\n<p class=\"wp-block-paragraph\">The document brings together the work of around 100 scientists and collaborators and offers a comprehensive overview of the evolution of the European climate. And there is one key finding: Europe is the fastest-warming region in the world.<\/p>\n\n\n\n<p class=\"wp-block-paragraph\">The data for 2025 are particularly worrying. 95% of Europe recorded above-average annual temperatures. Furthermore, the average sea surface temperature in the European region reached its highest value ever recorded.<\/p>\n\n\n\n<p class=\"wp-block-paragraph\">But we are not just talking about heat. Glaciers continued to lose mass, snow cover was well below average, and numerous European rivers recorded lower than usual flows. Forest fires also reached extraordinary levels.<\/p>\n\n\n\n<p class=\"wp-block-paragraph\">And perhaps most unsettling is the realization that these phenomena are already directly impacting our daily lives: water, agriculture, forests, biodiversity, health, the economy, and security.<\/p>\n\n\n\n<figure class=\"wp-block-image size-full is-resized\"><img loading=\"lazy\" decoding=\"async\" width=\"300\" height=\"317\" src=\"https:\/\/desdelaterrazadeamador.com\/wp-content\/uploads\/2026\/09\/Clima-en-Europa.jpg\" alt=\"\" class=\"wp-image-4858\" style=\"width:363px;height:auto\" srcset=\"https:\/\/desdelaterrazadeamador.com\/wp-content\/uploads\/2026\/09\/Clima-en-Europa.jpg 300w, https:\/\/desdelaterrazadeamador.com\/wp-content\/uploads\/2026\/09\/Clima-en-Europa-284x300.jpg 284w, https:\/\/desdelaterrazadeamador.com\/wp-content\/uploads\/2026\/09\/Clima-en-Europa-11x12.jpg 11w\" sizes=\"auto, (max-width: 300px) 100vw, 300px\" \/><\/figure>\n\n\n\n<p class=\"wp-block-paragraph\">The report is not a catastrophic prediction about a distant future. It describes what is already happening. Europe is experiencing heat waves from the Mediterranean to the Arctic, droughts, fires, ice loss, and an increasingly warmer ocean.<\/p>\n\n\n\n<p class=\"wp-block-paragraph\">Of course, Europe is also making progress in some areas, especially in the development of renewable energy. This is a positive sign, although the report itself makes it clear that it is necessary to accelerate both emissions reductions and adaptation measures.<\/p>\n\n\n\n<p class=\"wp-block-paragraph\">I don't intend to turn this article into yet another discourse on climate change. The data speaks for itself. My recommendation is simple: download and read the State of the Climate in Europe 2025 Report, consult its graphs, and observe the data. Then, draw your own conclusions.<\/p>\n\n\n\n<p class=\"wp-block-paragraph\">The Report can be found at:&nbsp;&nbsp; <a href=\"https:\/\/wmo.int\/news\/media-centre\/european-state-of-climate-2025-record-heatwaves-from-mediterranean-arctic-while-glaciers-shrink-and\">https:\/\/wmo.int\/news\/media-centre\/european-state-of-climate-2025-record-heatwaves-from-mediterranean-arctic-while-glaciers-shrink-and<\/a><\/p>\n\n\n\n<p class=\"wp-block-paragraph\">You can choose your preferred language at the top.<\/p>\n\n\n\n<p class=\"wp-block-paragraph\">I think it's self-explanatory, and the results clearly indicate that we are not doing enough to prevent the consequences of climate change. We are already suffering its effects, and none of the European leaders are taking the matter as seriously as they should, and of course, neither are most citizens.<\/p>\n\n\n\n<p class=\"wp-block-paragraph\">The general concern among citizens seems to be to look the other way and continue with our usual lives, consuming and polluting as if there were no tomorrow.<\/p>\n\n\n\n<p class=\"wp-block-paragraph\">A tomorrow that will cost us dearly.<\/p>\n\n\n\n<p class=\"wp-block-paragraph\"><\/p>","protected":false},"excerpt":{"rendered":"<p>Views: 0 El nuevo Informe sobre el Estado del Clima en Europa 2025, publicado el 29 de abril de 2026 por el Centro Europeo de Previsiones Meteorol\u00f3gicas a Medio Plazo (CEPMPM) y la Organizaci\u00f3n Meteorol\u00f3gica Mundial (OMM), deja poco espacio para la complacencia. El documento re\u00fane el trabajo de alrededor de 100 cient\u00edficos y colaboradores [&hellip;]<\/p>\n","protected":false},"author":1,"featured_media":0,"comment_status":"open","ping_status":"closed","sticky":false,"template":"","format":"standard","meta":{"footnotes":"","jetpack_publicize_message":"","jetpack_publicize_feature_enabled":true,"jetpack_social_post_already_shared":true,"jetpack_social_options":{"image_generator_settings":{"template":"highway","default_image_id":0,"font":"","enabled":false},"version":2}},"categories":[112,153,102,135],"tags":[],"class_list":["post-4857","post","type-post","status-publish","format-standard","hentry","category-climatic-change","category-industry","category-society","category-technology"],"yoast_head":"<!-- This site is optimized with the Yoast SEO plugin v28.3 - https:\/\/yoast.com\/product\/yoast-seo-wordpress\/ -->\n<title>Estado del Clima en Europa: un informe desolador que ya no podemos ignorar - Desde la terraza de Amador<\/title>\n<meta name=\"description\" content=\"El nuevo Informe sobre el Estado del Clima en Europa 2025, publicado el 29 de abril de 2026 por el Centro Europeo de Previsiones Meteorol\u00f3gicas a Medio\" \/>\n<meta name=\"robots\" content=\"index, follow, max-snippet:-1, max-image-preview:large, max-video-preview:-1\" \/>\n<link rel=\"canonical\" href=\"https:\/\/desdelaterrazadeamador.com\/en\/estado-del-clima-en-europa-un-informe-desolador-que-ya-no-podemos-ignorar\/\" \/>\n<meta property=\"og:locale\" content=\"en_US\" \/>\n<meta property=\"og:type\" content=\"article\" \/>\n<meta property=\"og:title\" content=\"Estado del Clima en Europa: un informe desolador que ya no podemos ignorar - Desde la terraza de Amador\" \/>\n<meta property=\"og:description\" content=\"El nuevo Informe sobre el Estado del Clima en Europa 2025, publicado el 29 de abril de 2026 por el Centro Europeo de Previsiones Meteorol\u00f3gicas a Medio\" \/>\n<meta property=\"og:url\" content=\"https:\/\/desdelaterrazadeamador.com\/en\/estado-del-clima-en-europa-un-informe-desolador-que-ya-no-podemos-ignorar\/\" \/>\n<meta property=\"og:site_name\" content=\"Desde la terraza de Amador\" \/>\n<meta property=\"article:published_time\" content=\"2026-09-01T06:29:40+00:00\" \/>\n<meta property=\"article:modified_time\" content=\"2026-09-01T06:29:55+00:00\" \/>\n<meta property=\"og:image\" content=\"https:\/\/desdelaterrazadeamador.com\/wp-content\/uploads\/2026\/09\/Clima-en-Europa.jpg\" \/>\n\t<meta property=\"og:image:width\" content=\"300\" \/>\n\t<meta property=\"og:image:height\" content=\"317\" \/>\n\t<meta property=\"og:image:type\" content=\"image\/jpeg\" \/>\n<meta name=\"author\" content=\"Amador Palacios\" \/>\n<meta name=\"twitter:card\" content=\"summary_large_image\" \/>\n<meta name=\"twitter:creator\" content=\"@https:\/\/twitter.com\/edurneamaya\" \/>\n<meta name=\"twitter:site\" content=\"@edurneamaya\" \/>\n<meta name=\"twitter:label1\" content=\"Written by\" \/>\n\t<meta name=\"twitter:data1\" content=\"Amador Palacios\" \/>\n\t<meta name=\"twitter:label2\" content=\"Est. reading time\" \/>\n\t<meta name=\"twitter:data2\" content=\"3 minutes\" \/>\n<script type=\"application\/ld+json\" class=\"yoast-schema-graph\">{\"@context\":\"https:\\\/\\\/schema.org\",\"@graph\":[{\"@type\":\"Article\",\"@id\":\"https:\\\/\\\/desdelaterrazadeamador.com\\\/estado-del-clima-en-europa-un-informe-desolador-que-ya-no-podemos-ignorar\\\/#article\",\"isPartOf\":{\"@id\":\"https:\\\/\\\/desdelaterrazadeamador.com\\\/estado-del-clima-en-europa-un-informe-desolador-que-ya-no-podemos-ignorar\\\/\"},\"author\":{\"name\":\"Amador Palacios\",\"@id\":\"https:\\\/\\\/desdelaterrazadeamador.com\\\/#\\\/schema\\\/person\\\/0b6966cf66bcc9a2eb35a69e1c074d66\"},\"headline\":\"Estado del Clima en Europa: un informe desolador que ya no podemos ignorar\",\"datePublished\":\"2026-09-01T06:29:40+00:00\",\"dateModified\":\"2026-09-01T06:29:55+00:00\",\"mainEntityOfPage\":{\"@id\":\"https:\\\/\\\/desdelaterrazadeamador.com\\\/estado-del-clima-en-europa-un-informe-desolador-que-ya-no-podemos-ignorar\\\/\"},\"wordCount\":488,\"commentCount\":0,\"publisher\":{\"@id\":\"https:\\\/\\\/desdelaterrazadeamador.com\\\/#\\\/schema\\\/person\\\/0b6966cf66bcc9a2eb35a69e1c074d66\"},\"image\":{\"@id\":\"https:\\\/\\\/desdelaterrazadeamador.com\\\/estado-del-clima-en-europa-un-informe-desolador-que-ya-no-podemos-ignorar\\\/#primaryimage\"},\"thumbnailUrl\":\"https:\\\/\\\/desdelaterrazadeamador.com\\\/wp-content\\\/uploads\\\/2026\\\/09\\\/Clima-en-Europa.jpg\",\"articleSection\":[\"Climatic Change\",\"Industry\",\"Society\",\"Technology\"],\"inLanguage\":\"en-US\",\"potentialAction\":[{\"@type\":\"CommentAction\",\"name\":\"Comment\",\"target\":[\"https:\\\/\\\/desdelaterrazadeamador.com\\\/estado-del-clima-en-europa-un-informe-desolador-que-ya-no-podemos-ignorar\\\/#respond\"]}]},{\"@type\":\"WebPage\",\"@id\":\"https:\\\/\\\/desdelaterrazadeamador.com\\\/estado-del-clima-en-europa-un-informe-desolador-que-ya-no-podemos-ignorar\\\/\",\"url\":\"https:\\\/\\\/desdelaterrazadeamador.com\\\/estado-del-clima-en-europa-un-informe-desolador-que-ya-no-podemos-ignorar\\\/\",\"name\":\"Estado del Clima en Europa: un informe desolador que ya no podemos ignorar - Desde la terraza de Amador\",\"isPartOf\":{\"@id\":\"https:\\\/\\\/desdelaterrazadeamador.com\\\/#website\"},\"primaryImageOfPage\":{\"@id\":\"https:\\\/\\\/desdelaterrazadeamador.com\\\/estado-del-clima-en-europa-un-informe-desolador-que-ya-no-podemos-ignorar\\\/#primaryimage\"},\"image\":{\"@id\":\"https:\\\/\\\/desdelaterrazadeamador.com\\\/estado-del-clima-en-europa-un-informe-desolador-que-ya-no-podemos-ignorar\\\/#primaryimage\"},\"thumbnailUrl\":\"https:\\\/\\\/desdelaterrazadeamador.com\\\/wp-content\\\/uploads\\\/2026\\\/09\\\/Clima-en-Europa.jpg\",\"datePublished\":\"2026-09-01T06:29:40+00:00\",\"dateModified\":\"2026-09-01T06:29:55+00:00\",\"description\":\"El nuevo Informe sobre el Estado del Clima en Europa 2025, publicado el 29 de abril de 2026 por el Centro Europeo de Previsiones Meteorol\u00f3gicas a Medio\",\"breadcrumb\":{\"@id\":\"https:\\\/\\\/desdelaterrazadeamador.com\\\/estado-del-clima-en-europa-un-informe-desolador-que-ya-no-podemos-ignorar\\\/#breadcrumb\"},\"inLanguage\":\"en-US\",\"potentialAction\":[{\"@type\":\"ReadAction\",\"target\":[\"https:\\\/\\\/desdelaterrazadeamador.com\\\/estado-del-clima-en-europa-un-informe-desolador-que-ya-no-podemos-ignorar\\\/\"]}]},{\"@type\":\"ImageObject\",\"inLanguage\":\"en-US\",\"@id\":\"https:\\\/\\\/desdelaterrazadeamador.com\\\/estado-del-clima-en-europa-un-informe-desolador-que-ya-no-podemos-ignorar\\\/#primaryimage\",\"url\":\"https:\\\/\\\/desdelaterrazadeamador.com\\\/wp-content\\\/uploads\\\/2026\\\/09\\\/Clima-en-Europa.jpg\",\"contentUrl\":\"https:\\\/\\\/desdelaterrazadeamador.com\\\/wp-content\\\/uploads\\\/2026\\\/09\\\/Clima-en-Europa.jpg\"},{\"@type\":\"BreadcrumbList\",\"@id\":\"https:\\\/\\\/desdelaterrazadeamador.com\\\/estado-del-clima-en-europa-un-informe-desolador-que-ya-no-podemos-ignorar\\\/#breadcrumb\",\"itemListElement\":[{\"@type\":\"ListItem\",\"position\":1,\"name\":\"Portada\",\"item\":\"https:\\\/\\\/desdelaterrazadeamador.com\\\/\"},{\"@type\":\"ListItem\",\"position\":2,\"name\":\"Estado del Clima en Europa: un informe desolador que ya no podemos ignorar\"}]},{\"@type\":\"WebSite\",\"@id\":\"https:\\\/\\\/desdelaterrazadeamador.com\\\/#website\",\"url\":\"https:\\\/\\\/desdelaterrazadeamador.com\\\/\",\"name\":\"Desde la terraza de Amador\",\"description\":\"Reflexiones libres y honestas sobre temas de actualidad social y tecnol\u00f3gica\",\"publisher\":{\"@id\":\"https:\\\/\\\/desdelaterrazadeamador.com\\\/#\\\/schema\\\/person\\\/0b6966cf66bcc9a2eb35a69e1c074d66\"},\"potentialAction\":[{\"@type\":\"SearchAction\",\"target\":{\"@type\":\"EntryPoint\",\"urlTemplate\":\"https:\\\/\\\/desdelaterrazadeamador.com\\\/?s={search_term_string}\"},\"query-input\":{\"@type\":\"PropertyValueSpecification\",\"valueRequired\":true,\"valueName\":\"search_term_string\"}}],\"inLanguage\":\"en-US\"},{\"@type\":[\"Person\",\"Organization\"],\"@id\":\"https:\\\/\\\/desdelaterrazadeamador.com\\\/#\\\/schema\\\/person\\\/0b6966cf66bcc9a2eb35a69e1c074d66\",\"name\":\"Amador Palacios\",\"image\":{\"@type\":\"ImageObject\",\"inLanguage\":\"en-US\",\"@id\":\"https:\\\/\\\/desdelaterrazadeamador.com\\\/wp-content\\\/uploads\\\/2022\\\/01\\\/amador-palacios.jpg\",\"url\":\"https:\\\/\\\/desdelaterrazadeamador.com\\\/wp-content\\\/uploads\\\/2022\\\/01\\\/amador-palacios.jpg\",\"contentUrl\":\"https:\\\/\\\/desdelaterrazadeamador.com\\\/wp-content\\\/uploads\\\/2022\\\/01\\\/amador-palacios.jpg\",\"width\":1265,\"height\":899,\"caption\":\"Amador Palacios\"},\"logo\":{\"@id\":\"https:\\\/\\\/desdelaterrazadeamador.com\\\/wp-content\\\/uploads\\\/2022\\\/01\\\/amador-palacios.jpg\"},\"description\":\"Reflexiones de Amador Palacios sobre temas de Actualidad Social y Tecnol\u00f3gica; otras opiniones diferentes a la m\u00eda son bienvenidas\",\"sameAs\":[\"http:\\\/\\\/desdelaterrazadeamador.com\",\"https:\\\/\\\/es.linkedin.com\\\/in\\\/amador-palacios-499532a\",\"https:\\\/\\\/x.com\\\/https:\\\/\\\/twitter.com\\\/edurneamaya\"]}]}<\/script>\n<!-- \/ Yoast SEO plugin. -->","yoast_head_json":{"title":"Estado del Clima en Europa: un informe desolador que ya no podemos ignorar - Desde la terraza de Amador","description":"El nuevo Informe sobre el Estado del Clima en Europa 2025, publicado el 29 de abril de 2026 por el Centro Europeo de Previsiones Meteorol\u00f3gicas a Medio","robots":{"index":"index","follow":"follow","max-snippet":"max-snippet:-1","max-image-preview":"max-image-preview:large","max-video-preview":"max-video-preview:-1"},"canonical":"https:\/\/desdelaterrazadeamador.com\/en\/estado-del-clima-en-europa-un-informe-desolador-que-ya-no-podemos-ignorar\/","og_locale":"en_US","og_type":"article","og_title":"Estado del Clima en Europa: un informe desolador que ya no podemos ignorar - Desde la terraza de Amador","og_description":"El nuevo Informe sobre el Estado del Clima en Europa 2025, publicado el 29 de abril de 2026 por el Centro Europeo de Previsiones Meteorol\u00f3gicas a Medio","og_url":"https:\/\/desdelaterrazadeamador.com\/en\/estado-del-clima-en-europa-un-informe-desolador-que-ya-no-podemos-ignorar\/","og_site_name":"Desde la terraza de Amador","article_published_time":"2026-09-01T06:29:40+00:00","article_modified_time":"2026-09-01T06:29:55+00:00","og_image":[{"width":300,"height":317,"url":"https:\/\/desdelaterrazadeamador.com\/wp-content\/uploads\/2026\/09\/Clima-en-Europa.jpg","type":"image\/jpeg"}],"author":"Amador Palacios","twitter_card":"summary_large_image","twitter_creator":"@https:\/\/twitter.com\/edurneamaya","twitter_site":"@edurneamaya","twitter_misc":{"Written by":"Amador Palacios","Est. reading time":"3 minutes"},"schema":{"@context":"https:\/\/schema.org","@graph":[{"@type":"Article","@id":"https:\/\/desdelaterrazadeamador.com\/estado-del-clima-en-europa-un-informe-desolador-que-ya-no-podemos-ignorar\/#article","isPartOf":{"@id":"https:\/\/desdelaterrazadeamador.com\/estado-del-clima-en-europa-un-informe-desolador-que-ya-no-podemos-ignorar\/"},"author":{"name":"Amador Palacios","@id":"https:\/\/desdelaterrazadeamador.com\/#\/schema\/person\/0b6966cf66bcc9a2eb35a69e1c074d66"},"headline":"Estado del Clima en Europa: un informe desolador que ya no podemos ignorar","datePublished":"2026-09-01T06:29:40+00:00","dateModified":"2026-09-01T06:29:55+00:00","mainEntityOfPage":{"@id":"https:\/\/desdelaterrazadeamador.com\/estado-del-clima-en-europa-un-informe-desolador-que-ya-no-podemos-ignorar\/"},"wordCount":488,"commentCount":0,"publisher":{"@id":"https:\/\/desdelaterrazadeamador.com\/#\/schema\/person\/0b6966cf66bcc9a2eb35a69e1c074d66"},"image":{"@id":"https:\/\/desdelaterrazadeamador.com\/estado-del-clima-en-europa-un-informe-desolador-que-ya-no-podemos-ignorar\/#primaryimage"},"thumbnailUrl":"https:\/\/desdelaterrazadeamador.com\/wp-content\/uploads\/2026\/09\/Clima-en-Europa.jpg","articleSection":["Climatic Change","Industry","Society","Technology"],"inLanguage":"en-US","potentialAction":[{"@type":"CommentAction","name":"Comment","target":["https:\/\/desdelaterrazadeamador.com\/estado-del-clima-en-europa-un-informe-desolador-que-ya-no-podemos-ignorar\/#respond"]}]},{"@type":"WebPage","@id":"https:\/\/desdelaterrazadeamador.com\/estado-del-clima-en-europa-un-informe-desolador-que-ya-no-podemos-ignorar\/","url":"https:\/\/desdelaterrazadeamador.com\/estado-del-clima-en-europa-un-informe-desolador-que-ya-no-podemos-ignorar\/","name":"Estado del Clima en Europa: un informe desolador que ya no podemos ignorar - Desde la terraza de Amador","isPartOf":{"@id":"https:\/\/desdelaterrazadeamador.com\/#website"},"primaryImageOfPage":{"@id":"https:\/\/desdelaterrazadeamador.com\/estado-del-clima-en-europa-un-informe-desolador-que-ya-no-podemos-ignorar\/#primaryimage"},"image":{"@id":"https:\/\/desdelaterrazadeamador.com\/estado-del-clima-en-europa-un-informe-desolador-que-ya-no-podemos-ignorar\/#primaryimage"},"thumbnailUrl":"https:\/\/desdelaterrazadeamador.com\/wp-content\/uploads\/2026\/09\/Clima-en-Europa.jpg","datePublished":"2026-09-01T06:29:40+00:00","dateModified":"2026-09-01T06:29:55+00:00","description":"El nuevo Informe sobre el Estado del Clima en Europa 2025, publicado el 29 de abril de 2026 por el Centro Europeo de Previsiones Meteorol\u00f3gicas a Medio","breadcrumb":{"@id":"https:\/\/desdelaterrazadeamador.com\/estado-del-clima-en-europa-un-informe-desolador-que-ya-no-podemos-ignorar\/#breadcrumb"},"inLanguage":"en-US","potentialAction":[{"@type":"ReadAction","target":["https:\/\/desdelaterrazadeamador.com\/estado-del-clima-en-europa-un-informe-desolador-que-ya-no-podemos-ignorar\/"]}]},{"@type":"ImageObject","inLanguage":"en-US","@id":"https:\/\/desdelaterrazadeamador.com\/estado-del-clima-en-europa-un-informe-desolador-que-ya-no-podemos-ignorar\/#primaryimage","url":"https:\/\/desdelaterrazadeamador.com\/wp-content\/uploads\/2026\/09\/Clima-en-Europa.jpg","contentUrl":"https:\/\/desdelaterrazadeamador.com\/wp-content\/uploads\/2026\/09\/Clima-en-Europa.jpg"},{"@type":"BreadcrumbList","@id":"https:\/\/desdelaterrazadeamador.com\/estado-del-clima-en-europa-un-informe-desolador-que-ya-no-podemos-ignorar\/#breadcrumb","itemListElement":[{"@type":"ListItem","position":1,"name":"Portada","item":"https:\/\/desdelaterrazadeamador.com\/"},{"@type":"ListItem","position":2,"name":"Estado del Clima en Europa: un informe desolador que ya no podemos ignorar"}]},{"@type":"WebSite","@id":"https:\/\/desdelaterrazadeamador.com\/#website","url":"https:\/\/desdelaterrazadeamador.com\/","name":"Desde la terraza de Amador","description":"Free and honest reflections on current social and technological issues","publisher":{"@id":"https:\/\/desdelaterrazadeamador.com\/#\/schema\/person\/0b6966cf66bcc9a2eb35a69e1c074d66"},"potentialAction":[{"@type":"SearchAction","target":{"@type":"EntryPoint","urlTemplate":"https:\/\/desdelaterrazadeamador.com\/?s={search_term_string}"},"query-input":{"@type":"PropertyValueSpecification","valueRequired":true,"valueName":"search_term_string"}}],"inLanguage":"en-US"},{"@type":["Person","Organization"],"@id":"https:\/\/desdelaterrazadeamador.com\/#\/schema\/person\/0b6966cf66bcc9a2eb35a69e1c074d66","name":"Amador Palacios","image":{"@type":"ImageObject","inLanguage":"en-US","@id":"https:\/\/desdelaterrazadeamador.com\/wp-content\/uploads\/2022\/01\/amador-palacios.jpg","url":"https:\/\/desdelaterrazadeamador.com\/wp-content\/uploads\/2022\/01\/amador-palacios.jpg","contentUrl":"https:\/\/desdelaterrazadeamador.com\/wp-content\/uploads\/2022\/01\/amador-palacios.jpg","width":1265,"height":899,"caption":"Amador Palacios"},"logo":{"@id":"https:\/\/desdelaterrazadeamador.com\/wp-content\/uploads\/2022\/01\/amador-palacios.jpg"},"description":"Reflexiones de Amador Palacios sobre temas de Actualidad Social y Tecnol\u00f3gica; otras opiniones diferentes a la m\u00eda son bienvenidas","sameAs":["http:\/\/desdelaterrazadeamador.com","https:\/\/es.linkedin.com\/in\/amador-palacios-499532a","https:\/\/x.com\/https:\/\/twitter.com\/edurneamaya"]}]}},"jetpack_publicize_connections":[],"_links":{"self":[{"href":"https:\/\/desdelaterrazadeamador.com\/en\/wp-json\/wp\/v2\/posts\/4857","targetHints":{"allow":["GET"]}}],"collection":[{"href":"https:\/\/desdelaterrazadeamador.com\/en\/wp-json\/wp\/v2\/posts"}],"about":[{"href":"https:\/\/desdelaterrazadeamador.com\/en\/wp-json\/wp\/v2\/types\/post"}],"author":[{"embeddable":true,"href":"https:\/\/desdelaterrazadeamador.com\/en\/wp-json\/wp\/v2\/users\/1"}],"replies":[{"embeddable":true,"href":"https:\/\/desdelaterrazadeamador.com\/en\/wp-json\/wp\/v2\/comments?post=4857"}],"version-history":[{"count":1,"href":"https:\/\/desdelaterrazadeamador.com\/en\/wp-json\/wp\/v2\/posts\/4857\/revisions"}],"predecessor-version":[{"id":4859,"href":"https:\/\/desdelaterrazadeamador.com\/en\/wp-json\/wp\/v2\/posts\/4857\/revisions\/4859"}],"wp:attachment":[{"href":"https:\/\/desdelaterrazadeamador.com\/en\/wp-json\/wp\/v2\/media?parent=4857"}],"wp:term":[{"taxonomy":"category","embeddable":true,"href":"https:\/\/desdelaterrazadeamador.com\/en\/wp-json\/wp\/v2\/categories?post=4857"},{"taxonomy":"post_tag","embeddable":true,"href":"https:\/\/desdelaterrazadeamador.com\/en\/wp-json\/wp\/v2\/tags?post=4857"}],"curies":[{"name":"wp","href":"https:\/\/api.w.org\/{rel}","templated":true}]}}