{"id":4854,"date":"2026-08-31T08:09:57","date_gmt":"2026-08-31T06:09:57","guid":{"rendered":"https:\/\/desdelaterrazadeamador.com\/?p=4854"},"modified":"2026-08-31T08:10:01","modified_gmt":"2026-08-31T06:10:01","slug":"los-coches-electricos-que-desaparecen-en-estados-unidos-que-ocurre-despues-con-sus-propietarios","status":"publish","type":"post","link":"https:\/\/desdelaterrazadeamador.com\/en\/los-coches-electricos-que-desaparecen-en-estados-unidos-que-ocurre-despues-con-sus-propietarios\/","title":{"rendered":"Electric cars disappearing in the United States: What happens to their owners?"},"content":{"rendered":"<p>Views: 1<\/p>\n<p class=\"wp-block-paragraph\">For years we were told that the electric car was the future. However, in recent months the US market has taken an unexpected turn. The withdrawal of government subsidies, the shift in political priorities, and the drop in sales have led to numerous electric models disappearing from the market or having their sales canceled.<\/p>\n\n\n\n<p class=\"wp-block-paragraph\">The question is obvious: what happens to those who already bought one of these vehicles? The problem goes far beyond finding a repair shop or a spare part. A modern electric car is, in reality, a large battery and a powerful computer on wheels. That computer controls practically everything: the motor, battery charging, safety systems, climate control, and even many driving functions. And, as with any computer system, it needs regular updates to correct errors, improve performance, and ensure safety.<\/p>\n\n\n\n<p class=\"wp-block-paragraph\">In the United States, several manufacturers have recently announced the withdrawal, cancellation, or discontinuation of various electric models. These include the Tesla Model S and Model X, Hyundai Ioniq 6, Nissan Ariya, Honda Prologue, Acura ZDX, Volvo EX30, Volkswagen ID.4, the Polestar 3 and 4, and even the highly anticipated Sony Afeela, which ultimately never went on sale in the country. These decisions are a response to a less dynamic market, the end of tax incentives, and, in some cases, new tariffs and regulatory restrictions.<\/p>\n\n\n\n<figure class=\"wp-block-image size-full is-resized\"><img loading=\"lazy\" decoding=\"async\" width=\"395\" height=\"223\" src=\"https:\/\/desdelaterrazadeamador.com\/wp-content\/uploads\/2026\/08\/Coche-electrico-Honda-Acura-VER.jpg\" alt=\"\" class=\"wp-image-4855\" style=\"width:471px;height:auto\" srcset=\"https:\/\/desdelaterrazadeamador.com\/wp-content\/uploads\/2026\/08\/Coche-electrico-Honda-Acura-VER.jpg 395w, https:\/\/desdelaterrazadeamador.com\/wp-content\/uploads\/2026\/08\/Coche-electrico-Honda-Acura-VER-300x169.jpg 300w, https:\/\/desdelaterrazadeamador.com\/wp-content\/uploads\/2026\/08\/Coche-electrico-Honda-Acura-VER-18x10.jpg 18w\" sizes=\"auto, (max-width: 395px) 100vw, 395px\" \/><\/figure>\n\n\n\n<p class=\"wp-block-paragraph\">What happens if a manufacturer stops selling a model or even abandons the market altogether? Manufacturers insist they will continue to offer maintenance, parts, and warranty coverage to current owners. In fact, brands like Honda and Polestar have publicly reiterated this commitment.<\/p>\n\n\n\n<p class=\"wp-block-paragraph\">But this raises a question that is rarely considered before buying a vehicle: assuming what they say is true, for how long?<\/p>\n\n\n\n<p class=\"wp-block-paragraph\">Legislation mandates the maintenance of certain services and spare parts for a number of years, but the commitment regarding software is much less clear. In an increasingly digital car, ceasing to receive updates can mean losing features, becoming incompatible with new charging infrastructure, or, in the worst-case scenario, facing breakdowns that no one can permanently fix.<\/p>\n\n\n\n<p class=\"wp-block-paragraph\">The risk increases if the manufacturer disappears or goes bankrupt. This already happened in the United Kingdom with owners of vehicles from the American company Fisker, who faced enormous difficulties accessing technical support, parts, and updates for months after the company's bankruptcy. This episode highlighted that dependence on software can become as significant a problem, or even more so, than a mechanical breakdown.<\/p>\n\n\n\n<p class=\"wp-block-paragraph\">This situation opens a debate that we will likely also have in Europe. When a citizen invests 40,000, 50,000, or even 70,000 euros in a car, they should be assured that the manufacturer will guarantee its operation for the vehicle's reasonable lifespan.<\/p>\n\n\n\n<p class=\"wp-block-paragraph\">Perhaps the time has come for government agencies to intervene. One possible solution would be to create an independent body where manufacturers would be required to deposit the latest stable software version for all vehicles sold. If a brand were to leave the market or cease operations, that software would remain available to keep existing cars running.<\/p>\n\n\n\n<p class=\"wp-block-paragraph\">This doesn't seem like a particularly complex or costly measure. On the contrary, it would give consumers confidence and protect an investment that, for many families, represents a significant financial commitment.<\/p>\n\n\n\n<p class=\"wp-block-paragraph\">Electric mobility will continue to grow in the coming years. But if we want citizens to have complete confidence in it, it's not enough to simply manufacture good cars. It's also essential to guarantee that they will continue to function correctly in ten, fifteen, or twenty years.<\/p>\n\n\n\n<p class=\"wp-block-paragraph\">Because a vehicle shouldn't become a huge \"brick on four wheels\" simply because the manufacturer decided to stop selling it. Technological innovation needs to be accompanied by legal certainty and a genuine commitment to those who believed in it from the very beginning.<\/p>\n\n\n\n<p class=\"wp-block-paragraph\"><\/p>","protected":false},"excerpt":{"rendered":"<p>Views: 1 Durante a\u00f1os nos dijeron que el coche el\u00e9ctrico era el futuro. Sin embargo, en los \u00faltimos meses el mercado estadounidense ha dado un giro inesperado. La retirada de ayudas p\u00fablicas, el cambio de prioridades pol\u00edticas y la ca\u00edda de las ventas han provocado que numerosos modelos el\u00e9ctricos desaparezcan del mercado o vean cancelada [&hellip;]<\/p>\n","protected":false},"author":1,"featured_media":0,"comment_status":"open","ping_status":"closed","sticky":false,"template":"","format":"standard","meta":{"footnotes":"","jetpack_publicize_message":"","jetpack_publicize_feature_enabled":true,"jetpack_social_post_already_shared":true,"jetpack_social_options":{"image_generator_settings":{"template":"highway","default_image_id":0,"font":"","enabled":false},"version":2}},"categories":[124,153,155,109],"tags":[],"class_list":["post-4854","post","type-post","status-publish","format-standard","hentry","category-electric-cars","category-industry","category-transportation","category-vehicles"],"yoast_head":"<!-- This site is optimized with the Yoast SEO plugin v28.3 - https:\/\/yoast.com\/product\/yoast-seo-wordpress\/ -->\n<title>Los coches el\u00e9ctricos que desaparecen en Estados Unidos: \u00bfqu\u00e9 ocurre despu\u00e9s con sus propietarios? - Desde la terraza de Amador<\/title>\n<meta name=\"description\" content=\"Durante a\u00f1os nos dijeron que el coche el\u00e9ctrico era el futuro. Sin embargo, en los \u00faltimos meses el mercado estadounidense ha dado un giro inesperado. La\" \/>\n<meta name=\"robots\" content=\"index, follow, max-snippet:-1, max-image-preview:large, max-video-preview:-1\" \/>\n<link rel=\"canonical\" href=\"https:\/\/desdelaterrazadeamador.com\/en\/los-coches-electricos-que-desaparecen-en-estados-unidos-que-ocurre-despues-con-sus-propietarios\/\" \/>\n<meta property=\"og:locale\" content=\"en_US\" \/>\n<meta property=\"og:type\" content=\"article\" \/>\n<meta property=\"og:title\" content=\"Los coches el\u00e9ctricos que desaparecen en Estados Unidos: \u00bfqu\u00e9 ocurre despu\u00e9s con sus propietarios? - Desde la terraza de Amador\" \/>\n<meta property=\"og:description\" content=\"Durante a\u00f1os nos dijeron que el coche el\u00e9ctrico era el futuro. Sin embargo, en los \u00faltimos meses el mercado estadounidense ha dado un giro inesperado. La\" \/>\n<meta property=\"og:url\" content=\"https:\/\/desdelaterrazadeamador.com\/en\/los-coches-electricos-que-desaparecen-en-estados-unidos-que-ocurre-despues-con-sus-propietarios\/\" \/>\n<meta property=\"og:site_name\" content=\"Desde la terraza de Amador\" \/>\n<meta property=\"article:published_time\" content=\"2026-08-31T06:09:57+00:00\" \/>\n<meta property=\"article:modified_time\" content=\"2026-08-31T06:10:01+00:00\" \/>\n<meta property=\"og:image\" content=\"https:\/\/desdelaterrazadeamador.com\/wp-content\/uploads\/2026\/08\/Coche-electrico-Honda-Acura-VER.jpg\" \/>\n\t<meta property=\"og:image:width\" content=\"395\" \/>\n\t<meta property=\"og:image:height\" content=\"223\" \/>\n\t<meta property=\"og:image:type\" content=\"image\/jpeg\" \/>\n<meta name=\"author\" content=\"Amador Palacios\" \/>\n<meta name=\"twitter:card\" content=\"summary_large_image\" \/>\n<meta name=\"twitter:creator\" content=\"@https:\/\/twitter.com\/edurneamaya\" \/>\n<meta name=\"twitter:site\" content=\"@edurneamaya\" \/>\n<meta name=\"twitter:label1\" content=\"Written by\" \/>\n\t<meta name=\"twitter:data1\" content=\"Amador Palacios\" \/>\n\t<meta name=\"twitter:label2\" content=\"Est. reading time\" \/>\n\t<meta name=\"twitter:data2\" content=\"4 minutes\" \/>\n<script type=\"application\/ld+json\" class=\"yoast-schema-graph\">{\"@context\":\"https:\\\/\\\/schema.org\",\"@graph\":[{\"@type\":\"Article\",\"@id\":\"https:\\\/\\\/desdelaterrazadeamador.com\\\/los-coches-electricos-que-desaparecen-en-estados-unidos-que-ocurre-despues-con-sus-propietarios\\\/#article\",\"isPartOf\":{\"@id\":\"https:\\\/\\\/desdelaterrazadeamador.com\\\/los-coches-electricos-que-desaparecen-en-estados-unidos-que-ocurre-despues-con-sus-propietarios\\\/\"},\"author\":{\"name\":\"Amador Palacios\",\"@id\":\"https:\\\/\\\/desdelaterrazadeamador.com\\\/#\\\/schema\\\/person\\\/0b6966cf66bcc9a2eb35a69e1c074d66\"},\"headline\":\"Los coches el\u00e9ctricos que desaparecen en Estados Unidos: \u00bfqu\u00e9 ocurre despu\u00e9s con sus propietarios?\",\"datePublished\":\"2026-08-31T06:09:57+00:00\",\"dateModified\":\"2026-08-31T06:10:01+00:00\",\"mainEntityOfPage\":{\"@id\":\"https:\\\/\\\/desdelaterrazadeamador.com\\\/los-coches-electricos-que-desaparecen-en-estados-unidos-que-ocurre-despues-con-sus-propietarios\\\/\"},\"wordCount\":719,\"commentCount\":0,\"publisher\":{\"@id\":\"https:\\\/\\\/desdelaterrazadeamador.com\\\/#\\\/schema\\\/person\\\/0b6966cf66bcc9a2eb35a69e1c074d66\"},\"image\":{\"@id\":\"https:\\\/\\\/desdelaterrazadeamador.com\\\/los-coches-electricos-que-desaparecen-en-estados-unidos-que-ocurre-despues-con-sus-propietarios\\\/#primaryimage\"},\"thumbnailUrl\":\"https:\\\/\\\/desdelaterrazadeamador.com\\\/wp-content\\\/uploads\\\/2026\\\/08\\\/Coche-electrico-Honda-Acura-VER.jpg\",\"articleSection\":[\"Electric cars\",\"Industry\",\"Transportation\",\"Vehicles\"],\"inLanguage\":\"en-US\",\"potentialAction\":[{\"@type\":\"CommentAction\",\"name\":\"Comment\",\"target\":[\"https:\\\/\\\/desdelaterrazadeamador.com\\\/los-coches-electricos-que-desaparecen-en-estados-unidos-que-ocurre-despues-con-sus-propietarios\\\/#respond\"]}]},{\"@type\":\"WebPage\",\"@id\":\"https:\\\/\\\/desdelaterrazadeamador.com\\\/los-coches-electricos-que-desaparecen-en-estados-unidos-que-ocurre-despues-con-sus-propietarios\\\/\",\"url\":\"https:\\\/\\\/desdelaterrazadeamador.com\\\/los-coches-electricos-que-desaparecen-en-estados-unidos-que-ocurre-despues-con-sus-propietarios\\\/\",\"name\":\"Los coches el\u00e9ctricos que desaparecen en Estados Unidos: \u00bfqu\u00e9 ocurre despu\u00e9s con sus propietarios? - Desde la terraza de Amador\",\"isPartOf\":{\"@id\":\"https:\\\/\\\/desdelaterrazadeamador.com\\\/#website\"},\"primaryImageOfPage\":{\"@id\":\"https:\\\/\\\/desdelaterrazadeamador.com\\\/los-coches-electricos-que-desaparecen-en-estados-unidos-que-ocurre-despues-con-sus-propietarios\\\/#primaryimage\"},\"image\":{\"@id\":\"https:\\\/\\\/desdelaterrazadeamador.com\\\/los-coches-electricos-que-desaparecen-en-estados-unidos-que-ocurre-despues-con-sus-propietarios\\\/#primaryimage\"},\"thumbnailUrl\":\"https:\\\/\\\/desdelaterrazadeamador.com\\\/wp-content\\\/uploads\\\/2026\\\/08\\\/Coche-electrico-Honda-Acura-VER.jpg\",\"datePublished\":\"2026-08-31T06:09:57+00:00\",\"dateModified\":\"2026-08-31T06:10:01+00:00\",\"description\":\"Durante a\u00f1os nos dijeron que el coche el\u00e9ctrico era el futuro. Sin embargo, en los \u00faltimos meses el mercado estadounidense ha dado un giro inesperado. La\",\"breadcrumb\":{\"@id\":\"https:\\\/\\\/desdelaterrazadeamador.com\\\/los-coches-electricos-que-desaparecen-en-estados-unidos-que-ocurre-despues-con-sus-propietarios\\\/#breadcrumb\"},\"inLanguage\":\"en-US\",\"potentialAction\":[{\"@type\":\"ReadAction\",\"target\":[\"https:\\\/\\\/desdelaterrazadeamador.com\\\/los-coches-electricos-que-desaparecen-en-estados-unidos-que-ocurre-despues-con-sus-propietarios\\\/\"]}]},{\"@type\":\"ImageObject\",\"inLanguage\":\"en-US\",\"@id\":\"https:\\\/\\\/desdelaterrazadeamador.com\\\/los-coches-electricos-que-desaparecen-en-estados-unidos-que-ocurre-despues-con-sus-propietarios\\\/#primaryimage\",\"url\":\"https:\\\/\\\/desdelaterrazadeamador.com\\\/wp-content\\\/uploads\\\/2026\\\/08\\\/Coche-electrico-Honda-Acura-VER.jpg\",\"contentUrl\":\"https:\\\/\\\/desdelaterrazadeamador.com\\\/wp-content\\\/uploads\\\/2026\\\/08\\\/Coche-electrico-Honda-Acura-VER.jpg\"},{\"@type\":\"BreadcrumbList\",\"@id\":\"https:\\\/\\\/desdelaterrazadeamador.com\\\/los-coches-electricos-que-desaparecen-en-estados-unidos-que-ocurre-despues-con-sus-propietarios\\\/#breadcrumb\",\"itemListElement\":[{\"@type\":\"ListItem\",\"position\":1,\"name\":\"Portada\",\"item\":\"https:\\\/\\\/desdelaterrazadeamador.com\\\/\"},{\"@type\":\"ListItem\",\"position\":2,\"name\":\"Los coches el\u00e9ctricos que desaparecen en Estados Unidos: \u00bfqu\u00e9 ocurre despu\u00e9s con sus propietarios?\"}]},{\"@type\":\"WebSite\",\"@id\":\"https:\\\/\\\/desdelaterrazadeamador.com\\\/#website\",\"url\":\"https:\\\/\\\/desdelaterrazadeamador.com\\\/\",\"name\":\"Desde la terraza de Amador\",\"description\":\"Reflexiones libres y honestas sobre temas de actualidad social y tecnol\u00f3gica\",\"publisher\":{\"@id\":\"https:\\\/\\\/desdelaterrazadeamador.com\\\/#\\\/schema\\\/person\\\/0b6966cf66bcc9a2eb35a69e1c074d66\"},\"potentialAction\":[{\"@type\":\"SearchAction\",\"target\":{\"@type\":\"EntryPoint\",\"urlTemplate\":\"https:\\\/\\\/desdelaterrazadeamador.com\\\/?s={search_term_string}\"},\"query-input\":{\"@type\":\"PropertyValueSpecification\",\"valueRequired\":true,\"valueName\":\"search_term_string\"}}],\"inLanguage\":\"en-US\"},{\"@type\":[\"Person\",\"Organization\"],\"@id\":\"https:\\\/\\\/desdelaterrazadeamador.com\\\/#\\\/schema\\\/person\\\/0b6966cf66bcc9a2eb35a69e1c074d66\",\"name\":\"Amador Palacios\",\"image\":{\"@type\":\"ImageObject\",\"inLanguage\":\"en-US\",\"@id\":\"https:\\\/\\\/desdelaterrazadeamador.com\\\/wp-content\\\/uploads\\\/2022\\\/01\\\/amador-palacios.jpg\",\"url\":\"https:\\\/\\\/desdelaterrazadeamador.com\\\/wp-content\\\/uploads\\\/2022\\\/01\\\/amador-palacios.jpg\",\"contentUrl\":\"https:\\\/\\\/desdelaterrazadeamador.com\\\/wp-content\\\/uploads\\\/2022\\\/01\\\/amador-palacios.jpg\",\"width\":1265,\"height\":899,\"caption\":\"Amador Palacios\"},\"logo\":{\"@id\":\"https:\\\/\\\/desdelaterrazadeamador.com\\\/wp-content\\\/uploads\\\/2022\\\/01\\\/amador-palacios.jpg\"},\"description\":\"Reflexiones de Amador Palacios sobre temas de Actualidad Social y Tecnol\u00f3gica; otras opiniones diferentes a la m\u00eda son bienvenidas\",\"sameAs\":[\"http:\\\/\\\/desdelaterrazadeamador.com\",\"https:\\\/\\\/es.linkedin.com\\\/in\\\/amador-palacios-499532a\",\"https:\\\/\\\/x.com\\\/https:\\\/\\\/twitter.com\\\/edurneamaya\"]}]}<\/script>\n<!-- \/ Yoast SEO plugin. -->","yoast_head_json":{"title":"Los coches el\u00e9ctricos que desaparecen en Estados Unidos: \u00bfqu\u00e9 ocurre despu\u00e9s con sus propietarios? - Desde la terraza de Amador","description":"Durante a\u00f1os nos dijeron que el coche el\u00e9ctrico era el futuro. Sin embargo, en los \u00faltimos meses el mercado estadounidense ha dado un giro inesperado. La","robots":{"index":"index","follow":"follow","max-snippet":"max-snippet:-1","max-image-preview":"max-image-preview:large","max-video-preview":"max-video-preview:-1"},"canonical":"https:\/\/desdelaterrazadeamador.com\/en\/los-coches-electricos-que-desaparecen-en-estados-unidos-que-ocurre-despues-con-sus-propietarios\/","og_locale":"en_US","og_type":"article","og_title":"Los coches el\u00e9ctricos que desaparecen en Estados Unidos: \u00bfqu\u00e9 ocurre despu\u00e9s con sus propietarios? - Desde la terraza de Amador","og_description":"Durante a\u00f1os nos dijeron que el coche el\u00e9ctrico era el futuro. Sin embargo, en los \u00faltimos meses el mercado estadounidense ha dado un giro inesperado. La","og_url":"https:\/\/desdelaterrazadeamador.com\/en\/los-coches-electricos-que-desaparecen-en-estados-unidos-que-ocurre-despues-con-sus-propietarios\/","og_site_name":"Desde la terraza de Amador","article_published_time":"2026-08-31T06:09:57+00:00","article_modified_time":"2026-08-31T06:10:01+00:00","og_image":[{"width":395,"height":223,"url":"https:\/\/desdelaterrazadeamador.com\/wp-content\/uploads\/2026\/08\/Coche-electrico-Honda-Acura-VER.jpg","type":"image\/jpeg"}],"author":"Amador Palacios","twitter_card":"summary_large_image","twitter_creator":"@https:\/\/twitter.com\/edurneamaya","twitter_site":"@edurneamaya","twitter_misc":{"Written by":"Amador Palacios","Est. reading time":"4 minutes"},"schema":{"@context":"https:\/\/schema.org","@graph":[{"@type":"Article","@id":"https:\/\/desdelaterrazadeamador.com\/los-coches-electricos-que-desaparecen-en-estados-unidos-que-ocurre-despues-con-sus-propietarios\/#article","isPartOf":{"@id":"https:\/\/desdelaterrazadeamador.com\/los-coches-electricos-que-desaparecen-en-estados-unidos-que-ocurre-despues-con-sus-propietarios\/"},"author":{"name":"Amador Palacios","@id":"https:\/\/desdelaterrazadeamador.com\/#\/schema\/person\/0b6966cf66bcc9a2eb35a69e1c074d66"},"headline":"Los coches el\u00e9ctricos que desaparecen en Estados Unidos: \u00bfqu\u00e9 ocurre despu\u00e9s con sus propietarios?","datePublished":"2026-08-31T06:09:57+00:00","dateModified":"2026-08-31T06:10:01+00:00","mainEntityOfPage":{"@id":"https:\/\/desdelaterrazadeamador.com\/los-coches-electricos-que-desaparecen-en-estados-unidos-que-ocurre-despues-con-sus-propietarios\/"},"wordCount":719,"commentCount":0,"publisher":{"@id":"https:\/\/desdelaterrazadeamador.com\/#\/schema\/person\/0b6966cf66bcc9a2eb35a69e1c074d66"},"image":{"@id":"https:\/\/desdelaterrazadeamador.com\/los-coches-electricos-que-desaparecen-en-estados-unidos-que-ocurre-despues-con-sus-propietarios\/#primaryimage"},"thumbnailUrl":"https:\/\/desdelaterrazadeamador.com\/wp-content\/uploads\/2026\/08\/Coche-electrico-Honda-Acura-VER.jpg","articleSection":["Electric cars","Industry","Transportation","Vehicles"],"inLanguage":"en-US","potentialAction":[{"@type":"CommentAction","name":"Comment","target":["https:\/\/desdelaterrazadeamador.com\/los-coches-electricos-que-desaparecen-en-estados-unidos-que-ocurre-despues-con-sus-propietarios\/#respond"]}]},{"@type":"WebPage","@id":"https:\/\/desdelaterrazadeamador.com\/los-coches-electricos-que-desaparecen-en-estados-unidos-que-ocurre-despues-con-sus-propietarios\/","url":"https:\/\/desdelaterrazadeamador.com\/los-coches-electricos-que-desaparecen-en-estados-unidos-que-ocurre-despues-con-sus-propietarios\/","name":"Los coches el\u00e9ctricos que desaparecen en Estados Unidos: \u00bfqu\u00e9 ocurre despu\u00e9s con sus propietarios? - Desde la terraza de Amador","isPartOf":{"@id":"https:\/\/desdelaterrazadeamador.com\/#website"},"primaryImageOfPage":{"@id":"https:\/\/desdelaterrazadeamador.com\/los-coches-electricos-que-desaparecen-en-estados-unidos-que-ocurre-despues-con-sus-propietarios\/#primaryimage"},"image":{"@id":"https:\/\/desdelaterrazadeamador.com\/los-coches-electricos-que-desaparecen-en-estados-unidos-que-ocurre-despues-con-sus-propietarios\/#primaryimage"},"thumbnailUrl":"https:\/\/desdelaterrazadeamador.com\/wp-content\/uploads\/2026\/08\/Coche-electrico-Honda-Acura-VER.jpg","datePublished":"2026-08-31T06:09:57+00:00","dateModified":"2026-08-31T06:10:01+00:00","description":"Durante a\u00f1os nos dijeron que el coche el\u00e9ctrico era el futuro. Sin embargo, en los \u00faltimos meses el mercado estadounidense ha dado un giro inesperado. La","breadcrumb":{"@id":"https:\/\/desdelaterrazadeamador.com\/los-coches-electricos-que-desaparecen-en-estados-unidos-que-ocurre-despues-con-sus-propietarios\/#breadcrumb"},"inLanguage":"en-US","potentialAction":[{"@type":"ReadAction","target":["https:\/\/desdelaterrazadeamador.com\/los-coches-electricos-que-desaparecen-en-estados-unidos-que-ocurre-despues-con-sus-propietarios\/"]}]},{"@type":"ImageObject","inLanguage":"en-US","@id":"https:\/\/desdelaterrazadeamador.com\/los-coches-electricos-que-desaparecen-en-estados-unidos-que-ocurre-despues-con-sus-propietarios\/#primaryimage","url":"https:\/\/desdelaterrazadeamador.com\/wp-content\/uploads\/2026\/08\/Coche-electrico-Honda-Acura-VER.jpg","contentUrl":"https:\/\/desdelaterrazadeamador.com\/wp-content\/uploads\/2026\/08\/Coche-electrico-Honda-Acura-VER.jpg"},{"@type":"BreadcrumbList","@id":"https:\/\/desdelaterrazadeamador.com\/los-coches-electricos-que-desaparecen-en-estados-unidos-que-ocurre-despues-con-sus-propietarios\/#breadcrumb","itemListElement":[{"@type":"ListItem","position":1,"name":"Portada","item":"https:\/\/desdelaterrazadeamador.com\/"},{"@type":"ListItem","position":2,"name":"Los coches el\u00e9ctricos que desaparecen en Estados Unidos: \u00bfqu\u00e9 ocurre despu\u00e9s con sus propietarios?"}]},{"@type":"WebSite","@id":"https:\/\/desdelaterrazadeamador.com\/#website","url":"https:\/\/desdelaterrazadeamador.com\/","name":"Desde la terraza de Amador","description":"Free and honest reflections on current social and technological issues","publisher":{"@id":"https:\/\/desdelaterrazadeamador.com\/#\/schema\/person\/0b6966cf66bcc9a2eb35a69e1c074d66"},"potentialAction":[{"@type":"SearchAction","target":{"@type":"EntryPoint","urlTemplate":"https:\/\/desdelaterrazadeamador.com\/?s={search_term_string}"},"query-input":{"@type":"PropertyValueSpecification","valueRequired":true,"valueName":"search_term_string"}}],"inLanguage":"en-US"},{"@type":["Person","Organization"],"@id":"https:\/\/desdelaterrazadeamador.com\/#\/schema\/person\/0b6966cf66bcc9a2eb35a69e1c074d66","name":"Amador Palacios","image":{"@type":"ImageObject","inLanguage":"en-US","@id":"https:\/\/desdelaterrazadeamador.com\/wp-content\/uploads\/2022\/01\/amador-palacios.jpg","url":"https:\/\/desdelaterrazadeamador.com\/wp-content\/uploads\/2022\/01\/amador-palacios.jpg","contentUrl":"https:\/\/desdelaterrazadeamador.com\/wp-content\/uploads\/2022\/01\/amador-palacios.jpg","width":1265,"height":899,"caption":"Amador Palacios"},"logo":{"@id":"https:\/\/desdelaterrazadeamador.com\/wp-content\/uploads\/2022\/01\/amador-palacios.jpg"},"description":"Reflexiones de Amador Palacios sobre temas de Actualidad Social y Tecnol\u00f3gica; otras opiniones diferentes a la m\u00eda son bienvenidas","sameAs":["http:\/\/desdelaterrazadeamador.com","https:\/\/es.linkedin.com\/in\/amador-palacios-499532a","https:\/\/x.com\/https:\/\/twitter.com\/edurneamaya"]}]}},"jetpack_publicize_connections":[],"_links":{"self":[{"href":"https:\/\/desdelaterrazadeamador.com\/en\/wp-json\/wp\/v2\/posts\/4854","targetHints":{"allow":["GET"]}}],"collection":[{"href":"https:\/\/desdelaterrazadeamador.com\/en\/wp-json\/wp\/v2\/posts"}],"about":[{"href":"https:\/\/desdelaterrazadeamador.com\/en\/wp-json\/wp\/v2\/types\/post"}],"author":[{"embeddable":true,"href":"https:\/\/desdelaterrazadeamador.com\/en\/wp-json\/wp\/v2\/users\/1"}],"replies":[{"embeddable":true,"href":"https:\/\/desdelaterrazadeamador.com\/en\/wp-json\/wp\/v2\/comments?post=4854"}],"version-history":[{"count":1,"href":"https:\/\/desdelaterrazadeamador.com\/en\/wp-json\/wp\/v2\/posts\/4854\/revisions"}],"predecessor-version":[{"id":4856,"href":"https:\/\/desdelaterrazadeamador.com\/en\/wp-json\/wp\/v2\/posts\/4854\/revisions\/4856"}],"wp:attachment":[{"href":"https:\/\/desdelaterrazadeamador.com\/en\/wp-json\/wp\/v2\/media?parent=4854"}],"wp:term":[{"taxonomy":"category","embeddable":true,"href":"https:\/\/desdelaterrazadeamador.com\/en\/wp-json\/wp\/v2\/categories?post=4854"},{"taxonomy":"post_tag","embeddable":true,"href":"https:\/\/desdelaterrazadeamador.com\/en\/wp-json\/wp\/v2\/tags?post=4854"}],"curies":[{"name":"wp","href":"https:\/\/api.w.org\/{rel}","templated":true}]}}