{"id":437,"date":"2022-01-07T08:23:59","date_gmt":"2022-01-07T08:23:59","guid":{"rendered":"https:\/\/desdelaterrazadeamador.com\/?p=437"},"modified":"2022-01-07T08:24:00","modified_gmt":"2022-01-07T08:24:00","slug":"tendremos-energia-electrica-de-fusion-en-el-ano-2024","status":"publish","type":"post","link":"https:\/\/desdelaterrazadeamador.com\/en\/tendremos-energia-electrica-de-fusion-en-el-ano-2024\/","title":{"rendered":"Will we have fusion power in 2024?"},"content":{"rendered":"<p>Views: 24<\/p>\n<p class=\"wp-block-paragraph\">The <strong>Helion<\/strong> Company announces that it will be able to offer fusion electric power in 2024, when others hope to achieve it in the 2060s. That is a huge advance that is difficult to believe, although I suppose that those who claim it are no fools.<\/p>\n\n\n\n<p class=\"wp-block-paragraph\">The world has been dreaming of having electric fusion energy for dozens of years, and until very recently it was a chimera that with new technological advances it seems that it is getting closer every day. Between 30 and 50 years.<\/p>\n\n\n\n<p class=\"wp-block-paragraph\">What Helion proposes is a novelty and it does so by providing a new fusion technology. They achieve the reaction by mixing deuterium (isotope of hydrogen) and helium-3, instead of deuterium and tritium as ITER and others do.<\/p>\n\n\n\n<p class=\"wp-block-paragraph\">Deuterium is very abundant on our planet, but helium-3 is very scarce and is a by-product of nuclear fusion, so the ashes obtained in this process are re-used as part of the fuel.<\/p>\n\n\n\n<figure class=\"wp-block-image size-full\"><img loading=\"lazy\" decoding=\"async\" width=\"700\" height=\"393\" src=\"https:\/\/desdelaterrazadeamador.com\/wp-content\/uploads\/2022\/01\/Helion.jpg\" alt=\"\" class=\"wp-image-438\" srcset=\"https:\/\/desdelaterrazadeamador.com\/wp-content\/uploads\/2022\/01\/Helion.jpg 700w, https:\/\/desdelaterrazadeamador.com\/wp-content\/uploads\/2022\/01\/Helion-300x168.jpg 300w, https:\/\/desdelaterrazadeamador.com\/wp-content\/uploads\/2022\/01\/Helion-18x10.jpg 18w\" sizes=\"auto, (max-width: 700px) 100vw, 700px\" \/><\/figure>\n\n\n\n<p class=\"wp-block-paragraph\">I am not an expert in this matter, and after having read the explanations published by the people of Helion it seems that they have their concepts well established. They have been working for more than 8 years and taking practical steps to meet their goal of generating electrical energy by fusion, but they still have to take the most difficult steps so that the reaction of the gases is maintained over time and a so desired ecological electrical energy is produced.<\/p>\n\n\n\n<p class=\"wp-block-paragraph\">A video can be seen at: <a href=\"https:\/\/www.youtube.com\/watch?v=56To5qL3G0c\">https:\/\/www.youtube.com\/watch?v=56To5qL3G0c<\/a><\/p>\n\n\n\n<p class=\"wp-block-paragraph\">The company has received more than 2 billion financing from large investors and its goal of 2024 is just around the corner.<\/p>\n\n\n\n<p class=\"wp-block-paragraph\">If they come close to fulfilling what they promise they will change the history of power generation, which is like saying the history of humanity.<\/p>\n\n\n\n<p class=\"wp-block-paragraph\">I am more than interested in seeing what happens and I wish them the best, because if they are successful we will all win a lot. Hopefully they will.<\/p>","protected":false},"excerpt":{"rendered":"<p>Views: 24 La empresa Helion anuncia que ser\u00e1 capaz de ofrecer energ\u00eda el\u00e9ctrica de fusi\u00f3n en el a\u00f1o 2024, cuando otros lo esperan conseguir en la d\u00e9cada del 2060. Eso supone un avance enorme que resulta dif\u00edcil de creer, aunque supongo que los que lo aseguran no son ningunos tontos. El mundo lleva decenas de [&hellip;]<\/p>\n","protected":false},"author":1,"featured_media":439,"comment_status":"open","ping_status":"open","sticky":false,"template":"","format":"standard","meta":{"_crdt_document":"","footnotes":"","jetpack_publicize_message":"","jetpack_publicize_feature_enabled":true,"jetpack_social_post_already_shared":false,"jetpack_social_options":{"image_generator_settings":{"template":"highway","default_image_id":0,"font":"","enabled":false},"version":2}},"categories":[134,135],"tags":[],"class_list":["post-437","post","type-post","status-publish","format-standard","has-post-thumbnail","hentry","category-sustainable-energy","category-technology"],"yoast_head":"<!-- This site is optimized with the Yoast SEO plugin v27.5 - https:\/\/yoast.com\/product\/yoast-seo-wordpress\/ -->\n<title>\u00bf Tendremos energ\u00eda el\u00e9ctrica de fusi\u00f3n en el a\u00f1o 2024 ? - Desde la terraza de Amador<\/title>\n<meta name=\"description\" content=\"La empresa Helion anuncia que ser\u00e1 capaz de ofrecer energ\u00eda el\u00e9ctrica de fusi\u00f3n en el a\u00f1o 2024, cuando otros lo esperan conseguir en la d\u00e9cada del 2060.\" \/>\n<meta name=\"robots\" content=\"index, follow, max-snippet:-1, max-image-preview:large, max-video-preview:-1\" \/>\n<link rel=\"canonical\" href=\"https:\/\/desdelaterrazadeamador.com\/en\/tendremos-energia-electrica-de-fusion-en-el-ano-2024\/\" \/>\n<meta property=\"og:locale\" content=\"en_US\" \/>\n<meta property=\"og:type\" content=\"article\" \/>\n<meta property=\"og:title\" content=\"\u00bf Tendremos energ\u00eda el\u00e9ctrica de fusi\u00f3n en el a\u00f1o 2024 ? - Desde la terraza de Amador\" \/>\n<meta property=\"og:description\" content=\"La empresa Helion anuncia que ser\u00e1 capaz de ofrecer energ\u00eda el\u00e9ctrica de fusi\u00f3n en el a\u00f1o 2024, cuando otros lo esperan conseguir en la d\u00e9cada del 2060.\" \/>\n<meta property=\"og:url\" content=\"https:\/\/desdelaterrazadeamador.com\/en\/tendremos-energia-electrica-de-fusion-en-el-ano-2024\/\" \/>\n<meta property=\"og:site_name\" content=\"Desde la terraza de Amador\" \/>\n<meta property=\"article:published_time\" content=\"2022-01-07T08:23:59+00:00\" \/>\n<meta property=\"article:modified_time\" content=\"2022-01-07T08:24:00+00:00\" \/>\n<meta property=\"og:image\" content=\"https:\/\/desdelaterrazadeamador.com\/wp-content\/uploads\/2022\/01\/Energia-electrica-fusion.jpg\" \/>\n\t<meta property=\"og:image:width\" content=\"640\" \/>\n\t<meta property=\"og:image:height\" content=\"427\" \/>\n\t<meta property=\"og:image:type\" content=\"image\/jpeg\" \/>\n<meta name=\"author\" content=\"Amador Palacios\" \/>\n<meta name=\"twitter:card\" content=\"summary_large_image\" \/>\n<meta name=\"twitter:creator\" content=\"@https:\/\/twitter.com\/edurneamaya\" \/>\n<meta name=\"twitter:site\" content=\"@edurneamaya\" \/>\n<meta name=\"twitter:label1\" content=\"Written by\" \/>\n\t<meta name=\"twitter:data1\" content=\"Amador Palacios\" \/>\n\t<meta name=\"twitter:label2\" content=\"Est. reading time\" \/>\n\t<meta name=\"twitter:data2\" content=\"2 minutes\" \/>\n<script type=\"application\/ld+json\" class=\"yoast-schema-graph\">{\"@context\":\"https:\\\/\\\/schema.org\",\"@graph\":[{\"@type\":\"Article\",\"@id\":\"https:\\\/\\\/desdelaterrazadeamador.com\\\/tendremos-energia-electrica-de-fusion-en-el-ano-2024\\\/#article\",\"isPartOf\":{\"@id\":\"https:\\\/\\\/desdelaterrazadeamador.com\\\/tendremos-energia-electrica-de-fusion-en-el-ano-2024\\\/\"},\"author\":{\"name\":\"Amador Palacios\",\"@id\":\"https:\\\/\\\/desdelaterrazadeamador.com\\\/#\\\/schema\\\/person\\\/0b6966cf66bcc9a2eb35a69e1c074d66\"},\"headline\":\"\u00bf Tendremos energ\u00eda el\u00e9ctrica de fusi\u00f3n en el a\u00f1o 2024 ?\",\"datePublished\":\"2022-01-07T08:23:59+00:00\",\"dateModified\":\"2022-01-07T08:24:00+00:00\",\"mainEntityOfPage\":{\"@id\":\"https:\\\/\\\/desdelaterrazadeamador.com\\\/tendremos-energia-electrica-de-fusion-en-el-ano-2024\\\/\"},\"wordCount\":387,\"commentCount\":0,\"publisher\":{\"@id\":\"https:\\\/\\\/desdelaterrazadeamador.com\\\/#\\\/schema\\\/person\\\/0b6966cf66bcc9a2eb35a69e1c074d66\"},\"image\":{\"@id\":\"https:\\\/\\\/desdelaterrazadeamador.com\\\/tendremos-energia-electrica-de-fusion-en-el-ano-2024\\\/#primaryimage\"},\"thumbnailUrl\":\"https:\\\/\\\/desdelaterrazadeamador.com\\\/wp-content\\\/uploads\\\/2022\\\/01\\\/Energia-electrica-fusion.jpg\",\"articleSection\":[\"Sustainable Energy\",\"Technology\"],\"inLanguage\":\"en-US\",\"potentialAction\":[{\"@type\":\"CommentAction\",\"name\":\"Comment\",\"target\":[\"https:\\\/\\\/desdelaterrazadeamador.com\\\/tendremos-energia-electrica-de-fusion-en-el-ano-2024\\\/#respond\"]}]},{\"@type\":\"WebPage\",\"@id\":\"https:\\\/\\\/desdelaterrazadeamador.com\\\/tendremos-energia-electrica-de-fusion-en-el-ano-2024\\\/\",\"url\":\"https:\\\/\\\/desdelaterrazadeamador.com\\\/tendremos-energia-electrica-de-fusion-en-el-ano-2024\\\/\",\"name\":\"\u00bf Tendremos energ\u00eda el\u00e9ctrica de fusi\u00f3n en el a\u00f1o 2024 ? - Desde la terraza de Amador\",\"isPartOf\":{\"@id\":\"https:\\\/\\\/desdelaterrazadeamador.com\\\/#website\"},\"primaryImageOfPage\":{\"@id\":\"https:\\\/\\\/desdelaterrazadeamador.com\\\/tendremos-energia-electrica-de-fusion-en-el-ano-2024\\\/#primaryimage\"},\"image\":{\"@id\":\"https:\\\/\\\/desdelaterrazadeamador.com\\\/tendremos-energia-electrica-de-fusion-en-el-ano-2024\\\/#primaryimage\"},\"thumbnailUrl\":\"https:\\\/\\\/desdelaterrazadeamador.com\\\/wp-content\\\/uploads\\\/2022\\\/01\\\/Energia-electrica-fusion.jpg\",\"datePublished\":\"2022-01-07T08:23:59+00:00\",\"dateModified\":\"2022-01-07T08:24:00+00:00\",\"description\":\"La empresa Helion anuncia que ser\u00e1 capaz de ofrecer energ\u00eda el\u00e9ctrica de fusi\u00f3n en el a\u00f1o 2024, cuando otros lo esperan conseguir en la d\u00e9cada del 2060.\",\"breadcrumb\":{\"@id\":\"https:\\\/\\\/desdelaterrazadeamador.com\\\/tendremos-energia-electrica-de-fusion-en-el-ano-2024\\\/#breadcrumb\"},\"inLanguage\":\"en-US\",\"potentialAction\":[{\"@type\":\"ReadAction\",\"target\":[\"https:\\\/\\\/desdelaterrazadeamador.com\\\/tendremos-energia-electrica-de-fusion-en-el-ano-2024\\\/\"]}]},{\"@type\":\"ImageObject\",\"inLanguage\":\"en-US\",\"@id\":\"https:\\\/\\\/desdelaterrazadeamador.com\\\/tendremos-energia-electrica-de-fusion-en-el-ano-2024\\\/#primaryimage\",\"url\":\"https:\\\/\\\/desdelaterrazadeamador.com\\\/wp-content\\\/uploads\\\/2022\\\/01\\\/Energia-electrica-fusion.jpg\",\"contentUrl\":\"https:\\\/\\\/desdelaterrazadeamador.com\\\/wp-content\\\/uploads\\\/2022\\\/01\\\/Energia-electrica-fusion.jpg\",\"width\":640,\"height\":427},{\"@type\":\"BreadcrumbList\",\"@id\":\"https:\\\/\\\/desdelaterrazadeamador.com\\\/tendremos-energia-electrica-de-fusion-en-el-ano-2024\\\/#breadcrumb\",\"itemListElement\":[{\"@type\":\"ListItem\",\"position\":1,\"name\":\"Portada\",\"item\":\"https:\\\/\\\/desdelaterrazadeamador.com\\\/\"},{\"@type\":\"ListItem\",\"position\":2,\"name\":\"\u00bf Tendremos energ\u00eda el\u00e9ctrica de fusi\u00f3n en el a\u00f1o 2024 ?\"}]},{\"@type\":\"WebSite\",\"@id\":\"https:\\\/\\\/desdelaterrazadeamador.com\\\/#website\",\"url\":\"https:\\\/\\\/desdelaterrazadeamador.com\\\/\",\"name\":\"Desde la terraza de Amador\",\"description\":\"Reflexiones libres y honestas sobre temas de actualidad social y tecnol\u00f3gica\",\"publisher\":{\"@id\":\"https:\\\/\\\/desdelaterrazadeamador.com\\\/#\\\/schema\\\/person\\\/0b6966cf66bcc9a2eb35a69e1c074d66\"},\"potentialAction\":[{\"@type\":\"SearchAction\",\"target\":{\"@type\":\"EntryPoint\",\"urlTemplate\":\"https:\\\/\\\/desdelaterrazadeamador.com\\\/?s={search_term_string}\"},\"query-input\":{\"@type\":\"PropertyValueSpecification\",\"valueRequired\":true,\"valueName\":\"search_term_string\"}}],\"inLanguage\":\"en-US\"},{\"@type\":[\"Person\",\"Organization\"],\"@id\":\"https:\\\/\\\/desdelaterrazadeamador.com\\\/#\\\/schema\\\/person\\\/0b6966cf66bcc9a2eb35a69e1c074d66\",\"name\":\"Amador Palacios\",\"image\":{\"@type\":\"ImageObject\",\"inLanguage\":\"en-US\",\"@id\":\"https:\\\/\\\/desdelaterrazadeamador.com\\\/wp-content\\\/uploads\\\/2022\\\/01\\\/amador-palacios.jpg\",\"url\":\"https:\\\/\\\/desdelaterrazadeamador.com\\\/wp-content\\\/uploads\\\/2022\\\/01\\\/amador-palacios.jpg\",\"contentUrl\":\"https:\\\/\\\/desdelaterrazadeamador.com\\\/wp-content\\\/uploads\\\/2022\\\/01\\\/amador-palacios.jpg\",\"width\":1265,\"height\":899,\"caption\":\"Amador Palacios\"},\"logo\":{\"@id\":\"https:\\\/\\\/desdelaterrazadeamador.com\\\/wp-content\\\/uploads\\\/2022\\\/01\\\/amador-palacios.jpg\"},\"description\":\"Reflexiones de Amador Palacios sobre temas de Actualidad Social y Tecnol\u00f3gica; otras opiniones diferentes a la m\u00eda son bienvenidas\",\"sameAs\":[\"http:\\\/\\\/desdelaterrazadeamador.com\",\"https:\\\/\\\/es.linkedin.com\\\/in\\\/amador-palacios-499532a\",\"https:\\\/\\\/x.com\\\/https:\\\/\\\/twitter.com\\\/edurneamaya\"]}]}<\/script>\n<!-- \/ Yoast SEO plugin. -->","yoast_head_json":{"title":"\u00bf Tendremos energ\u00eda el\u00e9ctrica de fusi\u00f3n en el a\u00f1o 2024 ? - Desde la terraza de Amador","description":"La empresa Helion anuncia que ser\u00e1 capaz de ofrecer energ\u00eda el\u00e9ctrica de fusi\u00f3n en el a\u00f1o 2024, cuando otros lo esperan conseguir en la d\u00e9cada del 2060.","robots":{"index":"index","follow":"follow","max-snippet":"max-snippet:-1","max-image-preview":"max-image-preview:large","max-video-preview":"max-video-preview:-1"},"canonical":"https:\/\/desdelaterrazadeamador.com\/en\/tendremos-energia-electrica-de-fusion-en-el-ano-2024\/","og_locale":"en_US","og_type":"article","og_title":"\u00bf Tendremos energ\u00eda el\u00e9ctrica de fusi\u00f3n en el a\u00f1o 2024 ? - Desde la terraza de Amador","og_description":"La empresa Helion anuncia que ser\u00e1 capaz de ofrecer energ\u00eda el\u00e9ctrica de fusi\u00f3n en el a\u00f1o 2024, cuando otros lo esperan conseguir en la d\u00e9cada del 2060.","og_url":"https:\/\/desdelaterrazadeamador.com\/en\/tendremos-energia-electrica-de-fusion-en-el-ano-2024\/","og_site_name":"Desde la terraza de Amador","article_published_time":"2022-01-07T08:23:59+00:00","article_modified_time":"2022-01-07T08:24:00+00:00","og_image":[{"width":640,"height":427,"url":"https:\/\/desdelaterrazadeamador.com\/wp-content\/uploads\/2022\/01\/Energia-electrica-fusion.jpg","type":"image\/jpeg"}],"author":"Amador Palacios","twitter_card":"summary_large_image","twitter_creator":"@https:\/\/twitter.com\/edurneamaya","twitter_site":"@edurneamaya","twitter_misc":{"Written by":"Amador Palacios","Est. reading time":"2 minutes"},"schema":{"@context":"https:\/\/schema.org","@graph":[{"@type":"Article","@id":"https:\/\/desdelaterrazadeamador.com\/tendremos-energia-electrica-de-fusion-en-el-ano-2024\/#article","isPartOf":{"@id":"https:\/\/desdelaterrazadeamador.com\/tendremos-energia-electrica-de-fusion-en-el-ano-2024\/"},"author":{"name":"Amador Palacios","@id":"https:\/\/desdelaterrazadeamador.com\/#\/schema\/person\/0b6966cf66bcc9a2eb35a69e1c074d66"},"headline":"\u00bf Tendremos energ\u00eda el\u00e9ctrica de fusi\u00f3n en el a\u00f1o 2024 ?","datePublished":"2022-01-07T08:23:59+00:00","dateModified":"2022-01-07T08:24:00+00:00","mainEntityOfPage":{"@id":"https:\/\/desdelaterrazadeamador.com\/tendremos-energia-electrica-de-fusion-en-el-ano-2024\/"},"wordCount":387,"commentCount":0,"publisher":{"@id":"https:\/\/desdelaterrazadeamador.com\/#\/schema\/person\/0b6966cf66bcc9a2eb35a69e1c074d66"},"image":{"@id":"https:\/\/desdelaterrazadeamador.com\/tendremos-energia-electrica-de-fusion-en-el-ano-2024\/#primaryimage"},"thumbnailUrl":"https:\/\/desdelaterrazadeamador.com\/wp-content\/uploads\/2022\/01\/Energia-electrica-fusion.jpg","articleSection":["Sustainable Energy","Technology"],"inLanguage":"en-US","potentialAction":[{"@type":"CommentAction","name":"Comment","target":["https:\/\/desdelaterrazadeamador.com\/tendremos-energia-electrica-de-fusion-en-el-ano-2024\/#respond"]}]},{"@type":"WebPage","@id":"https:\/\/desdelaterrazadeamador.com\/tendremos-energia-electrica-de-fusion-en-el-ano-2024\/","url":"https:\/\/desdelaterrazadeamador.com\/tendremos-energia-electrica-de-fusion-en-el-ano-2024\/","name":"\u00bf Tendremos energ\u00eda el\u00e9ctrica de fusi\u00f3n en el a\u00f1o 2024 ? - Desde la terraza de Amador","isPartOf":{"@id":"https:\/\/desdelaterrazadeamador.com\/#website"},"primaryImageOfPage":{"@id":"https:\/\/desdelaterrazadeamador.com\/tendremos-energia-electrica-de-fusion-en-el-ano-2024\/#primaryimage"},"image":{"@id":"https:\/\/desdelaterrazadeamador.com\/tendremos-energia-electrica-de-fusion-en-el-ano-2024\/#primaryimage"},"thumbnailUrl":"https:\/\/desdelaterrazadeamador.com\/wp-content\/uploads\/2022\/01\/Energia-electrica-fusion.jpg","datePublished":"2022-01-07T08:23:59+00:00","dateModified":"2022-01-07T08:24:00+00:00","description":"La empresa Helion anuncia que ser\u00e1 capaz de ofrecer energ\u00eda el\u00e9ctrica de fusi\u00f3n en el a\u00f1o 2024, cuando otros lo esperan conseguir en la d\u00e9cada del 2060.","breadcrumb":{"@id":"https:\/\/desdelaterrazadeamador.com\/tendremos-energia-electrica-de-fusion-en-el-ano-2024\/#breadcrumb"},"inLanguage":"en-US","potentialAction":[{"@type":"ReadAction","target":["https:\/\/desdelaterrazadeamador.com\/tendremos-energia-electrica-de-fusion-en-el-ano-2024\/"]}]},{"@type":"ImageObject","inLanguage":"en-US","@id":"https:\/\/desdelaterrazadeamador.com\/tendremos-energia-electrica-de-fusion-en-el-ano-2024\/#primaryimage","url":"https:\/\/desdelaterrazadeamador.com\/wp-content\/uploads\/2022\/01\/Energia-electrica-fusion.jpg","contentUrl":"https:\/\/desdelaterrazadeamador.com\/wp-content\/uploads\/2022\/01\/Energia-electrica-fusion.jpg","width":640,"height":427},{"@type":"BreadcrumbList","@id":"https:\/\/desdelaterrazadeamador.com\/tendremos-energia-electrica-de-fusion-en-el-ano-2024\/#breadcrumb","itemListElement":[{"@type":"ListItem","position":1,"name":"Portada","item":"https:\/\/desdelaterrazadeamador.com\/"},{"@type":"ListItem","position":2,"name":"\u00bf Tendremos energ\u00eda el\u00e9ctrica de fusi\u00f3n en el a\u00f1o 2024 ?"}]},{"@type":"WebSite","@id":"https:\/\/desdelaterrazadeamador.com\/#website","url":"https:\/\/desdelaterrazadeamador.com\/","name":"Desde la terraza de Amador","description":"Free and honest reflections on current social and technological issues","publisher":{"@id":"https:\/\/desdelaterrazadeamador.com\/#\/schema\/person\/0b6966cf66bcc9a2eb35a69e1c074d66"},"potentialAction":[{"@type":"SearchAction","target":{"@type":"EntryPoint","urlTemplate":"https:\/\/desdelaterrazadeamador.com\/?s={search_term_string}"},"query-input":{"@type":"PropertyValueSpecification","valueRequired":true,"valueName":"search_term_string"}}],"inLanguage":"en-US"},{"@type":["Person","Organization"],"@id":"https:\/\/desdelaterrazadeamador.com\/#\/schema\/person\/0b6966cf66bcc9a2eb35a69e1c074d66","name":"Amador Palacios","image":{"@type":"ImageObject","inLanguage":"en-US","@id":"https:\/\/desdelaterrazadeamador.com\/wp-content\/uploads\/2022\/01\/amador-palacios.jpg","url":"https:\/\/desdelaterrazadeamador.com\/wp-content\/uploads\/2022\/01\/amador-palacios.jpg","contentUrl":"https:\/\/desdelaterrazadeamador.com\/wp-content\/uploads\/2022\/01\/amador-palacios.jpg","width":1265,"height":899,"caption":"Amador Palacios"},"logo":{"@id":"https:\/\/desdelaterrazadeamador.com\/wp-content\/uploads\/2022\/01\/amador-palacios.jpg"},"description":"Reflexiones de Amador Palacios sobre temas de Actualidad Social y Tecnol\u00f3gica; otras opiniones diferentes a la m\u00eda son bienvenidas","sameAs":["http:\/\/desdelaterrazadeamador.com","https:\/\/es.linkedin.com\/in\/amador-palacios-499532a","https:\/\/x.com\/https:\/\/twitter.com\/edurneamaya"]}]}},"jetpack_publicize_connections":[],"_links":{"self":[{"href":"https:\/\/desdelaterrazadeamador.com\/en\/wp-json\/wp\/v2\/posts\/437","targetHints":{"allow":["GET"]}}],"collection":[{"href":"https:\/\/desdelaterrazadeamador.com\/en\/wp-json\/wp\/v2\/posts"}],"about":[{"href":"https:\/\/desdelaterrazadeamador.com\/en\/wp-json\/wp\/v2\/types\/post"}],"author":[{"embeddable":true,"href":"https:\/\/desdelaterrazadeamador.com\/en\/wp-json\/wp\/v2\/users\/1"}],"replies":[{"embeddable":true,"href":"https:\/\/desdelaterrazadeamador.com\/en\/wp-json\/wp\/v2\/comments?post=437"}],"version-history":[{"count":1,"href":"https:\/\/desdelaterrazadeamador.com\/en\/wp-json\/wp\/v2\/posts\/437\/revisions"}],"predecessor-version":[{"id":440,"href":"https:\/\/desdelaterrazadeamador.com\/en\/wp-json\/wp\/v2\/posts\/437\/revisions\/440"}],"wp:featuredmedia":[{"embeddable":true,"href":"https:\/\/desdelaterrazadeamador.com\/en\/wp-json\/wp\/v2\/media\/439"}],"wp:attachment":[{"href":"https:\/\/desdelaterrazadeamador.com\/en\/wp-json\/wp\/v2\/media?parent=437"}],"wp:term":[{"taxonomy":"category","embeddable":true,"href":"https:\/\/desdelaterrazadeamador.com\/en\/wp-json\/wp\/v2\/categories?post=437"},{"taxonomy":"post_tag","embeddable":true,"href":"https:\/\/desdelaterrazadeamador.com\/en\/wp-json\/wp\/v2\/tags?post=437"}],"curies":[{"name":"wp","href":"https:\/\/api.w.org\/{rel}","templated":true}]}}