{"id":4338,"date":"2026-03-16T08:24:01","date_gmt":"2026-03-16T07:24:01","guid":{"rendered":"https:\/\/desdelaterrazadeamador.com\/?p=4338"},"modified":"2026-03-21T08:19:01","modified_gmt":"2026-03-21T07:19:01","slug":"vuelven-las-ayudas-al-coche-electrico-en-europa-una-segunda-oportunidad","status":"publish","type":"post","link":"https:\/\/desdelaterrazadeamador.com\/en\/vuelven-las-ayudas-al-coche-electrico-en-europa-una-segunda-oportunidad\/","title":{"rendered":"Electric car subsidies return to Europe: A second chance"},"content":{"rendered":"<p>Views: 8<\/p>\n<p class=\"wp-block-paragraph\">After a period of uncertainty, cutbacks, and contradictory messages, electric car subsidies are making a strong comeback in Europe. This is no small matter. For many citizens, these subsidies make the difference between making the switch to electric mobility or continuing with a combustion engine vehicle for a few more years.<\/p>\n\n\n\n<p class=\"wp-block-paragraph\">By 2026, virtually all major European countries have reinstated some form of incentive for purchasing electric cars, joining others that never stopped offering them. The amounts and conditions vary, but the political message is clear: the electric transition is back on the table.<\/p>\n\n\n\n<p class=\"wp-block-paragraph\">Europe does not have a single policy in this area. Each country has designed its subsidies according to its economic and social realities, but they all aim for the same thing: reducing the entry price of electric cars.<\/p>\n\n\n\n<p class=\"wp-block-paragraph\">A preliminary summary of the subsidies planned for 2026 paints a fairly illustrative picture:<\/p>\n\n\n\n<p class=\"wp-block-paragraph\">Spain: up to \u20ac4,500, according to conditions<\/p>\n\n\n\n<p class=\"wp-block-paragraph\">Germany: up to \u20ac6,000, linked to income level and number of children<\/p>\n\n\n\n<p class=\"wp-block-paragraph\">France: up to \u20ac5,700, depending on income and the vehicle's country of manufacture<\/p>\n\n\n\n<p class=\"wp-block-paragraph\">Italy: up to \u20ac13,500, combining low income and extreme scrapping<\/p>\n\n\n\n<p class=\"wp-block-paragraph\">These are not insignificant amounts. In many cases, they represent between 15% and 30% of the final price of the vehicle, a decisive factor for middle-income families.<\/p>\n\n\n\n<p class=\"wp-block-paragraph\">The Nordic countries are the major exception. Not because they don't support electric cars, but because they no longer need them as they once did. In Norway, Sweden, and Denmark, electric cars are the majority of sales.<\/p>\n\n\n\n<p class=\"wp-block-paragraph\">Even so, they continue to maintain key tax exemptions, such as the elimination of registration and road taxes. These measures, less visible than direct aid, remain a very significant subsidy in practice.<\/p>\n\n\n\n<figure class=\"wp-block-image size-full is-resized\"><img loading=\"lazy\" decoding=\"async\" width=\"400\" height=\"160\" src=\"https:\/\/desdelaterrazadeamador.com\/wp-content\/uploads\/2025\/02\/Coche-electrico-MODELO.png\" alt=\"\" class=\"wp-image-3484\" style=\"width:447px;height:auto\" srcset=\"https:\/\/desdelaterrazadeamador.com\/wp-content\/uploads\/2025\/02\/Coche-electrico-MODELO.png 400w, https:\/\/desdelaterrazadeamador.com\/wp-content\/uploads\/2025\/02\/Coche-electrico-MODELO-300x120.png 300w, https:\/\/desdelaterrazadeamador.com\/wp-content\/uploads\/2025\/02\/Coche-electrico-MODELO-18x7.png 18w\" sizes=\"auto, (max-width: 400px) 100vw, 400px\" \/><\/figure>\n\n\n\n<p class=\"wp-block-paragraph\">Personally, I think this is a good policy, although it's late. Subsidies for electric cars should have been stable from the beginning, without the ups and downs we've seen in some European countries.<\/p>\n\n\n\n<p class=\"wp-block-paragraph\">Uncertainty is the consumer's worst enemy. When subsidies are announced, withdrawn, and then reinstated, the result is simple: purchases are delayed and the market cools down. Other countries that maintained a clear strategy are now reaping the rewards.<\/p>\n\n\n\n<p class=\"wp-block-paragraph\">China is pushing hard, and Europe is reacting. Because let's not kid ourselves, part of this shift is due to China. Chinese manufacturers dominate the electric car market in terms of price, batteries, and speed of innovation. Europe reacted late, and it shows.<\/p>\n\n\n\n<p class=\"wp-block-paragraph\">Today, Chinese companies are already starting to manufacture electric cars on European soil, while Europe continues to depend heavily on imported batteries. If Europe wants to have a say in the future of the automobile, it needs to manufacture batteries locally and secure its supply chain.<\/p>\n\n\n\n<p class=\"wp-block-paragraph\">Lost years are not recovered quickly, but not everything is decided yet. The challenge is significant, but not insurmountable. Europe has the industry, the talent, and the market. What it needs is strategic clarity and long-term continuity. No political inconsistencies or contradictory messages.<\/p>\n\n\n\n<p class=\"wp-block-paragraph\">Subsidies for electric vehicles are not a waste of money. They are an industrial, technological, and environmental investment. And, if managed well, they can make the difference between leading the change\u2026 or simply observing it from the sidelines.<\/p>\n\n\n\n<p class=\"wp-block-paragraph\">Time, as always, will be the ultimate judge.<\/p>\n\n\n\n<p class=\"wp-block-paragraph\"><\/p>","protected":false},"excerpt":{"rendered":"<p>Views: 8 Tras un periodo de dudas, recortes y mensajes contradictorios, las ayudas al coche el\u00e9ctrico vuelven con fuerza en Europa. No es un detalle menor. Para muchos ciudadanos, estas subvenciones marcan la diferencia entre dar el salto a la movilidad el\u00e9ctrica o seguir con un veh\u00edculo de combusti\u00f3n unos cuantos a\u00f1os m\u00e1s. En 2026, [&hellip;]<\/p>\n","protected":false},"author":1,"featured_media":0,"comment_status":"open","ping_status":"closed","sticky":false,"template":"","format":"standard","meta":{"_crdt_document":"","footnotes":"","jetpack_publicize_message":"","jetpack_publicize_feature_enabled":true,"jetpack_social_post_already_shared":false,"jetpack_social_options":{"image_generator_settings":{"template":"highway","default_image_id":0,"font":"","enabled":false},"version":2}},"categories":[153,167,135,155],"tags":[],"class_list":["post-4338","post","type-post","status-publish","format-standard","hentry","category-industry","category-sustainable-transport","category-technology","category-transportation"],"yoast_head":"<!-- This site is optimized with the Yoast SEO plugin v27.5 - https:\/\/yoast.com\/product\/yoast-seo-wordpress\/ -->\n<title>Vuelven las ayudas al coche el\u00e9ctrico en Europa: una segunda oportunidad - Desde la terraza de Amador<\/title>\n<meta name=\"description\" content=\"Tras un periodo de dudas, recortes y mensajes contradictorios, las ayudas al coche el\u00e9ctrico vuelven con fuerza en Europa. No es un detalle menor. Para\" \/>\n<meta name=\"robots\" content=\"index, follow, max-snippet:-1, max-image-preview:large, max-video-preview:-1\" \/>\n<link rel=\"canonical\" href=\"https:\/\/desdelaterrazadeamador.com\/en\/vuelven-las-ayudas-al-coche-electrico-en-europa-una-segunda-oportunidad\/\" \/>\n<meta property=\"og:locale\" content=\"en_US\" \/>\n<meta property=\"og:type\" content=\"article\" \/>\n<meta property=\"og:title\" content=\"Vuelven las ayudas al coche el\u00e9ctrico en Europa: una segunda oportunidad - Desde la terraza de Amador\" \/>\n<meta property=\"og:description\" content=\"Tras un periodo de dudas, recortes y mensajes contradictorios, las ayudas al coche el\u00e9ctrico vuelven con fuerza en Europa. No es un detalle menor. Para\" \/>\n<meta property=\"og:url\" content=\"https:\/\/desdelaterrazadeamador.com\/en\/vuelven-las-ayudas-al-coche-electrico-en-europa-una-segunda-oportunidad\/\" \/>\n<meta property=\"og:site_name\" content=\"Desde la terraza de Amador\" \/>\n<meta property=\"article:published_time\" content=\"2026-03-16T07:24:01+00:00\" \/>\n<meta property=\"article:modified_time\" content=\"2026-03-21T07:19:01+00:00\" \/>\n<meta property=\"og:image\" content=\"https:\/\/desdelaterrazadeamador.com\/wp-content\/uploads\/2025\/02\/Coche-electrico-MODELO.png\" \/>\n\t<meta property=\"og:image:width\" content=\"400\" \/>\n\t<meta property=\"og:image:height\" content=\"160\" \/>\n\t<meta property=\"og:image:type\" content=\"image\/png\" \/>\n<meta name=\"author\" content=\"Amador Palacios\" \/>\n<meta name=\"twitter:card\" content=\"summary_large_image\" \/>\n<meta name=\"twitter:creator\" content=\"@https:\/\/twitter.com\/edurneamaya\" \/>\n<meta name=\"twitter:site\" content=\"@edurneamaya\" \/>\n<meta name=\"twitter:label1\" content=\"Written by\" \/>\n\t<meta name=\"twitter:data1\" content=\"Amador Palacios\" \/>\n\t<meta name=\"twitter:label2\" content=\"Est. reading time\" \/>\n\t<meta name=\"twitter:data2\" content=\"3 minutes\" \/>\n<script type=\"application\/ld+json\" class=\"yoast-schema-graph\">{\"@context\":\"https:\\\/\\\/schema.org\",\"@graph\":[{\"@type\":\"Article\",\"@id\":\"https:\\\/\\\/desdelaterrazadeamador.com\\\/vuelven-las-ayudas-al-coche-electrico-en-europa-una-segunda-oportunidad\\\/#article\",\"isPartOf\":{\"@id\":\"https:\\\/\\\/desdelaterrazadeamador.com\\\/vuelven-las-ayudas-al-coche-electrico-en-europa-una-segunda-oportunidad\\\/\"},\"author\":{\"name\":\"Amador Palacios\",\"@id\":\"https:\\\/\\\/desdelaterrazadeamador.com\\\/#\\\/schema\\\/person\\\/0b6966cf66bcc9a2eb35a69e1c074d66\"},\"headline\":\"Vuelven las ayudas al coche el\u00e9ctrico en Europa: una segunda oportunidad\",\"datePublished\":\"2026-03-16T07:24:01+00:00\",\"dateModified\":\"2026-03-21T07:19:01+00:00\",\"mainEntityOfPage\":{\"@id\":\"https:\\\/\\\/desdelaterrazadeamador.com\\\/vuelven-las-ayudas-al-coche-electrico-en-europa-una-segunda-oportunidad\\\/\"},\"wordCount\":593,\"commentCount\":0,\"publisher\":{\"@id\":\"https:\\\/\\\/desdelaterrazadeamador.com\\\/#\\\/schema\\\/person\\\/0b6966cf66bcc9a2eb35a69e1c074d66\"},\"image\":{\"@id\":\"https:\\\/\\\/desdelaterrazadeamador.com\\\/vuelven-las-ayudas-al-coche-electrico-en-europa-una-segunda-oportunidad\\\/#primaryimage\"},\"thumbnailUrl\":\"https:\\\/\\\/desdelaterrazadeamador.com\\\/wp-content\\\/uploads\\\/2025\\\/02\\\/Coche-electrico-MODELO.png\",\"articleSection\":[\"Industry\",\"Sustainable Transport\",\"Technology\",\"Transportation\"],\"inLanguage\":\"en-US\",\"potentialAction\":[{\"@type\":\"CommentAction\",\"name\":\"Comment\",\"target\":[\"https:\\\/\\\/desdelaterrazadeamador.com\\\/vuelven-las-ayudas-al-coche-electrico-en-europa-una-segunda-oportunidad\\\/#respond\"]}]},{\"@type\":\"WebPage\",\"@id\":\"https:\\\/\\\/desdelaterrazadeamador.com\\\/vuelven-las-ayudas-al-coche-electrico-en-europa-una-segunda-oportunidad\\\/\",\"url\":\"https:\\\/\\\/desdelaterrazadeamador.com\\\/vuelven-las-ayudas-al-coche-electrico-en-europa-una-segunda-oportunidad\\\/\",\"name\":\"Vuelven las ayudas al coche el\u00e9ctrico en Europa: una segunda oportunidad - Desde la terraza de Amador\",\"isPartOf\":{\"@id\":\"https:\\\/\\\/desdelaterrazadeamador.com\\\/#website\"},\"primaryImageOfPage\":{\"@id\":\"https:\\\/\\\/desdelaterrazadeamador.com\\\/vuelven-las-ayudas-al-coche-electrico-en-europa-una-segunda-oportunidad\\\/#primaryimage\"},\"image\":{\"@id\":\"https:\\\/\\\/desdelaterrazadeamador.com\\\/vuelven-las-ayudas-al-coche-electrico-en-europa-una-segunda-oportunidad\\\/#primaryimage\"},\"thumbnailUrl\":\"https:\\\/\\\/desdelaterrazadeamador.com\\\/wp-content\\\/uploads\\\/2025\\\/02\\\/Coche-electrico-MODELO.png\",\"datePublished\":\"2026-03-16T07:24:01+00:00\",\"dateModified\":\"2026-03-21T07:19:01+00:00\",\"description\":\"Tras un periodo de dudas, recortes y mensajes contradictorios, las ayudas al coche el\u00e9ctrico vuelven con fuerza en Europa. No es un detalle menor. Para\",\"breadcrumb\":{\"@id\":\"https:\\\/\\\/desdelaterrazadeamador.com\\\/vuelven-las-ayudas-al-coche-electrico-en-europa-una-segunda-oportunidad\\\/#breadcrumb\"},\"inLanguage\":\"en-US\",\"potentialAction\":[{\"@type\":\"ReadAction\",\"target\":[\"https:\\\/\\\/desdelaterrazadeamador.com\\\/vuelven-las-ayudas-al-coche-electrico-en-europa-una-segunda-oportunidad\\\/\"]}]},{\"@type\":\"ImageObject\",\"inLanguage\":\"en-US\",\"@id\":\"https:\\\/\\\/desdelaterrazadeamador.com\\\/vuelven-las-ayudas-al-coche-electrico-en-europa-una-segunda-oportunidad\\\/#primaryimage\",\"url\":\"https:\\\/\\\/desdelaterrazadeamador.com\\\/wp-content\\\/uploads\\\/2025\\\/02\\\/Coche-electrico-MODELO.png\",\"contentUrl\":\"https:\\\/\\\/desdelaterrazadeamador.com\\\/wp-content\\\/uploads\\\/2025\\\/02\\\/Coche-electrico-MODELO.png\"},{\"@type\":\"BreadcrumbList\",\"@id\":\"https:\\\/\\\/desdelaterrazadeamador.com\\\/vuelven-las-ayudas-al-coche-electrico-en-europa-una-segunda-oportunidad\\\/#breadcrumb\",\"itemListElement\":[{\"@type\":\"ListItem\",\"position\":1,\"name\":\"Portada\",\"item\":\"https:\\\/\\\/desdelaterrazadeamador.com\\\/\"},{\"@type\":\"ListItem\",\"position\":2,\"name\":\"Vuelven las ayudas al coche el\u00e9ctrico en Europa: una segunda oportunidad\"}]},{\"@type\":\"WebSite\",\"@id\":\"https:\\\/\\\/desdelaterrazadeamador.com\\\/#website\",\"url\":\"https:\\\/\\\/desdelaterrazadeamador.com\\\/\",\"name\":\"Desde la terraza de Amador\",\"description\":\"Reflexiones libres y honestas sobre temas de actualidad social y tecnol\u00f3gica\",\"publisher\":{\"@id\":\"https:\\\/\\\/desdelaterrazadeamador.com\\\/#\\\/schema\\\/person\\\/0b6966cf66bcc9a2eb35a69e1c074d66\"},\"potentialAction\":[{\"@type\":\"SearchAction\",\"target\":{\"@type\":\"EntryPoint\",\"urlTemplate\":\"https:\\\/\\\/desdelaterrazadeamador.com\\\/?s={search_term_string}\"},\"query-input\":{\"@type\":\"PropertyValueSpecification\",\"valueRequired\":true,\"valueName\":\"search_term_string\"}}],\"inLanguage\":\"en-US\"},{\"@type\":[\"Person\",\"Organization\"],\"@id\":\"https:\\\/\\\/desdelaterrazadeamador.com\\\/#\\\/schema\\\/person\\\/0b6966cf66bcc9a2eb35a69e1c074d66\",\"name\":\"Amador Palacios\",\"image\":{\"@type\":\"ImageObject\",\"inLanguage\":\"en-US\",\"@id\":\"https:\\\/\\\/desdelaterrazadeamador.com\\\/wp-content\\\/uploads\\\/2022\\\/01\\\/amador-palacios.jpg\",\"url\":\"https:\\\/\\\/desdelaterrazadeamador.com\\\/wp-content\\\/uploads\\\/2022\\\/01\\\/amador-palacios.jpg\",\"contentUrl\":\"https:\\\/\\\/desdelaterrazadeamador.com\\\/wp-content\\\/uploads\\\/2022\\\/01\\\/amador-palacios.jpg\",\"width\":1265,\"height\":899,\"caption\":\"Amador Palacios\"},\"logo\":{\"@id\":\"https:\\\/\\\/desdelaterrazadeamador.com\\\/wp-content\\\/uploads\\\/2022\\\/01\\\/amador-palacios.jpg\"},\"description\":\"Reflexiones de Amador Palacios sobre temas de Actualidad Social y Tecnol\u00f3gica; otras opiniones diferentes a la m\u00eda son bienvenidas\",\"sameAs\":[\"http:\\\/\\\/desdelaterrazadeamador.com\",\"https:\\\/\\\/es.linkedin.com\\\/in\\\/amador-palacios-499532a\",\"https:\\\/\\\/x.com\\\/https:\\\/\\\/twitter.com\\\/edurneamaya\"]}]}<\/script>\n<!-- \/ Yoast SEO plugin. -->","yoast_head_json":{"title":"Vuelven las ayudas al coche el\u00e9ctrico en Europa: una segunda oportunidad - Desde la terraza de Amador","description":"Tras un periodo de dudas, recortes y mensajes contradictorios, las ayudas al coche el\u00e9ctrico vuelven con fuerza en Europa. No es un detalle menor. Para","robots":{"index":"index","follow":"follow","max-snippet":"max-snippet:-1","max-image-preview":"max-image-preview:large","max-video-preview":"max-video-preview:-1"},"canonical":"https:\/\/desdelaterrazadeamador.com\/en\/vuelven-las-ayudas-al-coche-electrico-en-europa-una-segunda-oportunidad\/","og_locale":"en_US","og_type":"article","og_title":"Vuelven las ayudas al coche el\u00e9ctrico en Europa: una segunda oportunidad - Desde la terraza de Amador","og_description":"Tras un periodo de dudas, recortes y mensajes contradictorios, las ayudas al coche el\u00e9ctrico vuelven con fuerza en Europa. No es un detalle menor. Para","og_url":"https:\/\/desdelaterrazadeamador.com\/en\/vuelven-las-ayudas-al-coche-electrico-en-europa-una-segunda-oportunidad\/","og_site_name":"Desde la terraza de Amador","article_published_time":"2026-03-16T07:24:01+00:00","article_modified_time":"2026-03-21T07:19:01+00:00","og_image":[{"width":400,"height":160,"url":"https:\/\/desdelaterrazadeamador.com\/wp-content\/uploads\/2025\/02\/Coche-electrico-MODELO.png","type":"image\/png"}],"author":"Amador Palacios","twitter_card":"summary_large_image","twitter_creator":"@https:\/\/twitter.com\/edurneamaya","twitter_site":"@edurneamaya","twitter_misc":{"Written by":"Amador Palacios","Est. reading time":"3 minutes"},"schema":{"@context":"https:\/\/schema.org","@graph":[{"@type":"Article","@id":"https:\/\/desdelaterrazadeamador.com\/vuelven-las-ayudas-al-coche-electrico-en-europa-una-segunda-oportunidad\/#article","isPartOf":{"@id":"https:\/\/desdelaterrazadeamador.com\/vuelven-las-ayudas-al-coche-electrico-en-europa-una-segunda-oportunidad\/"},"author":{"name":"Amador Palacios","@id":"https:\/\/desdelaterrazadeamador.com\/#\/schema\/person\/0b6966cf66bcc9a2eb35a69e1c074d66"},"headline":"Vuelven las ayudas al coche el\u00e9ctrico en Europa: una segunda oportunidad","datePublished":"2026-03-16T07:24:01+00:00","dateModified":"2026-03-21T07:19:01+00:00","mainEntityOfPage":{"@id":"https:\/\/desdelaterrazadeamador.com\/vuelven-las-ayudas-al-coche-electrico-en-europa-una-segunda-oportunidad\/"},"wordCount":593,"commentCount":0,"publisher":{"@id":"https:\/\/desdelaterrazadeamador.com\/#\/schema\/person\/0b6966cf66bcc9a2eb35a69e1c074d66"},"image":{"@id":"https:\/\/desdelaterrazadeamador.com\/vuelven-las-ayudas-al-coche-electrico-en-europa-una-segunda-oportunidad\/#primaryimage"},"thumbnailUrl":"https:\/\/desdelaterrazadeamador.com\/wp-content\/uploads\/2025\/02\/Coche-electrico-MODELO.png","articleSection":["Industry","Sustainable Transport","Technology","Transportation"],"inLanguage":"en-US","potentialAction":[{"@type":"CommentAction","name":"Comment","target":["https:\/\/desdelaterrazadeamador.com\/vuelven-las-ayudas-al-coche-electrico-en-europa-una-segunda-oportunidad\/#respond"]}]},{"@type":"WebPage","@id":"https:\/\/desdelaterrazadeamador.com\/vuelven-las-ayudas-al-coche-electrico-en-europa-una-segunda-oportunidad\/","url":"https:\/\/desdelaterrazadeamador.com\/vuelven-las-ayudas-al-coche-electrico-en-europa-una-segunda-oportunidad\/","name":"Vuelven las ayudas al coche el\u00e9ctrico en Europa: una segunda oportunidad - Desde la terraza de Amador","isPartOf":{"@id":"https:\/\/desdelaterrazadeamador.com\/#website"},"primaryImageOfPage":{"@id":"https:\/\/desdelaterrazadeamador.com\/vuelven-las-ayudas-al-coche-electrico-en-europa-una-segunda-oportunidad\/#primaryimage"},"image":{"@id":"https:\/\/desdelaterrazadeamador.com\/vuelven-las-ayudas-al-coche-electrico-en-europa-una-segunda-oportunidad\/#primaryimage"},"thumbnailUrl":"https:\/\/desdelaterrazadeamador.com\/wp-content\/uploads\/2025\/02\/Coche-electrico-MODELO.png","datePublished":"2026-03-16T07:24:01+00:00","dateModified":"2026-03-21T07:19:01+00:00","description":"Tras un periodo de dudas, recortes y mensajes contradictorios, las ayudas al coche el\u00e9ctrico vuelven con fuerza en Europa. No es un detalle menor. Para","breadcrumb":{"@id":"https:\/\/desdelaterrazadeamador.com\/vuelven-las-ayudas-al-coche-electrico-en-europa-una-segunda-oportunidad\/#breadcrumb"},"inLanguage":"en-US","potentialAction":[{"@type":"ReadAction","target":["https:\/\/desdelaterrazadeamador.com\/vuelven-las-ayudas-al-coche-electrico-en-europa-una-segunda-oportunidad\/"]}]},{"@type":"ImageObject","inLanguage":"en-US","@id":"https:\/\/desdelaterrazadeamador.com\/vuelven-las-ayudas-al-coche-electrico-en-europa-una-segunda-oportunidad\/#primaryimage","url":"https:\/\/desdelaterrazadeamador.com\/wp-content\/uploads\/2025\/02\/Coche-electrico-MODELO.png","contentUrl":"https:\/\/desdelaterrazadeamador.com\/wp-content\/uploads\/2025\/02\/Coche-electrico-MODELO.png"},{"@type":"BreadcrumbList","@id":"https:\/\/desdelaterrazadeamador.com\/vuelven-las-ayudas-al-coche-electrico-en-europa-una-segunda-oportunidad\/#breadcrumb","itemListElement":[{"@type":"ListItem","position":1,"name":"Portada","item":"https:\/\/desdelaterrazadeamador.com\/"},{"@type":"ListItem","position":2,"name":"Vuelven las ayudas al coche el\u00e9ctrico en Europa: una segunda oportunidad"}]},{"@type":"WebSite","@id":"https:\/\/desdelaterrazadeamador.com\/#website","url":"https:\/\/desdelaterrazadeamador.com\/","name":"Desde la terraza de Amador","description":"Free and honest reflections on current social and technological issues","publisher":{"@id":"https:\/\/desdelaterrazadeamador.com\/#\/schema\/person\/0b6966cf66bcc9a2eb35a69e1c074d66"},"potentialAction":[{"@type":"SearchAction","target":{"@type":"EntryPoint","urlTemplate":"https:\/\/desdelaterrazadeamador.com\/?s={search_term_string}"},"query-input":{"@type":"PropertyValueSpecification","valueRequired":true,"valueName":"search_term_string"}}],"inLanguage":"en-US"},{"@type":["Person","Organization"],"@id":"https:\/\/desdelaterrazadeamador.com\/#\/schema\/person\/0b6966cf66bcc9a2eb35a69e1c074d66","name":"Amador Palacios","image":{"@type":"ImageObject","inLanguage":"en-US","@id":"https:\/\/desdelaterrazadeamador.com\/wp-content\/uploads\/2022\/01\/amador-palacios.jpg","url":"https:\/\/desdelaterrazadeamador.com\/wp-content\/uploads\/2022\/01\/amador-palacios.jpg","contentUrl":"https:\/\/desdelaterrazadeamador.com\/wp-content\/uploads\/2022\/01\/amador-palacios.jpg","width":1265,"height":899,"caption":"Amador Palacios"},"logo":{"@id":"https:\/\/desdelaterrazadeamador.com\/wp-content\/uploads\/2022\/01\/amador-palacios.jpg"},"description":"Reflexiones de Amador Palacios sobre temas de Actualidad Social y Tecnol\u00f3gica; otras opiniones diferentes a la m\u00eda son bienvenidas","sameAs":["http:\/\/desdelaterrazadeamador.com","https:\/\/es.linkedin.com\/in\/amador-palacios-499532a","https:\/\/x.com\/https:\/\/twitter.com\/edurneamaya"]}]}},"jetpack_publicize_connections":[],"_links":{"self":[{"href":"https:\/\/desdelaterrazadeamador.com\/en\/wp-json\/wp\/v2\/posts\/4338","targetHints":{"allow":["GET"]}}],"collection":[{"href":"https:\/\/desdelaterrazadeamador.com\/en\/wp-json\/wp\/v2\/posts"}],"about":[{"href":"https:\/\/desdelaterrazadeamador.com\/en\/wp-json\/wp\/v2\/types\/post"}],"author":[{"embeddable":true,"href":"https:\/\/desdelaterrazadeamador.com\/en\/wp-json\/wp\/v2\/users\/1"}],"replies":[{"embeddable":true,"href":"https:\/\/desdelaterrazadeamador.com\/en\/wp-json\/wp\/v2\/comments?post=4338"}],"version-history":[{"count":1,"href":"https:\/\/desdelaterrazadeamador.com\/en\/wp-json\/wp\/v2\/posts\/4338\/revisions"}],"predecessor-version":[{"id":4340,"href":"https:\/\/desdelaterrazadeamador.com\/en\/wp-json\/wp\/v2\/posts\/4338\/revisions\/4340"}],"wp:attachment":[{"href":"https:\/\/desdelaterrazadeamador.com\/en\/wp-json\/wp\/v2\/media?parent=4338"}],"wp:term":[{"taxonomy":"category","embeddable":true,"href":"https:\/\/desdelaterrazadeamador.com\/en\/wp-json\/wp\/v2\/categories?post=4338"},{"taxonomy":"post_tag","embeddable":true,"href":"https:\/\/desdelaterrazadeamador.com\/en\/wp-json\/wp\/v2\/tags?post=4338"}],"curies":[{"name":"wp","href":"https:\/\/api.w.org\/{rel}","templated":true}]}}