{"id":4332,"date":"2026-03-12T08:13:05","date_gmt":"2026-03-12T07:13:05","guid":{"rendered":"https:\/\/desdelaterrazadeamador.com\/?p=4332"},"modified":"2026-03-15T07:56:26","modified_gmt":"2026-03-15T06:56:26","slug":"feria-del-coche-de-detroit-2026-incertidumbre-precios-y-un-mercado-que-duda","status":"publish","type":"post","link":"https:\/\/desdelaterrazadeamador.com\/en\/feria-del-coche-de-detroit-2026-incertidumbre-precios-y-un-mercado-que-duda\/","title":{"rendered":"Detroit Auto Show 2026: Uncertainty, Prices, and a Hesitant Market"},"content":{"rendered":"<p>Views: 10<\/p>\n<p class=\"wp-block-paragraph\">The Detroit Auto Show 2026, one of the most historic automotive events in the United States, was held at the end of January. However, far from the enthusiasm of previous years, the general feeling was one of doubt, caution, and a certain amount of bewilderment about the future of electric vehicles (EVs) in the North American market.<\/p>\n\n\n\n<p class=\"wp-block-paragraph\">Detroit is no longer just a showcase of innovation, but also a barometer of the industrial landscape. And this year, the barometer read \"wait and see.\"<\/p>\n\n\n\n<p class=\"wp-block-paragraph\">The electric car continues to struggle to take off in the US. Unlike in Europe or China, electric vehicles still have limited market penetration in the United States. The reasons are several: insufficient charging infrastructure, consumption habits closely tied to large, inexpensive cars, and, above all, an unfavorable political environment.<\/p>\n\n\n\n<p class=\"wp-block-paragraph\">The restrictions and ambiguous messages from the Trump administration have clearly dampened investments in electrification. The result is a cautious market, where EVs haven't quite won over the general public.<\/p>\n\n\n\n<p class=\"wp-block-paragraph\">One of the clearest messages from visitors was blunt:<\/p>\n\n\n\n<p class=\"wp-block-paragraph\">cars are too expensive (an average of $50,000).<\/p>\n\n\n\n<p class=\"wp-block-paragraph\">American consumers want cars around $25,000, a figure that currently seems almost unattainable for traditional manufacturers. Even so, executives from Ford and Stellantis publicly acknowledged that their goal is to get below $30,000 to revive the market.<\/p>\n\n\n\n<figure class=\"wp-block-image size-full is-resized\"><img loading=\"lazy\" decoding=\"async\" width=\"400\" height=\"160\" src=\"https:\/\/desdelaterrazadeamador.com\/wp-content\/uploads\/2025\/02\/Coche-electrico-MODELO.png\" alt=\"\" class=\"wp-image-3484\" style=\"width:494px;height:auto\" srcset=\"https:\/\/desdelaterrazadeamador.com\/wp-content\/uploads\/2025\/02\/Coche-electrico-MODELO.png 400w, https:\/\/desdelaterrazadeamador.com\/wp-content\/uploads\/2025\/02\/Coche-electrico-MODELO-300x120.png 300w, https:\/\/desdelaterrazadeamador.com\/wp-content\/uploads\/2025\/02\/Coche-electrico-MODELO-18x7.png 18w\" sizes=\"auto, (max-width: 400px) 100vw, 400px\" \/><\/figure>\n\n\n\n<p class=\"wp-block-paragraph\">The problem is that manufacturing electric cars at those prices remains very difficult, especially with expensive batteries and increasingly tight margins.<\/p>\n\n\n\n<p class=\"wp-block-paragraph\">In the US, there have been losses, delays, and partial reversals. Both Ford and General Motors acknowledged significant losses stemming from their investments in electric cars. As a result, they have decided to postpone their full electrification plans, something very similar to what is already happening in Europe.<\/p>\n\n\n\n<p class=\"wp-block-paragraph\">The intermediate solution is clear: invest in hybrids while observing what happens with pure EVs and, above all, with the roadside charging infrastructure.<\/p>\n\n\n\n<p class=\"wp-block-paragraph\">The focus is no longer on technological impositions, but on adapting to the real market and using flexible platforms. One of the most relevant trends seen in Detroit is the redesign of platforms so that the same model can be offered in gasoline, hybrid, or electric versions.<\/p>\n\n\n\n<p class=\"wp-block-paragraph\">This approach reduces risks, allows production to be adjusted to demand, and acknowledges an uncomfortable reality: not all markets advance at the same pace.<\/p>\n\n\n\n<p class=\"wp-block-paragraph\">The era of imposing a single technology seems to be over. Now the customer\u2014and price\u2014calls all the shots.<\/p>\n\n\n\n<p class=\"wp-block-paragraph\">Although not physically very present at the show, China was the elephant in the room. North American manufacturers are fully aware of the risk posed by a country that dominates the manufacture of batteries and electric cars and continues to lower prices year after year.<\/p>\n\n\n\n<p class=\"wp-block-paragraph\">In many markets, Chinese EVs are already dangerously close to the prices of gasoline cars, something that could change the global balance very soon.<\/p>\n\n\n\n<p class=\"wp-block-paragraph\">While the US and Europe hesitate, China continues to innovate, improving energy density, reducing costs, and selling worldwide.<\/p>\n\n\n\n<p class=\"wp-block-paragraph\">The general feeling at Detroit 2026 was clear: \u201cwait and see.\u201d Wait and see what happens with technology, prices, politics, and the consumer.<\/p>\n\n\n\n<p class=\"wp-block-paragraph\">But the market doesn't wait forever. In a few years, some manufacturers\u2014including big names\u2014could find themselves in very precarious situations. Because, ultimately, cars sell according to market demand, not policy dictates.<\/p>\n\n\n\n<p class=\"wp-block-paragraph\">And Detroit knows that lesson better than anyone. Before long, we'll see what time brings.<\/p>\n\n\n\n<p class=\"wp-block-paragraph\"><\/p>","protected":false},"excerpt":{"rendered":"<p>Views: 10 A finales de enero se celebr\u00f3 la Feria Internacional del Coche de Detroit 2026, uno de los eventos hist\u00f3ricos del autom\u00f3vil en Estados Unidos. Sin embargo, lejos del entusiasmo de otras \u00e9pocas, la sensaci\u00f3n general fue de duda, prudencia y cierto desconcierto sobre el futuro del coche el\u00e9ctrico (EV) en el mercado norteamericano. [&hellip;]<\/p>\n","protected":false},"author":1,"featured_media":0,"comment_status":"open","ping_status":"closed","sticky":false,"template":"","format":"standard","meta":{"_crdt_document":"","footnotes":"","jetpack_publicize_message":"","jetpack_publicize_feature_enabled":true,"jetpack_social_post_already_shared":false,"jetpack_social_options":{"image_generator_settings":{"template":"highway","default_image_id":0,"font":"","enabled":false},"version":2}},"categories":[124,153,135,155,109],"tags":[],"class_list":["post-4332","post","type-post","status-publish","format-standard","hentry","category-electric-cars","category-industry","category-technology","category-transportation","category-vehicles"],"yoast_head":"<!-- This site is optimized with the Yoast SEO plugin v27.4 - https:\/\/yoast.com\/product\/yoast-seo-wordpress\/ -->\n<title>Feria del Coche de Detroit 2026: incertidumbre, precios y un mercado que duda - Desde la terraza de Amador<\/title>\n<meta name=\"description\" content=\"A finales de enero se celebr\u00f3 la Feria Internacional del Coche de Detroit 2026, uno de los eventos hist\u00f3ricos del autom\u00f3vil en Estados Unidos. Sin\" \/>\n<meta name=\"robots\" content=\"index, follow, max-snippet:-1, max-image-preview:large, max-video-preview:-1\" \/>\n<link rel=\"canonical\" href=\"https:\/\/desdelaterrazadeamador.com\/en\/feria-del-coche-de-detroit-2026-incertidumbre-precios-y-un-mercado-que-duda\/\" \/>\n<meta property=\"og:locale\" content=\"en_US\" \/>\n<meta property=\"og:type\" content=\"article\" \/>\n<meta property=\"og:title\" content=\"Feria del Coche de Detroit 2026: incertidumbre, precios y un mercado que duda - Desde la terraza de Amador\" \/>\n<meta property=\"og:description\" content=\"A finales de enero se celebr\u00f3 la Feria Internacional del Coche de Detroit 2026, uno de los eventos hist\u00f3ricos del autom\u00f3vil en Estados Unidos. Sin\" \/>\n<meta property=\"og:url\" content=\"https:\/\/desdelaterrazadeamador.com\/en\/feria-del-coche-de-detroit-2026-incertidumbre-precios-y-un-mercado-que-duda\/\" \/>\n<meta property=\"og:site_name\" content=\"Desde la terraza de Amador\" \/>\n<meta property=\"article:published_time\" content=\"2026-03-12T07:13:05+00:00\" \/>\n<meta property=\"article:modified_time\" content=\"2026-03-15T06:56:26+00:00\" \/>\n<meta property=\"og:image\" content=\"https:\/\/desdelaterrazadeamador.com\/wp-content\/uploads\/2025\/02\/Coche-electrico-MODELO.png\" \/>\n\t<meta property=\"og:image:width\" content=\"400\" \/>\n\t<meta property=\"og:image:height\" content=\"160\" \/>\n\t<meta property=\"og:image:type\" content=\"image\/png\" \/>\n<meta name=\"author\" content=\"Amador Palacios\" \/>\n<meta name=\"twitter:card\" content=\"summary_large_image\" \/>\n<meta name=\"twitter:creator\" content=\"@https:\/\/twitter.com\/edurneamaya\" \/>\n<meta name=\"twitter:site\" content=\"@edurneamaya\" \/>\n<meta name=\"twitter:label1\" content=\"Written by\" \/>\n\t<meta name=\"twitter:data1\" content=\"Amador Palacios\" \/>\n\t<meta name=\"twitter:label2\" content=\"Est. reading time\" \/>\n\t<meta name=\"twitter:data2\" content=\"3 minutes\" \/>\n<script type=\"application\/ld+json\" class=\"yoast-schema-graph\">{\"@context\":\"https:\\\/\\\/schema.org\",\"@graph\":[{\"@type\":\"Article\",\"@id\":\"https:\\\/\\\/desdelaterrazadeamador.com\\\/feria-del-coche-de-detroit-2026-incertidumbre-precios-y-un-mercado-que-duda\\\/#article\",\"isPartOf\":{\"@id\":\"https:\\\/\\\/desdelaterrazadeamador.com\\\/feria-del-coche-de-detroit-2026-incertidumbre-precios-y-un-mercado-que-duda\\\/\"},\"author\":{\"name\":\"Amador Palacios\",\"@id\":\"https:\\\/\\\/desdelaterrazadeamador.com\\\/#\\\/schema\\\/person\\\/0b6966cf66bcc9a2eb35a69e1c074d66\"},\"headline\":\"Feria del Coche de Detroit 2026: incertidumbre, precios y un mercado que duda\",\"datePublished\":\"2026-03-12T07:13:05+00:00\",\"dateModified\":\"2026-03-15T06:56:26+00:00\",\"mainEntityOfPage\":{\"@id\":\"https:\\\/\\\/desdelaterrazadeamador.com\\\/feria-del-coche-de-detroit-2026-incertidumbre-precios-y-un-mercado-que-duda\\\/\"},\"wordCount\":666,\"commentCount\":0,\"publisher\":{\"@id\":\"https:\\\/\\\/desdelaterrazadeamador.com\\\/#\\\/schema\\\/person\\\/0b6966cf66bcc9a2eb35a69e1c074d66\"},\"image\":{\"@id\":\"https:\\\/\\\/desdelaterrazadeamador.com\\\/feria-del-coche-de-detroit-2026-incertidumbre-precios-y-un-mercado-que-duda\\\/#primaryimage\"},\"thumbnailUrl\":\"https:\\\/\\\/desdelaterrazadeamador.com\\\/wp-content\\\/uploads\\\/2025\\\/02\\\/Coche-electrico-MODELO.png\",\"articleSection\":[\"Electric cars\",\"Industry\",\"Technology\",\"Transportation\",\"Vehicles\"],\"inLanguage\":\"en-US\",\"potentialAction\":[{\"@type\":\"CommentAction\",\"name\":\"Comment\",\"target\":[\"https:\\\/\\\/desdelaterrazadeamador.com\\\/feria-del-coche-de-detroit-2026-incertidumbre-precios-y-un-mercado-que-duda\\\/#respond\"]}]},{\"@type\":\"WebPage\",\"@id\":\"https:\\\/\\\/desdelaterrazadeamador.com\\\/feria-del-coche-de-detroit-2026-incertidumbre-precios-y-un-mercado-que-duda\\\/\",\"url\":\"https:\\\/\\\/desdelaterrazadeamador.com\\\/feria-del-coche-de-detroit-2026-incertidumbre-precios-y-un-mercado-que-duda\\\/\",\"name\":\"Feria del Coche de Detroit 2026: incertidumbre, precios y un mercado que duda - Desde la terraza de Amador\",\"isPartOf\":{\"@id\":\"https:\\\/\\\/desdelaterrazadeamador.com\\\/#website\"},\"primaryImageOfPage\":{\"@id\":\"https:\\\/\\\/desdelaterrazadeamador.com\\\/feria-del-coche-de-detroit-2026-incertidumbre-precios-y-un-mercado-que-duda\\\/#primaryimage\"},\"image\":{\"@id\":\"https:\\\/\\\/desdelaterrazadeamador.com\\\/feria-del-coche-de-detroit-2026-incertidumbre-precios-y-un-mercado-que-duda\\\/#primaryimage\"},\"thumbnailUrl\":\"https:\\\/\\\/desdelaterrazadeamador.com\\\/wp-content\\\/uploads\\\/2025\\\/02\\\/Coche-electrico-MODELO.png\",\"datePublished\":\"2026-03-12T07:13:05+00:00\",\"dateModified\":\"2026-03-15T06:56:26+00:00\",\"description\":\"A finales de enero se celebr\u00f3 la Feria Internacional del Coche de Detroit 2026, uno de los eventos hist\u00f3ricos del autom\u00f3vil en Estados Unidos. Sin\",\"breadcrumb\":{\"@id\":\"https:\\\/\\\/desdelaterrazadeamador.com\\\/feria-del-coche-de-detroit-2026-incertidumbre-precios-y-un-mercado-que-duda\\\/#breadcrumb\"},\"inLanguage\":\"en-US\",\"potentialAction\":[{\"@type\":\"ReadAction\",\"target\":[\"https:\\\/\\\/desdelaterrazadeamador.com\\\/feria-del-coche-de-detroit-2026-incertidumbre-precios-y-un-mercado-que-duda\\\/\"]}]},{\"@type\":\"ImageObject\",\"inLanguage\":\"en-US\",\"@id\":\"https:\\\/\\\/desdelaterrazadeamador.com\\\/feria-del-coche-de-detroit-2026-incertidumbre-precios-y-un-mercado-que-duda\\\/#primaryimage\",\"url\":\"https:\\\/\\\/desdelaterrazadeamador.com\\\/wp-content\\\/uploads\\\/2025\\\/02\\\/Coche-electrico-MODELO.png\",\"contentUrl\":\"https:\\\/\\\/desdelaterrazadeamador.com\\\/wp-content\\\/uploads\\\/2025\\\/02\\\/Coche-electrico-MODELO.png\"},{\"@type\":\"BreadcrumbList\",\"@id\":\"https:\\\/\\\/desdelaterrazadeamador.com\\\/feria-del-coche-de-detroit-2026-incertidumbre-precios-y-un-mercado-que-duda\\\/#breadcrumb\",\"itemListElement\":[{\"@type\":\"ListItem\",\"position\":1,\"name\":\"Portada\",\"item\":\"https:\\\/\\\/desdelaterrazadeamador.com\\\/\"},{\"@type\":\"ListItem\",\"position\":2,\"name\":\"Feria del Coche de Detroit 2026: incertidumbre, precios y un mercado que duda\"}]},{\"@type\":\"WebSite\",\"@id\":\"https:\\\/\\\/desdelaterrazadeamador.com\\\/#website\",\"url\":\"https:\\\/\\\/desdelaterrazadeamador.com\\\/\",\"name\":\"Desde la terraza de Amador\",\"description\":\"Reflexiones libres y honestas sobre temas de actualidad social y tecnol\u00f3gica\",\"publisher\":{\"@id\":\"https:\\\/\\\/desdelaterrazadeamador.com\\\/#\\\/schema\\\/person\\\/0b6966cf66bcc9a2eb35a69e1c074d66\"},\"potentialAction\":[{\"@type\":\"SearchAction\",\"target\":{\"@type\":\"EntryPoint\",\"urlTemplate\":\"https:\\\/\\\/desdelaterrazadeamador.com\\\/?s={search_term_string}\"},\"query-input\":{\"@type\":\"PropertyValueSpecification\",\"valueRequired\":true,\"valueName\":\"search_term_string\"}}],\"inLanguage\":\"en-US\"},{\"@type\":[\"Person\",\"Organization\"],\"@id\":\"https:\\\/\\\/desdelaterrazadeamador.com\\\/#\\\/schema\\\/person\\\/0b6966cf66bcc9a2eb35a69e1c074d66\",\"name\":\"Amador Palacios\",\"image\":{\"@type\":\"ImageObject\",\"inLanguage\":\"en-US\",\"@id\":\"https:\\\/\\\/desdelaterrazadeamador.com\\\/wp-content\\\/uploads\\\/2022\\\/01\\\/amador-palacios.jpg\",\"url\":\"https:\\\/\\\/desdelaterrazadeamador.com\\\/wp-content\\\/uploads\\\/2022\\\/01\\\/amador-palacios.jpg\",\"contentUrl\":\"https:\\\/\\\/desdelaterrazadeamador.com\\\/wp-content\\\/uploads\\\/2022\\\/01\\\/amador-palacios.jpg\",\"width\":1265,\"height\":899,\"caption\":\"Amador Palacios\"},\"logo\":{\"@id\":\"https:\\\/\\\/desdelaterrazadeamador.com\\\/wp-content\\\/uploads\\\/2022\\\/01\\\/amador-palacios.jpg\"},\"description\":\"Reflexiones de Amador Palacios sobre temas de Actualidad Social y Tecnol\u00f3gica; otras opiniones diferentes a la m\u00eda son bienvenidas\",\"sameAs\":[\"http:\\\/\\\/desdelaterrazadeamador.com\",\"https:\\\/\\\/es.linkedin.com\\\/in\\\/amador-palacios-499532a\",\"https:\\\/\\\/x.com\\\/https:\\\/\\\/twitter.com\\\/edurneamaya\"]}]}<\/script>\n<!-- \/ Yoast SEO plugin. -->","yoast_head_json":{"title":"Feria del Coche de Detroit 2026: incertidumbre, precios y un mercado que duda - Desde la terraza de Amador","description":"A finales de enero se celebr\u00f3 la Feria Internacional del Coche de Detroit 2026, uno de los eventos hist\u00f3ricos del autom\u00f3vil en Estados Unidos. Sin","robots":{"index":"index","follow":"follow","max-snippet":"max-snippet:-1","max-image-preview":"max-image-preview:large","max-video-preview":"max-video-preview:-1"},"canonical":"https:\/\/desdelaterrazadeamador.com\/en\/feria-del-coche-de-detroit-2026-incertidumbre-precios-y-un-mercado-que-duda\/","og_locale":"en_US","og_type":"article","og_title":"Feria del Coche de Detroit 2026: incertidumbre, precios y un mercado que duda - Desde la terraza de Amador","og_description":"A finales de enero se celebr\u00f3 la Feria Internacional del Coche de Detroit 2026, uno de los eventos hist\u00f3ricos del autom\u00f3vil en Estados Unidos. Sin","og_url":"https:\/\/desdelaterrazadeamador.com\/en\/feria-del-coche-de-detroit-2026-incertidumbre-precios-y-un-mercado-que-duda\/","og_site_name":"Desde la terraza de Amador","article_published_time":"2026-03-12T07:13:05+00:00","article_modified_time":"2026-03-15T06:56:26+00:00","og_image":[{"width":400,"height":160,"url":"https:\/\/desdelaterrazadeamador.com\/wp-content\/uploads\/2025\/02\/Coche-electrico-MODELO.png","type":"image\/png"}],"author":"Amador Palacios","twitter_card":"summary_large_image","twitter_creator":"@https:\/\/twitter.com\/edurneamaya","twitter_site":"@edurneamaya","twitter_misc":{"Written by":"Amador Palacios","Est. reading time":"3 minutes"},"schema":{"@context":"https:\/\/schema.org","@graph":[{"@type":"Article","@id":"https:\/\/desdelaterrazadeamador.com\/feria-del-coche-de-detroit-2026-incertidumbre-precios-y-un-mercado-que-duda\/#article","isPartOf":{"@id":"https:\/\/desdelaterrazadeamador.com\/feria-del-coche-de-detroit-2026-incertidumbre-precios-y-un-mercado-que-duda\/"},"author":{"name":"Amador Palacios","@id":"https:\/\/desdelaterrazadeamador.com\/#\/schema\/person\/0b6966cf66bcc9a2eb35a69e1c074d66"},"headline":"Feria del Coche de Detroit 2026: incertidumbre, precios y un mercado que duda","datePublished":"2026-03-12T07:13:05+00:00","dateModified":"2026-03-15T06:56:26+00:00","mainEntityOfPage":{"@id":"https:\/\/desdelaterrazadeamador.com\/feria-del-coche-de-detroit-2026-incertidumbre-precios-y-un-mercado-que-duda\/"},"wordCount":666,"commentCount":0,"publisher":{"@id":"https:\/\/desdelaterrazadeamador.com\/#\/schema\/person\/0b6966cf66bcc9a2eb35a69e1c074d66"},"image":{"@id":"https:\/\/desdelaterrazadeamador.com\/feria-del-coche-de-detroit-2026-incertidumbre-precios-y-un-mercado-que-duda\/#primaryimage"},"thumbnailUrl":"https:\/\/desdelaterrazadeamador.com\/wp-content\/uploads\/2025\/02\/Coche-electrico-MODELO.png","articleSection":["Electric cars","Industry","Technology","Transportation","Vehicles"],"inLanguage":"en-US","potentialAction":[{"@type":"CommentAction","name":"Comment","target":["https:\/\/desdelaterrazadeamador.com\/feria-del-coche-de-detroit-2026-incertidumbre-precios-y-un-mercado-que-duda\/#respond"]}]},{"@type":"WebPage","@id":"https:\/\/desdelaterrazadeamador.com\/feria-del-coche-de-detroit-2026-incertidumbre-precios-y-un-mercado-que-duda\/","url":"https:\/\/desdelaterrazadeamador.com\/feria-del-coche-de-detroit-2026-incertidumbre-precios-y-un-mercado-que-duda\/","name":"Feria del Coche de Detroit 2026: incertidumbre, precios y un mercado que duda - Desde la terraza de Amador","isPartOf":{"@id":"https:\/\/desdelaterrazadeamador.com\/#website"},"primaryImageOfPage":{"@id":"https:\/\/desdelaterrazadeamador.com\/feria-del-coche-de-detroit-2026-incertidumbre-precios-y-un-mercado-que-duda\/#primaryimage"},"image":{"@id":"https:\/\/desdelaterrazadeamador.com\/feria-del-coche-de-detroit-2026-incertidumbre-precios-y-un-mercado-que-duda\/#primaryimage"},"thumbnailUrl":"https:\/\/desdelaterrazadeamador.com\/wp-content\/uploads\/2025\/02\/Coche-electrico-MODELO.png","datePublished":"2026-03-12T07:13:05+00:00","dateModified":"2026-03-15T06:56:26+00:00","description":"A finales de enero se celebr\u00f3 la Feria Internacional del Coche de Detroit 2026, uno de los eventos hist\u00f3ricos del autom\u00f3vil en Estados Unidos. Sin","breadcrumb":{"@id":"https:\/\/desdelaterrazadeamador.com\/feria-del-coche-de-detroit-2026-incertidumbre-precios-y-un-mercado-que-duda\/#breadcrumb"},"inLanguage":"en-US","potentialAction":[{"@type":"ReadAction","target":["https:\/\/desdelaterrazadeamador.com\/feria-del-coche-de-detroit-2026-incertidumbre-precios-y-un-mercado-que-duda\/"]}]},{"@type":"ImageObject","inLanguage":"en-US","@id":"https:\/\/desdelaterrazadeamador.com\/feria-del-coche-de-detroit-2026-incertidumbre-precios-y-un-mercado-que-duda\/#primaryimage","url":"https:\/\/desdelaterrazadeamador.com\/wp-content\/uploads\/2025\/02\/Coche-electrico-MODELO.png","contentUrl":"https:\/\/desdelaterrazadeamador.com\/wp-content\/uploads\/2025\/02\/Coche-electrico-MODELO.png"},{"@type":"BreadcrumbList","@id":"https:\/\/desdelaterrazadeamador.com\/feria-del-coche-de-detroit-2026-incertidumbre-precios-y-un-mercado-que-duda\/#breadcrumb","itemListElement":[{"@type":"ListItem","position":1,"name":"Portada","item":"https:\/\/desdelaterrazadeamador.com\/"},{"@type":"ListItem","position":2,"name":"Feria del Coche de Detroit 2026: incertidumbre, precios y un mercado que duda"}]},{"@type":"WebSite","@id":"https:\/\/desdelaterrazadeamador.com\/#website","url":"https:\/\/desdelaterrazadeamador.com\/","name":"Desde la terraza de Amador","description":"Free and honest reflections on current social and technological issues","publisher":{"@id":"https:\/\/desdelaterrazadeamador.com\/#\/schema\/person\/0b6966cf66bcc9a2eb35a69e1c074d66"},"potentialAction":[{"@type":"SearchAction","target":{"@type":"EntryPoint","urlTemplate":"https:\/\/desdelaterrazadeamador.com\/?s={search_term_string}"},"query-input":{"@type":"PropertyValueSpecification","valueRequired":true,"valueName":"search_term_string"}}],"inLanguage":"en-US"},{"@type":["Person","Organization"],"@id":"https:\/\/desdelaterrazadeamador.com\/#\/schema\/person\/0b6966cf66bcc9a2eb35a69e1c074d66","name":"Amador Palacios","image":{"@type":"ImageObject","inLanguage":"en-US","@id":"https:\/\/desdelaterrazadeamador.com\/wp-content\/uploads\/2022\/01\/amador-palacios.jpg","url":"https:\/\/desdelaterrazadeamador.com\/wp-content\/uploads\/2022\/01\/amador-palacios.jpg","contentUrl":"https:\/\/desdelaterrazadeamador.com\/wp-content\/uploads\/2022\/01\/amador-palacios.jpg","width":1265,"height":899,"caption":"Amador Palacios"},"logo":{"@id":"https:\/\/desdelaterrazadeamador.com\/wp-content\/uploads\/2022\/01\/amador-palacios.jpg"},"description":"Reflexiones de Amador Palacios sobre temas de Actualidad Social y Tecnol\u00f3gica; otras opiniones diferentes a la m\u00eda son bienvenidas","sameAs":["http:\/\/desdelaterrazadeamador.com","https:\/\/es.linkedin.com\/in\/amador-palacios-499532a","https:\/\/x.com\/https:\/\/twitter.com\/edurneamaya"]}]}},"jetpack_publicize_connections":[],"_links":{"self":[{"href":"https:\/\/desdelaterrazadeamador.com\/en\/wp-json\/wp\/v2\/posts\/4332","targetHints":{"allow":["GET"]}}],"collection":[{"href":"https:\/\/desdelaterrazadeamador.com\/en\/wp-json\/wp\/v2\/posts"}],"about":[{"href":"https:\/\/desdelaterrazadeamador.com\/en\/wp-json\/wp\/v2\/types\/post"}],"author":[{"embeddable":true,"href":"https:\/\/desdelaterrazadeamador.com\/en\/wp-json\/wp\/v2\/users\/1"}],"replies":[{"embeddable":true,"href":"https:\/\/desdelaterrazadeamador.com\/en\/wp-json\/wp\/v2\/comments?post=4332"}],"version-history":[{"count":1,"href":"https:\/\/desdelaterrazadeamador.com\/en\/wp-json\/wp\/v2\/posts\/4332\/revisions"}],"predecessor-version":[{"id":4334,"href":"https:\/\/desdelaterrazadeamador.com\/en\/wp-json\/wp\/v2\/posts\/4332\/revisions\/4334"}],"wp:attachment":[{"href":"https:\/\/desdelaterrazadeamador.com\/en\/wp-json\/wp\/v2\/media?parent=4332"}],"wp:term":[{"taxonomy":"category","embeddable":true,"href":"https:\/\/desdelaterrazadeamador.com\/en\/wp-json\/wp\/v2\/categories?post=4332"},{"taxonomy":"post_tag","embeddable":true,"href":"https:\/\/desdelaterrazadeamador.com\/en\/wp-json\/wp\/v2\/tags?post=4332"}],"curies":[{"name":"wp","href":"https:\/\/api.w.org\/{rel}","templated":true}]}}