{"id":4315,"date":"2026-03-04T08:29:18","date_gmt":"2026-03-04T07:29:18","guid":{"rendered":"https:\/\/desdelaterrazadeamador.com\/?p=4315"},"modified":"2026-03-07T08:10:13","modified_gmt":"2026-03-07T07:10:13","slug":"los-cambios-energeticos-del-ultimo-ano-avances-reales-mas-alla-del-ruido-politico","status":"publish","type":"post","link":"https:\/\/desdelaterrazadeamador.com\/en\/los-cambios-energeticos-del-ultimo-ano-avances-reales-mas-alla-del-ruido-politico\/","title":{"rendered":"Energy changes of the last year: Real progress beyond the political noise"},"content":{"rendered":"<p>Views: 4<\/p>\n<p class=\"wp-block-paragraph\">The last year has been particularly interesting in the energy sector. Despite the obstructionist policies promoted by leaders like Trump and others with similar interests, the energy transition has continued to advance. And it has done so not for ideological reasons, but for a much more powerful one: economics.<\/p>\n\n\n\n<p class=\"wp-block-paragraph\">Today, there is no longer any serious debate about which energy source is the cheapest. Solar power has established itself as the lowest-cost option in practically the entire world. Even in the United States, where the political discourse is contradictory, 75% of the new generation capacity installed in the US in 2025 was solar. Competing against the cheapest option is unwise and, in the long run, impossible.<\/p>\n\n\n\n<p class=\"wp-block-paragraph\">Added to this progress is another decisive factor: battery prices continue to fall. At the same time, new, more sustainable technologies are emerging, with less dependence on critical materials and greater durability. Many of these technologies are not yet on the market, but they will arrive in the coming years and will clearly strengthen the renewable energy generation model.<\/p>\n\n\n\n<p class=\"wp-block-paragraph\">Cheaper and more efficient batteries mean something very concrete: clean energy available when needed, not just when the sun or wind is shining. This completely changes the game.<\/p>\n\n\n\n<p class=\"wp-block-paragraph\">Electric mobility: ever closer to the tipping point. Supported by this technological evolution, electric cars continue to improve performance and reduce prices. In many markets, they are already very close to the cost of gasoline vehicles, and in China, they are even cheaper thanks to strong government support.<\/p>\n\n\n\n<figure class=\"wp-block-image size-full\"><img loading=\"lazy\" decoding=\"async\" width=\"640\" height=\"452\" src=\"https:\/\/desdelaterrazadeamador.com\/wp-content\/uploads\/2024\/10\/Cambio-climatico-MODELO.jpg\" alt=\"\" class=\"wp-image-3233\" srcset=\"https:\/\/desdelaterrazadeamador.com\/wp-content\/uploads\/2024\/10\/Cambio-climatico-MODELO.jpg 640w, https:\/\/desdelaterrazadeamador.com\/wp-content\/uploads\/2024\/10\/Cambio-climatico-MODELO-300x212.jpg 300w, https:\/\/desdelaterrazadeamador.com\/wp-content\/uploads\/2024\/10\/Cambio-climatico-MODELO-18x12.jpg 18w\" sizes=\"auto, (max-width: 640px) 100vw, 640px\" \/><\/figure>\n\n\n\n<p class=\"wp-block-paragraph\">China, once again, is acting as a driving force behind the global energy transition. The growth of renewables and electric vehicles in that country is spectacular, and its leadership is unquestionable. While others hesitate, China executes, learns quickly, and scales.<\/p>\n\n\n\n<p class=\"wp-block-paragraph\">It's not all good news, however. One of the major obstacles to the current energy system is the explosive growth of data centers, fueled by the intensive use of Artificial Intelligence. These centers consume enormous amounts of energy and are absorbing a significant portion of the new renewable generation capacity.<\/p>\n\n\n\n<p class=\"wp-block-paragraph\">It's a paradox of technological progress: we're advancing in efficiency, but at the same time, we're increasing total demand.<\/p>\n\n\n\n<p class=\"wp-block-paragraph\">Although the overall outlook is moderately positive, we cannot become complacent. The pace of change needed to curb climate change is greater than what is actually happening. Emissions continue to rise, and we are approaching dangerous limits.<\/p>\n\n\n\n<p class=\"wp-block-paragraph\">Many scientists agree that we have already exceeded the threshold set in the Paris Agreement. The consequences are visible: more intense heat waves, more violent storms, and increasingly frequent extreme weather events.<\/p>\n\n\n\n<p class=\"wp-block-paragraph\">The most positive note is that the change is not being driven by political rhetoric, but by the real economy and technology. And that combination is far more powerful than any self-serving ideology. When something is cheaper, more efficient, and more competitive, it ultimately prevails.<\/p>\n\n\n\n<p class=\"wp-block-paragraph\">Looking at the progress made, there are reasons for optimism, but not for complacency. The challenge remains enormous, and the effort ahead considerable. The question is simple:<\/p>\n\n\n\n<p class=\"wp-block-paragraph\">Do we want to leave our descendants a world similar to the one we inherited, or one worse?<\/p>\n\n\n\n<p class=\"wp-block-paragraph\">If we don't act with sufficient determination, someone will have every right to hold us accountable.<\/p>\n\n\n\n<p class=\"wp-block-paragraph\"><\/p>","protected":false},"excerpt":{"rendered":"<p>Views: 4 El \u00faltimo a\u00f1o ha sido especialmente interesante en materia energ\u00e9tica. A pesar de las pol\u00edticas obstruccionistas impulsadas por l\u00edderes como Trump y otros con intereses similares, la transici\u00f3n energ\u00e9tica ha seguido avanzando. Y lo ha hecho no por ideolog\u00eda, sino por una raz\u00f3n mucho m\u00e1s poderosa: la econom\u00eda. Hoy ya no hay debate [&hellip;]<\/p>\n","protected":false},"author":1,"featured_media":0,"comment_status":"open","ping_status":"closed","sticky":false,"template":"","format":"standard","meta":{"_crdt_document":"","footnotes":"","jetpack_publicize_message":"","jetpack_publicize_feature_enabled":true,"jetpack_social_post_already_shared":false,"jetpack_social_options":{"image_generator_settings":{"template":"highway","default_image_id":0,"font":"","enabled":false},"version":2}},"categories":[112,114,174,134,167,135],"tags":[],"class_list":["post-4315","post","type-post","status-publish","format-standard","hentry","category-climatic-change","category-co2-climatic-change","category-energy","category-sustainable-energy","category-sustainable-transport","category-technology"],"yoast_head":"<!-- This site is optimized with the Yoast SEO plugin v27.4 - https:\/\/yoast.com\/product\/yoast-seo-wordpress\/ -->\n<title>Los cambios energ\u00e9ticos del \u00faltimo a\u00f1o: avances reales m\u00e1s all\u00e1 del ruido pol\u00edtico - Desde la terraza de Amador<\/title>\n<meta name=\"description\" content=\"El \u00faltimo a\u00f1o ha sido especialmente interesante en materia energ\u00e9tica. A pesar de las pol\u00edticas obstruccionistas impulsadas por l\u00edderes como Trump y otros\" \/>\n<meta name=\"robots\" content=\"index, follow, max-snippet:-1, max-image-preview:large, max-video-preview:-1\" \/>\n<link rel=\"canonical\" href=\"https:\/\/desdelaterrazadeamador.com\/en\/los-cambios-energeticos-del-ultimo-ano-avances-reales-mas-alla-del-ruido-politico\/\" \/>\n<meta property=\"og:locale\" content=\"en_US\" \/>\n<meta property=\"og:type\" content=\"article\" \/>\n<meta property=\"og:title\" content=\"Los cambios energ\u00e9ticos del \u00faltimo a\u00f1o: avances reales m\u00e1s all\u00e1 del ruido pol\u00edtico - Desde la terraza de Amador\" \/>\n<meta property=\"og:description\" content=\"El \u00faltimo a\u00f1o ha sido especialmente interesante en materia energ\u00e9tica. A pesar de las pol\u00edticas obstruccionistas impulsadas por l\u00edderes como Trump y otros\" \/>\n<meta property=\"og:url\" content=\"https:\/\/desdelaterrazadeamador.com\/en\/los-cambios-energeticos-del-ultimo-ano-avances-reales-mas-alla-del-ruido-politico\/\" \/>\n<meta property=\"og:site_name\" content=\"Desde la terraza de Amador\" \/>\n<meta property=\"article:published_time\" content=\"2026-03-04T07:29:18+00:00\" \/>\n<meta property=\"article:modified_time\" content=\"2026-03-07T07:10:13+00:00\" \/>\n<meta property=\"og:image\" content=\"https:\/\/desdelaterrazadeamador.com\/wp-content\/uploads\/2024\/10\/Cambio-climatico-MODELO.jpg\" \/>\n\t<meta property=\"og:image:width\" content=\"640\" \/>\n\t<meta property=\"og:image:height\" content=\"452\" \/>\n\t<meta property=\"og:image:type\" content=\"image\/jpeg\" \/>\n<meta name=\"author\" content=\"Amador Palacios\" \/>\n<meta name=\"twitter:card\" content=\"summary_large_image\" \/>\n<meta name=\"twitter:creator\" content=\"@https:\/\/twitter.com\/edurneamaya\" \/>\n<meta name=\"twitter:site\" content=\"@edurneamaya\" \/>\n<meta name=\"twitter:label1\" content=\"Written by\" \/>\n\t<meta name=\"twitter:data1\" content=\"Amador Palacios\" \/>\n\t<meta name=\"twitter:label2\" content=\"Est. reading time\" \/>\n\t<meta name=\"twitter:data2\" content=\"3 minutes\" \/>\n<script type=\"application\/ld+json\" class=\"yoast-schema-graph\">{\"@context\":\"https:\\\/\\\/schema.org\",\"@graph\":[{\"@type\":\"Article\",\"@id\":\"https:\\\/\\\/desdelaterrazadeamador.com\\\/los-cambios-energeticos-del-ultimo-ano-avances-reales-mas-alla-del-ruido-politico\\\/#article\",\"isPartOf\":{\"@id\":\"https:\\\/\\\/desdelaterrazadeamador.com\\\/los-cambios-energeticos-del-ultimo-ano-avances-reales-mas-alla-del-ruido-politico\\\/\"},\"author\":{\"name\":\"Amador Palacios\",\"@id\":\"https:\\\/\\\/desdelaterrazadeamador.com\\\/#\\\/schema\\\/person\\\/0b6966cf66bcc9a2eb35a69e1c074d66\"},\"headline\":\"Los cambios energ\u00e9ticos del \u00faltimo a\u00f1o: avances reales m\u00e1s all\u00e1 del ruido pol\u00edtico\",\"datePublished\":\"2026-03-04T07:29:18+00:00\",\"dateModified\":\"2026-03-07T07:10:13+00:00\",\"mainEntityOfPage\":{\"@id\":\"https:\\\/\\\/desdelaterrazadeamador.com\\\/los-cambios-energeticos-del-ultimo-ano-avances-reales-mas-alla-del-ruido-politico\\\/\"},\"wordCount\":635,\"commentCount\":0,\"publisher\":{\"@id\":\"https:\\\/\\\/desdelaterrazadeamador.com\\\/#\\\/schema\\\/person\\\/0b6966cf66bcc9a2eb35a69e1c074d66\"},\"image\":{\"@id\":\"https:\\\/\\\/desdelaterrazadeamador.com\\\/los-cambios-energeticos-del-ultimo-ano-avances-reales-mas-alla-del-ruido-politico\\\/#primaryimage\"},\"thumbnailUrl\":\"https:\\\/\\\/desdelaterrazadeamador.com\\\/wp-content\\\/uploads\\\/2024\\\/10\\\/Cambio-climatico-MODELO.jpg\",\"articleSection\":[\"Climatic Change\",\"CO2\",\"Energy\",\"Sustainable Energy\",\"Sustainable Transport\",\"Technology\"],\"inLanguage\":\"en-US\",\"potentialAction\":[{\"@type\":\"CommentAction\",\"name\":\"Comment\",\"target\":[\"https:\\\/\\\/desdelaterrazadeamador.com\\\/los-cambios-energeticos-del-ultimo-ano-avances-reales-mas-alla-del-ruido-politico\\\/#respond\"]}]},{\"@type\":\"WebPage\",\"@id\":\"https:\\\/\\\/desdelaterrazadeamador.com\\\/los-cambios-energeticos-del-ultimo-ano-avances-reales-mas-alla-del-ruido-politico\\\/\",\"url\":\"https:\\\/\\\/desdelaterrazadeamador.com\\\/los-cambios-energeticos-del-ultimo-ano-avances-reales-mas-alla-del-ruido-politico\\\/\",\"name\":\"Los cambios energ\u00e9ticos del \u00faltimo a\u00f1o: avances reales m\u00e1s all\u00e1 del ruido pol\u00edtico - Desde la terraza de Amador\",\"isPartOf\":{\"@id\":\"https:\\\/\\\/desdelaterrazadeamador.com\\\/#website\"},\"primaryImageOfPage\":{\"@id\":\"https:\\\/\\\/desdelaterrazadeamador.com\\\/los-cambios-energeticos-del-ultimo-ano-avances-reales-mas-alla-del-ruido-politico\\\/#primaryimage\"},\"image\":{\"@id\":\"https:\\\/\\\/desdelaterrazadeamador.com\\\/los-cambios-energeticos-del-ultimo-ano-avances-reales-mas-alla-del-ruido-politico\\\/#primaryimage\"},\"thumbnailUrl\":\"https:\\\/\\\/desdelaterrazadeamador.com\\\/wp-content\\\/uploads\\\/2024\\\/10\\\/Cambio-climatico-MODELO.jpg\",\"datePublished\":\"2026-03-04T07:29:18+00:00\",\"dateModified\":\"2026-03-07T07:10:13+00:00\",\"description\":\"El \u00faltimo a\u00f1o ha sido especialmente interesante en materia energ\u00e9tica. A pesar de las pol\u00edticas obstruccionistas impulsadas por l\u00edderes como Trump y otros\",\"breadcrumb\":{\"@id\":\"https:\\\/\\\/desdelaterrazadeamador.com\\\/los-cambios-energeticos-del-ultimo-ano-avances-reales-mas-alla-del-ruido-politico\\\/#breadcrumb\"},\"inLanguage\":\"en-US\",\"potentialAction\":[{\"@type\":\"ReadAction\",\"target\":[\"https:\\\/\\\/desdelaterrazadeamador.com\\\/los-cambios-energeticos-del-ultimo-ano-avances-reales-mas-alla-del-ruido-politico\\\/\"]}]},{\"@type\":\"ImageObject\",\"inLanguage\":\"en-US\",\"@id\":\"https:\\\/\\\/desdelaterrazadeamador.com\\\/los-cambios-energeticos-del-ultimo-ano-avances-reales-mas-alla-del-ruido-politico\\\/#primaryimage\",\"url\":\"https:\\\/\\\/desdelaterrazadeamador.com\\\/wp-content\\\/uploads\\\/2024\\\/10\\\/Cambio-climatico-MODELO.jpg\",\"contentUrl\":\"https:\\\/\\\/desdelaterrazadeamador.com\\\/wp-content\\\/uploads\\\/2024\\\/10\\\/Cambio-climatico-MODELO.jpg\"},{\"@type\":\"BreadcrumbList\",\"@id\":\"https:\\\/\\\/desdelaterrazadeamador.com\\\/los-cambios-energeticos-del-ultimo-ano-avances-reales-mas-alla-del-ruido-politico\\\/#breadcrumb\",\"itemListElement\":[{\"@type\":\"ListItem\",\"position\":1,\"name\":\"Portada\",\"item\":\"https:\\\/\\\/desdelaterrazadeamador.com\\\/\"},{\"@type\":\"ListItem\",\"position\":2,\"name\":\"Los cambios energ\u00e9ticos del \u00faltimo a\u00f1o: avances reales m\u00e1s all\u00e1 del ruido pol\u00edtico\"}]},{\"@type\":\"WebSite\",\"@id\":\"https:\\\/\\\/desdelaterrazadeamador.com\\\/#website\",\"url\":\"https:\\\/\\\/desdelaterrazadeamador.com\\\/\",\"name\":\"Desde la terraza de Amador\",\"description\":\"Reflexiones libres y honestas sobre temas de actualidad social y tecnol\u00f3gica\",\"publisher\":{\"@id\":\"https:\\\/\\\/desdelaterrazadeamador.com\\\/#\\\/schema\\\/person\\\/0b6966cf66bcc9a2eb35a69e1c074d66\"},\"potentialAction\":[{\"@type\":\"SearchAction\",\"target\":{\"@type\":\"EntryPoint\",\"urlTemplate\":\"https:\\\/\\\/desdelaterrazadeamador.com\\\/?s={search_term_string}\"},\"query-input\":{\"@type\":\"PropertyValueSpecification\",\"valueRequired\":true,\"valueName\":\"search_term_string\"}}],\"inLanguage\":\"en-US\"},{\"@type\":[\"Person\",\"Organization\"],\"@id\":\"https:\\\/\\\/desdelaterrazadeamador.com\\\/#\\\/schema\\\/person\\\/0b6966cf66bcc9a2eb35a69e1c074d66\",\"name\":\"Amador Palacios\",\"image\":{\"@type\":\"ImageObject\",\"inLanguage\":\"en-US\",\"@id\":\"https:\\\/\\\/desdelaterrazadeamador.com\\\/wp-content\\\/uploads\\\/2022\\\/01\\\/amador-palacios.jpg\",\"url\":\"https:\\\/\\\/desdelaterrazadeamador.com\\\/wp-content\\\/uploads\\\/2022\\\/01\\\/amador-palacios.jpg\",\"contentUrl\":\"https:\\\/\\\/desdelaterrazadeamador.com\\\/wp-content\\\/uploads\\\/2022\\\/01\\\/amador-palacios.jpg\",\"width\":1265,\"height\":899,\"caption\":\"Amador Palacios\"},\"logo\":{\"@id\":\"https:\\\/\\\/desdelaterrazadeamador.com\\\/wp-content\\\/uploads\\\/2022\\\/01\\\/amador-palacios.jpg\"},\"description\":\"Reflexiones de Amador Palacios sobre temas de Actualidad Social y Tecnol\u00f3gica; otras opiniones diferentes a la m\u00eda son bienvenidas\",\"sameAs\":[\"http:\\\/\\\/desdelaterrazadeamador.com\",\"https:\\\/\\\/es.linkedin.com\\\/in\\\/amador-palacios-499532a\",\"https:\\\/\\\/x.com\\\/https:\\\/\\\/twitter.com\\\/edurneamaya\"]}]}<\/script>\n<!-- \/ Yoast SEO plugin. -->","yoast_head_json":{"title":"Los cambios energ\u00e9ticos del \u00faltimo a\u00f1o: avances reales m\u00e1s all\u00e1 del ruido pol\u00edtico - Desde la terraza de Amador","description":"El \u00faltimo a\u00f1o ha sido especialmente interesante en materia energ\u00e9tica. A pesar de las pol\u00edticas obstruccionistas impulsadas por l\u00edderes como Trump y otros","robots":{"index":"index","follow":"follow","max-snippet":"max-snippet:-1","max-image-preview":"max-image-preview:large","max-video-preview":"max-video-preview:-1"},"canonical":"https:\/\/desdelaterrazadeamador.com\/en\/los-cambios-energeticos-del-ultimo-ano-avances-reales-mas-alla-del-ruido-politico\/","og_locale":"en_US","og_type":"article","og_title":"Los cambios energ\u00e9ticos del \u00faltimo a\u00f1o: avances reales m\u00e1s all\u00e1 del ruido pol\u00edtico - Desde la terraza de Amador","og_description":"El \u00faltimo a\u00f1o ha sido especialmente interesante en materia energ\u00e9tica. A pesar de las pol\u00edticas obstruccionistas impulsadas por l\u00edderes como Trump y otros","og_url":"https:\/\/desdelaterrazadeamador.com\/en\/los-cambios-energeticos-del-ultimo-ano-avances-reales-mas-alla-del-ruido-politico\/","og_site_name":"Desde la terraza de Amador","article_published_time":"2026-03-04T07:29:18+00:00","article_modified_time":"2026-03-07T07:10:13+00:00","og_image":[{"width":640,"height":452,"url":"https:\/\/desdelaterrazadeamador.com\/wp-content\/uploads\/2024\/10\/Cambio-climatico-MODELO.jpg","type":"image\/jpeg"}],"author":"Amador Palacios","twitter_card":"summary_large_image","twitter_creator":"@https:\/\/twitter.com\/edurneamaya","twitter_site":"@edurneamaya","twitter_misc":{"Written by":"Amador Palacios","Est. reading time":"3 minutes"},"schema":{"@context":"https:\/\/schema.org","@graph":[{"@type":"Article","@id":"https:\/\/desdelaterrazadeamador.com\/los-cambios-energeticos-del-ultimo-ano-avances-reales-mas-alla-del-ruido-politico\/#article","isPartOf":{"@id":"https:\/\/desdelaterrazadeamador.com\/los-cambios-energeticos-del-ultimo-ano-avances-reales-mas-alla-del-ruido-politico\/"},"author":{"name":"Amador Palacios","@id":"https:\/\/desdelaterrazadeamador.com\/#\/schema\/person\/0b6966cf66bcc9a2eb35a69e1c074d66"},"headline":"Los cambios energ\u00e9ticos del \u00faltimo a\u00f1o: avances reales m\u00e1s all\u00e1 del ruido pol\u00edtico","datePublished":"2026-03-04T07:29:18+00:00","dateModified":"2026-03-07T07:10:13+00:00","mainEntityOfPage":{"@id":"https:\/\/desdelaterrazadeamador.com\/los-cambios-energeticos-del-ultimo-ano-avances-reales-mas-alla-del-ruido-politico\/"},"wordCount":635,"commentCount":0,"publisher":{"@id":"https:\/\/desdelaterrazadeamador.com\/#\/schema\/person\/0b6966cf66bcc9a2eb35a69e1c074d66"},"image":{"@id":"https:\/\/desdelaterrazadeamador.com\/los-cambios-energeticos-del-ultimo-ano-avances-reales-mas-alla-del-ruido-politico\/#primaryimage"},"thumbnailUrl":"https:\/\/desdelaterrazadeamador.com\/wp-content\/uploads\/2024\/10\/Cambio-climatico-MODELO.jpg","articleSection":["Climatic Change","CO2","Energy","Sustainable Energy","Sustainable Transport","Technology"],"inLanguage":"en-US","potentialAction":[{"@type":"CommentAction","name":"Comment","target":["https:\/\/desdelaterrazadeamador.com\/los-cambios-energeticos-del-ultimo-ano-avances-reales-mas-alla-del-ruido-politico\/#respond"]}]},{"@type":"WebPage","@id":"https:\/\/desdelaterrazadeamador.com\/los-cambios-energeticos-del-ultimo-ano-avances-reales-mas-alla-del-ruido-politico\/","url":"https:\/\/desdelaterrazadeamador.com\/los-cambios-energeticos-del-ultimo-ano-avances-reales-mas-alla-del-ruido-politico\/","name":"Los cambios energ\u00e9ticos del \u00faltimo a\u00f1o: avances reales m\u00e1s all\u00e1 del ruido pol\u00edtico - Desde la terraza de Amador","isPartOf":{"@id":"https:\/\/desdelaterrazadeamador.com\/#website"},"primaryImageOfPage":{"@id":"https:\/\/desdelaterrazadeamador.com\/los-cambios-energeticos-del-ultimo-ano-avances-reales-mas-alla-del-ruido-politico\/#primaryimage"},"image":{"@id":"https:\/\/desdelaterrazadeamador.com\/los-cambios-energeticos-del-ultimo-ano-avances-reales-mas-alla-del-ruido-politico\/#primaryimage"},"thumbnailUrl":"https:\/\/desdelaterrazadeamador.com\/wp-content\/uploads\/2024\/10\/Cambio-climatico-MODELO.jpg","datePublished":"2026-03-04T07:29:18+00:00","dateModified":"2026-03-07T07:10:13+00:00","description":"El \u00faltimo a\u00f1o ha sido especialmente interesante en materia energ\u00e9tica. A pesar de las pol\u00edticas obstruccionistas impulsadas por l\u00edderes como Trump y otros","breadcrumb":{"@id":"https:\/\/desdelaterrazadeamador.com\/los-cambios-energeticos-del-ultimo-ano-avances-reales-mas-alla-del-ruido-politico\/#breadcrumb"},"inLanguage":"en-US","potentialAction":[{"@type":"ReadAction","target":["https:\/\/desdelaterrazadeamador.com\/los-cambios-energeticos-del-ultimo-ano-avances-reales-mas-alla-del-ruido-politico\/"]}]},{"@type":"ImageObject","inLanguage":"en-US","@id":"https:\/\/desdelaterrazadeamador.com\/los-cambios-energeticos-del-ultimo-ano-avances-reales-mas-alla-del-ruido-politico\/#primaryimage","url":"https:\/\/desdelaterrazadeamador.com\/wp-content\/uploads\/2024\/10\/Cambio-climatico-MODELO.jpg","contentUrl":"https:\/\/desdelaterrazadeamador.com\/wp-content\/uploads\/2024\/10\/Cambio-climatico-MODELO.jpg"},{"@type":"BreadcrumbList","@id":"https:\/\/desdelaterrazadeamador.com\/los-cambios-energeticos-del-ultimo-ano-avances-reales-mas-alla-del-ruido-politico\/#breadcrumb","itemListElement":[{"@type":"ListItem","position":1,"name":"Portada","item":"https:\/\/desdelaterrazadeamador.com\/"},{"@type":"ListItem","position":2,"name":"Los cambios energ\u00e9ticos del \u00faltimo a\u00f1o: avances reales m\u00e1s all\u00e1 del ruido pol\u00edtico"}]},{"@type":"WebSite","@id":"https:\/\/desdelaterrazadeamador.com\/#website","url":"https:\/\/desdelaterrazadeamador.com\/","name":"Desde la terraza de Amador","description":"Free and honest reflections on current social and technological issues","publisher":{"@id":"https:\/\/desdelaterrazadeamador.com\/#\/schema\/person\/0b6966cf66bcc9a2eb35a69e1c074d66"},"potentialAction":[{"@type":"SearchAction","target":{"@type":"EntryPoint","urlTemplate":"https:\/\/desdelaterrazadeamador.com\/?s={search_term_string}"},"query-input":{"@type":"PropertyValueSpecification","valueRequired":true,"valueName":"search_term_string"}}],"inLanguage":"en-US"},{"@type":["Person","Organization"],"@id":"https:\/\/desdelaterrazadeamador.com\/#\/schema\/person\/0b6966cf66bcc9a2eb35a69e1c074d66","name":"Amador Palacios","image":{"@type":"ImageObject","inLanguage":"en-US","@id":"https:\/\/desdelaterrazadeamador.com\/wp-content\/uploads\/2022\/01\/amador-palacios.jpg","url":"https:\/\/desdelaterrazadeamador.com\/wp-content\/uploads\/2022\/01\/amador-palacios.jpg","contentUrl":"https:\/\/desdelaterrazadeamador.com\/wp-content\/uploads\/2022\/01\/amador-palacios.jpg","width":1265,"height":899,"caption":"Amador Palacios"},"logo":{"@id":"https:\/\/desdelaterrazadeamador.com\/wp-content\/uploads\/2022\/01\/amador-palacios.jpg"},"description":"Reflexiones de Amador Palacios sobre temas de Actualidad Social y Tecnol\u00f3gica; otras opiniones diferentes a la m\u00eda son bienvenidas","sameAs":["http:\/\/desdelaterrazadeamador.com","https:\/\/es.linkedin.com\/in\/amador-palacios-499532a","https:\/\/x.com\/https:\/\/twitter.com\/edurneamaya"]}]}},"jetpack_publicize_connections":[],"_links":{"self":[{"href":"https:\/\/desdelaterrazadeamador.com\/en\/wp-json\/wp\/v2\/posts\/4315","targetHints":{"allow":["GET"]}}],"collection":[{"href":"https:\/\/desdelaterrazadeamador.com\/en\/wp-json\/wp\/v2\/posts"}],"about":[{"href":"https:\/\/desdelaterrazadeamador.com\/en\/wp-json\/wp\/v2\/types\/post"}],"author":[{"embeddable":true,"href":"https:\/\/desdelaterrazadeamador.com\/en\/wp-json\/wp\/v2\/users\/1"}],"replies":[{"embeddable":true,"href":"https:\/\/desdelaterrazadeamador.com\/en\/wp-json\/wp\/v2\/comments?post=4315"}],"version-history":[{"count":1,"href":"https:\/\/desdelaterrazadeamador.com\/en\/wp-json\/wp\/v2\/posts\/4315\/revisions"}],"predecessor-version":[{"id":4316,"href":"https:\/\/desdelaterrazadeamador.com\/en\/wp-json\/wp\/v2\/posts\/4315\/revisions\/4316"}],"wp:attachment":[{"href":"https:\/\/desdelaterrazadeamador.com\/en\/wp-json\/wp\/v2\/media?parent=4315"}],"wp:term":[{"taxonomy":"category","embeddable":true,"href":"https:\/\/desdelaterrazadeamador.com\/en\/wp-json\/wp\/v2\/categories?post=4315"},{"taxonomy":"post_tag","embeddable":true,"href":"https:\/\/desdelaterrazadeamador.com\/en\/wp-json\/wp\/v2\/tags?post=4315"}],"curies":[{"name":"wp","href":"https:\/\/api.w.org\/{rel}","templated":true}]}}