{"id":4213,"date":"2026-01-13T09:30:18","date_gmt":"2026-01-13T08:30:18","guid":{"rendered":"https:\/\/desdelaterrazadeamador.com\/?p=4213"},"modified":"2026-01-17T09:10:44","modified_gmt":"2026-01-17T08:10:44","slug":"meta-y-su-gran-giro-del-metaverso-a-la-inteligencia-artificial","status":"publish","type":"post","link":"https:\/\/desdelaterrazadeamador.com\/en\/meta-y-su-gran-giro-del-metaverso-a-la-inteligencia-artificial\/","title":{"rendered":"Meta and its great turnaround: From the Metaverse to Artificial Intelligence"},"content":{"rendered":"<p>Views: 4<\/p>\n<p class=\"wp-block-paragraph\">Not so many years ago, Meta was at the center of one of the most striking moves in recent technology history. Facebook changed its name, restructured its direction, and threw itself headlong into an idea that, on paper, seemed revolutionary: the metaverse, a virtual world where millions of people would interact as if it were an extension of real life.<\/p>\n\n\n\n<p class=\"wp-block-paragraph\">The project arrived with tens of billions of dollars in investment and grandiose rhetoric promising to change everything. Hyperrealistic avatars, virtual meetings, immersive digital entertainment \u2026<\/p>\n\n\n\n<p class=\"wp-block-paragraph\">But reality was much colder. Public interest never reached the expected level, the available solutions proved impractical, and the necessary technology wasn't mature. It quickly became clear that this gamble was\u2014at least for now\u2014a misstep.<\/p>\n\n\n\n<p class=\"wp-block-paragraph\">What's striking is that Mark Zuckerberg has never openly acknowledged this strategic error. The official narrative avoids mentioning failure, even though the company has been cutting investment in its virtual reality division for years. If any other executive had been responsible, their future with the company would likely have been very different. But when the founder makes the decision, the story is rewritten from another perspective.<\/p>\n\n\n\n<p class=\"wp-block-paragraph\">And now Meta is taking another turn, this time much more aligned with the real world: focusing on artificial intelligence. It's the central theme of its most recent announcements, the core of its new products, and the path the global industry is indeed forging. Smart glasses, advanced AI models, and services integrated with social networks are its new flagship products.<\/p>\n\n\n\n<figure class=\"wp-block-image size-full is-resized\"><img loading=\"lazy\" decoding=\"async\" width=\"350\" height=\"197\" src=\"https:\/\/desdelaterrazadeamador.com\/wp-content\/uploads\/2026\/01\/Meta.jpg\" alt=\"\" class=\"wp-image-4214\" style=\"width:402px;height:auto\" srcset=\"https:\/\/desdelaterrazadeamador.com\/wp-content\/uploads\/2026\/01\/Meta.jpg 350w, https:\/\/desdelaterrazadeamador.com\/wp-content\/uploads\/2026\/01\/Meta-300x169.jpg 300w, https:\/\/desdelaterrazadeamador.com\/wp-content\/uploads\/2026\/01\/Meta-18x10.jpg 18w\" sizes=\"auto, (max-width: 350px) 100vw, 350px\" \/><\/figure>\n\n\n\n<p class=\"wp-block-paragraph\">Zuckerberg insists that smart glasses will be the natural replacement for mobile phones, something that sounds more like wishful thinking than a technical prediction. It's true that this niche is growing rapidly and that Meta has achieved enormous visibility with its models. But the landscape is far from unique: Chinese brands are entering the Western market with equally capable and much more affordable glasses, leveraging local manufacturing, industrial agility, and the experience they've already demonstrated with smartphones.<\/p>\n\n\n\n<p class=\"wp-block-paragraph\">Furthermore, these glasses currently depend on a mobile phone to function. They can't run complex applications on their own, they lack sufficient battery life, and their ecosystem is still very limited. They're a good gadget, useful in certain situations, but they don't represent a real threat to the mobile phone, which still has many years of life left in it.<\/p>\n\n\n\n<p class=\"wp-block-paragraph\">Meta has shown that it can pivot quickly when reality hits it hard. Its new approach to AI is more aligned with the future of technology, but it's also a reminder of what happens when a large company is driven by a vision disconnected from the market.<\/p>\n\n\n\n<p class=\"wp-block-paragraph\">Time will tell if this new shift will be the success the previous one wasn't. What is clear is that, in a sector where everything changes at breakneck speed, even giants can make mistakes\u2026 and correct course without admitting it.<\/p>\n\n\n\n<p class=\"wp-block-paragraph\"><\/p>","protected":false},"excerpt":{"rendered":"<p>Views: 4 Hace no tantos a\u00f1os, Meta protagoniz\u00f3 uno de los movimientos m\u00e1s llamativos de la historia reciente de la tecnolog\u00eda. Facebook cambi\u00f3 de nombre, reestructur\u00f3 su rumbo y se lanz\u00f3 de lleno a una idea que, sobre el papel, parec\u00eda revolucionaria: el metaverso, un mundo virtual donde millones de personas interactuar\u00edan como si fuese [&hellip;]<\/p>\n","protected":false},"author":1,"featured_media":0,"comment_status":"open","ping_status":"closed","sticky":false,"template":"","format":"standard","meta":{"_crdt_document":"","footnotes":"","jetpack_publicize_message":"","jetpack_publicize_feature_enabled":true,"jetpack_social_post_already_shared":false,"jetpack_social_options":{"image_generator_settings":{"template":"highway","default_image_id":0,"font":"","enabled":false},"version":2}},"categories":[128,135],"tags":[],"class_list":["post-4213","post","type-post","status-publish","format-standard","hentry","category-artificial-intelligence","category-technology"],"yoast_head":"<!-- This site is optimized with the Yoast SEO plugin v27.5 - https:\/\/yoast.com\/product\/yoast-seo-wordpress\/ -->\n<title>Meta y su gran giro: del Metaverso a la Inteligencia Artificial - Desde la terraza de Amador<\/title>\n<meta name=\"description\" content=\"Hace no tantos a\u00f1os, Meta protagoniz\u00f3 uno de los movimientos m\u00e1s llamativos de la historia reciente de la tecnolog\u00eda. Facebook cambi\u00f3 de nombre,\" \/>\n<meta name=\"robots\" content=\"index, follow, max-snippet:-1, max-image-preview:large, max-video-preview:-1\" \/>\n<link rel=\"canonical\" href=\"https:\/\/desdelaterrazadeamador.com\/en\/meta-y-su-gran-giro-del-metaverso-a-la-inteligencia-artificial\/\" \/>\n<meta property=\"og:locale\" content=\"en_US\" \/>\n<meta property=\"og:type\" content=\"article\" \/>\n<meta property=\"og:title\" content=\"Meta y su gran giro: del Metaverso a la Inteligencia Artificial - Desde la terraza de Amador\" \/>\n<meta property=\"og:description\" content=\"Hace no tantos a\u00f1os, Meta protagoniz\u00f3 uno de los movimientos m\u00e1s llamativos de la historia reciente de la tecnolog\u00eda. Facebook cambi\u00f3 de nombre,\" \/>\n<meta property=\"og:url\" content=\"https:\/\/desdelaterrazadeamador.com\/en\/meta-y-su-gran-giro-del-metaverso-a-la-inteligencia-artificial\/\" \/>\n<meta property=\"og:site_name\" content=\"Desde la terraza de Amador\" \/>\n<meta property=\"article:published_time\" content=\"2026-01-13T08:30:18+00:00\" \/>\n<meta property=\"article:modified_time\" content=\"2026-01-17T08:10:44+00:00\" \/>\n<meta property=\"og:image\" content=\"https:\/\/desdelaterrazadeamador.com\/wp-content\/uploads\/2026\/01\/Meta.jpg\" \/>\n\t<meta property=\"og:image:width\" content=\"350\" \/>\n\t<meta property=\"og:image:height\" content=\"197\" \/>\n\t<meta property=\"og:image:type\" content=\"image\/jpeg\" \/>\n<meta name=\"author\" content=\"Amador Palacios\" \/>\n<meta name=\"twitter:card\" content=\"summary_large_image\" \/>\n<meta name=\"twitter:creator\" content=\"@https:\/\/twitter.com\/edurneamaya\" \/>\n<meta name=\"twitter:site\" content=\"@edurneamaya\" \/>\n<meta name=\"twitter:label1\" content=\"Written by\" \/>\n\t<meta name=\"twitter:data1\" content=\"Amador Palacios\" \/>\n\t<meta name=\"twitter:label2\" content=\"Est. reading time\" \/>\n\t<meta name=\"twitter:data2\" content=\"3 minutes\" \/>\n<script type=\"application\/ld+json\" class=\"yoast-schema-graph\">{\"@context\":\"https:\\\/\\\/schema.org\",\"@graph\":[{\"@type\":\"Article\",\"@id\":\"https:\\\/\\\/desdelaterrazadeamador.com\\\/meta-y-su-gran-giro-del-metaverso-a-la-inteligencia-artificial\\\/#article\",\"isPartOf\":{\"@id\":\"https:\\\/\\\/desdelaterrazadeamador.com\\\/meta-y-su-gran-giro-del-metaverso-a-la-inteligencia-artificial\\\/\"},\"author\":{\"name\":\"Amador Palacios\",\"@id\":\"https:\\\/\\\/desdelaterrazadeamador.com\\\/#\\\/schema\\\/person\\\/0b6966cf66bcc9a2eb35a69e1c074d66\"},\"headline\":\"Meta y su gran giro: del Metaverso a la Inteligencia Artificial\",\"datePublished\":\"2026-01-13T08:30:18+00:00\",\"dateModified\":\"2026-01-17T08:10:44+00:00\",\"mainEntityOfPage\":{\"@id\":\"https:\\\/\\\/desdelaterrazadeamador.com\\\/meta-y-su-gran-giro-del-metaverso-a-la-inteligencia-artificial\\\/\"},\"wordCount\":562,\"commentCount\":0,\"publisher\":{\"@id\":\"https:\\\/\\\/desdelaterrazadeamador.com\\\/#\\\/schema\\\/person\\\/0b6966cf66bcc9a2eb35a69e1c074d66\"},\"image\":{\"@id\":\"https:\\\/\\\/desdelaterrazadeamador.com\\\/meta-y-su-gran-giro-del-metaverso-a-la-inteligencia-artificial\\\/#primaryimage\"},\"thumbnailUrl\":\"https:\\\/\\\/desdelaterrazadeamador.com\\\/wp-content\\\/uploads\\\/2026\\\/01\\\/Meta.jpg\",\"articleSection\":[\"Artificial Intelligence\",\"Technology\"],\"inLanguage\":\"en-US\",\"potentialAction\":[{\"@type\":\"CommentAction\",\"name\":\"Comment\",\"target\":[\"https:\\\/\\\/desdelaterrazadeamador.com\\\/meta-y-su-gran-giro-del-metaverso-a-la-inteligencia-artificial\\\/#respond\"]}]},{\"@type\":\"WebPage\",\"@id\":\"https:\\\/\\\/desdelaterrazadeamador.com\\\/meta-y-su-gran-giro-del-metaverso-a-la-inteligencia-artificial\\\/\",\"url\":\"https:\\\/\\\/desdelaterrazadeamador.com\\\/meta-y-su-gran-giro-del-metaverso-a-la-inteligencia-artificial\\\/\",\"name\":\"Meta y su gran giro: del Metaverso a la Inteligencia Artificial - Desde la terraza de Amador\",\"isPartOf\":{\"@id\":\"https:\\\/\\\/desdelaterrazadeamador.com\\\/#website\"},\"primaryImageOfPage\":{\"@id\":\"https:\\\/\\\/desdelaterrazadeamador.com\\\/meta-y-su-gran-giro-del-metaverso-a-la-inteligencia-artificial\\\/#primaryimage\"},\"image\":{\"@id\":\"https:\\\/\\\/desdelaterrazadeamador.com\\\/meta-y-su-gran-giro-del-metaverso-a-la-inteligencia-artificial\\\/#primaryimage\"},\"thumbnailUrl\":\"https:\\\/\\\/desdelaterrazadeamador.com\\\/wp-content\\\/uploads\\\/2026\\\/01\\\/Meta.jpg\",\"datePublished\":\"2026-01-13T08:30:18+00:00\",\"dateModified\":\"2026-01-17T08:10:44+00:00\",\"description\":\"Hace no tantos a\u00f1os, Meta protagoniz\u00f3 uno de los movimientos m\u00e1s llamativos de la historia reciente de la tecnolog\u00eda. Facebook cambi\u00f3 de nombre,\",\"breadcrumb\":{\"@id\":\"https:\\\/\\\/desdelaterrazadeamador.com\\\/meta-y-su-gran-giro-del-metaverso-a-la-inteligencia-artificial\\\/#breadcrumb\"},\"inLanguage\":\"en-US\",\"potentialAction\":[{\"@type\":\"ReadAction\",\"target\":[\"https:\\\/\\\/desdelaterrazadeamador.com\\\/meta-y-su-gran-giro-del-metaverso-a-la-inteligencia-artificial\\\/\"]}]},{\"@type\":\"ImageObject\",\"inLanguage\":\"en-US\",\"@id\":\"https:\\\/\\\/desdelaterrazadeamador.com\\\/meta-y-su-gran-giro-del-metaverso-a-la-inteligencia-artificial\\\/#primaryimage\",\"url\":\"https:\\\/\\\/desdelaterrazadeamador.com\\\/wp-content\\\/uploads\\\/2026\\\/01\\\/Meta.jpg\",\"contentUrl\":\"https:\\\/\\\/desdelaterrazadeamador.com\\\/wp-content\\\/uploads\\\/2026\\\/01\\\/Meta.jpg\"},{\"@type\":\"BreadcrumbList\",\"@id\":\"https:\\\/\\\/desdelaterrazadeamador.com\\\/meta-y-su-gran-giro-del-metaverso-a-la-inteligencia-artificial\\\/#breadcrumb\",\"itemListElement\":[{\"@type\":\"ListItem\",\"position\":1,\"name\":\"Portada\",\"item\":\"https:\\\/\\\/desdelaterrazadeamador.com\\\/\"},{\"@type\":\"ListItem\",\"position\":2,\"name\":\"Meta y su gran giro: del Metaverso a la Inteligencia Artificial\"}]},{\"@type\":\"WebSite\",\"@id\":\"https:\\\/\\\/desdelaterrazadeamador.com\\\/#website\",\"url\":\"https:\\\/\\\/desdelaterrazadeamador.com\\\/\",\"name\":\"Desde la terraza de Amador\",\"description\":\"Reflexiones libres y honestas sobre temas de actualidad social y tecnol\u00f3gica\",\"publisher\":{\"@id\":\"https:\\\/\\\/desdelaterrazadeamador.com\\\/#\\\/schema\\\/person\\\/0b6966cf66bcc9a2eb35a69e1c074d66\"},\"potentialAction\":[{\"@type\":\"SearchAction\",\"target\":{\"@type\":\"EntryPoint\",\"urlTemplate\":\"https:\\\/\\\/desdelaterrazadeamador.com\\\/?s={search_term_string}\"},\"query-input\":{\"@type\":\"PropertyValueSpecification\",\"valueRequired\":true,\"valueName\":\"search_term_string\"}}],\"inLanguage\":\"en-US\"},{\"@type\":[\"Person\",\"Organization\"],\"@id\":\"https:\\\/\\\/desdelaterrazadeamador.com\\\/#\\\/schema\\\/person\\\/0b6966cf66bcc9a2eb35a69e1c074d66\",\"name\":\"Amador Palacios\",\"image\":{\"@type\":\"ImageObject\",\"inLanguage\":\"en-US\",\"@id\":\"https:\\\/\\\/desdelaterrazadeamador.com\\\/wp-content\\\/uploads\\\/2022\\\/01\\\/amador-palacios.jpg\",\"url\":\"https:\\\/\\\/desdelaterrazadeamador.com\\\/wp-content\\\/uploads\\\/2022\\\/01\\\/amador-palacios.jpg\",\"contentUrl\":\"https:\\\/\\\/desdelaterrazadeamador.com\\\/wp-content\\\/uploads\\\/2022\\\/01\\\/amador-palacios.jpg\",\"width\":1265,\"height\":899,\"caption\":\"Amador Palacios\"},\"logo\":{\"@id\":\"https:\\\/\\\/desdelaterrazadeamador.com\\\/wp-content\\\/uploads\\\/2022\\\/01\\\/amador-palacios.jpg\"},\"description\":\"Reflexiones de Amador Palacios sobre temas de Actualidad Social y Tecnol\u00f3gica; otras opiniones diferentes a la m\u00eda son bienvenidas\",\"sameAs\":[\"http:\\\/\\\/desdelaterrazadeamador.com\",\"https:\\\/\\\/es.linkedin.com\\\/in\\\/amador-palacios-499532a\",\"https:\\\/\\\/x.com\\\/https:\\\/\\\/twitter.com\\\/edurneamaya\"]}]}<\/script>\n<!-- \/ Yoast SEO plugin. -->","yoast_head_json":{"title":"Meta y su gran giro: del Metaverso a la Inteligencia Artificial - Desde la terraza de Amador","description":"Hace no tantos a\u00f1os, Meta protagoniz\u00f3 uno de los movimientos m\u00e1s llamativos de la historia reciente de la tecnolog\u00eda. Facebook cambi\u00f3 de nombre,","robots":{"index":"index","follow":"follow","max-snippet":"max-snippet:-1","max-image-preview":"max-image-preview:large","max-video-preview":"max-video-preview:-1"},"canonical":"https:\/\/desdelaterrazadeamador.com\/en\/meta-y-su-gran-giro-del-metaverso-a-la-inteligencia-artificial\/","og_locale":"en_US","og_type":"article","og_title":"Meta y su gran giro: del Metaverso a la Inteligencia Artificial - Desde la terraza de Amador","og_description":"Hace no tantos a\u00f1os, Meta protagoniz\u00f3 uno de los movimientos m\u00e1s llamativos de la historia reciente de la tecnolog\u00eda. Facebook cambi\u00f3 de nombre,","og_url":"https:\/\/desdelaterrazadeamador.com\/en\/meta-y-su-gran-giro-del-metaverso-a-la-inteligencia-artificial\/","og_site_name":"Desde la terraza de Amador","article_published_time":"2026-01-13T08:30:18+00:00","article_modified_time":"2026-01-17T08:10:44+00:00","og_image":[{"width":350,"height":197,"url":"https:\/\/desdelaterrazadeamador.com\/wp-content\/uploads\/2026\/01\/Meta.jpg","type":"image\/jpeg"}],"author":"Amador Palacios","twitter_card":"summary_large_image","twitter_creator":"@https:\/\/twitter.com\/edurneamaya","twitter_site":"@edurneamaya","twitter_misc":{"Written by":"Amador Palacios","Est. reading time":"3 minutes"},"schema":{"@context":"https:\/\/schema.org","@graph":[{"@type":"Article","@id":"https:\/\/desdelaterrazadeamador.com\/meta-y-su-gran-giro-del-metaverso-a-la-inteligencia-artificial\/#article","isPartOf":{"@id":"https:\/\/desdelaterrazadeamador.com\/meta-y-su-gran-giro-del-metaverso-a-la-inteligencia-artificial\/"},"author":{"name":"Amador Palacios","@id":"https:\/\/desdelaterrazadeamador.com\/#\/schema\/person\/0b6966cf66bcc9a2eb35a69e1c074d66"},"headline":"Meta y su gran giro: del Metaverso a la Inteligencia Artificial","datePublished":"2026-01-13T08:30:18+00:00","dateModified":"2026-01-17T08:10:44+00:00","mainEntityOfPage":{"@id":"https:\/\/desdelaterrazadeamador.com\/meta-y-su-gran-giro-del-metaverso-a-la-inteligencia-artificial\/"},"wordCount":562,"commentCount":0,"publisher":{"@id":"https:\/\/desdelaterrazadeamador.com\/#\/schema\/person\/0b6966cf66bcc9a2eb35a69e1c074d66"},"image":{"@id":"https:\/\/desdelaterrazadeamador.com\/meta-y-su-gran-giro-del-metaverso-a-la-inteligencia-artificial\/#primaryimage"},"thumbnailUrl":"https:\/\/desdelaterrazadeamador.com\/wp-content\/uploads\/2026\/01\/Meta.jpg","articleSection":["Artificial Intelligence","Technology"],"inLanguage":"en-US","potentialAction":[{"@type":"CommentAction","name":"Comment","target":["https:\/\/desdelaterrazadeamador.com\/meta-y-su-gran-giro-del-metaverso-a-la-inteligencia-artificial\/#respond"]}]},{"@type":"WebPage","@id":"https:\/\/desdelaterrazadeamador.com\/meta-y-su-gran-giro-del-metaverso-a-la-inteligencia-artificial\/","url":"https:\/\/desdelaterrazadeamador.com\/meta-y-su-gran-giro-del-metaverso-a-la-inteligencia-artificial\/","name":"Meta y su gran giro: del Metaverso a la Inteligencia Artificial - Desde la terraza de Amador","isPartOf":{"@id":"https:\/\/desdelaterrazadeamador.com\/#website"},"primaryImageOfPage":{"@id":"https:\/\/desdelaterrazadeamador.com\/meta-y-su-gran-giro-del-metaverso-a-la-inteligencia-artificial\/#primaryimage"},"image":{"@id":"https:\/\/desdelaterrazadeamador.com\/meta-y-su-gran-giro-del-metaverso-a-la-inteligencia-artificial\/#primaryimage"},"thumbnailUrl":"https:\/\/desdelaterrazadeamador.com\/wp-content\/uploads\/2026\/01\/Meta.jpg","datePublished":"2026-01-13T08:30:18+00:00","dateModified":"2026-01-17T08:10:44+00:00","description":"Hace no tantos a\u00f1os, Meta protagoniz\u00f3 uno de los movimientos m\u00e1s llamativos de la historia reciente de la tecnolog\u00eda. Facebook cambi\u00f3 de nombre,","breadcrumb":{"@id":"https:\/\/desdelaterrazadeamador.com\/meta-y-su-gran-giro-del-metaverso-a-la-inteligencia-artificial\/#breadcrumb"},"inLanguage":"en-US","potentialAction":[{"@type":"ReadAction","target":["https:\/\/desdelaterrazadeamador.com\/meta-y-su-gran-giro-del-metaverso-a-la-inteligencia-artificial\/"]}]},{"@type":"ImageObject","inLanguage":"en-US","@id":"https:\/\/desdelaterrazadeamador.com\/meta-y-su-gran-giro-del-metaverso-a-la-inteligencia-artificial\/#primaryimage","url":"https:\/\/desdelaterrazadeamador.com\/wp-content\/uploads\/2026\/01\/Meta.jpg","contentUrl":"https:\/\/desdelaterrazadeamador.com\/wp-content\/uploads\/2026\/01\/Meta.jpg"},{"@type":"BreadcrumbList","@id":"https:\/\/desdelaterrazadeamador.com\/meta-y-su-gran-giro-del-metaverso-a-la-inteligencia-artificial\/#breadcrumb","itemListElement":[{"@type":"ListItem","position":1,"name":"Portada","item":"https:\/\/desdelaterrazadeamador.com\/"},{"@type":"ListItem","position":2,"name":"Meta y su gran giro: del Metaverso a la Inteligencia Artificial"}]},{"@type":"WebSite","@id":"https:\/\/desdelaterrazadeamador.com\/#website","url":"https:\/\/desdelaterrazadeamador.com\/","name":"Desde la terraza de Amador","description":"Free and honest reflections on current social and technological issues","publisher":{"@id":"https:\/\/desdelaterrazadeamador.com\/#\/schema\/person\/0b6966cf66bcc9a2eb35a69e1c074d66"},"potentialAction":[{"@type":"SearchAction","target":{"@type":"EntryPoint","urlTemplate":"https:\/\/desdelaterrazadeamador.com\/?s={search_term_string}"},"query-input":{"@type":"PropertyValueSpecification","valueRequired":true,"valueName":"search_term_string"}}],"inLanguage":"en-US"},{"@type":["Person","Organization"],"@id":"https:\/\/desdelaterrazadeamador.com\/#\/schema\/person\/0b6966cf66bcc9a2eb35a69e1c074d66","name":"Amador Palacios","image":{"@type":"ImageObject","inLanguage":"en-US","@id":"https:\/\/desdelaterrazadeamador.com\/wp-content\/uploads\/2022\/01\/amador-palacios.jpg","url":"https:\/\/desdelaterrazadeamador.com\/wp-content\/uploads\/2022\/01\/amador-palacios.jpg","contentUrl":"https:\/\/desdelaterrazadeamador.com\/wp-content\/uploads\/2022\/01\/amador-palacios.jpg","width":1265,"height":899,"caption":"Amador Palacios"},"logo":{"@id":"https:\/\/desdelaterrazadeamador.com\/wp-content\/uploads\/2022\/01\/amador-palacios.jpg"},"description":"Reflexiones de Amador Palacios sobre temas de Actualidad Social y Tecnol\u00f3gica; otras opiniones diferentes a la m\u00eda son bienvenidas","sameAs":["http:\/\/desdelaterrazadeamador.com","https:\/\/es.linkedin.com\/in\/amador-palacios-499532a","https:\/\/x.com\/https:\/\/twitter.com\/edurneamaya"]}]}},"jetpack_publicize_connections":[],"_links":{"self":[{"href":"https:\/\/desdelaterrazadeamador.com\/en\/wp-json\/wp\/v2\/posts\/4213","targetHints":{"allow":["GET"]}}],"collection":[{"href":"https:\/\/desdelaterrazadeamador.com\/en\/wp-json\/wp\/v2\/posts"}],"about":[{"href":"https:\/\/desdelaterrazadeamador.com\/en\/wp-json\/wp\/v2\/types\/post"}],"author":[{"embeddable":true,"href":"https:\/\/desdelaterrazadeamador.com\/en\/wp-json\/wp\/v2\/users\/1"}],"replies":[{"embeddable":true,"href":"https:\/\/desdelaterrazadeamador.com\/en\/wp-json\/wp\/v2\/comments?post=4213"}],"version-history":[{"count":1,"href":"https:\/\/desdelaterrazadeamador.com\/en\/wp-json\/wp\/v2\/posts\/4213\/revisions"}],"predecessor-version":[{"id":4215,"href":"https:\/\/desdelaterrazadeamador.com\/en\/wp-json\/wp\/v2\/posts\/4213\/revisions\/4215"}],"wp:attachment":[{"href":"https:\/\/desdelaterrazadeamador.com\/en\/wp-json\/wp\/v2\/media?parent=4213"}],"wp:term":[{"taxonomy":"category","embeddable":true,"href":"https:\/\/desdelaterrazadeamador.com\/en\/wp-json\/wp\/v2\/categories?post=4213"},{"taxonomy":"post_tag","embeddable":true,"href":"https:\/\/desdelaterrazadeamador.com\/en\/wp-json\/wp\/v2\/tags?post=4213"}],"curies":[{"name":"wp","href":"https:\/\/api.w.org\/{rel}","templated":true}]}}