{"id":4205,"date":"2026-01-09T08:58:36","date_gmt":"2026-01-09T07:58:36","guid":{"rendered":"https:\/\/desdelaterrazadeamador.com\/?p=4205"},"modified":"2026-01-11T08:24:58","modified_gmt":"2026-01-11T07:24:58","slug":"gafas-inteligentes-chinas-la-nueva-ola-que-ya-esta-llegando-a-occidente","status":"publish","type":"post","link":"https:\/\/desdelaterrazadeamador.com\/en\/gafas-inteligentes-chinas-la-nueva-ola-que-ya-esta-llegando-a-occidente\/","title":{"rendered":"Chinese smart glasses: The new wave already reaching the West"},"content":{"rendered":"<p>Views: 0<\/p>\n<p class=\"wp-block-paragraph\">Smart glasses have become all the rage. The media mentions them daily, social networks are full of videos testing them, and manufacturers are competing to capture a market that seems positioned to take off. But there's one detail that's becoming impossible to ignore: there are more and more Chinese smart glasses, and many of them are surpassing Western ones in both quality and price.<\/p>\n\n\n\n<p class=\"wp-block-paragraph\">For years, Meta has been the benchmark in the West. Its glasses, with well-integrated functions and powerful marketing, have become the most visible model. The problem is that they aren't sold in China, and dozens of local brands have filled that void. Not only giants like Xiaomi or Alibaba, but also new companies that until recently were unknown and are launching very serious products.<\/p>\n\n\n\n<p class=\"wp-block-paragraph\">A striking example is Rokid, probably one of the names gaining the most traction in specialized media. Its glasses are lightweight, discreet, and capable of projecting information onto both lenses in monochrome. They offer highly sought-after features: simultaneous translation, Google Maps integration, a built-in camera, contextual information modes, and mobile compatibility for data processing.<\/p>\n\n\n\n<p class=\"wp-block-paragraph\">You can view the website at: <a href=\"https:\/\/global.rokid.com\/pages\/rokid-glasses\">https:\/\/global.rokid.com\/pages\/rokid-glasses<\/a><\/p>\n\n\n\n<p class=\"wp-block-paragraph\">The surprise? All this in a design that weighs around 50 grams, an essential weight so the user doesn't feel like they're wearing an augmented reality headset.<\/p>\n\n\n\n<p class=\"wp-block-paragraph\">And they're not alone. Dozens of Chinese brands are replicating this philosophy and competing fiercely with each other:<\/p>\n\n\n\n<p class=\"wp-block-paragraph\">. Similar appearance to regular glasses<\/p>\n\n\n\n<p class=\"wp-block-paragraph\">. Very light weight<\/p>\n\n\n\n<p class=\"wp-block-paragraph\">. Practical features for everyday use<\/p>\n\n\n\n<p class=\"wp-block-paragraph\">. Aggressive prices<\/p>\n\n\n\n<figure class=\"wp-block-image size-full is-resized\"><img loading=\"lazy\" decoding=\"async\" width=\"300\" height=\"300\" src=\"https:\/\/desdelaterrazadeamador.com\/wp-content\/uploads\/2026\/01\/Gafa-inteligente-MODELO.jpg\" alt=\"\" class=\"wp-image-4195\" style=\"width:360px;height:auto\" srcset=\"https:\/\/desdelaterrazadeamador.com\/wp-content\/uploads\/2026\/01\/Gafa-inteligente-MODELO.jpg 300w, https:\/\/desdelaterrazadeamador.com\/wp-content\/uploads\/2026\/01\/Gafa-inteligente-MODELO-150x150.jpg 150w, https:\/\/desdelaterrazadeamador.com\/wp-content\/uploads\/2026\/01\/Gafa-inteligente-MODELO-12x12.jpg 12w\" sizes=\"auto, (max-width: 300px) 100vw, 300px\" \/><\/figure>\n\n\n\n<p class=\"wp-block-paragraph\">Meanwhile, in the West, we continue to see models that, in many cases, are larger, more expensive, or have more limited features. The curious thing is that a good portion of Western glasses are already manufactured in Asia, so China has perfect control of the supply chain. Which is a huge advantage.<\/p>\n\n\n\n<p class=\"wp-block-paragraph\">This industrial dominance is allowing Chinese companies to react with enormous speed, something that already happened with smartphones. First, they swept the domestic market and then made the leap globally. Now they're doing the same with smart glasses, but getting ahead of Western companies.<\/p>\n\n\n\n<p class=\"wp-block-paragraph\">The data supports this trend: global sales of smart glasses doubled by 2025, and much of that growth came from Asia. The momentum is so strong that Chinese manufacturers are already positioning themselves directly in Europe and the US, with such compelling offers that many users are starting to question whether it makes sense to pay more for a Western model.<\/p>\n\n\n\n<p class=\"wp-block-paragraph\">However, it's not all perfect. The main problem remains privacy. With cameras included, it's difficult to know when they're recording and when they're not. This creates discomfort in public spaces, especially for those who don't want to be under an invisible lens. It's a debate that will intensify as the glasses become more popular.<\/p>\n\n\n\n<p class=\"wp-block-paragraph\">And then there's the perennial question that some enthusiasts exaggerate: will they replace smartphones?<\/p>\n\n\n\n<p class=\"wp-block-paragraph\">The answer is clear: no, at least not for a long time. The glasses depend on the smartphone to process most of their functions, the screen is still necessary in many situations, and the app ecosystem is far from comparable.<\/p>\n\n\n\n<p class=\"wp-block-paragraph\">What is clear is that smart glasses are becoming a useful new gadget, especially for traveling, working, or enjoying contextual information without looking at your phone. And if the trend continues as it has been, Chinese manufacturers are on track to lead this market, just as they lead in mobile phones, batteries, drones, and much of the global consumer electronics market.<\/p>\n\n\n\n<p class=\"wp-block-paragraph\">The immediate future will not be about glasses that replace mobile phones, but about glasses that complement them. And in that arena, China already has a head start.<\/p>\n\n\n\n<p class=\"wp-block-paragraph\"><\/p>","protected":false},"excerpt":{"rendered":"<p>Views: 0 Las gafas inteligentes se han puesto de moda. Los medios las mencionan a diario, las redes sociales est\u00e1n llenas de v\u00eddeos prob\u00e1ndolas y los fabricantes compiten por quedarse con un mercado que parece a punto de despegar. Pero hay un detalle que empieza a ser imposible ignorar: cada vez hay m\u00e1s gafas inteligentes [&hellip;]<\/p>\n","protected":false},"author":1,"featured_media":0,"comment_status":"open","ping_status":"closed","sticky":false,"template":"","format":"standard","meta":{"_crdt_document":"","footnotes":"","jetpack_publicize_message":"","jetpack_publicize_feature_enabled":true,"jetpack_social_post_already_shared":false,"jetpack_social_options":{"image_generator_settings":{"template":"highway","default_image_id":0,"font":"","enabled":false},"version":2}},"categories":[128,161,147,153,135],"tags":[],"class_list":["post-4205","post","type-post","status-publish","format-standard","hentry","category-artificial-intelligence","category-augmented-reality","category-electronics","category-industry","category-technology"],"yoast_head":"<!-- This site is optimized with the Yoast SEO plugin v27.5 - https:\/\/yoast.com\/product\/yoast-seo-wordpress\/ -->\n<title>Gafas inteligentes chinas: la nueva ola que ya est\u00e1 llegando a Occidente - Desde la terraza de Amador<\/title>\n<meta name=\"description\" content=\"Las gafas inteligentes se han puesto de moda. Los medios las mencionan a diario, las redes sociales est\u00e1n llenas de v\u00eddeos prob\u00e1ndolas y los fabricantes\" \/>\n<meta name=\"robots\" content=\"index, follow, max-snippet:-1, max-image-preview:large, max-video-preview:-1\" \/>\n<link rel=\"canonical\" href=\"https:\/\/desdelaterrazadeamador.com\/en\/gafas-inteligentes-chinas-la-nueva-ola-que-ya-esta-llegando-a-occidente\/\" \/>\n<meta property=\"og:locale\" content=\"en_US\" \/>\n<meta property=\"og:type\" content=\"article\" \/>\n<meta property=\"og:title\" content=\"Gafas inteligentes chinas: la nueva ola que ya est\u00e1 llegando a Occidente - Desde la terraza de Amador\" \/>\n<meta property=\"og:description\" content=\"Las gafas inteligentes se han puesto de moda. Los medios las mencionan a diario, las redes sociales est\u00e1n llenas de v\u00eddeos prob\u00e1ndolas y los fabricantes\" \/>\n<meta property=\"og:url\" content=\"https:\/\/desdelaterrazadeamador.com\/en\/gafas-inteligentes-chinas-la-nueva-ola-que-ya-esta-llegando-a-occidente\/\" \/>\n<meta property=\"og:site_name\" content=\"Desde la terraza de Amador\" \/>\n<meta property=\"article:published_time\" content=\"2026-01-09T07:58:36+00:00\" \/>\n<meta property=\"article:modified_time\" content=\"2026-01-11T07:24:58+00:00\" \/>\n<meta property=\"og:image\" content=\"https:\/\/desdelaterrazadeamador.com\/wp-content\/uploads\/2026\/01\/Gafa-inteligente-MODELO.jpg\" \/>\n\t<meta property=\"og:image:width\" content=\"300\" \/>\n\t<meta property=\"og:image:height\" content=\"300\" \/>\n\t<meta property=\"og:image:type\" content=\"image\/jpeg\" \/>\n<meta name=\"author\" content=\"Amador Palacios\" \/>\n<meta name=\"twitter:card\" content=\"summary_large_image\" \/>\n<meta name=\"twitter:creator\" content=\"@https:\/\/twitter.com\/edurneamaya\" \/>\n<meta name=\"twitter:site\" content=\"@edurneamaya\" \/>\n<meta name=\"twitter:label1\" content=\"Written by\" \/>\n\t<meta name=\"twitter:data1\" content=\"Amador Palacios\" \/>\n\t<meta name=\"twitter:label2\" content=\"Est. reading time\" \/>\n\t<meta name=\"twitter:data2\" content=\"4 minutes\" \/>\n<script type=\"application\/ld+json\" class=\"yoast-schema-graph\">{\"@context\":\"https:\\\/\\\/schema.org\",\"@graph\":[{\"@type\":\"Article\",\"@id\":\"https:\\\/\\\/desdelaterrazadeamador.com\\\/gafas-inteligentes-chinas-la-nueva-ola-que-ya-esta-llegando-a-occidente\\\/#article\",\"isPartOf\":{\"@id\":\"https:\\\/\\\/desdelaterrazadeamador.com\\\/gafas-inteligentes-chinas-la-nueva-ola-que-ya-esta-llegando-a-occidente\\\/\"},\"author\":{\"name\":\"Amador Palacios\",\"@id\":\"https:\\\/\\\/desdelaterrazadeamador.com\\\/#\\\/schema\\\/person\\\/0b6966cf66bcc9a2eb35a69e1c074d66\"},\"headline\":\"Gafas inteligentes chinas: la nueva ola que ya est\u00e1 llegando a Occidente\",\"datePublished\":\"2026-01-09T07:58:36+00:00\",\"dateModified\":\"2026-01-11T07:24:58+00:00\",\"mainEntityOfPage\":{\"@id\":\"https:\\\/\\\/desdelaterrazadeamador.com\\\/gafas-inteligentes-chinas-la-nueva-ola-que-ya-esta-llegando-a-occidente\\\/\"},\"wordCount\":695,\"commentCount\":0,\"publisher\":{\"@id\":\"https:\\\/\\\/desdelaterrazadeamador.com\\\/#\\\/schema\\\/person\\\/0b6966cf66bcc9a2eb35a69e1c074d66\"},\"image\":{\"@id\":\"https:\\\/\\\/desdelaterrazadeamador.com\\\/gafas-inteligentes-chinas-la-nueva-ola-que-ya-esta-llegando-a-occidente\\\/#primaryimage\"},\"thumbnailUrl\":\"https:\\\/\\\/desdelaterrazadeamador.com\\\/wp-content\\\/uploads\\\/2026\\\/01\\\/Gafa-inteligente-MODELO.jpg\",\"articleSection\":[\"Artificial Intelligence\",\"Augmented Reality\",\"Electronics\",\"Industry\",\"Technology\"],\"inLanguage\":\"en-US\",\"potentialAction\":[{\"@type\":\"CommentAction\",\"name\":\"Comment\",\"target\":[\"https:\\\/\\\/desdelaterrazadeamador.com\\\/gafas-inteligentes-chinas-la-nueva-ola-que-ya-esta-llegando-a-occidente\\\/#respond\"]}]},{\"@type\":\"WebPage\",\"@id\":\"https:\\\/\\\/desdelaterrazadeamador.com\\\/gafas-inteligentes-chinas-la-nueva-ola-que-ya-esta-llegando-a-occidente\\\/\",\"url\":\"https:\\\/\\\/desdelaterrazadeamador.com\\\/gafas-inteligentes-chinas-la-nueva-ola-que-ya-esta-llegando-a-occidente\\\/\",\"name\":\"Gafas inteligentes chinas: la nueva ola que ya est\u00e1 llegando a Occidente - Desde la terraza de Amador\",\"isPartOf\":{\"@id\":\"https:\\\/\\\/desdelaterrazadeamador.com\\\/#website\"},\"primaryImageOfPage\":{\"@id\":\"https:\\\/\\\/desdelaterrazadeamador.com\\\/gafas-inteligentes-chinas-la-nueva-ola-que-ya-esta-llegando-a-occidente\\\/#primaryimage\"},\"image\":{\"@id\":\"https:\\\/\\\/desdelaterrazadeamador.com\\\/gafas-inteligentes-chinas-la-nueva-ola-que-ya-esta-llegando-a-occidente\\\/#primaryimage\"},\"thumbnailUrl\":\"https:\\\/\\\/desdelaterrazadeamador.com\\\/wp-content\\\/uploads\\\/2026\\\/01\\\/Gafa-inteligente-MODELO.jpg\",\"datePublished\":\"2026-01-09T07:58:36+00:00\",\"dateModified\":\"2026-01-11T07:24:58+00:00\",\"description\":\"Las gafas inteligentes se han puesto de moda. Los medios las mencionan a diario, las redes sociales est\u00e1n llenas de v\u00eddeos prob\u00e1ndolas y los fabricantes\",\"breadcrumb\":{\"@id\":\"https:\\\/\\\/desdelaterrazadeamador.com\\\/gafas-inteligentes-chinas-la-nueva-ola-que-ya-esta-llegando-a-occidente\\\/#breadcrumb\"},\"inLanguage\":\"en-US\",\"potentialAction\":[{\"@type\":\"ReadAction\",\"target\":[\"https:\\\/\\\/desdelaterrazadeamador.com\\\/gafas-inteligentes-chinas-la-nueva-ola-que-ya-esta-llegando-a-occidente\\\/\"]}]},{\"@type\":\"ImageObject\",\"inLanguage\":\"en-US\",\"@id\":\"https:\\\/\\\/desdelaterrazadeamador.com\\\/gafas-inteligentes-chinas-la-nueva-ola-que-ya-esta-llegando-a-occidente\\\/#primaryimage\",\"url\":\"https:\\\/\\\/desdelaterrazadeamador.com\\\/wp-content\\\/uploads\\\/2026\\\/01\\\/Gafa-inteligente-MODELO.jpg\",\"contentUrl\":\"https:\\\/\\\/desdelaterrazadeamador.com\\\/wp-content\\\/uploads\\\/2026\\\/01\\\/Gafa-inteligente-MODELO.jpg\"},{\"@type\":\"BreadcrumbList\",\"@id\":\"https:\\\/\\\/desdelaterrazadeamador.com\\\/gafas-inteligentes-chinas-la-nueva-ola-que-ya-esta-llegando-a-occidente\\\/#breadcrumb\",\"itemListElement\":[{\"@type\":\"ListItem\",\"position\":1,\"name\":\"Portada\",\"item\":\"https:\\\/\\\/desdelaterrazadeamador.com\\\/\"},{\"@type\":\"ListItem\",\"position\":2,\"name\":\"Gafas inteligentes chinas: la nueva ola que ya est\u00e1 llegando a Occidente\"}]},{\"@type\":\"WebSite\",\"@id\":\"https:\\\/\\\/desdelaterrazadeamador.com\\\/#website\",\"url\":\"https:\\\/\\\/desdelaterrazadeamador.com\\\/\",\"name\":\"Desde la terraza de Amador\",\"description\":\"Reflexiones libres y honestas sobre temas de actualidad social y tecnol\u00f3gica\",\"publisher\":{\"@id\":\"https:\\\/\\\/desdelaterrazadeamador.com\\\/#\\\/schema\\\/person\\\/0b6966cf66bcc9a2eb35a69e1c074d66\"},\"potentialAction\":[{\"@type\":\"SearchAction\",\"target\":{\"@type\":\"EntryPoint\",\"urlTemplate\":\"https:\\\/\\\/desdelaterrazadeamador.com\\\/?s={search_term_string}\"},\"query-input\":{\"@type\":\"PropertyValueSpecification\",\"valueRequired\":true,\"valueName\":\"search_term_string\"}}],\"inLanguage\":\"en-US\"},{\"@type\":[\"Person\",\"Organization\"],\"@id\":\"https:\\\/\\\/desdelaterrazadeamador.com\\\/#\\\/schema\\\/person\\\/0b6966cf66bcc9a2eb35a69e1c074d66\",\"name\":\"Amador Palacios\",\"image\":{\"@type\":\"ImageObject\",\"inLanguage\":\"en-US\",\"@id\":\"https:\\\/\\\/desdelaterrazadeamador.com\\\/wp-content\\\/uploads\\\/2022\\\/01\\\/amador-palacios.jpg\",\"url\":\"https:\\\/\\\/desdelaterrazadeamador.com\\\/wp-content\\\/uploads\\\/2022\\\/01\\\/amador-palacios.jpg\",\"contentUrl\":\"https:\\\/\\\/desdelaterrazadeamador.com\\\/wp-content\\\/uploads\\\/2022\\\/01\\\/amador-palacios.jpg\",\"width\":1265,\"height\":899,\"caption\":\"Amador Palacios\"},\"logo\":{\"@id\":\"https:\\\/\\\/desdelaterrazadeamador.com\\\/wp-content\\\/uploads\\\/2022\\\/01\\\/amador-palacios.jpg\"},\"description\":\"Reflexiones de Amador Palacios sobre temas de Actualidad Social y Tecnol\u00f3gica; otras opiniones diferentes a la m\u00eda son bienvenidas\",\"sameAs\":[\"http:\\\/\\\/desdelaterrazadeamador.com\",\"https:\\\/\\\/es.linkedin.com\\\/in\\\/amador-palacios-499532a\",\"https:\\\/\\\/x.com\\\/https:\\\/\\\/twitter.com\\\/edurneamaya\"]}]}<\/script>\n<!-- \/ Yoast SEO plugin. -->","yoast_head_json":{"title":"Gafas inteligentes chinas: la nueva ola que ya est\u00e1 llegando a Occidente - Desde la terraza de Amador","description":"Las gafas inteligentes se han puesto de moda. Los medios las mencionan a diario, las redes sociales est\u00e1n llenas de v\u00eddeos prob\u00e1ndolas y los fabricantes","robots":{"index":"index","follow":"follow","max-snippet":"max-snippet:-1","max-image-preview":"max-image-preview:large","max-video-preview":"max-video-preview:-1"},"canonical":"https:\/\/desdelaterrazadeamador.com\/en\/gafas-inteligentes-chinas-la-nueva-ola-que-ya-esta-llegando-a-occidente\/","og_locale":"en_US","og_type":"article","og_title":"Gafas inteligentes chinas: la nueva ola que ya est\u00e1 llegando a Occidente - Desde la terraza de Amador","og_description":"Las gafas inteligentes se han puesto de moda. Los medios las mencionan a diario, las redes sociales est\u00e1n llenas de v\u00eddeos prob\u00e1ndolas y los fabricantes","og_url":"https:\/\/desdelaterrazadeamador.com\/en\/gafas-inteligentes-chinas-la-nueva-ola-que-ya-esta-llegando-a-occidente\/","og_site_name":"Desde la terraza de Amador","article_published_time":"2026-01-09T07:58:36+00:00","article_modified_time":"2026-01-11T07:24:58+00:00","og_image":[{"width":300,"height":300,"url":"https:\/\/desdelaterrazadeamador.com\/wp-content\/uploads\/2026\/01\/Gafa-inteligente-MODELO.jpg","type":"image\/jpeg"}],"author":"Amador Palacios","twitter_card":"summary_large_image","twitter_creator":"@https:\/\/twitter.com\/edurneamaya","twitter_site":"@edurneamaya","twitter_misc":{"Written by":"Amador Palacios","Est. reading time":"4 minutes"},"schema":{"@context":"https:\/\/schema.org","@graph":[{"@type":"Article","@id":"https:\/\/desdelaterrazadeamador.com\/gafas-inteligentes-chinas-la-nueva-ola-que-ya-esta-llegando-a-occidente\/#article","isPartOf":{"@id":"https:\/\/desdelaterrazadeamador.com\/gafas-inteligentes-chinas-la-nueva-ola-que-ya-esta-llegando-a-occidente\/"},"author":{"name":"Amador Palacios","@id":"https:\/\/desdelaterrazadeamador.com\/#\/schema\/person\/0b6966cf66bcc9a2eb35a69e1c074d66"},"headline":"Gafas inteligentes chinas: la nueva ola que ya est\u00e1 llegando a Occidente","datePublished":"2026-01-09T07:58:36+00:00","dateModified":"2026-01-11T07:24:58+00:00","mainEntityOfPage":{"@id":"https:\/\/desdelaterrazadeamador.com\/gafas-inteligentes-chinas-la-nueva-ola-que-ya-esta-llegando-a-occidente\/"},"wordCount":695,"commentCount":0,"publisher":{"@id":"https:\/\/desdelaterrazadeamador.com\/#\/schema\/person\/0b6966cf66bcc9a2eb35a69e1c074d66"},"image":{"@id":"https:\/\/desdelaterrazadeamador.com\/gafas-inteligentes-chinas-la-nueva-ola-que-ya-esta-llegando-a-occidente\/#primaryimage"},"thumbnailUrl":"https:\/\/desdelaterrazadeamador.com\/wp-content\/uploads\/2026\/01\/Gafa-inteligente-MODELO.jpg","articleSection":["Artificial Intelligence","Augmented Reality","Electronics","Industry","Technology"],"inLanguage":"en-US","potentialAction":[{"@type":"CommentAction","name":"Comment","target":["https:\/\/desdelaterrazadeamador.com\/gafas-inteligentes-chinas-la-nueva-ola-que-ya-esta-llegando-a-occidente\/#respond"]}]},{"@type":"WebPage","@id":"https:\/\/desdelaterrazadeamador.com\/gafas-inteligentes-chinas-la-nueva-ola-que-ya-esta-llegando-a-occidente\/","url":"https:\/\/desdelaterrazadeamador.com\/gafas-inteligentes-chinas-la-nueva-ola-que-ya-esta-llegando-a-occidente\/","name":"Gafas inteligentes chinas: la nueva ola que ya est\u00e1 llegando a Occidente - Desde la terraza de Amador","isPartOf":{"@id":"https:\/\/desdelaterrazadeamador.com\/#website"},"primaryImageOfPage":{"@id":"https:\/\/desdelaterrazadeamador.com\/gafas-inteligentes-chinas-la-nueva-ola-que-ya-esta-llegando-a-occidente\/#primaryimage"},"image":{"@id":"https:\/\/desdelaterrazadeamador.com\/gafas-inteligentes-chinas-la-nueva-ola-que-ya-esta-llegando-a-occidente\/#primaryimage"},"thumbnailUrl":"https:\/\/desdelaterrazadeamador.com\/wp-content\/uploads\/2026\/01\/Gafa-inteligente-MODELO.jpg","datePublished":"2026-01-09T07:58:36+00:00","dateModified":"2026-01-11T07:24:58+00:00","description":"Las gafas inteligentes se han puesto de moda. Los medios las mencionan a diario, las redes sociales est\u00e1n llenas de v\u00eddeos prob\u00e1ndolas y los fabricantes","breadcrumb":{"@id":"https:\/\/desdelaterrazadeamador.com\/gafas-inteligentes-chinas-la-nueva-ola-que-ya-esta-llegando-a-occidente\/#breadcrumb"},"inLanguage":"en-US","potentialAction":[{"@type":"ReadAction","target":["https:\/\/desdelaterrazadeamador.com\/gafas-inteligentes-chinas-la-nueva-ola-que-ya-esta-llegando-a-occidente\/"]}]},{"@type":"ImageObject","inLanguage":"en-US","@id":"https:\/\/desdelaterrazadeamador.com\/gafas-inteligentes-chinas-la-nueva-ola-que-ya-esta-llegando-a-occidente\/#primaryimage","url":"https:\/\/desdelaterrazadeamador.com\/wp-content\/uploads\/2026\/01\/Gafa-inteligente-MODELO.jpg","contentUrl":"https:\/\/desdelaterrazadeamador.com\/wp-content\/uploads\/2026\/01\/Gafa-inteligente-MODELO.jpg"},{"@type":"BreadcrumbList","@id":"https:\/\/desdelaterrazadeamador.com\/gafas-inteligentes-chinas-la-nueva-ola-que-ya-esta-llegando-a-occidente\/#breadcrumb","itemListElement":[{"@type":"ListItem","position":1,"name":"Portada","item":"https:\/\/desdelaterrazadeamador.com\/"},{"@type":"ListItem","position":2,"name":"Gafas inteligentes chinas: la nueva ola que ya est\u00e1 llegando a Occidente"}]},{"@type":"WebSite","@id":"https:\/\/desdelaterrazadeamador.com\/#website","url":"https:\/\/desdelaterrazadeamador.com\/","name":"Desde la terraza de Amador","description":"Free and honest reflections on current social and technological issues","publisher":{"@id":"https:\/\/desdelaterrazadeamador.com\/#\/schema\/person\/0b6966cf66bcc9a2eb35a69e1c074d66"},"potentialAction":[{"@type":"SearchAction","target":{"@type":"EntryPoint","urlTemplate":"https:\/\/desdelaterrazadeamador.com\/?s={search_term_string}"},"query-input":{"@type":"PropertyValueSpecification","valueRequired":true,"valueName":"search_term_string"}}],"inLanguage":"en-US"},{"@type":["Person","Organization"],"@id":"https:\/\/desdelaterrazadeamador.com\/#\/schema\/person\/0b6966cf66bcc9a2eb35a69e1c074d66","name":"Amador Palacios","image":{"@type":"ImageObject","inLanguage":"en-US","@id":"https:\/\/desdelaterrazadeamador.com\/wp-content\/uploads\/2022\/01\/amador-palacios.jpg","url":"https:\/\/desdelaterrazadeamador.com\/wp-content\/uploads\/2022\/01\/amador-palacios.jpg","contentUrl":"https:\/\/desdelaterrazadeamador.com\/wp-content\/uploads\/2022\/01\/amador-palacios.jpg","width":1265,"height":899,"caption":"Amador Palacios"},"logo":{"@id":"https:\/\/desdelaterrazadeamador.com\/wp-content\/uploads\/2022\/01\/amador-palacios.jpg"},"description":"Reflexiones de Amador Palacios sobre temas de Actualidad Social y Tecnol\u00f3gica; otras opiniones diferentes a la m\u00eda son bienvenidas","sameAs":["http:\/\/desdelaterrazadeamador.com","https:\/\/es.linkedin.com\/in\/amador-palacios-499532a","https:\/\/x.com\/https:\/\/twitter.com\/edurneamaya"]}]}},"jetpack_publicize_connections":[],"_links":{"self":[{"href":"https:\/\/desdelaterrazadeamador.com\/en\/wp-json\/wp\/v2\/posts\/4205","targetHints":{"allow":["GET"]}}],"collection":[{"href":"https:\/\/desdelaterrazadeamador.com\/en\/wp-json\/wp\/v2\/posts"}],"about":[{"href":"https:\/\/desdelaterrazadeamador.com\/en\/wp-json\/wp\/v2\/types\/post"}],"author":[{"embeddable":true,"href":"https:\/\/desdelaterrazadeamador.com\/en\/wp-json\/wp\/v2\/users\/1"}],"replies":[{"embeddable":true,"href":"https:\/\/desdelaterrazadeamador.com\/en\/wp-json\/wp\/v2\/comments?post=4205"}],"version-history":[{"count":1,"href":"https:\/\/desdelaterrazadeamador.com\/en\/wp-json\/wp\/v2\/posts\/4205\/revisions"}],"predecessor-version":[{"id":4206,"href":"https:\/\/desdelaterrazadeamador.com\/en\/wp-json\/wp\/v2\/posts\/4205\/revisions\/4206"}],"wp:attachment":[{"href":"https:\/\/desdelaterrazadeamador.com\/en\/wp-json\/wp\/v2\/media?parent=4205"}],"wp:term":[{"taxonomy":"category","embeddable":true,"href":"https:\/\/desdelaterrazadeamador.com\/en\/wp-json\/wp\/v2\/categories?post=4205"},{"taxonomy":"post_tag","embeddable":true,"href":"https:\/\/desdelaterrazadeamador.com\/en\/wp-json\/wp\/v2\/tags?post=4205"}],"curies":[{"name":"wp","href":"https:\/\/api.w.org\/{rel}","templated":true}]}}