{"id":4094,"date":"2025-11-14T06:21:02","date_gmt":"2025-11-14T05:21:02","guid":{"rendered":"https:\/\/desdelaterrazadeamador.com\/?p=4094"},"modified":"2025-11-16T08:12:44","modified_gmt":"2025-11-16T07:12:44","slug":"la-ia-ya-genera-videos-pero-cuanta-energia-consume","status":"publish","type":"post","link":"https:\/\/desdelaterrazadeamador.com\/en\/la-ia-ya-genera-videos-pero-cuanta-energia-consume\/","title":{"rendered":"AI already generates videos... but how much energy does it consume?"},"content":{"rendered":"<p>Views: 28<\/p>\n<p class=\"wp-block-paragraph\">The arrival of OpenAI's Sora system, capable of generating realistic videos from simple text instructions, marks a technological milestone. It's a marvel that opens up countless creative possibilities, but it has a catch: its impact on energy consumption, the water used to cool data centers, and our global sustainability.<\/p>\n\n\n\n<p class=\"wp-block-paragraph\">When we generate a video with AI, we're asking for much more than text or even images: we're demanding the recreation of movement, light, sound, texture, and so on. This translates into enormous computing power. A recent study on \"Sora-type\" video generators concludes that these models have a significantly higher carbon footprint than AI models that only work with text.<\/p>\n\n\n\n<p class=\"wp-block-paragraph\">To give some approximate figures:<\/p>\n\n\n\n<p class=\"wp-block-paragraph\">. Training a video model requires thousands of chips running for months and consuming gigawatt-hours of power.<\/p>\n\n\n\n<p class=\"wp-block-paragraph\">. Using these models\u2014even though each individual use consumes much less\u2014is multiplied by billions of times per day. And that \u201cless\u201d becomes \u201ca lot.\u201d<\/p>\n\n\n\n<p class=\"wp-block-paragraph\">Furthermore, data centers require enormous volumes of water for cooling. For example, one estimate says that generating a 60-second video could consume \u201cas much as charging 1,800 mobile phones\u201d or keeping twenty 1,000W heaters running for an hour.<\/p>\n\n\n\n<p class=\"wp-block-paragraph\">In other words: the training phase is brutal, and the usage phase also has its hidden cost, especially if we consider the millions of times it is used every day.<\/p>\n\n\n\n<figure class=\"wp-block-image size-full\"><img loading=\"lazy\" decoding=\"async\" width=\"640\" height=\"428\" src=\"https:\/\/desdelaterrazadeamador.com\/wp-content\/uploads\/2021\/12\/IA-MODELO.jpg\" alt=\"\" class=\"wp-image-331\" srcset=\"https:\/\/desdelaterrazadeamador.com\/wp-content\/uploads\/2021\/12\/IA-MODELO.jpg 640w, https:\/\/desdelaterrazadeamador.com\/wp-content\/uploads\/2021\/12\/IA-MODELO-300x201.jpg 300w, https:\/\/desdelaterrazadeamador.com\/wp-content\/uploads\/2021\/12\/IA-MODELO-18x12.jpg 18w\" sizes=\"auto, (max-width: 640px) 100vw, 640px\" \/><\/figure>\n\n\n\n<p class=\"wp-block-paragraph\">It's true that technology is improving. Manufacturers design more efficient chips, data centers optimize their cooling, and AI architectures are refined. But here's the paradox: demand is growing faster than efficiency. Because when you multiply an operation millions of times a day, the impact starts to be serious.<\/p>\n\n\n\n<p class=\"wp-block-paragraph\">The conclusion is clear: the \"free\" for the user hides a real price for the planet's energy system.<\/p>\n\n\n\n<p class=\"wp-block-paragraph\">Against this backdrop, the European regulation, the&nbsp;&nbsp; <strong>Artificial Intelligence Act<\/strong>&nbsp;&nbsp;&nbsp;&nbsp; emerged, which came into force on August 1, 2024. This law requires developers to document the computing and energy needs of their AI systems. This is good news, but the road will be long: full implementation will take until 2026-2027.<\/p>\n\n\n\n<p class=\"wp-block-paragraph\">Transparency is key: without public data, we can't know how much water, electricity, or carbon footprint a service we use almost without thinking is generating.<\/p>\n\n\n\n<p class=\"wp-block-paragraph\">Because AI that generates videos is no longer just for movies or advertising: it's in apps, entertainment, education, and social media. Every video created, edited, or posted with an AI \"button\" has an infrastructure cost. And that cost is paid by the electrical system and the environment.<\/p>\n\n\n\n<p class=\"wp-block-paragraph\">Furthermore, if use grows unchecked and the energy source remains fossil fuels, we are increasing emissions and consuming resources that could be allocated to other urgent priorities (such as health, education, and climate change).<\/p>\n\n\n\n<p class=\"wp-block-paragraph\">What can we do as responsible users?<\/p>\n\n\n\n<p class=\"wp-block-paragraph\">. It's not about stopping using AI video: it's about using it judiciously.<\/p>\n\n\n\n<p class=\"wp-block-paragraph\">. Choose moderate resolutions, avoid generating unnecessary things, and be aware of the \"easy button.\"<\/p>\n\n\n\n<p class=\"wp-block-paragraph\">. Demand transparency from platforms: How much energy do they consume? What cooling system do they use?<\/p>\n\n\n\n<p class=\"wp-block-paragraph\">. Support policies and standards that guarantee the efficiency and sustainable use of AI.<\/p>\n\n\n\n<p class=\"wp-block-paragraph\">AI-generated video is an impressive technological leap. But it also confronts us with a reality: the energy and water consumption of this technology is greater than we think. While we celebrate advances, we must not forget that our sustainability is above any technological toy.<\/p>\n\n\n\n<p class=\"wp-block-paragraph\">The promise of AI-generated video is real; efficiency is progressing, but uncontrolled mass use can take its toll. And now that European regulations are beginning to demand accountability, it's important to observe, ask questions, and decide responsibly.<\/p>\n\n\n\n<p class=\"wp-block-paragraph\">Because AI not only transforms the content we see, but also the energy we consume. And that really matters.<\/p>\n\n\n\n<p class=\"wp-block-paragraph\">You can watch the SORA presentation video:<\/p>\n\n\n\n<figure class=\"wp-block-embed is-type-video is-provider-youtube wp-block-embed-youtube wp-embed-aspect-16-9 wp-has-aspect-ratio\"><div class=\"wp-block-embed__wrapper\">\n<iframe loading=\"lazy\" title=\"Sound on for Sora 2\" width=\"640\" height=\"360\" src=\"https:\/\/www.youtube.com\/embed\/1PaoWKvcJP0?feature=oembed\" frameborder=\"0\" allow=\"accelerometer; autoplay; clipboard-write; encrypted-media; gyroscope; picture-in-picture; web-share\" referrerpolicy=\"strict-origin-when-cross-origin\" allowfullscreen><\/iframe>\n<\/div><\/figure>","protected":false},"excerpt":{"rendered":"<p>Views: 28 La llegada del sistema Sora de OpenAI, capaz de generar v\u00eddeos realistas a partir de simples instrucciones de texto, marca un hito tecnol\u00f3gico. Es una maravilla que abre infinidad de posibilidades creativas, pero tiene un pero: su impacto en el consumo energ\u00e9tico, en el agua usada para refrigerar los centros de datos y [&hellip;]<\/p>\n","protected":false},"author":1,"featured_media":0,"comment_status":"open","ping_status":"closed","sticky":false,"template":"","format":"standard","meta":{"_crdt_document":"","footnotes":"","jetpack_publicize_message":"","jetpack_publicize_feature_enabled":true,"jetpack_social_post_already_shared":false,"jetpack_social_options":{"image_generator_settings":{"template":"highway","default_image_id":0,"font":"","enabled":false},"version":2}},"categories":[128,153,135],"tags":[],"class_list":["post-4094","post","type-post","status-publish","format-standard","hentry","category-artificial-intelligence","category-industry","category-technology"],"yoast_head":"<!-- This site is optimized with the Yoast SEO plugin v27.5 - https:\/\/yoast.com\/product\/yoast-seo-wordpress\/ -->\n<title>La IA ya genera v\u00eddeos\u2026\u00a0 \u00bfpero cu\u00e1nta energ\u00eda consume? - Desde la terraza de Amador<\/title>\n<meta name=\"description\" content=\"La llegada del sistema Sora de OpenAI, capaz de generar v\u00eddeos realistas a partir de simples instrucciones de texto, marca un hito tecnol\u00f3gico. Es una\" \/>\n<meta name=\"robots\" content=\"index, follow, max-snippet:-1, max-image-preview:large, max-video-preview:-1\" \/>\n<link rel=\"canonical\" href=\"https:\/\/desdelaterrazadeamador.com\/en\/la-ia-ya-genera-videos-pero-cuanta-energia-consume\/\" \/>\n<meta property=\"og:locale\" content=\"en_US\" \/>\n<meta property=\"og:type\" content=\"article\" \/>\n<meta property=\"og:title\" content=\"La IA ya genera v\u00eddeos\u2026\u00a0 \u00bfpero cu\u00e1nta energ\u00eda consume? - Desde la terraza de Amador\" \/>\n<meta property=\"og:description\" content=\"La llegada del sistema Sora de OpenAI, capaz de generar v\u00eddeos realistas a partir de simples instrucciones de texto, marca un hito tecnol\u00f3gico. Es una\" \/>\n<meta property=\"og:url\" content=\"https:\/\/desdelaterrazadeamador.com\/en\/la-ia-ya-genera-videos-pero-cuanta-energia-consume\/\" \/>\n<meta property=\"og:site_name\" content=\"Desde la terraza de Amador\" \/>\n<meta property=\"article:published_time\" content=\"2025-11-14T05:21:02+00:00\" \/>\n<meta property=\"article:modified_time\" content=\"2025-11-16T07:12:44+00:00\" \/>\n<meta property=\"og:image\" content=\"https:\/\/desdelaterrazadeamador.com\/wp-content\/uploads\/2021\/12\/IA-MODELO.jpg\" \/>\n\t<meta property=\"og:image:width\" content=\"640\" \/>\n\t<meta property=\"og:image:height\" content=\"428\" \/>\n\t<meta property=\"og:image:type\" content=\"image\/jpeg\" \/>\n<meta name=\"author\" content=\"Amador Palacios\" \/>\n<meta name=\"twitter:card\" content=\"summary_large_image\" \/>\n<meta name=\"twitter:creator\" content=\"@https:\/\/twitter.com\/edurneamaya\" \/>\n<meta name=\"twitter:site\" content=\"@edurneamaya\" \/>\n<meta name=\"twitter:label1\" content=\"Written by\" \/>\n\t<meta name=\"twitter:data1\" content=\"Amador Palacios\" \/>\n\t<meta name=\"twitter:label2\" content=\"Est. reading time\" \/>\n\t<meta name=\"twitter:data2\" content=\"4 minutes\" \/>\n<script type=\"application\/ld+json\" class=\"yoast-schema-graph\">{\"@context\":\"https:\\\/\\\/schema.org\",\"@graph\":[{\"@type\":\"Article\",\"@id\":\"https:\\\/\\\/desdelaterrazadeamador.com\\\/la-ia-ya-genera-videos-pero-cuanta-energia-consume\\\/#article\",\"isPartOf\":{\"@id\":\"https:\\\/\\\/desdelaterrazadeamador.com\\\/la-ia-ya-genera-videos-pero-cuanta-energia-consume\\\/\"},\"author\":{\"name\":\"Amador Palacios\",\"@id\":\"https:\\\/\\\/desdelaterrazadeamador.com\\\/#\\\/schema\\\/person\\\/0b6966cf66bcc9a2eb35a69e1c074d66\"},\"headline\":\"La IA ya genera v\u00eddeos\u2026\u00a0 \u00bfpero cu\u00e1nta energ\u00eda consume?\",\"datePublished\":\"2025-11-14T05:21:02+00:00\",\"dateModified\":\"2025-11-16T07:12:44+00:00\",\"mainEntityOfPage\":{\"@id\":\"https:\\\/\\\/desdelaterrazadeamador.com\\\/la-ia-ya-genera-videos-pero-cuanta-energia-consume\\\/\"},\"wordCount\":758,\"commentCount\":0,\"publisher\":{\"@id\":\"https:\\\/\\\/desdelaterrazadeamador.com\\\/#\\\/schema\\\/person\\\/0b6966cf66bcc9a2eb35a69e1c074d66\"},\"image\":{\"@id\":\"https:\\\/\\\/desdelaterrazadeamador.com\\\/la-ia-ya-genera-videos-pero-cuanta-energia-consume\\\/#primaryimage\"},\"thumbnailUrl\":\"https:\\\/\\\/desdelaterrazadeamador.com\\\/wp-content\\\/uploads\\\/2021\\\/12\\\/IA-MODELO.jpg\",\"articleSection\":[\"Artificial Intelligence\",\"Industry\",\"Technology\"],\"inLanguage\":\"en-US\",\"potentialAction\":[{\"@type\":\"CommentAction\",\"name\":\"Comment\",\"target\":[\"https:\\\/\\\/desdelaterrazadeamador.com\\\/la-ia-ya-genera-videos-pero-cuanta-energia-consume\\\/#respond\"]}]},{\"@type\":\"WebPage\",\"@id\":\"https:\\\/\\\/desdelaterrazadeamador.com\\\/la-ia-ya-genera-videos-pero-cuanta-energia-consume\\\/\",\"url\":\"https:\\\/\\\/desdelaterrazadeamador.com\\\/la-ia-ya-genera-videos-pero-cuanta-energia-consume\\\/\",\"name\":\"La IA ya genera v\u00eddeos\u2026\u00a0 \u00bfpero cu\u00e1nta energ\u00eda consume? - Desde la terraza de Amador\",\"isPartOf\":{\"@id\":\"https:\\\/\\\/desdelaterrazadeamador.com\\\/#website\"},\"primaryImageOfPage\":{\"@id\":\"https:\\\/\\\/desdelaterrazadeamador.com\\\/la-ia-ya-genera-videos-pero-cuanta-energia-consume\\\/#primaryimage\"},\"image\":{\"@id\":\"https:\\\/\\\/desdelaterrazadeamador.com\\\/la-ia-ya-genera-videos-pero-cuanta-energia-consume\\\/#primaryimage\"},\"thumbnailUrl\":\"https:\\\/\\\/desdelaterrazadeamador.com\\\/wp-content\\\/uploads\\\/2021\\\/12\\\/IA-MODELO.jpg\",\"datePublished\":\"2025-11-14T05:21:02+00:00\",\"dateModified\":\"2025-11-16T07:12:44+00:00\",\"description\":\"La llegada del sistema Sora de OpenAI, capaz de generar v\u00eddeos realistas a partir de simples instrucciones de texto, marca un hito tecnol\u00f3gico. Es una\",\"breadcrumb\":{\"@id\":\"https:\\\/\\\/desdelaterrazadeamador.com\\\/la-ia-ya-genera-videos-pero-cuanta-energia-consume\\\/#breadcrumb\"},\"inLanguage\":\"en-US\",\"potentialAction\":[{\"@type\":\"ReadAction\",\"target\":[\"https:\\\/\\\/desdelaterrazadeamador.com\\\/la-ia-ya-genera-videos-pero-cuanta-energia-consume\\\/\"]}]},{\"@type\":\"ImageObject\",\"inLanguage\":\"en-US\",\"@id\":\"https:\\\/\\\/desdelaterrazadeamador.com\\\/la-ia-ya-genera-videos-pero-cuanta-energia-consume\\\/#primaryimage\",\"url\":\"https:\\\/\\\/desdelaterrazadeamador.com\\\/wp-content\\\/uploads\\\/2021\\\/12\\\/IA-MODELO.jpg\",\"contentUrl\":\"https:\\\/\\\/desdelaterrazadeamador.com\\\/wp-content\\\/uploads\\\/2021\\\/12\\\/IA-MODELO.jpg\"},{\"@type\":\"BreadcrumbList\",\"@id\":\"https:\\\/\\\/desdelaterrazadeamador.com\\\/la-ia-ya-genera-videos-pero-cuanta-energia-consume\\\/#breadcrumb\",\"itemListElement\":[{\"@type\":\"ListItem\",\"position\":1,\"name\":\"Portada\",\"item\":\"https:\\\/\\\/desdelaterrazadeamador.com\\\/\"},{\"@type\":\"ListItem\",\"position\":2,\"name\":\"La IA ya genera v\u00eddeos\u2026\u00a0 \u00bfpero cu\u00e1nta energ\u00eda consume?\"}]},{\"@type\":\"WebSite\",\"@id\":\"https:\\\/\\\/desdelaterrazadeamador.com\\\/#website\",\"url\":\"https:\\\/\\\/desdelaterrazadeamador.com\\\/\",\"name\":\"Desde la terraza de Amador\",\"description\":\"Reflexiones libres y honestas sobre temas de actualidad social y tecnol\u00f3gica\",\"publisher\":{\"@id\":\"https:\\\/\\\/desdelaterrazadeamador.com\\\/#\\\/schema\\\/person\\\/0b6966cf66bcc9a2eb35a69e1c074d66\"},\"potentialAction\":[{\"@type\":\"SearchAction\",\"target\":{\"@type\":\"EntryPoint\",\"urlTemplate\":\"https:\\\/\\\/desdelaterrazadeamador.com\\\/?s={search_term_string}\"},\"query-input\":{\"@type\":\"PropertyValueSpecification\",\"valueRequired\":true,\"valueName\":\"search_term_string\"}}],\"inLanguage\":\"en-US\"},{\"@type\":[\"Person\",\"Organization\"],\"@id\":\"https:\\\/\\\/desdelaterrazadeamador.com\\\/#\\\/schema\\\/person\\\/0b6966cf66bcc9a2eb35a69e1c074d66\",\"name\":\"Amador Palacios\",\"image\":{\"@type\":\"ImageObject\",\"inLanguage\":\"en-US\",\"@id\":\"https:\\\/\\\/desdelaterrazadeamador.com\\\/wp-content\\\/uploads\\\/2022\\\/01\\\/amador-palacios.jpg\",\"url\":\"https:\\\/\\\/desdelaterrazadeamador.com\\\/wp-content\\\/uploads\\\/2022\\\/01\\\/amador-palacios.jpg\",\"contentUrl\":\"https:\\\/\\\/desdelaterrazadeamador.com\\\/wp-content\\\/uploads\\\/2022\\\/01\\\/amador-palacios.jpg\",\"width\":1265,\"height\":899,\"caption\":\"Amador Palacios\"},\"logo\":{\"@id\":\"https:\\\/\\\/desdelaterrazadeamador.com\\\/wp-content\\\/uploads\\\/2022\\\/01\\\/amador-palacios.jpg\"},\"description\":\"Reflexiones de Amador Palacios sobre temas de Actualidad Social y Tecnol\u00f3gica; otras opiniones diferentes a la m\u00eda son bienvenidas\",\"sameAs\":[\"http:\\\/\\\/desdelaterrazadeamador.com\",\"https:\\\/\\\/es.linkedin.com\\\/in\\\/amador-palacios-499532a\",\"https:\\\/\\\/x.com\\\/https:\\\/\\\/twitter.com\\\/edurneamaya\"]}]}<\/script>\n<!-- \/ Yoast SEO plugin. -->","yoast_head_json":{"title":"La IA ya genera v\u00eddeos\u2026\u00a0 \u00bfpero cu\u00e1nta energ\u00eda consume? - Desde la terraza de Amador","description":"La llegada del sistema Sora de OpenAI, capaz de generar v\u00eddeos realistas a partir de simples instrucciones de texto, marca un hito tecnol\u00f3gico. Es una","robots":{"index":"index","follow":"follow","max-snippet":"max-snippet:-1","max-image-preview":"max-image-preview:large","max-video-preview":"max-video-preview:-1"},"canonical":"https:\/\/desdelaterrazadeamador.com\/en\/la-ia-ya-genera-videos-pero-cuanta-energia-consume\/","og_locale":"en_US","og_type":"article","og_title":"La IA ya genera v\u00eddeos\u2026\u00a0 \u00bfpero cu\u00e1nta energ\u00eda consume? - Desde la terraza de Amador","og_description":"La llegada del sistema Sora de OpenAI, capaz de generar v\u00eddeos realistas a partir de simples instrucciones de texto, marca un hito tecnol\u00f3gico. Es una","og_url":"https:\/\/desdelaterrazadeamador.com\/en\/la-ia-ya-genera-videos-pero-cuanta-energia-consume\/","og_site_name":"Desde la terraza de Amador","article_published_time":"2025-11-14T05:21:02+00:00","article_modified_time":"2025-11-16T07:12:44+00:00","og_image":[{"width":640,"height":428,"url":"https:\/\/desdelaterrazadeamador.com\/wp-content\/uploads\/2021\/12\/IA-MODELO.jpg","type":"image\/jpeg"}],"author":"Amador Palacios","twitter_card":"summary_large_image","twitter_creator":"@https:\/\/twitter.com\/edurneamaya","twitter_site":"@edurneamaya","twitter_misc":{"Written by":"Amador Palacios","Est. reading time":"4 minutes"},"schema":{"@context":"https:\/\/schema.org","@graph":[{"@type":"Article","@id":"https:\/\/desdelaterrazadeamador.com\/la-ia-ya-genera-videos-pero-cuanta-energia-consume\/#article","isPartOf":{"@id":"https:\/\/desdelaterrazadeamador.com\/la-ia-ya-genera-videos-pero-cuanta-energia-consume\/"},"author":{"name":"Amador Palacios","@id":"https:\/\/desdelaterrazadeamador.com\/#\/schema\/person\/0b6966cf66bcc9a2eb35a69e1c074d66"},"headline":"La IA ya genera v\u00eddeos\u2026\u00a0 \u00bfpero cu\u00e1nta energ\u00eda consume?","datePublished":"2025-11-14T05:21:02+00:00","dateModified":"2025-11-16T07:12:44+00:00","mainEntityOfPage":{"@id":"https:\/\/desdelaterrazadeamador.com\/la-ia-ya-genera-videos-pero-cuanta-energia-consume\/"},"wordCount":758,"commentCount":0,"publisher":{"@id":"https:\/\/desdelaterrazadeamador.com\/#\/schema\/person\/0b6966cf66bcc9a2eb35a69e1c074d66"},"image":{"@id":"https:\/\/desdelaterrazadeamador.com\/la-ia-ya-genera-videos-pero-cuanta-energia-consume\/#primaryimage"},"thumbnailUrl":"https:\/\/desdelaterrazadeamador.com\/wp-content\/uploads\/2021\/12\/IA-MODELO.jpg","articleSection":["Artificial Intelligence","Industry","Technology"],"inLanguage":"en-US","potentialAction":[{"@type":"CommentAction","name":"Comment","target":["https:\/\/desdelaterrazadeamador.com\/la-ia-ya-genera-videos-pero-cuanta-energia-consume\/#respond"]}]},{"@type":"WebPage","@id":"https:\/\/desdelaterrazadeamador.com\/la-ia-ya-genera-videos-pero-cuanta-energia-consume\/","url":"https:\/\/desdelaterrazadeamador.com\/la-ia-ya-genera-videos-pero-cuanta-energia-consume\/","name":"La IA ya genera v\u00eddeos\u2026\u00a0 \u00bfpero cu\u00e1nta energ\u00eda consume? - Desde la terraza de Amador","isPartOf":{"@id":"https:\/\/desdelaterrazadeamador.com\/#website"},"primaryImageOfPage":{"@id":"https:\/\/desdelaterrazadeamador.com\/la-ia-ya-genera-videos-pero-cuanta-energia-consume\/#primaryimage"},"image":{"@id":"https:\/\/desdelaterrazadeamador.com\/la-ia-ya-genera-videos-pero-cuanta-energia-consume\/#primaryimage"},"thumbnailUrl":"https:\/\/desdelaterrazadeamador.com\/wp-content\/uploads\/2021\/12\/IA-MODELO.jpg","datePublished":"2025-11-14T05:21:02+00:00","dateModified":"2025-11-16T07:12:44+00:00","description":"La llegada del sistema Sora de OpenAI, capaz de generar v\u00eddeos realistas a partir de simples instrucciones de texto, marca un hito tecnol\u00f3gico. Es una","breadcrumb":{"@id":"https:\/\/desdelaterrazadeamador.com\/la-ia-ya-genera-videos-pero-cuanta-energia-consume\/#breadcrumb"},"inLanguage":"en-US","potentialAction":[{"@type":"ReadAction","target":["https:\/\/desdelaterrazadeamador.com\/la-ia-ya-genera-videos-pero-cuanta-energia-consume\/"]}]},{"@type":"ImageObject","inLanguage":"en-US","@id":"https:\/\/desdelaterrazadeamador.com\/la-ia-ya-genera-videos-pero-cuanta-energia-consume\/#primaryimage","url":"https:\/\/desdelaterrazadeamador.com\/wp-content\/uploads\/2021\/12\/IA-MODELO.jpg","contentUrl":"https:\/\/desdelaterrazadeamador.com\/wp-content\/uploads\/2021\/12\/IA-MODELO.jpg"},{"@type":"BreadcrumbList","@id":"https:\/\/desdelaterrazadeamador.com\/la-ia-ya-genera-videos-pero-cuanta-energia-consume\/#breadcrumb","itemListElement":[{"@type":"ListItem","position":1,"name":"Portada","item":"https:\/\/desdelaterrazadeamador.com\/"},{"@type":"ListItem","position":2,"name":"La IA ya genera v\u00eddeos\u2026\u00a0 \u00bfpero cu\u00e1nta energ\u00eda consume?"}]},{"@type":"WebSite","@id":"https:\/\/desdelaterrazadeamador.com\/#website","url":"https:\/\/desdelaterrazadeamador.com\/","name":"Desde la terraza de Amador","description":"Free and honest reflections on current social and technological issues","publisher":{"@id":"https:\/\/desdelaterrazadeamador.com\/#\/schema\/person\/0b6966cf66bcc9a2eb35a69e1c074d66"},"potentialAction":[{"@type":"SearchAction","target":{"@type":"EntryPoint","urlTemplate":"https:\/\/desdelaterrazadeamador.com\/?s={search_term_string}"},"query-input":{"@type":"PropertyValueSpecification","valueRequired":true,"valueName":"search_term_string"}}],"inLanguage":"en-US"},{"@type":["Person","Organization"],"@id":"https:\/\/desdelaterrazadeamador.com\/#\/schema\/person\/0b6966cf66bcc9a2eb35a69e1c074d66","name":"Amador Palacios","image":{"@type":"ImageObject","inLanguage":"en-US","@id":"https:\/\/desdelaterrazadeamador.com\/wp-content\/uploads\/2022\/01\/amador-palacios.jpg","url":"https:\/\/desdelaterrazadeamador.com\/wp-content\/uploads\/2022\/01\/amador-palacios.jpg","contentUrl":"https:\/\/desdelaterrazadeamador.com\/wp-content\/uploads\/2022\/01\/amador-palacios.jpg","width":1265,"height":899,"caption":"Amador Palacios"},"logo":{"@id":"https:\/\/desdelaterrazadeamador.com\/wp-content\/uploads\/2022\/01\/amador-palacios.jpg"},"description":"Reflexiones de Amador Palacios sobre temas de Actualidad Social y Tecnol\u00f3gica; otras opiniones diferentes a la m\u00eda son bienvenidas","sameAs":["http:\/\/desdelaterrazadeamador.com","https:\/\/es.linkedin.com\/in\/amador-palacios-499532a","https:\/\/x.com\/https:\/\/twitter.com\/edurneamaya"]}]}},"jetpack_publicize_connections":[],"_links":{"self":[{"href":"https:\/\/desdelaterrazadeamador.com\/en\/wp-json\/wp\/v2\/posts\/4094","targetHints":{"allow":["GET"]}}],"collection":[{"href":"https:\/\/desdelaterrazadeamador.com\/en\/wp-json\/wp\/v2\/posts"}],"about":[{"href":"https:\/\/desdelaterrazadeamador.com\/en\/wp-json\/wp\/v2\/types\/post"}],"author":[{"embeddable":true,"href":"https:\/\/desdelaterrazadeamador.com\/en\/wp-json\/wp\/v2\/users\/1"}],"replies":[{"embeddable":true,"href":"https:\/\/desdelaterrazadeamador.com\/en\/wp-json\/wp\/v2\/comments?post=4094"}],"version-history":[{"count":1,"href":"https:\/\/desdelaterrazadeamador.com\/en\/wp-json\/wp\/v2\/posts\/4094\/revisions"}],"predecessor-version":[{"id":4095,"href":"https:\/\/desdelaterrazadeamador.com\/en\/wp-json\/wp\/v2\/posts\/4094\/revisions\/4095"}],"wp:attachment":[{"href":"https:\/\/desdelaterrazadeamador.com\/en\/wp-json\/wp\/v2\/media?parent=4094"}],"wp:term":[{"taxonomy":"category","embeddable":true,"href":"https:\/\/desdelaterrazadeamador.com\/en\/wp-json\/wp\/v2\/categories?post=4094"},{"taxonomy":"post_tag","embeddable":true,"href":"https:\/\/desdelaterrazadeamador.com\/en\/wp-json\/wp\/v2\/tags?post=4094"}],"curies":[{"name":"wp","href":"https:\/\/api.w.org\/{rel}","templated":true}]}}