{"id":3860,"date":"2025-07-24T07:47:38","date_gmt":"2025-07-24T05:47:38","guid":{"rendered":"https:\/\/desdelaterrazadeamador.com\/?p=3860"},"modified":"2025-07-27T08:03:13","modified_gmt":"2025-07-27T06:03:13","slug":"es-asi-como-pretenden-controlarnos-en-las-ciudades-es-para-preocuparse","status":"publish","type":"post","link":"https:\/\/desdelaterrazadeamador.com\/en\/es-asi-como-pretenden-controlarnos-en-las-ciudades-es-para-preocuparse\/","title":{"rendered":"Is this how they intend to control us in cities? It's worrying \u00a0"},"content":{"rendered":"<p>Views: 0<\/p>\n<p class=\"wp-block-paragraph\">Every time we marvel at the advances in technology in smart cities, we should ask ourselves an essential question: are we gaining convenience or surrendering freedom? The line between innovation and control is becoming dangerously blurred, and recent examples show how poorly managed progress can become a direct threat to our privacy.<\/p>\n\n\n\n<p class=\"wp-block-paragraph\">One of the most disturbing cases is unfolding in Walnut Creek, a city in the San Francisco Bay Area, California. At first glance, it might seem like just another story about how a city seeks to improve its local economy, attract visitors, and encourage commerce. But upon closer inspection, what's happening there is cause for deep concern.<\/p>\n\n\n\n<p class=\"wp-block-paragraph\">In Walnut Creek, the Chamber of Commerce has hired a specialized company to collect data on the city's visitors. To what end? According to them, they want to understand consumer habits, most frequent trips, stores visited, length of stay in certain areas, and so on. They say it's for the good of the city, for economic development, for better local business planning. The truth, however, is that they are collecting information on anyone who spends more than an hour in the city, using cell towers, public Wi-Fi networks, and other technological tracking systems.<\/p>\n\n\n\n<p class=\"wp-block-paragraph\">This type of surveillance raises a host of ethical and legal questions. Although authorities assure us that the data is anonymous\u2014that it does not include names or email addresses\u2014we know perfectly well that with the current level of analysis and the cross-referencing that can be done across different databases, it is perfectly possible to identify a specific person with an extremely high probability.<\/p>\n\n\n\n<figure class=\"wp-block-image size-full is-resized\"><img loading=\"lazy\" decoding=\"async\" width=\"300\" height=\"225\" src=\"https:\/\/desdelaterrazadeamador.com\/wp-content\/uploads\/2025\/07\/Walnut-Creek.jpg\" alt=\"\" class=\"wp-image-3861\" style=\"width:387px;height:auto\" srcset=\"https:\/\/desdelaterrazadeamador.com\/wp-content\/uploads\/2025\/07\/Walnut-Creek.jpg 300w, https:\/\/desdelaterrazadeamador.com\/wp-content\/uploads\/2025\/07\/Walnut-Creek-16x12.jpg 16w\" sizes=\"auto, (max-width: 300px) 100vw, 300px\" \/><\/figure>\n\n\n\n<p class=\"wp-block-paragraph\">The most troubling thing is that this massive data collection is carried out without people's explicit knowledge or informed consent. This is not an app that someone voluntarily downloads, accepting its terms and conditions. No, this happens simply by walking around a city, without anyone asking if you agree to have your movements and decisions analyzed.<\/p>\n\n\n\n<p class=\"wp-block-paragraph\">Is this acceptable in a society that claims to defend individual freedom? Is it valid to justify this surveillance with the argument that \"it's for the economic good of the city\"? I don't think so.<\/p>\n\n\n\n<p class=\"wp-block-paragraph\">Our privacy cannot be a bargaining chip. Not everything is worth it in the name of efficiency or growth. If we accept these practices without question, it will soon become normal for every step we take in an urban space to be recorded, analyzed, and monetized. And that's a type of control we shouldn't allow, no matter how much it's disguised as collective benefit.<\/p>\n\n\n\n<p class=\"wp-block-paragraph\">Furthermore, these kinds of social experiments teach us a clear lesson: if we know a city is monitoring us in this way, we can always choose not to visit. Tourism, the local economy, and a city's prestige depend, in large part, on how visitors perceive it. If citizens are reluctant and visitors decide not to return, perhaps those same authorities will reconsider the ethical limits of their decisions.<\/p>\n\n\n\n<p class=\"wp-block-paragraph\">Today it's Walnut Creek. Tomorrow it could be your city. That's why I believe it's essential to speak out. Technology should serve people, not the other way around. Defending our privacy isn't a nostalgic whim or a resistance to progress; it's a necessity in a world where every piece of data can be used as a weapon of control.<\/p>\n\n\n\n<p class=\"wp-block-paragraph\">Because yes, this is a form of control. And if we don't set limits now, we'll soon find ourselves living in cities where everything is calculated, and each of us has become just another number on a trading strategy board.<\/p>\n\n\n\n<p class=\"wp-block-paragraph\">And that, honestly, is not the kind of future I want.<\/p>","protected":false},"excerpt":{"rendered":"<p>Views: 0 Cada vez que nos maravillamos con los avances de la tecnolog\u00eda en las ciudades inteligentes, deber\u00edamos hacernos una pregunta esencial: \u00bfestamos ganando comodidad o cediendo libertad? La l\u00ednea que separa la innovaci\u00f3n del control se est\u00e1 volviendo peligrosamente difusa, y ejemplos recientes muestran c\u00f3mo el progreso mal gestionado puede convertirse en una amenaza [&hellip;]<\/p>\n","protected":false},"author":1,"featured_media":0,"comment_status":"open","ping_status":"closed","sticky":false,"template":"","format":"standard","meta":{"_crdt_document":"","footnotes":"","jetpack_publicize_message":"","jetpack_publicize_feature_enabled":true,"jetpack_social_post_already_shared":false,"jetpack_social_options":{"image_generator_settings":{"template":"highway","default_image_id":0,"font":"","enabled":false},"version":2}},"categories":[130,129,102,135],"tags":[],"class_list":["post-3860","post","type-post","status-publish","format-standard","hentry","category-fredom","category-privacy","category-society","category-technology"],"yoast_head":"<!-- This site is optimized with the Yoast SEO plugin v27.5 - https:\/\/yoast.com\/product\/yoast-seo-wordpress\/ -->\n<title>\u00bf Es as\u00ed como pretenden controlarnos en las ciudades? Es para preocuparse \u00a0 - Desde la terraza de Amador<\/title>\n<meta name=\"description\" content=\"Cada vez que nos maravillamos con los avances de la tecnolog\u00eda en las ciudades inteligentes, deber\u00edamos hacernos una pregunta esencial: \u00bfestamos ganando\" \/>\n<meta name=\"robots\" content=\"index, follow, max-snippet:-1, max-image-preview:large, max-video-preview:-1\" \/>\n<link rel=\"canonical\" href=\"https:\/\/desdelaterrazadeamador.com\/en\/es-asi-como-pretenden-controlarnos-en-las-ciudades-es-para-preocuparse\/\" \/>\n<meta property=\"og:locale\" content=\"en_US\" \/>\n<meta property=\"og:type\" content=\"article\" \/>\n<meta property=\"og:title\" content=\"\u00bf Es as\u00ed como pretenden controlarnos en las ciudades? Es para preocuparse \u00a0 - Desde la terraza de Amador\" \/>\n<meta property=\"og:description\" content=\"Cada vez que nos maravillamos con los avances de la tecnolog\u00eda en las ciudades inteligentes, deber\u00edamos hacernos una pregunta esencial: \u00bfestamos ganando\" \/>\n<meta property=\"og:url\" content=\"https:\/\/desdelaterrazadeamador.com\/en\/es-asi-como-pretenden-controlarnos-en-las-ciudades-es-para-preocuparse\/\" \/>\n<meta property=\"og:site_name\" content=\"Desde la terraza de Amador\" \/>\n<meta property=\"article:published_time\" content=\"2025-07-24T05:47:38+00:00\" \/>\n<meta property=\"article:modified_time\" content=\"2025-07-27T06:03:13+00:00\" \/>\n<meta property=\"og:image\" content=\"https:\/\/desdelaterrazadeamador.com\/wp-content\/uploads\/2025\/07\/Walnut-Creek.jpg\" \/>\n\t<meta property=\"og:image:width\" content=\"300\" \/>\n\t<meta property=\"og:image:height\" content=\"225\" \/>\n\t<meta property=\"og:image:type\" content=\"image\/jpeg\" \/>\n<meta name=\"author\" content=\"Amador Palacios\" \/>\n<meta name=\"twitter:card\" content=\"summary_large_image\" \/>\n<meta name=\"twitter:creator\" content=\"@https:\/\/twitter.com\/edurneamaya\" \/>\n<meta name=\"twitter:site\" content=\"@edurneamaya\" \/>\n<meta name=\"twitter:label1\" content=\"Written by\" \/>\n\t<meta name=\"twitter:data1\" content=\"Amador Palacios\" \/>\n<script type=\"application\/ld+json\" class=\"yoast-schema-graph\">{\"@context\":\"https:\\\/\\\/schema.org\",\"@graph\":[{\"@type\":\"Article\",\"@id\":\"https:\\\/\\\/desdelaterrazadeamador.com\\\/es-asi-como-pretenden-controlarnos-en-las-ciudades-es-para-preocuparse\\\/#article\",\"isPartOf\":{\"@id\":\"https:\\\/\\\/desdelaterrazadeamador.com\\\/es-asi-como-pretenden-controlarnos-en-las-ciudades-es-para-preocuparse\\\/\"},\"author\":{\"name\":\"Amador Palacios\",\"@id\":\"https:\\\/\\\/desdelaterrazadeamador.com\\\/#\\\/schema\\\/person\\\/0b6966cf66bcc9a2eb35a69e1c074d66\"},\"headline\":\"\u00bf Es as\u00ed como pretenden controlarnos en las ciudades? Es para preocuparse \u00a0\",\"datePublished\":\"2025-07-24T05:47:38+00:00\",\"dateModified\":\"2025-07-27T06:03:13+00:00\",\"mainEntityOfPage\":{\"@id\":\"https:\\\/\\\/desdelaterrazadeamador.com\\\/es-asi-como-pretenden-controlarnos-en-las-ciudades-es-para-preocuparse\\\/\"},\"wordCount\":699,\"commentCount\":0,\"publisher\":{\"@id\":\"https:\\\/\\\/desdelaterrazadeamador.com\\\/#\\\/schema\\\/person\\\/0b6966cf66bcc9a2eb35a69e1c074d66\"},\"image\":{\"@id\":\"https:\\\/\\\/desdelaterrazadeamador.com\\\/es-asi-como-pretenden-controlarnos-en-las-ciudades-es-para-preocuparse\\\/#primaryimage\"},\"thumbnailUrl\":\"https:\\\/\\\/desdelaterrazadeamador.com\\\/wp-content\\\/uploads\\\/2025\\\/07\\\/Walnut-Creek.jpg\",\"articleSection\":[\"Fredom\",\"Privacy\",\"Society\",\"Technology\"],\"inLanguage\":\"en-US\",\"potentialAction\":[{\"@type\":\"CommentAction\",\"name\":\"Comment\",\"target\":[\"https:\\\/\\\/desdelaterrazadeamador.com\\\/es-asi-como-pretenden-controlarnos-en-las-ciudades-es-para-preocuparse\\\/#respond\"]}]},{\"@type\":\"WebPage\",\"@id\":\"https:\\\/\\\/desdelaterrazadeamador.com\\\/es-asi-como-pretenden-controlarnos-en-las-ciudades-es-para-preocuparse\\\/\",\"url\":\"https:\\\/\\\/desdelaterrazadeamador.com\\\/es-asi-como-pretenden-controlarnos-en-las-ciudades-es-para-preocuparse\\\/\",\"name\":\"\u00bf Es as\u00ed como pretenden controlarnos en las ciudades? Es para preocuparse \u00a0 - Desde la terraza de Amador\",\"isPartOf\":{\"@id\":\"https:\\\/\\\/desdelaterrazadeamador.com\\\/#website\"},\"primaryImageOfPage\":{\"@id\":\"https:\\\/\\\/desdelaterrazadeamador.com\\\/es-asi-como-pretenden-controlarnos-en-las-ciudades-es-para-preocuparse\\\/#primaryimage\"},\"image\":{\"@id\":\"https:\\\/\\\/desdelaterrazadeamador.com\\\/es-asi-como-pretenden-controlarnos-en-las-ciudades-es-para-preocuparse\\\/#primaryimage\"},\"thumbnailUrl\":\"https:\\\/\\\/desdelaterrazadeamador.com\\\/wp-content\\\/uploads\\\/2025\\\/07\\\/Walnut-Creek.jpg\",\"datePublished\":\"2025-07-24T05:47:38+00:00\",\"dateModified\":\"2025-07-27T06:03:13+00:00\",\"description\":\"Cada vez que nos maravillamos con los avances de la tecnolog\u00eda en las ciudades inteligentes, deber\u00edamos hacernos una pregunta esencial: \u00bfestamos ganando\",\"breadcrumb\":{\"@id\":\"https:\\\/\\\/desdelaterrazadeamador.com\\\/es-asi-como-pretenden-controlarnos-en-las-ciudades-es-para-preocuparse\\\/#breadcrumb\"},\"inLanguage\":\"en-US\",\"potentialAction\":[{\"@type\":\"ReadAction\",\"target\":[\"https:\\\/\\\/desdelaterrazadeamador.com\\\/es-asi-como-pretenden-controlarnos-en-las-ciudades-es-para-preocuparse\\\/\"]}]},{\"@type\":\"ImageObject\",\"inLanguage\":\"en-US\",\"@id\":\"https:\\\/\\\/desdelaterrazadeamador.com\\\/es-asi-como-pretenden-controlarnos-en-las-ciudades-es-para-preocuparse\\\/#primaryimage\",\"url\":\"https:\\\/\\\/desdelaterrazadeamador.com\\\/wp-content\\\/uploads\\\/2025\\\/07\\\/Walnut-Creek.jpg\",\"contentUrl\":\"https:\\\/\\\/desdelaterrazadeamador.com\\\/wp-content\\\/uploads\\\/2025\\\/07\\\/Walnut-Creek.jpg\"},{\"@type\":\"BreadcrumbList\",\"@id\":\"https:\\\/\\\/desdelaterrazadeamador.com\\\/es-asi-como-pretenden-controlarnos-en-las-ciudades-es-para-preocuparse\\\/#breadcrumb\",\"itemListElement\":[{\"@type\":\"ListItem\",\"position\":1,\"name\":\"Portada\",\"item\":\"https:\\\/\\\/desdelaterrazadeamador.com\\\/\"},{\"@type\":\"ListItem\",\"position\":2,\"name\":\"\u00bf Es as\u00ed como pretenden controlarnos en las ciudades? Es para preocuparse \u00a0\"}]},{\"@type\":\"WebSite\",\"@id\":\"https:\\\/\\\/desdelaterrazadeamador.com\\\/#website\",\"url\":\"https:\\\/\\\/desdelaterrazadeamador.com\\\/\",\"name\":\"Desde la terraza de Amador\",\"description\":\"Reflexiones libres y honestas sobre temas de actualidad social y tecnol\u00f3gica\",\"publisher\":{\"@id\":\"https:\\\/\\\/desdelaterrazadeamador.com\\\/#\\\/schema\\\/person\\\/0b6966cf66bcc9a2eb35a69e1c074d66\"},\"potentialAction\":[{\"@type\":\"SearchAction\",\"target\":{\"@type\":\"EntryPoint\",\"urlTemplate\":\"https:\\\/\\\/desdelaterrazadeamador.com\\\/?s={search_term_string}\"},\"query-input\":{\"@type\":\"PropertyValueSpecification\",\"valueRequired\":true,\"valueName\":\"search_term_string\"}}],\"inLanguage\":\"en-US\"},{\"@type\":[\"Person\",\"Organization\"],\"@id\":\"https:\\\/\\\/desdelaterrazadeamador.com\\\/#\\\/schema\\\/person\\\/0b6966cf66bcc9a2eb35a69e1c074d66\",\"name\":\"Amador Palacios\",\"image\":{\"@type\":\"ImageObject\",\"inLanguage\":\"en-US\",\"@id\":\"https:\\\/\\\/desdelaterrazadeamador.com\\\/wp-content\\\/uploads\\\/2022\\\/01\\\/amador-palacios.jpg\",\"url\":\"https:\\\/\\\/desdelaterrazadeamador.com\\\/wp-content\\\/uploads\\\/2022\\\/01\\\/amador-palacios.jpg\",\"contentUrl\":\"https:\\\/\\\/desdelaterrazadeamador.com\\\/wp-content\\\/uploads\\\/2022\\\/01\\\/amador-palacios.jpg\",\"width\":1265,\"height\":899,\"caption\":\"Amador Palacios\"},\"logo\":{\"@id\":\"https:\\\/\\\/desdelaterrazadeamador.com\\\/wp-content\\\/uploads\\\/2022\\\/01\\\/amador-palacios.jpg\"},\"description\":\"Reflexiones de Amador Palacios sobre temas de Actualidad Social y Tecnol\u00f3gica; otras opiniones diferentes a la m\u00eda son bienvenidas\",\"sameAs\":[\"http:\\\/\\\/desdelaterrazadeamador.com\",\"https:\\\/\\\/es.linkedin.com\\\/in\\\/amador-palacios-499532a\",\"https:\\\/\\\/x.com\\\/https:\\\/\\\/twitter.com\\\/edurneamaya\"]}]}<\/script>\n<!-- \/ Yoast SEO plugin. -->","yoast_head_json":{"title":"\u00bf Es as\u00ed como pretenden controlarnos en las ciudades? Es para preocuparse \u00a0 - Desde la terraza de Amador","description":"Cada vez que nos maravillamos con los avances de la tecnolog\u00eda en las ciudades inteligentes, deber\u00edamos hacernos una pregunta esencial: \u00bfestamos ganando","robots":{"index":"index","follow":"follow","max-snippet":"max-snippet:-1","max-image-preview":"max-image-preview:large","max-video-preview":"max-video-preview:-1"},"canonical":"https:\/\/desdelaterrazadeamador.com\/en\/es-asi-como-pretenden-controlarnos-en-las-ciudades-es-para-preocuparse\/","og_locale":"en_US","og_type":"article","og_title":"\u00bf Es as\u00ed como pretenden controlarnos en las ciudades? Es para preocuparse \u00a0 - Desde la terraza de Amador","og_description":"Cada vez que nos maravillamos con los avances de la tecnolog\u00eda en las ciudades inteligentes, deber\u00edamos hacernos una pregunta esencial: \u00bfestamos ganando","og_url":"https:\/\/desdelaterrazadeamador.com\/en\/es-asi-como-pretenden-controlarnos-en-las-ciudades-es-para-preocuparse\/","og_site_name":"Desde la terraza de Amador","article_published_time":"2025-07-24T05:47:38+00:00","article_modified_time":"2025-07-27T06:03:13+00:00","og_image":[{"width":300,"height":225,"url":"https:\/\/desdelaterrazadeamador.com\/wp-content\/uploads\/2025\/07\/Walnut-Creek.jpg","type":"image\/jpeg"}],"author":"Amador Palacios","twitter_card":"summary_large_image","twitter_creator":"@https:\/\/twitter.com\/edurneamaya","twitter_site":"@edurneamaya","twitter_misc":{"Written by":"Amador Palacios"},"schema":{"@context":"https:\/\/schema.org","@graph":[{"@type":"Article","@id":"https:\/\/desdelaterrazadeamador.com\/es-asi-como-pretenden-controlarnos-en-las-ciudades-es-para-preocuparse\/#article","isPartOf":{"@id":"https:\/\/desdelaterrazadeamador.com\/es-asi-como-pretenden-controlarnos-en-las-ciudades-es-para-preocuparse\/"},"author":{"name":"Amador Palacios","@id":"https:\/\/desdelaterrazadeamador.com\/#\/schema\/person\/0b6966cf66bcc9a2eb35a69e1c074d66"},"headline":"\u00bf Es as\u00ed como pretenden controlarnos en las ciudades? Es para preocuparse \u00a0","datePublished":"2025-07-24T05:47:38+00:00","dateModified":"2025-07-27T06:03:13+00:00","mainEntityOfPage":{"@id":"https:\/\/desdelaterrazadeamador.com\/es-asi-como-pretenden-controlarnos-en-las-ciudades-es-para-preocuparse\/"},"wordCount":699,"commentCount":0,"publisher":{"@id":"https:\/\/desdelaterrazadeamador.com\/#\/schema\/person\/0b6966cf66bcc9a2eb35a69e1c074d66"},"image":{"@id":"https:\/\/desdelaterrazadeamador.com\/es-asi-como-pretenden-controlarnos-en-las-ciudades-es-para-preocuparse\/#primaryimage"},"thumbnailUrl":"https:\/\/desdelaterrazadeamador.com\/wp-content\/uploads\/2025\/07\/Walnut-Creek.jpg","articleSection":["Fredom","Privacy","Society","Technology"],"inLanguage":"en-US","potentialAction":[{"@type":"CommentAction","name":"Comment","target":["https:\/\/desdelaterrazadeamador.com\/es-asi-como-pretenden-controlarnos-en-las-ciudades-es-para-preocuparse\/#respond"]}]},{"@type":"WebPage","@id":"https:\/\/desdelaterrazadeamador.com\/es-asi-como-pretenden-controlarnos-en-las-ciudades-es-para-preocuparse\/","url":"https:\/\/desdelaterrazadeamador.com\/es-asi-como-pretenden-controlarnos-en-las-ciudades-es-para-preocuparse\/","name":"\u00bf Es as\u00ed como pretenden controlarnos en las ciudades? Es para preocuparse \u00a0 - Desde la terraza de Amador","isPartOf":{"@id":"https:\/\/desdelaterrazadeamador.com\/#website"},"primaryImageOfPage":{"@id":"https:\/\/desdelaterrazadeamador.com\/es-asi-como-pretenden-controlarnos-en-las-ciudades-es-para-preocuparse\/#primaryimage"},"image":{"@id":"https:\/\/desdelaterrazadeamador.com\/es-asi-como-pretenden-controlarnos-en-las-ciudades-es-para-preocuparse\/#primaryimage"},"thumbnailUrl":"https:\/\/desdelaterrazadeamador.com\/wp-content\/uploads\/2025\/07\/Walnut-Creek.jpg","datePublished":"2025-07-24T05:47:38+00:00","dateModified":"2025-07-27T06:03:13+00:00","description":"Cada vez que nos maravillamos con los avances de la tecnolog\u00eda en las ciudades inteligentes, deber\u00edamos hacernos una pregunta esencial: \u00bfestamos ganando","breadcrumb":{"@id":"https:\/\/desdelaterrazadeamador.com\/es-asi-como-pretenden-controlarnos-en-las-ciudades-es-para-preocuparse\/#breadcrumb"},"inLanguage":"en-US","potentialAction":[{"@type":"ReadAction","target":["https:\/\/desdelaterrazadeamador.com\/es-asi-como-pretenden-controlarnos-en-las-ciudades-es-para-preocuparse\/"]}]},{"@type":"ImageObject","inLanguage":"en-US","@id":"https:\/\/desdelaterrazadeamador.com\/es-asi-como-pretenden-controlarnos-en-las-ciudades-es-para-preocuparse\/#primaryimage","url":"https:\/\/desdelaterrazadeamador.com\/wp-content\/uploads\/2025\/07\/Walnut-Creek.jpg","contentUrl":"https:\/\/desdelaterrazadeamador.com\/wp-content\/uploads\/2025\/07\/Walnut-Creek.jpg"},{"@type":"BreadcrumbList","@id":"https:\/\/desdelaterrazadeamador.com\/es-asi-como-pretenden-controlarnos-en-las-ciudades-es-para-preocuparse\/#breadcrumb","itemListElement":[{"@type":"ListItem","position":1,"name":"Portada","item":"https:\/\/desdelaterrazadeamador.com\/"},{"@type":"ListItem","position":2,"name":"\u00bf Es as\u00ed como pretenden controlarnos en las ciudades? Es para preocuparse \u00a0"}]},{"@type":"WebSite","@id":"https:\/\/desdelaterrazadeamador.com\/#website","url":"https:\/\/desdelaterrazadeamador.com\/","name":"Desde la terraza de Amador","description":"Free and honest reflections on current social and technological issues","publisher":{"@id":"https:\/\/desdelaterrazadeamador.com\/#\/schema\/person\/0b6966cf66bcc9a2eb35a69e1c074d66"},"potentialAction":[{"@type":"SearchAction","target":{"@type":"EntryPoint","urlTemplate":"https:\/\/desdelaterrazadeamador.com\/?s={search_term_string}"},"query-input":{"@type":"PropertyValueSpecification","valueRequired":true,"valueName":"search_term_string"}}],"inLanguage":"en-US"},{"@type":["Person","Organization"],"@id":"https:\/\/desdelaterrazadeamador.com\/#\/schema\/person\/0b6966cf66bcc9a2eb35a69e1c074d66","name":"Amador Palacios","image":{"@type":"ImageObject","inLanguage":"en-US","@id":"https:\/\/desdelaterrazadeamador.com\/wp-content\/uploads\/2022\/01\/amador-palacios.jpg","url":"https:\/\/desdelaterrazadeamador.com\/wp-content\/uploads\/2022\/01\/amador-palacios.jpg","contentUrl":"https:\/\/desdelaterrazadeamador.com\/wp-content\/uploads\/2022\/01\/amador-palacios.jpg","width":1265,"height":899,"caption":"Amador Palacios"},"logo":{"@id":"https:\/\/desdelaterrazadeamador.com\/wp-content\/uploads\/2022\/01\/amador-palacios.jpg"},"description":"Reflexiones de Amador Palacios sobre temas de Actualidad Social y Tecnol\u00f3gica; otras opiniones diferentes a la m\u00eda son bienvenidas","sameAs":["http:\/\/desdelaterrazadeamador.com","https:\/\/es.linkedin.com\/in\/amador-palacios-499532a","https:\/\/x.com\/https:\/\/twitter.com\/edurneamaya"]}]}},"jetpack_publicize_connections":[],"_links":{"self":[{"href":"https:\/\/desdelaterrazadeamador.com\/en\/wp-json\/wp\/v2\/posts\/3860","targetHints":{"allow":["GET"]}}],"collection":[{"href":"https:\/\/desdelaterrazadeamador.com\/en\/wp-json\/wp\/v2\/posts"}],"about":[{"href":"https:\/\/desdelaterrazadeamador.com\/en\/wp-json\/wp\/v2\/types\/post"}],"author":[{"embeddable":true,"href":"https:\/\/desdelaterrazadeamador.com\/en\/wp-json\/wp\/v2\/users\/1"}],"replies":[{"embeddable":true,"href":"https:\/\/desdelaterrazadeamador.com\/en\/wp-json\/wp\/v2\/comments?post=3860"}],"version-history":[{"count":1,"href":"https:\/\/desdelaterrazadeamador.com\/en\/wp-json\/wp\/v2\/posts\/3860\/revisions"}],"predecessor-version":[{"id":3862,"href":"https:\/\/desdelaterrazadeamador.com\/en\/wp-json\/wp\/v2\/posts\/3860\/revisions\/3862"}],"wp:attachment":[{"href":"https:\/\/desdelaterrazadeamador.com\/en\/wp-json\/wp\/v2\/media?parent=3860"}],"wp:term":[{"taxonomy":"category","embeddable":true,"href":"https:\/\/desdelaterrazadeamador.com\/en\/wp-json\/wp\/v2\/categories?post=3860"},{"taxonomy":"post_tag","embeddable":true,"href":"https:\/\/desdelaterrazadeamador.com\/en\/wp-json\/wp\/v2\/tags?post=3860"}],"curies":[{"name":"wp","href":"https:\/\/api.w.org\/{rel}","templated":true}]}}