{"id":3839,"date":"2025-07-15T07:53:34","date_gmt":"2025-07-15T05:53:34","guid":{"rendered":"https:\/\/desdelaterrazadeamador.com\/?p=3839"},"modified":"2025-07-15T07:53:34","modified_gmt":"2025-07-15T05:53:34","slug":"pila-de-combustible-de-sodio-aire-el-futuro-de-la-aviacion-regional","status":"publish","type":"post","link":"https:\/\/desdelaterrazadeamador.com\/en\/pila-de-combustible-de-sodio-aire-el-futuro-de-la-aviacion-regional\/","title":{"rendered":"Sodium-air fuel cell: The future of regional aviation?"},"content":{"rendered":"<p>Views: 4<\/p>\n<p class=\"wp-block-paragraph\">Today I'm discussing a news story that could revolutionize the air transport sector, and in particular, that of regional aircraft. MIT researchers, publishing in the prestigious journal Joule (Sodium-air fuel cell for high energy density and low-cost electric power), have developed a sodium-air fuel cell that, according to their results, could offer unprecedented energy density, opening the door to a new era in cleaner aviation.<\/p>\n\n\n\n<p class=\"wp-block-paragraph\">The news itself is surprising. It's a fuel cell that uses liquid sodium as fuel and air as an oxidant. The reaction between the two produces electricity, expelling sodium bicarbonate as a byproduct. The key, according to the study, lies in the extremely high energy density achieved: more than 1,000 kWh per kilo!<\/p>\n\n\n\n<p class=\"wp-block-paragraph\">Why is this so important? Because, currently, batteries barely reach 300 kW\/h per kilo. This energy barrier is a fundamental obstacle to powering heavy aircraft such as regional aircraft, which represent 80% of the fleet and 30% of total fuel consumption. The possibility of overcoming this threshold with a technology as promising as this is, without a doubt, a major leap forward.<\/p>\n\n\n\n<p class=\"wp-block-paragraph\">What is particularly attractive is the use of liquid sodium as fuel. Sodium is an abundant and cheap element, making it an option with great scalability potential. This, coupled with the generation of a harmless byproduct such as sodium bicarbonate, makes this technology a strong candidate for the electrification of regional aviation with a significantly reduced environmental impact.<\/p>\n\n\n\n<p class=\"wp-block-paragraph\">The research has gone beyond the laboratory. MIT researchers have formed a company in an MIT incubator to develop and bring this product to market. This step demonstrates the team's conviction and commitment to the commercial viability of the project. This, in turn, generates significant excitement in the sector and the promise of a new era in commercial aviation.<\/p>\n\n\n\n<figure class=\"wp-block-image size-full is-resized\"><img loading=\"lazy\" decoding=\"async\" width=\"400\" height=\"267\" src=\"https:\/\/desdelaterrazadeamador.com\/wp-content\/uploads\/2025\/07\/Avion-electrico.jpg\" alt=\"\" class=\"wp-image-3840\" style=\"width:489px;height:auto\" srcset=\"https:\/\/desdelaterrazadeamador.com\/wp-content\/uploads\/2025\/07\/Avion-electrico.jpg 400w, https:\/\/desdelaterrazadeamador.com\/wp-content\/uploads\/2025\/07\/Avion-electrico-300x200.jpg 300w, https:\/\/desdelaterrazadeamador.com\/wp-content\/uploads\/2025\/07\/Avion-electrico-18x12.jpg 18w\" sizes=\"auto, (max-width: 400px) 100vw, 400px\" \/><\/figure>\n\n\n\n<p class=\"wp-block-paragraph\">However, we must not forget that this is still a prototype technology. Although the results are promising, significant challenges remain related to mass production and the long-term stability of the system. Can the technology withstand extreme flight conditions? Will a robust design be achieved to withstand the vibrations and pressures that fuel cells will be subjected to in an aircraft? The answers to these questions are critical to long-term success.<\/p>\n\n\n\n<p class=\"wp-block-paragraph\">The apparent simplicity of operation, with liquid sodium in one part of the cell and air in the other, generates excitement, but the inherent complexity of manufacturing a product on an industrial scale cannot be overlooked. Significant engineering challenges will have to be overcome to ensure the safety, durability, and reliability of the system in an environment as demanding as air travel, or similar environments.<\/p>\n\n\n\n<p class=\"wp-block-paragraph\">The fact that liquid sodium is a known substance and easily produced in large quantities, making the technology easily scalable, is a point in its favor. However, the complexity of engineering on an industrial scale remains a question mark. And this is where uncertainty arises, and where we must wait to see how the next steps unfold.<\/p>\n\n\n\n<p class=\"wp-block-paragraph\">On the other hand, the significant excitement generated and the potential reduction in air pollution (as it is a virtually emission-free system) suggest that, if proven viable, this technology could attract significant investment. The potential impact on the air transport sector is undeniable, and funding will not be a problem if the technology ultimately meets expectations.<\/p>\n\n\n\n<p class=\"wp-block-paragraph\">Ultimately, this research is a very important step toward more sustainable and efficient aviation. We eagerly await further advances and practical demonstrations of this sodium-air fuel cell, and we hope that the MIT researchers will successfully overcome the technical challenges to bring this promising technology to market.<\/p>\n\n\n\n<p class=\"wp-block-paragraph\">A cleaner, more efficient future for aviation may be closer than we think! Let's hope so.<\/p>","protected":false},"excerpt":{"rendered":"<p>Views: 4 Hoy comento una noticia que podr\u00eda revolucionar el sector del transporte a\u00e9reo, y en particular, el de los aviones regionales. Investigadores del MIT, publicando en la prestigiosa revista Joule ( Sodium-air fuel cell for high energy density and low-cost electric power&nbsp; ), han desarrollado una pila de combustible de sodio-aire que, seg\u00fan sus [&hellip;]<\/p>\n","protected":false},"author":1,"featured_media":0,"comment_status":"open","ping_status":"closed","sticky":false,"template":"","format":"standard","meta":{"_crdt_document":"","footnotes":"","jetpack_publicize_message":"","jetpack_publicize_feature_enabled":true,"jetpack_social_post_already_shared":false,"jetpack_social_options":{"image_generator_settings":{"template":"highway","default_image_id":0,"font":"","enabled":false},"version":2}},"categories":[121,122,153,167,135,155],"tags":[],"class_list":["post-3839","post","type-post","status-publish","format-standard","hentry","category-airplanes","category-electric-airplanes","category-industry","category-sustainable-transport","category-technology","category-transportation"],"yoast_head":"<!-- This site is optimized with the Yoast SEO plugin v27.5 - https:\/\/yoast.com\/product\/yoast-seo-wordpress\/ -->\n<title>Pila de combustible de sodio-aire: \u00bfEl futuro de la aviaci\u00f3n regional? - Desde la terraza de Amador<\/title>\n<meta name=\"description\" content=\"Hoy comento una noticia que podr\u00eda revolucionar el sector del transporte a\u00e9reo, y en particular, el de los aviones regionales. Investigadores del MIT,\" \/>\n<meta name=\"robots\" content=\"index, follow, max-snippet:-1, max-image-preview:large, max-video-preview:-1\" \/>\n<link rel=\"canonical\" href=\"https:\/\/desdelaterrazadeamador.com\/en\/pila-de-combustible-de-sodio-aire-el-futuro-de-la-aviacion-regional\/\" \/>\n<meta property=\"og:locale\" content=\"en_US\" \/>\n<meta property=\"og:type\" content=\"article\" \/>\n<meta property=\"og:title\" content=\"Pila de combustible de sodio-aire: \u00bfEl futuro de la aviaci\u00f3n regional? - Desde la terraza de Amador\" \/>\n<meta property=\"og:description\" content=\"Hoy comento una noticia que podr\u00eda revolucionar el sector del transporte a\u00e9reo, y en particular, el de los aviones regionales. Investigadores del MIT,\" \/>\n<meta property=\"og:url\" content=\"https:\/\/desdelaterrazadeamador.com\/en\/pila-de-combustible-de-sodio-aire-el-futuro-de-la-aviacion-regional\/\" \/>\n<meta property=\"og:site_name\" content=\"Desde la terraza de Amador\" \/>\n<meta property=\"article:published_time\" content=\"2025-07-15T05:53:34+00:00\" \/>\n<meta property=\"og:image\" content=\"https:\/\/desdelaterrazadeamador.com\/wp-content\/uploads\/2025\/07\/Avion-electrico.jpg\" \/>\n\t<meta property=\"og:image:width\" content=\"400\" \/>\n\t<meta property=\"og:image:height\" content=\"267\" \/>\n\t<meta property=\"og:image:type\" content=\"image\/jpeg\" \/>\n<meta name=\"author\" content=\"Amador Palacios\" \/>\n<meta name=\"twitter:card\" content=\"summary_large_image\" \/>\n<meta name=\"twitter:creator\" content=\"@https:\/\/twitter.com\/edurneamaya\" \/>\n<meta name=\"twitter:site\" content=\"@edurneamaya\" \/>\n<meta name=\"twitter:label1\" content=\"Written by\" \/>\n\t<meta name=\"twitter:data1\" content=\"Amador Palacios\" \/>\n\t<meta name=\"twitter:label2\" content=\"Est. reading time\" \/>\n\t<meta name=\"twitter:data2\" content=\"4 minutes\" \/>\n<script type=\"application\/ld+json\" class=\"yoast-schema-graph\">{\"@context\":\"https:\\\/\\\/schema.org\",\"@graph\":[{\"@type\":\"Article\",\"@id\":\"https:\\\/\\\/desdelaterrazadeamador.com\\\/pila-de-combustible-de-sodio-aire-el-futuro-de-la-aviacion-regional\\\/#article\",\"isPartOf\":{\"@id\":\"https:\\\/\\\/desdelaterrazadeamador.com\\\/pila-de-combustible-de-sodio-aire-el-futuro-de-la-aviacion-regional\\\/\"},\"author\":{\"name\":\"Amador Palacios\",\"@id\":\"https:\\\/\\\/desdelaterrazadeamador.com\\\/#\\\/schema\\\/person\\\/0b6966cf66bcc9a2eb35a69e1c074d66\"},\"headline\":\"Pila de combustible de sodio-aire: \u00bfEl futuro de la aviaci\u00f3n regional?\",\"datePublished\":\"2025-07-15T05:53:34+00:00\",\"mainEntityOfPage\":{\"@id\":\"https:\\\/\\\/desdelaterrazadeamador.com\\\/pila-de-combustible-de-sodio-aire-el-futuro-de-la-aviacion-regional\\\/\"},\"wordCount\":784,\"commentCount\":0,\"publisher\":{\"@id\":\"https:\\\/\\\/desdelaterrazadeamador.com\\\/#\\\/schema\\\/person\\\/0b6966cf66bcc9a2eb35a69e1c074d66\"},\"image\":{\"@id\":\"https:\\\/\\\/desdelaterrazadeamador.com\\\/pila-de-combustible-de-sodio-aire-el-futuro-de-la-aviacion-regional\\\/#primaryimage\"},\"thumbnailUrl\":\"https:\\\/\\\/desdelaterrazadeamador.com\\\/wp-content\\\/uploads\\\/2025\\\/07\\\/Avion-electrico.jpg\",\"articleSection\":[\"Airplanes\",\"Electric airplanes\",\"Industry\",\"Sustainable Transport\",\"Technology\",\"Transportation\"],\"inLanguage\":\"en-US\",\"potentialAction\":[{\"@type\":\"CommentAction\",\"name\":\"Comment\",\"target\":[\"https:\\\/\\\/desdelaterrazadeamador.com\\\/pila-de-combustible-de-sodio-aire-el-futuro-de-la-aviacion-regional\\\/#respond\"]}]},{\"@type\":\"WebPage\",\"@id\":\"https:\\\/\\\/desdelaterrazadeamador.com\\\/pila-de-combustible-de-sodio-aire-el-futuro-de-la-aviacion-regional\\\/\",\"url\":\"https:\\\/\\\/desdelaterrazadeamador.com\\\/pila-de-combustible-de-sodio-aire-el-futuro-de-la-aviacion-regional\\\/\",\"name\":\"Pila de combustible de sodio-aire: \u00bfEl futuro de la aviaci\u00f3n regional? - Desde la terraza de Amador\",\"isPartOf\":{\"@id\":\"https:\\\/\\\/desdelaterrazadeamador.com\\\/#website\"},\"primaryImageOfPage\":{\"@id\":\"https:\\\/\\\/desdelaterrazadeamador.com\\\/pila-de-combustible-de-sodio-aire-el-futuro-de-la-aviacion-regional\\\/#primaryimage\"},\"image\":{\"@id\":\"https:\\\/\\\/desdelaterrazadeamador.com\\\/pila-de-combustible-de-sodio-aire-el-futuro-de-la-aviacion-regional\\\/#primaryimage\"},\"thumbnailUrl\":\"https:\\\/\\\/desdelaterrazadeamador.com\\\/wp-content\\\/uploads\\\/2025\\\/07\\\/Avion-electrico.jpg\",\"datePublished\":\"2025-07-15T05:53:34+00:00\",\"description\":\"Hoy comento una noticia que podr\u00eda revolucionar el sector del transporte a\u00e9reo, y en particular, el de los aviones regionales. Investigadores del MIT,\",\"breadcrumb\":{\"@id\":\"https:\\\/\\\/desdelaterrazadeamador.com\\\/pila-de-combustible-de-sodio-aire-el-futuro-de-la-aviacion-regional\\\/#breadcrumb\"},\"inLanguage\":\"en-US\",\"potentialAction\":[{\"@type\":\"ReadAction\",\"target\":[\"https:\\\/\\\/desdelaterrazadeamador.com\\\/pila-de-combustible-de-sodio-aire-el-futuro-de-la-aviacion-regional\\\/\"]}]},{\"@type\":\"ImageObject\",\"inLanguage\":\"en-US\",\"@id\":\"https:\\\/\\\/desdelaterrazadeamador.com\\\/pila-de-combustible-de-sodio-aire-el-futuro-de-la-aviacion-regional\\\/#primaryimage\",\"url\":\"https:\\\/\\\/desdelaterrazadeamador.com\\\/wp-content\\\/uploads\\\/2025\\\/07\\\/Avion-electrico.jpg\",\"contentUrl\":\"https:\\\/\\\/desdelaterrazadeamador.com\\\/wp-content\\\/uploads\\\/2025\\\/07\\\/Avion-electrico.jpg\"},{\"@type\":\"BreadcrumbList\",\"@id\":\"https:\\\/\\\/desdelaterrazadeamador.com\\\/pila-de-combustible-de-sodio-aire-el-futuro-de-la-aviacion-regional\\\/#breadcrumb\",\"itemListElement\":[{\"@type\":\"ListItem\",\"position\":1,\"name\":\"Portada\",\"item\":\"https:\\\/\\\/desdelaterrazadeamador.com\\\/\"},{\"@type\":\"ListItem\",\"position\":2,\"name\":\"Pila de combustible de sodio-aire: \u00bfEl futuro de la aviaci\u00f3n regional?\"}]},{\"@type\":\"WebSite\",\"@id\":\"https:\\\/\\\/desdelaterrazadeamador.com\\\/#website\",\"url\":\"https:\\\/\\\/desdelaterrazadeamador.com\\\/\",\"name\":\"Desde la terraza de Amador\",\"description\":\"Reflexiones libres y honestas sobre temas de actualidad social y tecnol\u00f3gica\",\"publisher\":{\"@id\":\"https:\\\/\\\/desdelaterrazadeamador.com\\\/#\\\/schema\\\/person\\\/0b6966cf66bcc9a2eb35a69e1c074d66\"},\"potentialAction\":[{\"@type\":\"SearchAction\",\"target\":{\"@type\":\"EntryPoint\",\"urlTemplate\":\"https:\\\/\\\/desdelaterrazadeamador.com\\\/?s={search_term_string}\"},\"query-input\":{\"@type\":\"PropertyValueSpecification\",\"valueRequired\":true,\"valueName\":\"search_term_string\"}}],\"inLanguage\":\"en-US\"},{\"@type\":[\"Person\",\"Organization\"],\"@id\":\"https:\\\/\\\/desdelaterrazadeamador.com\\\/#\\\/schema\\\/person\\\/0b6966cf66bcc9a2eb35a69e1c074d66\",\"name\":\"Amador Palacios\",\"image\":{\"@type\":\"ImageObject\",\"inLanguage\":\"en-US\",\"@id\":\"https:\\\/\\\/desdelaterrazadeamador.com\\\/wp-content\\\/uploads\\\/2022\\\/01\\\/amador-palacios.jpg\",\"url\":\"https:\\\/\\\/desdelaterrazadeamador.com\\\/wp-content\\\/uploads\\\/2022\\\/01\\\/amador-palacios.jpg\",\"contentUrl\":\"https:\\\/\\\/desdelaterrazadeamador.com\\\/wp-content\\\/uploads\\\/2022\\\/01\\\/amador-palacios.jpg\",\"width\":1265,\"height\":899,\"caption\":\"Amador Palacios\"},\"logo\":{\"@id\":\"https:\\\/\\\/desdelaterrazadeamador.com\\\/wp-content\\\/uploads\\\/2022\\\/01\\\/amador-palacios.jpg\"},\"description\":\"Reflexiones de Amador Palacios sobre temas de Actualidad Social y Tecnol\u00f3gica; otras opiniones diferentes a la m\u00eda son bienvenidas\",\"sameAs\":[\"http:\\\/\\\/desdelaterrazadeamador.com\",\"https:\\\/\\\/es.linkedin.com\\\/in\\\/amador-palacios-499532a\",\"https:\\\/\\\/x.com\\\/https:\\\/\\\/twitter.com\\\/edurneamaya\"]}]}<\/script>\n<!-- \/ Yoast SEO plugin. -->","yoast_head_json":{"title":"Pila de combustible de sodio-aire: \u00bfEl futuro de la aviaci\u00f3n regional? - Desde la terraza de Amador","description":"Hoy comento una noticia que podr\u00eda revolucionar el sector del transporte a\u00e9reo, y en particular, el de los aviones regionales. Investigadores del MIT,","robots":{"index":"index","follow":"follow","max-snippet":"max-snippet:-1","max-image-preview":"max-image-preview:large","max-video-preview":"max-video-preview:-1"},"canonical":"https:\/\/desdelaterrazadeamador.com\/en\/pila-de-combustible-de-sodio-aire-el-futuro-de-la-aviacion-regional\/","og_locale":"en_US","og_type":"article","og_title":"Pila de combustible de sodio-aire: \u00bfEl futuro de la aviaci\u00f3n regional? - Desde la terraza de Amador","og_description":"Hoy comento una noticia que podr\u00eda revolucionar el sector del transporte a\u00e9reo, y en particular, el de los aviones regionales. Investigadores del MIT,","og_url":"https:\/\/desdelaterrazadeamador.com\/en\/pila-de-combustible-de-sodio-aire-el-futuro-de-la-aviacion-regional\/","og_site_name":"Desde la terraza de Amador","article_published_time":"2025-07-15T05:53:34+00:00","og_image":[{"width":400,"height":267,"url":"https:\/\/desdelaterrazadeamador.com\/wp-content\/uploads\/2025\/07\/Avion-electrico.jpg","type":"image\/jpeg"}],"author":"Amador Palacios","twitter_card":"summary_large_image","twitter_creator":"@https:\/\/twitter.com\/edurneamaya","twitter_site":"@edurneamaya","twitter_misc":{"Written by":"Amador Palacios","Est. reading time":"4 minutes"},"schema":{"@context":"https:\/\/schema.org","@graph":[{"@type":"Article","@id":"https:\/\/desdelaterrazadeamador.com\/pila-de-combustible-de-sodio-aire-el-futuro-de-la-aviacion-regional\/#article","isPartOf":{"@id":"https:\/\/desdelaterrazadeamador.com\/pila-de-combustible-de-sodio-aire-el-futuro-de-la-aviacion-regional\/"},"author":{"name":"Amador Palacios","@id":"https:\/\/desdelaterrazadeamador.com\/#\/schema\/person\/0b6966cf66bcc9a2eb35a69e1c074d66"},"headline":"Pila de combustible de sodio-aire: \u00bfEl futuro de la aviaci\u00f3n regional?","datePublished":"2025-07-15T05:53:34+00:00","mainEntityOfPage":{"@id":"https:\/\/desdelaterrazadeamador.com\/pila-de-combustible-de-sodio-aire-el-futuro-de-la-aviacion-regional\/"},"wordCount":784,"commentCount":0,"publisher":{"@id":"https:\/\/desdelaterrazadeamador.com\/#\/schema\/person\/0b6966cf66bcc9a2eb35a69e1c074d66"},"image":{"@id":"https:\/\/desdelaterrazadeamador.com\/pila-de-combustible-de-sodio-aire-el-futuro-de-la-aviacion-regional\/#primaryimage"},"thumbnailUrl":"https:\/\/desdelaterrazadeamador.com\/wp-content\/uploads\/2025\/07\/Avion-electrico.jpg","articleSection":["Airplanes","Electric airplanes","Industry","Sustainable Transport","Technology","Transportation"],"inLanguage":"en-US","potentialAction":[{"@type":"CommentAction","name":"Comment","target":["https:\/\/desdelaterrazadeamador.com\/pila-de-combustible-de-sodio-aire-el-futuro-de-la-aviacion-regional\/#respond"]}]},{"@type":"WebPage","@id":"https:\/\/desdelaterrazadeamador.com\/pila-de-combustible-de-sodio-aire-el-futuro-de-la-aviacion-regional\/","url":"https:\/\/desdelaterrazadeamador.com\/pila-de-combustible-de-sodio-aire-el-futuro-de-la-aviacion-regional\/","name":"Pila de combustible de sodio-aire: \u00bfEl futuro de la aviaci\u00f3n regional? - Desde la terraza de Amador","isPartOf":{"@id":"https:\/\/desdelaterrazadeamador.com\/#website"},"primaryImageOfPage":{"@id":"https:\/\/desdelaterrazadeamador.com\/pila-de-combustible-de-sodio-aire-el-futuro-de-la-aviacion-regional\/#primaryimage"},"image":{"@id":"https:\/\/desdelaterrazadeamador.com\/pila-de-combustible-de-sodio-aire-el-futuro-de-la-aviacion-regional\/#primaryimage"},"thumbnailUrl":"https:\/\/desdelaterrazadeamador.com\/wp-content\/uploads\/2025\/07\/Avion-electrico.jpg","datePublished":"2025-07-15T05:53:34+00:00","description":"Hoy comento una noticia que podr\u00eda revolucionar el sector del transporte a\u00e9reo, y en particular, el de los aviones regionales. Investigadores del MIT,","breadcrumb":{"@id":"https:\/\/desdelaterrazadeamador.com\/pila-de-combustible-de-sodio-aire-el-futuro-de-la-aviacion-regional\/#breadcrumb"},"inLanguage":"en-US","potentialAction":[{"@type":"ReadAction","target":["https:\/\/desdelaterrazadeamador.com\/pila-de-combustible-de-sodio-aire-el-futuro-de-la-aviacion-regional\/"]}]},{"@type":"ImageObject","inLanguage":"en-US","@id":"https:\/\/desdelaterrazadeamador.com\/pila-de-combustible-de-sodio-aire-el-futuro-de-la-aviacion-regional\/#primaryimage","url":"https:\/\/desdelaterrazadeamador.com\/wp-content\/uploads\/2025\/07\/Avion-electrico.jpg","contentUrl":"https:\/\/desdelaterrazadeamador.com\/wp-content\/uploads\/2025\/07\/Avion-electrico.jpg"},{"@type":"BreadcrumbList","@id":"https:\/\/desdelaterrazadeamador.com\/pila-de-combustible-de-sodio-aire-el-futuro-de-la-aviacion-regional\/#breadcrumb","itemListElement":[{"@type":"ListItem","position":1,"name":"Portada","item":"https:\/\/desdelaterrazadeamador.com\/"},{"@type":"ListItem","position":2,"name":"Pila de combustible de sodio-aire: \u00bfEl futuro de la aviaci\u00f3n regional?"}]},{"@type":"WebSite","@id":"https:\/\/desdelaterrazadeamador.com\/#website","url":"https:\/\/desdelaterrazadeamador.com\/","name":"Desde la terraza de Amador","description":"Free and honest reflections on current social and technological issues","publisher":{"@id":"https:\/\/desdelaterrazadeamador.com\/#\/schema\/person\/0b6966cf66bcc9a2eb35a69e1c074d66"},"potentialAction":[{"@type":"SearchAction","target":{"@type":"EntryPoint","urlTemplate":"https:\/\/desdelaterrazadeamador.com\/?s={search_term_string}"},"query-input":{"@type":"PropertyValueSpecification","valueRequired":true,"valueName":"search_term_string"}}],"inLanguage":"en-US"},{"@type":["Person","Organization"],"@id":"https:\/\/desdelaterrazadeamador.com\/#\/schema\/person\/0b6966cf66bcc9a2eb35a69e1c074d66","name":"Amador Palacios","image":{"@type":"ImageObject","inLanguage":"en-US","@id":"https:\/\/desdelaterrazadeamador.com\/wp-content\/uploads\/2022\/01\/amador-palacios.jpg","url":"https:\/\/desdelaterrazadeamador.com\/wp-content\/uploads\/2022\/01\/amador-palacios.jpg","contentUrl":"https:\/\/desdelaterrazadeamador.com\/wp-content\/uploads\/2022\/01\/amador-palacios.jpg","width":1265,"height":899,"caption":"Amador Palacios"},"logo":{"@id":"https:\/\/desdelaterrazadeamador.com\/wp-content\/uploads\/2022\/01\/amador-palacios.jpg"},"description":"Reflexiones de Amador Palacios sobre temas de Actualidad Social y Tecnol\u00f3gica; otras opiniones diferentes a la m\u00eda son bienvenidas","sameAs":["http:\/\/desdelaterrazadeamador.com","https:\/\/es.linkedin.com\/in\/amador-palacios-499532a","https:\/\/x.com\/https:\/\/twitter.com\/edurneamaya"]}]}},"jetpack_publicize_connections":[],"_links":{"self":[{"href":"https:\/\/desdelaterrazadeamador.com\/en\/wp-json\/wp\/v2\/posts\/3839","targetHints":{"allow":["GET"]}}],"collection":[{"href":"https:\/\/desdelaterrazadeamador.com\/en\/wp-json\/wp\/v2\/posts"}],"about":[{"href":"https:\/\/desdelaterrazadeamador.com\/en\/wp-json\/wp\/v2\/types\/post"}],"author":[{"embeddable":true,"href":"https:\/\/desdelaterrazadeamador.com\/en\/wp-json\/wp\/v2\/users\/1"}],"replies":[{"embeddable":true,"href":"https:\/\/desdelaterrazadeamador.com\/en\/wp-json\/wp\/v2\/comments?post=3839"}],"version-history":[{"count":1,"href":"https:\/\/desdelaterrazadeamador.com\/en\/wp-json\/wp\/v2\/posts\/3839\/revisions"}],"predecessor-version":[{"id":3841,"href":"https:\/\/desdelaterrazadeamador.com\/en\/wp-json\/wp\/v2\/posts\/3839\/revisions\/3841"}],"wp:attachment":[{"href":"https:\/\/desdelaterrazadeamador.com\/en\/wp-json\/wp\/v2\/media?parent=3839"}],"wp:term":[{"taxonomy":"category","embeddable":true,"href":"https:\/\/desdelaterrazadeamador.com\/en\/wp-json\/wp\/v2\/categories?post=3839"},{"taxonomy":"post_tag","embeddable":true,"href":"https:\/\/desdelaterrazadeamador.com\/en\/wp-json\/wp\/v2\/tags?post=3839"}],"curies":[{"name":"wp","href":"https:\/\/api.w.org\/{rel}","templated":true}]}}