{"id":3714,"date":"2025-05-19T07:47:29","date_gmt":"2025-05-19T05:47:29","guid":{"rendered":"https:\/\/desdelaterrazadeamador.com\/?p=3714"},"modified":"2025-05-24T07:14:41","modified_gmt":"2025-05-24T05:14:41","slug":"el-proyecto-del-89-la-fuerza-silenciosa-del-cambio-climatico","status":"publish","type":"post","link":"https:\/\/desdelaterrazadeamador.com\/en\/el-proyecto-del-89-la-fuerza-silenciosa-del-cambio-climatico\/","title":{"rendered":"The 89% Project: The silent force of Climate Change"},"content":{"rendered":"<p>Views: 3<\/p>\n<p class=\"wp-block-paragraph\">For those unfamiliar with this website, I recommend visiting&nbsp;&nbsp;&nbsp; <a href=\"https:\/\/89percent.org\/\">https:\/\/89percent.org\/<\/a><\/p>\n\n\n\n<p class=\"wp-block-paragraph\">&nbsp;It is a collaborative project of several news agencies and organizations advocating for climate change, with a crucial message: nearly 89% of the world's population supports taking action to combat it.<\/p>\n\n\n\n<figure class=\"wp-block-image size-full\"><img loading=\"lazy\" decoding=\"async\" width=\"450\" height=\"523\" src=\"https:\/\/desdelaterrazadeamador.com\/wp-content\/uploads\/2025\/05\/CLIMA-89.jpg\" alt=\"\" class=\"wp-image-3715\" srcset=\"https:\/\/desdelaterrazadeamador.com\/wp-content\/uploads\/2025\/05\/CLIMA-89.jpg 450w, https:\/\/desdelaterrazadeamador.com\/wp-content\/uploads\/2025\/05\/CLIMA-89-258x300.jpg 258w, https:\/\/desdelaterrazadeamador.com\/wp-content\/uploads\/2025\/05\/CLIMA-89-10x12.jpg 10w\" sizes=\"auto, (max-width: 450px) 100vw, 450px\" \/><\/figure>\n\n\n\n<p class=\"wp-block-paragraph\">This staggering figure raises a troubling question: Why isn't this popular will translated into decisive action? The answer, according to experts, lies in a \"spiral of silence.\" We feel alone in our desire for change, unaware of the many people who, like us, yearn for a sustainable future. This lack of collective awareness prevents us from exerting the necessary pressure on our leaders to make the energy transition a priority.<\/p>\n\n\n\n<p class=\"wp-block-paragraph\">The good news is that scientific evidence and technological development offer us a way to break this spiral of silence. Renewable energy sources, such as wind and solar, are increasingly becoming more price-competitive with fossil fuels. It's no longer a matter of prohibitive costs, but of political will. And, fortunately, this political will is commensurate.<\/p>\n\n\n\n<p class=\"wp-block-paragraph\">The transition to a clean future is not an unattainable dream. Technology is evolving by leaps and bounds. Energy storage methods are becoming more efficient and economical. Batteries, for example, continue to drop in price and improve their capacity, and other promising alternatives are being explored.<\/p>\n\n\n\n<p class=\"wp-block-paragraph\">What more, this transition is not only possible, but also results in sustainable economic growth. Developing the infrastructure necessary for the use of renewable energy creates jobs, drives innovation, and promotes competitiveness.<\/p>\n\n\n\n<p class=\"wp-block-paragraph\">And what role do we, as society, play?<\/p>\n\n\n\n<p class=\"wp-block-paragraph\">The 89% Project not only aims to make us aware of this overwhelming majority in favor of change, but also of the responsibility each of us has. Being aware of the magnitude of support for climate change is the first step. The second, and perhaps most important, is to express that conviction.<\/p>\n\n\n\n<p class=\"wp-block-paragraph\">We must break the silence. We must amplify it with our voices, using social media, participating in debates, supporting local initiatives, and putting pressure on our political representatives. This is not a passive battle; it is an active conversation, building a social movement that demands a strong response to the climate crisis.<\/p>\n\n\n\n<p class=\"wp-block-paragraph\">How can we contribute to the 89% Project? The answer is simple:<\/p>\n\n\n\n<p class=\"wp-block-paragraph\">. Educate ourselves: Deepen our knowledge about renewable energy and its positive impact. Share this knowledge with our close circles.<\/p>\n\n\n\n<p class=\"wp-block-paragraph\">. Communicate: Use digital platforms to disseminate information about the project and the work being done. Join climate advocacy networks and movements.<\/p>\n\n\n\n<p class=\"wp-block-paragraph\">. Organize: Join local groups and movements to put pressure on policymakers and demand concrete actions.<\/p>\n\n\n\n<p class=\"wp-block-paragraph\">. Demand: Not only inform ourselves, but also ask our political representatives to take action in line with the majority will of their constituents.<\/p>\n\n\n\n<p class=\"wp-block-paragraph\">This is a collective challenge, an opportunity for humanity to unite in a common cause. The 89% Project reminds us that there are many of us who want a sustainable future. Now, the challenge is to make our voices heard, echoing in the halls of political power. Because yes, it can be done.<\/p>\n\n\n\n<p class=\"wp-block-paragraph\">Finally, for all those who doubt, I remind them that climate change is not a simple threat; it is a reality that demands an urgent response. And that response is based on the union of wills, on the commitment of each one of us. Let's not wait for others to take the initiative; let's act now. The future of our planet depends on it.<\/p>\n\n\n\n<p class=\"wp-block-paragraph\">Perhaps we need to believe that: YES, IT CAN BE DONE.<\/p>\n\n\n\n<p class=\"wp-block-paragraph\">And we can all do our part in this endeavor.<\/p>","protected":false},"excerpt":{"rendered":"<p>Views: 3 Para los que no conozcan esta WEB, les aconsejo entrar en ella&nbsp;&nbsp;&nbsp; https:\/\/89percent.org\/ &nbsp;Es un proyecto colaborativo de varias agencias informativas y organizaciones en defensa del Cambio Clim\u00e1tico con un mensaje crucial: cerca del 89% de la poblaci\u00f3n mundial est\u00e1 a favor de tomar medidas para combatirlo Esta cifra, asombrosa en su magnitud, [&hellip;]<\/p>\n","protected":false},"author":1,"featured_media":0,"comment_status":"open","ping_status":"closed","sticky":false,"template":"","format":"standard","meta":{"_crdt_document":"","footnotes":"","jetpack_publicize_message":"","jetpack_publicize_feature_enabled":true,"jetpack_social_post_already_shared":false,"jetpack_social_options":{"image_generator_settings":{"template":"highway","default_image_id":0,"font":"","enabled":false},"version":2}},"categories":[112,114,171,134],"tags":[],"class_list":["post-3714","post","type-post","status-publish","format-standard","hentry","category-climatic-change","category-co2-climatic-change","category-sustainability","category-sustainable-energy"],"yoast_head":"<!-- This site is optimized with the Yoast SEO plugin v27.5 - https:\/\/yoast.com\/product\/yoast-seo-wordpress\/ -->\n<title>El Proyecto del 89%: La fuerza silenciosa del Cambio Clim\u00e1tico - Desde la terraza de Amador<\/title>\n<meta name=\"description\" content=\"Para los que no conozcan esta WEB, les aconsejo entrar en ella&nbsp;&nbsp;&nbsp; https:\/\/89percent.org\/ &nbsp;Es un proyecto colaborativo de varias\" \/>\n<meta name=\"robots\" content=\"index, follow, max-snippet:-1, max-image-preview:large, max-video-preview:-1\" \/>\n<link rel=\"canonical\" href=\"https:\/\/desdelaterrazadeamador.com\/en\/el-proyecto-del-89-la-fuerza-silenciosa-del-cambio-climatico\/\" \/>\n<meta property=\"og:locale\" content=\"en_US\" \/>\n<meta property=\"og:type\" content=\"article\" \/>\n<meta property=\"og:title\" content=\"El Proyecto del 89%: La fuerza silenciosa del Cambio Clim\u00e1tico - Desde la terraza de Amador\" \/>\n<meta property=\"og:description\" content=\"Para los que no conozcan esta WEB, les aconsejo entrar en ella&nbsp;&nbsp;&nbsp; https:\/\/89percent.org\/ &nbsp;Es un proyecto colaborativo de varias\" \/>\n<meta property=\"og:url\" content=\"https:\/\/desdelaterrazadeamador.com\/en\/el-proyecto-del-89-la-fuerza-silenciosa-del-cambio-climatico\/\" \/>\n<meta property=\"og:site_name\" content=\"Desde la terraza de Amador\" \/>\n<meta property=\"article:published_time\" content=\"2025-05-19T05:47:29+00:00\" \/>\n<meta property=\"article:modified_time\" content=\"2025-05-24T05:14:41+00:00\" \/>\n<meta property=\"og:image\" content=\"https:\/\/desdelaterrazadeamador.com\/wp-content\/uploads\/2025\/05\/CLIMA-89.jpg\" \/>\n\t<meta property=\"og:image:width\" content=\"450\" \/>\n\t<meta property=\"og:image:height\" content=\"523\" \/>\n\t<meta property=\"og:image:type\" content=\"image\/jpeg\" \/>\n<meta name=\"author\" content=\"Amador Palacios\" \/>\n<meta name=\"twitter:card\" content=\"summary_large_image\" \/>\n<meta name=\"twitter:creator\" content=\"@https:\/\/twitter.com\/edurneamaya\" \/>\n<meta name=\"twitter:site\" content=\"@edurneamaya\" \/>\n<meta name=\"twitter:label1\" content=\"Written by\" \/>\n\t<meta name=\"twitter:data1\" content=\"Amador Palacios\" \/>\n<script type=\"application\/ld+json\" class=\"yoast-schema-graph\">{\"@context\":\"https:\\\/\\\/schema.org\",\"@graph\":[{\"@type\":\"Article\",\"@id\":\"https:\\\/\\\/desdelaterrazadeamador.com\\\/el-proyecto-del-89-la-fuerza-silenciosa-del-cambio-climatico\\\/#article\",\"isPartOf\":{\"@id\":\"https:\\\/\\\/desdelaterrazadeamador.com\\\/el-proyecto-del-89-la-fuerza-silenciosa-del-cambio-climatico\\\/\"},\"author\":{\"name\":\"Amador Palacios\",\"@id\":\"https:\\\/\\\/desdelaterrazadeamador.com\\\/#\\\/schema\\\/person\\\/0b6966cf66bcc9a2eb35a69e1c074d66\"},\"headline\":\"El Proyecto del 89%: La fuerza silenciosa del Cambio Clim\u00e1tico\",\"datePublished\":\"2025-05-19T05:47:29+00:00\",\"dateModified\":\"2025-05-24T05:14:41+00:00\",\"mainEntityOfPage\":{\"@id\":\"https:\\\/\\\/desdelaterrazadeamador.com\\\/el-proyecto-del-89-la-fuerza-silenciosa-del-cambio-climatico\\\/\"},\"wordCount\":689,\"commentCount\":0,\"publisher\":{\"@id\":\"https:\\\/\\\/desdelaterrazadeamador.com\\\/#\\\/schema\\\/person\\\/0b6966cf66bcc9a2eb35a69e1c074d66\"},\"image\":{\"@id\":\"https:\\\/\\\/desdelaterrazadeamador.com\\\/el-proyecto-del-89-la-fuerza-silenciosa-del-cambio-climatico\\\/#primaryimage\"},\"thumbnailUrl\":\"https:\\\/\\\/desdelaterrazadeamador.com\\\/wp-content\\\/uploads\\\/2025\\\/05\\\/CLIMA-89.jpg\",\"articleSection\":[\"Climatic Change\",\"CO2\",\"Sustainability\",\"Sustainable Energy\"],\"inLanguage\":\"en-US\",\"potentialAction\":[{\"@type\":\"CommentAction\",\"name\":\"Comment\",\"target\":[\"https:\\\/\\\/desdelaterrazadeamador.com\\\/el-proyecto-del-89-la-fuerza-silenciosa-del-cambio-climatico\\\/#respond\"]}]},{\"@type\":\"WebPage\",\"@id\":\"https:\\\/\\\/desdelaterrazadeamador.com\\\/el-proyecto-del-89-la-fuerza-silenciosa-del-cambio-climatico\\\/\",\"url\":\"https:\\\/\\\/desdelaterrazadeamador.com\\\/el-proyecto-del-89-la-fuerza-silenciosa-del-cambio-climatico\\\/\",\"name\":\"El Proyecto del 89%: La fuerza silenciosa del Cambio Clim\u00e1tico - Desde la terraza de Amador\",\"isPartOf\":{\"@id\":\"https:\\\/\\\/desdelaterrazadeamador.com\\\/#website\"},\"primaryImageOfPage\":{\"@id\":\"https:\\\/\\\/desdelaterrazadeamador.com\\\/el-proyecto-del-89-la-fuerza-silenciosa-del-cambio-climatico\\\/#primaryimage\"},\"image\":{\"@id\":\"https:\\\/\\\/desdelaterrazadeamador.com\\\/el-proyecto-del-89-la-fuerza-silenciosa-del-cambio-climatico\\\/#primaryimage\"},\"thumbnailUrl\":\"https:\\\/\\\/desdelaterrazadeamador.com\\\/wp-content\\\/uploads\\\/2025\\\/05\\\/CLIMA-89.jpg\",\"datePublished\":\"2025-05-19T05:47:29+00:00\",\"dateModified\":\"2025-05-24T05:14:41+00:00\",\"description\":\"Para los que no conozcan esta WEB, les aconsejo entrar en ella&nbsp;&nbsp;&nbsp; https:\\\/\\\/89percent.org\\\/ &nbsp;Es un proyecto colaborativo de varias\",\"breadcrumb\":{\"@id\":\"https:\\\/\\\/desdelaterrazadeamador.com\\\/el-proyecto-del-89-la-fuerza-silenciosa-del-cambio-climatico\\\/#breadcrumb\"},\"inLanguage\":\"en-US\",\"potentialAction\":[{\"@type\":\"ReadAction\",\"target\":[\"https:\\\/\\\/desdelaterrazadeamador.com\\\/el-proyecto-del-89-la-fuerza-silenciosa-del-cambio-climatico\\\/\"]}]},{\"@type\":\"ImageObject\",\"inLanguage\":\"en-US\",\"@id\":\"https:\\\/\\\/desdelaterrazadeamador.com\\\/el-proyecto-del-89-la-fuerza-silenciosa-del-cambio-climatico\\\/#primaryimage\",\"url\":\"https:\\\/\\\/desdelaterrazadeamador.com\\\/wp-content\\\/uploads\\\/2025\\\/05\\\/CLIMA-89.jpg\",\"contentUrl\":\"https:\\\/\\\/desdelaterrazadeamador.com\\\/wp-content\\\/uploads\\\/2025\\\/05\\\/CLIMA-89.jpg\"},{\"@type\":\"BreadcrumbList\",\"@id\":\"https:\\\/\\\/desdelaterrazadeamador.com\\\/el-proyecto-del-89-la-fuerza-silenciosa-del-cambio-climatico\\\/#breadcrumb\",\"itemListElement\":[{\"@type\":\"ListItem\",\"position\":1,\"name\":\"Portada\",\"item\":\"https:\\\/\\\/desdelaterrazadeamador.com\\\/\"},{\"@type\":\"ListItem\",\"position\":2,\"name\":\"El Proyecto del 89%: La fuerza silenciosa del Cambio Clim\u00e1tico\"}]},{\"@type\":\"WebSite\",\"@id\":\"https:\\\/\\\/desdelaterrazadeamador.com\\\/#website\",\"url\":\"https:\\\/\\\/desdelaterrazadeamador.com\\\/\",\"name\":\"Desde la terraza de Amador\",\"description\":\"Reflexiones libres y honestas sobre temas de actualidad social y tecnol\u00f3gica\",\"publisher\":{\"@id\":\"https:\\\/\\\/desdelaterrazadeamador.com\\\/#\\\/schema\\\/person\\\/0b6966cf66bcc9a2eb35a69e1c074d66\"},\"potentialAction\":[{\"@type\":\"SearchAction\",\"target\":{\"@type\":\"EntryPoint\",\"urlTemplate\":\"https:\\\/\\\/desdelaterrazadeamador.com\\\/?s={search_term_string}\"},\"query-input\":{\"@type\":\"PropertyValueSpecification\",\"valueRequired\":true,\"valueName\":\"search_term_string\"}}],\"inLanguage\":\"en-US\"},{\"@type\":[\"Person\",\"Organization\"],\"@id\":\"https:\\\/\\\/desdelaterrazadeamador.com\\\/#\\\/schema\\\/person\\\/0b6966cf66bcc9a2eb35a69e1c074d66\",\"name\":\"Amador Palacios\",\"image\":{\"@type\":\"ImageObject\",\"inLanguage\":\"en-US\",\"@id\":\"https:\\\/\\\/desdelaterrazadeamador.com\\\/wp-content\\\/uploads\\\/2022\\\/01\\\/amador-palacios.jpg\",\"url\":\"https:\\\/\\\/desdelaterrazadeamador.com\\\/wp-content\\\/uploads\\\/2022\\\/01\\\/amador-palacios.jpg\",\"contentUrl\":\"https:\\\/\\\/desdelaterrazadeamador.com\\\/wp-content\\\/uploads\\\/2022\\\/01\\\/amador-palacios.jpg\",\"width\":1265,\"height\":899,\"caption\":\"Amador Palacios\"},\"logo\":{\"@id\":\"https:\\\/\\\/desdelaterrazadeamador.com\\\/wp-content\\\/uploads\\\/2022\\\/01\\\/amador-palacios.jpg\"},\"description\":\"Reflexiones de Amador Palacios sobre temas de Actualidad Social y Tecnol\u00f3gica; otras opiniones diferentes a la m\u00eda son bienvenidas\",\"sameAs\":[\"http:\\\/\\\/desdelaterrazadeamador.com\",\"https:\\\/\\\/es.linkedin.com\\\/in\\\/amador-palacios-499532a\",\"https:\\\/\\\/x.com\\\/https:\\\/\\\/twitter.com\\\/edurneamaya\"]}]}<\/script>\n<!-- \/ Yoast SEO plugin. -->","yoast_head_json":{"title":"El Proyecto del 89%: La fuerza silenciosa del Cambio Clim\u00e1tico - Desde la terraza de Amador","description":"Para los que no conozcan esta WEB, les aconsejo entrar en ella&nbsp;&nbsp;&nbsp; https:\/\/89percent.org\/ &nbsp;Es un proyecto colaborativo de varias","robots":{"index":"index","follow":"follow","max-snippet":"max-snippet:-1","max-image-preview":"max-image-preview:large","max-video-preview":"max-video-preview:-1"},"canonical":"https:\/\/desdelaterrazadeamador.com\/en\/el-proyecto-del-89-la-fuerza-silenciosa-del-cambio-climatico\/","og_locale":"en_US","og_type":"article","og_title":"El Proyecto del 89%: La fuerza silenciosa del Cambio Clim\u00e1tico - Desde la terraza de Amador","og_description":"Para los que no conozcan esta WEB, les aconsejo entrar en ella&nbsp;&nbsp;&nbsp; https:\/\/89percent.org\/ &nbsp;Es un proyecto colaborativo de varias","og_url":"https:\/\/desdelaterrazadeamador.com\/en\/el-proyecto-del-89-la-fuerza-silenciosa-del-cambio-climatico\/","og_site_name":"Desde la terraza de Amador","article_published_time":"2025-05-19T05:47:29+00:00","article_modified_time":"2025-05-24T05:14:41+00:00","og_image":[{"width":450,"height":523,"url":"https:\/\/desdelaterrazadeamador.com\/wp-content\/uploads\/2025\/05\/CLIMA-89.jpg","type":"image\/jpeg"}],"author":"Amador Palacios","twitter_card":"summary_large_image","twitter_creator":"@https:\/\/twitter.com\/edurneamaya","twitter_site":"@edurneamaya","twitter_misc":{"Written by":"Amador Palacios"},"schema":{"@context":"https:\/\/schema.org","@graph":[{"@type":"Article","@id":"https:\/\/desdelaterrazadeamador.com\/el-proyecto-del-89-la-fuerza-silenciosa-del-cambio-climatico\/#article","isPartOf":{"@id":"https:\/\/desdelaterrazadeamador.com\/el-proyecto-del-89-la-fuerza-silenciosa-del-cambio-climatico\/"},"author":{"name":"Amador Palacios","@id":"https:\/\/desdelaterrazadeamador.com\/#\/schema\/person\/0b6966cf66bcc9a2eb35a69e1c074d66"},"headline":"El Proyecto del 89%: La fuerza silenciosa del Cambio Clim\u00e1tico","datePublished":"2025-05-19T05:47:29+00:00","dateModified":"2025-05-24T05:14:41+00:00","mainEntityOfPage":{"@id":"https:\/\/desdelaterrazadeamador.com\/el-proyecto-del-89-la-fuerza-silenciosa-del-cambio-climatico\/"},"wordCount":689,"commentCount":0,"publisher":{"@id":"https:\/\/desdelaterrazadeamador.com\/#\/schema\/person\/0b6966cf66bcc9a2eb35a69e1c074d66"},"image":{"@id":"https:\/\/desdelaterrazadeamador.com\/el-proyecto-del-89-la-fuerza-silenciosa-del-cambio-climatico\/#primaryimage"},"thumbnailUrl":"https:\/\/desdelaterrazadeamador.com\/wp-content\/uploads\/2025\/05\/CLIMA-89.jpg","articleSection":["Climatic Change","CO2","Sustainability","Sustainable Energy"],"inLanguage":"en-US","potentialAction":[{"@type":"CommentAction","name":"Comment","target":["https:\/\/desdelaterrazadeamador.com\/el-proyecto-del-89-la-fuerza-silenciosa-del-cambio-climatico\/#respond"]}]},{"@type":"WebPage","@id":"https:\/\/desdelaterrazadeamador.com\/el-proyecto-del-89-la-fuerza-silenciosa-del-cambio-climatico\/","url":"https:\/\/desdelaterrazadeamador.com\/el-proyecto-del-89-la-fuerza-silenciosa-del-cambio-climatico\/","name":"El Proyecto del 89%: La fuerza silenciosa del Cambio Clim\u00e1tico - Desde la terraza de Amador","isPartOf":{"@id":"https:\/\/desdelaterrazadeamador.com\/#website"},"primaryImageOfPage":{"@id":"https:\/\/desdelaterrazadeamador.com\/el-proyecto-del-89-la-fuerza-silenciosa-del-cambio-climatico\/#primaryimage"},"image":{"@id":"https:\/\/desdelaterrazadeamador.com\/el-proyecto-del-89-la-fuerza-silenciosa-del-cambio-climatico\/#primaryimage"},"thumbnailUrl":"https:\/\/desdelaterrazadeamador.com\/wp-content\/uploads\/2025\/05\/CLIMA-89.jpg","datePublished":"2025-05-19T05:47:29+00:00","dateModified":"2025-05-24T05:14:41+00:00","description":"Para los que no conozcan esta WEB, les aconsejo entrar en ella&nbsp;&nbsp;&nbsp; https:\/\/89percent.org\/ &nbsp;Es un proyecto colaborativo de varias","breadcrumb":{"@id":"https:\/\/desdelaterrazadeamador.com\/el-proyecto-del-89-la-fuerza-silenciosa-del-cambio-climatico\/#breadcrumb"},"inLanguage":"en-US","potentialAction":[{"@type":"ReadAction","target":["https:\/\/desdelaterrazadeamador.com\/el-proyecto-del-89-la-fuerza-silenciosa-del-cambio-climatico\/"]}]},{"@type":"ImageObject","inLanguage":"en-US","@id":"https:\/\/desdelaterrazadeamador.com\/el-proyecto-del-89-la-fuerza-silenciosa-del-cambio-climatico\/#primaryimage","url":"https:\/\/desdelaterrazadeamador.com\/wp-content\/uploads\/2025\/05\/CLIMA-89.jpg","contentUrl":"https:\/\/desdelaterrazadeamador.com\/wp-content\/uploads\/2025\/05\/CLIMA-89.jpg"},{"@type":"BreadcrumbList","@id":"https:\/\/desdelaterrazadeamador.com\/el-proyecto-del-89-la-fuerza-silenciosa-del-cambio-climatico\/#breadcrumb","itemListElement":[{"@type":"ListItem","position":1,"name":"Portada","item":"https:\/\/desdelaterrazadeamador.com\/"},{"@type":"ListItem","position":2,"name":"El Proyecto del 89%: La fuerza silenciosa del Cambio Clim\u00e1tico"}]},{"@type":"WebSite","@id":"https:\/\/desdelaterrazadeamador.com\/#website","url":"https:\/\/desdelaterrazadeamador.com\/","name":"Desde la terraza de Amador","description":"Free and honest reflections on current social and technological issues","publisher":{"@id":"https:\/\/desdelaterrazadeamador.com\/#\/schema\/person\/0b6966cf66bcc9a2eb35a69e1c074d66"},"potentialAction":[{"@type":"SearchAction","target":{"@type":"EntryPoint","urlTemplate":"https:\/\/desdelaterrazadeamador.com\/?s={search_term_string}"},"query-input":{"@type":"PropertyValueSpecification","valueRequired":true,"valueName":"search_term_string"}}],"inLanguage":"en-US"},{"@type":["Person","Organization"],"@id":"https:\/\/desdelaterrazadeamador.com\/#\/schema\/person\/0b6966cf66bcc9a2eb35a69e1c074d66","name":"Amador Palacios","image":{"@type":"ImageObject","inLanguage":"en-US","@id":"https:\/\/desdelaterrazadeamador.com\/wp-content\/uploads\/2022\/01\/amador-palacios.jpg","url":"https:\/\/desdelaterrazadeamador.com\/wp-content\/uploads\/2022\/01\/amador-palacios.jpg","contentUrl":"https:\/\/desdelaterrazadeamador.com\/wp-content\/uploads\/2022\/01\/amador-palacios.jpg","width":1265,"height":899,"caption":"Amador Palacios"},"logo":{"@id":"https:\/\/desdelaterrazadeamador.com\/wp-content\/uploads\/2022\/01\/amador-palacios.jpg"},"description":"Reflexiones de Amador Palacios sobre temas de Actualidad Social y Tecnol\u00f3gica; otras opiniones diferentes a la m\u00eda son bienvenidas","sameAs":["http:\/\/desdelaterrazadeamador.com","https:\/\/es.linkedin.com\/in\/amador-palacios-499532a","https:\/\/x.com\/https:\/\/twitter.com\/edurneamaya"]}]}},"jetpack_publicize_connections":[],"_links":{"self":[{"href":"https:\/\/desdelaterrazadeamador.com\/en\/wp-json\/wp\/v2\/posts\/3714","targetHints":{"allow":["GET"]}}],"collection":[{"href":"https:\/\/desdelaterrazadeamador.com\/en\/wp-json\/wp\/v2\/posts"}],"about":[{"href":"https:\/\/desdelaterrazadeamador.com\/en\/wp-json\/wp\/v2\/types\/post"}],"author":[{"embeddable":true,"href":"https:\/\/desdelaterrazadeamador.com\/en\/wp-json\/wp\/v2\/users\/1"}],"replies":[{"embeddable":true,"href":"https:\/\/desdelaterrazadeamador.com\/en\/wp-json\/wp\/v2\/comments?post=3714"}],"version-history":[{"count":1,"href":"https:\/\/desdelaterrazadeamador.com\/en\/wp-json\/wp\/v2\/posts\/3714\/revisions"}],"predecessor-version":[{"id":3716,"href":"https:\/\/desdelaterrazadeamador.com\/en\/wp-json\/wp\/v2\/posts\/3714\/revisions\/3716"}],"wp:attachment":[{"href":"https:\/\/desdelaterrazadeamador.com\/en\/wp-json\/wp\/v2\/media?parent=3714"}],"wp:term":[{"taxonomy":"category","embeddable":true,"href":"https:\/\/desdelaterrazadeamador.com\/en\/wp-json\/wp\/v2\/categories?post=3714"},{"taxonomy":"post_tag","embeddable":true,"href":"https:\/\/desdelaterrazadeamador.com\/en\/wp-json\/wp\/v2\/tags?post=3714"}],"curies":[{"name":"wp","href":"https:\/\/api.w.org\/{rel}","templated":true}]}}