{"id":3684,"date":"2025-05-05T08:15:29","date_gmt":"2025-05-05T06:15:29","guid":{"rendered":"https:\/\/desdelaterrazadeamador.com\/?p=3684"},"modified":"2025-05-10T07:51:58","modified_gmt":"2025-05-10T05:51:58","slug":"la-ia-y-el-devorador-de-energia-un-futuro-sostenible-o-un-callejon-sin-salida","status":"publish","type":"post","link":"https:\/\/desdelaterrazadeamador.com\/en\/la-ia-y-el-devorador-de-energia-un-futuro-sostenible-o-un-callejon-sin-salida\/","title":{"rendered":"AI and the Energy Guzzler: A sustainable future or a dead end?"},"content":{"rendered":"<p>Views: 6<\/p>\n<p class=\"wp-block-paragraph\">Artificial Intelligence (AI) is transforming our lives at a dizzying pace, promising a future full of possibilities. From more accurate medical diagnoses to autonomous vehicles, AI is emerging as a key tool for addressing some of humanity's most pressing challenges. However, this technological advancement comes at a hidden cost, and a considerable one: excessive energy consumption that threatens to worsen the climate crisis and jeopardize the planet's sustainability.<\/p>\n\n\n\n<p class=\"wp-block-paragraph\">Data centers, the beating heart of the digital revolution, have become true energy guzzlers. Imagine thousands of servers working tirelessly, 24\/7, processing vast amounts of information to feed AI algorithms.<\/p>\n\n\n\n<p class=\"wp-block-paragraph\">These centers, estimated at around 10,000 worldwide, with approximately 100 million servers, consume a staggering amount of energy and water, a figure that is projected to double by 2030. And this is just the tip of the iceberg.<\/p>\n\n\n\n<p class=\"wp-block-paragraph\">The ambition of companies like OpenAI, with its Stargate project, illustrates the magnitude of the problem. A data center with an estimated cost of $100 trillion and an energy consumption of 5 Gigawatts, equivalent to the output of 5 nuclear power plants. A figure that takes our breath away and forces us to ask: is this model of technological development sustainable? Can we afford to fuel AI at the expense of the planet's energy stability?<\/p>\n\n\n\n<p class=\"wp-block-paragraph\">A look at Deloitte's graph on projected AI energy consumption by 2030 shows an upward curve, a worrying trend that demands immediate solutions. 40% of the energy consumed in these data centers is used to cool servers, a fact that reveals the inherent inefficiency of the current system.<\/p>\n\n\n\n<figure class=\"wp-block-image size-full is-resized\"><img loading=\"lazy\" decoding=\"async\" width=\"400\" height=\"264\" src=\"https:\/\/desdelaterrazadeamador.com\/wp-content\/uploads\/2025\/05\/IA-consumo-energia-previsto-en-2030.jpg\" alt=\"\" class=\"wp-image-3685\" style=\"aspect-ratio:1.5152237512189837;width:437px;height:auto\" srcset=\"https:\/\/desdelaterrazadeamador.com\/wp-content\/uploads\/2025\/05\/IA-consumo-energia-previsto-en-2030.jpg 400w, https:\/\/desdelaterrazadeamador.com\/wp-content\/uploads\/2025\/05\/IA-consumo-energia-previsto-en-2030-300x198.jpg 300w, https:\/\/desdelaterrazadeamador.com\/wp-content\/uploads\/2025\/05\/IA-consumo-energia-previsto-en-2030-18x12.jpg 18w\" sizes=\"auto, (max-width: 400px) 100vw, 400px\" \/><\/figure>\n\n\n\n<p class=\"wp-block-paragraph\">Most of these centers are not located near water sources or power generation facilities, which further exacerbates the problem. In fact, some are located in areas with water shortage, a paradox that highlights the lack of planning and the urgent need to rethink the model.<\/p>\n\n\n\n<p class=\"wp-block-paragraph\">Deloitte estimates that by 2027, more than 6.4 trillion liters of water will be needed to cool these data centers, a figure equivalent to the annual water consumption of a large city. Given this reality, the search for innovative solutions becomes a priority.<\/p>\n\n\n\n<p class=\"wp-block-paragraph\">One of the avenues being explored is the development of server chips capable of operating at higher temperatures. Currently, these chips operate at an ambient temperature of 25\u00b0C, but if they could operate at 41\u00b0C, the need for complex and expensive cooling systems would be eliminated, allowing simple fans to be used instead. This would result in energy savings of more than 60%, drastically reducing operating costs and environmental impact.<\/p>\n\n\n\n<p class=\"wp-block-paragraph\">Another promising alternative is on-device computing, also known as \"edge computing.\" Instead of performing calculations in the cloud, they would be processed directly on devices such as smartphones. This strategy would not only reduce energy consumption by 100 to 1,000 times, but would also increase user privacy by keeping data on the device.<\/p>\n\n\n\n<p class=\"wp-block-paragraph\">The current situation presents us with a crucial dilemma: how can we continue to advance AI development without compromising the sustainability of the planet? The answer lies in innovation, efficiency, and responsibility. We must invest in research and development of more efficient technologies, rethink the location of data centers, prioritize on-device computing, and foster collaboration between industry, governments, and civil society.<\/p>\n\n\n\n<p class=\"wp-block-paragraph\">We cannot afford to ignore the warning signs. The excessive energy consumption of AI is a problem that concerns us all. It is time to act decisively and build a sustainable technological future, a future where innovation and responsibility go hand in hand. When will we do so? The answer is: now. Time is running out.<\/p>\n\n\n\n<p class=\"wp-block-paragraph\"><\/p>","protected":false},"excerpt":{"rendered":"<p>Views: 6 La Inteligencia Artificial (IA) est\u00e1 transformando nuestras vidas a un ritmo vertiginoso, prometiendo un futuro lleno de posibilidades. Desde diagn\u00f3sticos m\u00e9dicos m\u00e1s precisos hasta veh\u00edculos aut\u00f3nomos, la IA se perfila como una herramienta clave para abordar algunos de los desaf\u00edos m\u00e1s apremiantes de la humanidad. Sin embargo, este avance tecnol\u00f3gico tiene un costo [&hellip;]<\/p>\n","protected":false},"author":1,"featured_media":0,"comment_status":"open","ping_status":"closed","sticky":false,"template":"","format":"standard","meta":{"_crdt_document":"","footnotes":"","jetpack_publicize_message":"","jetpack_publicize_feature_enabled":true,"jetpack_social_post_already_shared":false,"jetpack_social_options":{"image_generator_settings":{"template":"highway","default_image_id":0,"font":"","enabled":false},"version":2}},"categories":[112,146,134,135],"tags":[],"class_list":["post-3684","post","type-post","status-publish","format-standard","hentry","category-climatic-change","category-sustainable-city","category-sustainable-energy","category-technology"],"yoast_head":"<!-- This site is optimized with the Yoast SEO plugin v27.5 - https:\/\/yoast.com\/product\/yoast-seo-wordpress\/ -->\n<title>La IA y el Devorador de Energ\u00eda: \u00bfUn futuro sostenible o un callej\u00f3n sin salida? - Desde la terraza de Amador<\/title>\n<meta name=\"description\" content=\"La Inteligencia Artificial (IA) est\u00e1 transformando nuestras vidas a un ritmo vertiginoso, prometiendo un futuro lleno de posibilidades. Desde diagn\u00f3sticos\" \/>\n<meta name=\"robots\" content=\"index, follow, max-snippet:-1, max-image-preview:large, max-video-preview:-1\" \/>\n<link rel=\"canonical\" href=\"https:\/\/desdelaterrazadeamador.com\/en\/la-ia-y-el-devorador-de-energia-un-futuro-sostenible-o-un-callejon-sin-salida\/\" \/>\n<meta property=\"og:locale\" content=\"en_US\" \/>\n<meta property=\"og:type\" content=\"article\" \/>\n<meta property=\"og:title\" content=\"La IA y el Devorador de Energ\u00eda: \u00bfUn futuro sostenible o un callej\u00f3n sin salida? - Desde la terraza de Amador\" \/>\n<meta property=\"og:description\" content=\"La Inteligencia Artificial (IA) est\u00e1 transformando nuestras vidas a un ritmo vertiginoso, prometiendo un futuro lleno de posibilidades. Desde diagn\u00f3sticos\" \/>\n<meta property=\"og:url\" content=\"https:\/\/desdelaterrazadeamador.com\/en\/la-ia-y-el-devorador-de-energia-un-futuro-sostenible-o-un-callejon-sin-salida\/\" \/>\n<meta property=\"og:site_name\" content=\"Desde la terraza de Amador\" \/>\n<meta property=\"article:published_time\" content=\"2025-05-05T06:15:29+00:00\" \/>\n<meta property=\"article:modified_time\" content=\"2025-05-10T05:51:58+00:00\" \/>\n<meta property=\"og:image\" content=\"https:\/\/desdelaterrazadeamador.com\/wp-content\/uploads\/2025\/05\/IA-consumo-energia-previsto-en-2030.jpg\" \/>\n\t<meta property=\"og:image:width\" content=\"400\" \/>\n\t<meta property=\"og:image:height\" content=\"264\" \/>\n\t<meta property=\"og:image:type\" content=\"image\/jpeg\" \/>\n<meta name=\"author\" content=\"Amador Palacios\" \/>\n<meta name=\"twitter:card\" content=\"summary_large_image\" \/>\n<meta name=\"twitter:creator\" content=\"@https:\/\/twitter.com\/edurneamaya\" \/>\n<meta name=\"twitter:site\" content=\"@edurneamaya\" \/>\n<meta name=\"twitter:label1\" content=\"Written by\" \/>\n\t<meta name=\"twitter:data1\" content=\"Amador Palacios\" \/>\n\t<meta name=\"twitter:label2\" content=\"Est. reading time\" \/>\n\t<meta name=\"twitter:data2\" content=\"4 minutes\" \/>\n<script type=\"application\/ld+json\" class=\"yoast-schema-graph\">{\"@context\":\"https:\\\/\\\/schema.org\",\"@graph\":[{\"@type\":\"Article\",\"@id\":\"https:\\\/\\\/desdelaterrazadeamador.com\\\/la-ia-y-el-devorador-de-energia-un-futuro-sostenible-o-un-callejon-sin-salida\\\/#article\",\"isPartOf\":{\"@id\":\"https:\\\/\\\/desdelaterrazadeamador.com\\\/la-ia-y-el-devorador-de-energia-un-futuro-sostenible-o-un-callejon-sin-salida\\\/\"},\"author\":{\"name\":\"Amador Palacios\",\"@id\":\"https:\\\/\\\/desdelaterrazadeamador.com\\\/#\\\/schema\\\/person\\\/0b6966cf66bcc9a2eb35a69e1c074d66\"},\"headline\":\"La IA y el Devorador de Energ\u00eda: \u00bfUn futuro sostenible o un callej\u00f3n sin salida?\",\"datePublished\":\"2025-05-05T06:15:29+00:00\",\"dateModified\":\"2025-05-10T05:51:58+00:00\",\"mainEntityOfPage\":{\"@id\":\"https:\\\/\\\/desdelaterrazadeamador.com\\\/la-ia-y-el-devorador-de-energia-un-futuro-sostenible-o-un-callejon-sin-salida\\\/\"},\"wordCount\":733,\"commentCount\":0,\"publisher\":{\"@id\":\"https:\\\/\\\/desdelaterrazadeamador.com\\\/#\\\/schema\\\/person\\\/0b6966cf66bcc9a2eb35a69e1c074d66\"},\"image\":{\"@id\":\"https:\\\/\\\/desdelaterrazadeamador.com\\\/la-ia-y-el-devorador-de-energia-un-futuro-sostenible-o-un-callejon-sin-salida\\\/#primaryimage\"},\"thumbnailUrl\":\"https:\\\/\\\/desdelaterrazadeamador.com\\\/wp-content\\\/uploads\\\/2025\\\/05\\\/IA-consumo-energia-previsto-en-2030.jpg\",\"articleSection\":[\"Climatic Change\",\"Sustainable City\",\"Sustainable Energy\",\"Technology\"],\"inLanguage\":\"en-US\",\"potentialAction\":[{\"@type\":\"CommentAction\",\"name\":\"Comment\",\"target\":[\"https:\\\/\\\/desdelaterrazadeamador.com\\\/la-ia-y-el-devorador-de-energia-un-futuro-sostenible-o-un-callejon-sin-salida\\\/#respond\"]}]},{\"@type\":\"WebPage\",\"@id\":\"https:\\\/\\\/desdelaterrazadeamador.com\\\/la-ia-y-el-devorador-de-energia-un-futuro-sostenible-o-un-callejon-sin-salida\\\/\",\"url\":\"https:\\\/\\\/desdelaterrazadeamador.com\\\/la-ia-y-el-devorador-de-energia-un-futuro-sostenible-o-un-callejon-sin-salida\\\/\",\"name\":\"La IA y el Devorador de Energ\u00eda: \u00bfUn futuro sostenible o un callej\u00f3n sin salida? - Desde la terraza de Amador\",\"isPartOf\":{\"@id\":\"https:\\\/\\\/desdelaterrazadeamador.com\\\/#website\"},\"primaryImageOfPage\":{\"@id\":\"https:\\\/\\\/desdelaterrazadeamador.com\\\/la-ia-y-el-devorador-de-energia-un-futuro-sostenible-o-un-callejon-sin-salida\\\/#primaryimage\"},\"image\":{\"@id\":\"https:\\\/\\\/desdelaterrazadeamador.com\\\/la-ia-y-el-devorador-de-energia-un-futuro-sostenible-o-un-callejon-sin-salida\\\/#primaryimage\"},\"thumbnailUrl\":\"https:\\\/\\\/desdelaterrazadeamador.com\\\/wp-content\\\/uploads\\\/2025\\\/05\\\/IA-consumo-energia-previsto-en-2030.jpg\",\"datePublished\":\"2025-05-05T06:15:29+00:00\",\"dateModified\":\"2025-05-10T05:51:58+00:00\",\"description\":\"La Inteligencia Artificial (IA) est\u00e1 transformando nuestras vidas a un ritmo vertiginoso, prometiendo un futuro lleno de posibilidades. Desde diagn\u00f3sticos\",\"breadcrumb\":{\"@id\":\"https:\\\/\\\/desdelaterrazadeamador.com\\\/la-ia-y-el-devorador-de-energia-un-futuro-sostenible-o-un-callejon-sin-salida\\\/#breadcrumb\"},\"inLanguage\":\"en-US\",\"potentialAction\":[{\"@type\":\"ReadAction\",\"target\":[\"https:\\\/\\\/desdelaterrazadeamador.com\\\/la-ia-y-el-devorador-de-energia-un-futuro-sostenible-o-un-callejon-sin-salida\\\/\"]}]},{\"@type\":\"ImageObject\",\"inLanguage\":\"en-US\",\"@id\":\"https:\\\/\\\/desdelaterrazadeamador.com\\\/la-ia-y-el-devorador-de-energia-un-futuro-sostenible-o-un-callejon-sin-salida\\\/#primaryimage\",\"url\":\"https:\\\/\\\/desdelaterrazadeamador.com\\\/wp-content\\\/uploads\\\/2025\\\/05\\\/IA-consumo-energia-previsto-en-2030.jpg\",\"contentUrl\":\"https:\\\/\\\/desdelaterrazadeamador.com\\\/wp-content\\\/uploads\\\/2025\\\/05\\\/IA-consumo-energia-previsto-en-2030.jpg\"},{\"@type\":\"BreadcrumbList\",\"@id\":\"https:\\\/\\\/desdelaterrazadeamador.com\\\/la-ia-y-el-devorador-de-energia-un-futuro-sostenible-o-un-callejon-sin-salida\\\/#breadcrumb\",\"itemListElement\":[{\"@type\":\"ListItem\",\"position\":1,\"name\":\"Portada\",\"item\":\"https:\\\/\\\/desdelaterrazadeamador.com\\\/\"},{\"@type\":\"ListItem\",\"position\":2,\"name\":\"La IA y el Devorador de Energ\u00eda: \u00bfUn futuro sostenible o un callej\u00f3n sin salida?\"}]},{\"@type\":\"WebSite\",\"@id\":\"https:\\\/\\\/desdelaterrazadeamador.com\\\/#website\",\"url\":\"https:\\\/\\\/desdelaterrazadeamador.com\\\/\",\"name\":\"Desde la terraza de Amador\",\"description\":\"Reflexiones libres y honestas sobre temas de actualidad social y tecnol\u00f3gica\",\"publisher\":{\"@id\":\"https:\\\/\\\/desdelaterrazadeamador.com\\\/#\\\/schema\\\/person\\\/0b6966cf66bcc9a2eb35a69e1c074d66\"},\"potentialAction\":[{\"@type\":\"SearchAction\",\"target\":{\"@type\":\"EntryPoint\",\"urlTemplate\":\"https:\\\/\\\/desdelaterrazadeamador.com\\\/?s={search_term_string}\"},\"query-input\":{\"@type\":\"PropertyValueSpecification\",\"valueRequired\":true,\"valueName\":\"search_term_string\"}}],\"inLanguage\":\"en-US\"},{\"@type\":[\"Person\",\"Organization\"],\"@id\":\"https:\\\/\\\/desdelaterrazadeamador.com\\\/#\\\/schema\\\/person\\\/0b6966cf66bcc9a2eb35a69e1c074d66\",\"name\":\"Amador Palacios\",\"image\":{\"@type\":\"ImageObject\",\"inLanguage\":\"en-US\",\"@id\":\"https:\\\/\\\/desdelaterrazadeamador.com\\\/wp-content\\\/uploads\\\/2022\\\/01\\\/amador-palacios.jpg\",\"url\":\"https:\\\/\\\/desdelaterrazadeamador.com\\\/wp-content\\\/uploads\\\/2022\\\/01\\\/amador-palacios.jpg\",\"contentUrl\":\"https:\\\/\\\/desdelaterrazadeamador.com\\\/wp-content\\\/uploads\\\/2022\\\/01\\\/amador-palacios.jpg\",\"width\":1265,\"height\":899,\"caption\":\"Amador Palacios\"},\"logo\":{\"@id\":\"https:\\\/\\\/desdelaterrazadeamador.com\\\/wp-content\\\/uploads\\\/2022\\\/01\\\/amador-palacios.jpg\"},\"description\":\"Reflexiones de Amador Palacios sobre temas de Actualidad Social y Tecnol\u00f3gica; otras opiniones diferentes a la m\u00eda son bienvenidas\",\"sameAs\":[\"http:\\\/\\\/desdelaterrazadeamador.com\",\"https:\\\/\\\/es.linkedin.com\\\/in\\\/amador-palacios-499532a\",\"https:\\\/\\\/x.com\\\/https:\\\/\\\/twitter.com\\\/edurneamaya\"]}]}<\/script>\n<!-- \/ Yoast SEO plugin. -->","yoast_head_json":{"title":"La IA y el Devorador de Energ\u00eda: \u00bfUn futuro sostenible o un callej\u00f3n sin salida? - Desde la terraza de Amador","description":"La Inteligencia Artificial (IA) est\u00e1 transformando nuestras vidas a un ritmo vertiginoso, prometiendo un futuro lleno de posibilidades. Desde diagn\u00f3sticos","robots":{"index":"index","follow":"follow","max-snippet":"max-snippet:-1","max-image-preview":"max-image-preview:large","max-video-preview":"max-video-preview:-1"},"canonical":"https:\/\/desdelaterrazadeamador.com\/en\/la-ia-y-el-devorador-de-energia-un-futuro-sostenible-o-un-callejon-sin-salida\/","og_locale":"en_US","og_type":"article","og_title":"La IA y el Devorador de Energ\u00eda: \u00bfUn futuro sostenible o un callej\u00f3n sin salida? - Desde la terraza de Amador","og_description":"La Inteligencia Artificial (IA) est\u00e1 transformando nuestras vidas a un ritmo vertiginoso, prometiendo un futuro lleno de posibilidades. Desde diagn\u00f3sticos","og_url":"https:\/\/desdelaterrazadeamador.com\/en\/la-ia-y-el-devorador-de-energia-un-futuro-sostenible-o-un-callejon-sin-salida\/","og_site_name":"Desde la terraza de Amador","article_published_time":"2025-05-05T06:15:29+00:00","article_modified_time":"2025-05-10T05:51:58+00:00","og_image":[{"width":400,"height":264,"url":"https:\/\/desdelaterrazadeamador.com\/wp-content\/uploads\/2025\/05\/IA-consumo-energia-previsto-en-2030.jpg","type":"image\/jpeg"}],"author":"Amador Palacios","twitter_card":"summary_large_image","twitter_creator":"@https:\/\/twitter.com\/edurneamaya","twitter_site":"@edurneamaya","twitter_misc":{"Written by":"Amador Palacios","Est. reading time":"4 minutes"},"schema":{"@context":"https:\/\/schema.org","@graph":[{"@type":"Article","@id":"https:\/\/desdelaterrazadeamador.com\/la-ia-y-el-devorador-de-energia-un-futuro-sostenible-o-un-callejon-sin-salida\/#article","isPartOf":{"@id":"https:\/\/desdelaterrazadeamador.com\/la-ia-y-el-devorador-de-energia-un-futuro-sostenible-o-un-callejon-sin-salida\/"},"author":{"name":"Amador Palacios","@id":"https:\/\/desdelaterrazadeamador.com\/#\/schema\/person\/0b6966cf66bcc9a2eb35a69e1c074d66"},"headline":"La IA y el Devorador de Energ\u00eda: \u00bfUn futuro sostenible o un callej\u00f3n sin salida?","datePublished":"2025-05-05T06:15:29+00:00","dateModified":"2025-05-10T05:51:58+00:00","mainEntityOfPage":{"@id":"https:\/\/desdelaterrazadeamador.com\/la-ia-y-el-devorador-de-energia-un-futuro-sostenible-o-un-callejon-sin-salida\/"},"wordCount":733,"commentCount":0,"publisher":{"@id":"https:\/\/desdelaterrazadeamador.com\/#\/schema\/person\/0b6966cf66bcc9a2eb35a69e1c074d66"},"image":{"@id":"https:\/\/desdelaterrazadeamador.com\/la-ia-y-el-devorador-de-energia-un-futuro-sostenible-o-un-callejon-sin-salida\/#primaryimage"},"thumbnailUrl":"https:\/\/desdelaterrazadeamador.com\/wp-content\/uploads\/2025\/05\/IA-consumo-energia-previsto-en-2030.jpg","articleSection":["Climatic Change","Sustainable City","Sustainable Energy","Technology"],"inLanguage":"en-US","potentialAction":[{"@type":"CommentAction","name":"Comment","target":["https:\/\/desdelaterrazadeamador.com\/la-ia-y-el-devorador-de-energia-un-futuro-sostenible-o-un-callejon-sin-salida\/#respond"]}]},{"@type":"WebPage","@id":"https:\/\/desdelaterrazadeamador.com\/la-ia-y-el-devorador-de-energia-un-futuro-sostenible-o-un-callejon-sin-salida\/","url":"https:\/\/desdelaterrazadeamador.com\/la-ia-y-el-devorador-de-energia-un-futuro-sostenible-o-un-callejon-sin-salida\/","name":"La IA y el Devorador de Energ\u00eda: \u00bfUn futuro sostenible o un callej\u00f3n sin salida? - Desde la terraza de Amador","isPartOf":{"@id":"https:\/\/desdelaterrazadeamador.com\/#website"},"primaryImageOfPage":{"@id":"https:\/\/desdelaterrazadeamador.com\/la-ia-y-el-devorador-de-energia-un-futuro-sostenible-o-un-callejon-sin-salida\/#primaryimage"},"image":{"@id":"https:\/\/desdelaterrazadeamador.com\/la-ia-y-el-devorador-de-energia-un-futuro-sostenible-o-un-callejon-sin-salida\/#primaryimage"},"thumbnailUrl":"https:\/\/desdelaterrazadeamador.com\/wp-content\/uploads\/2025\/05\/IA-consumo-energia-previsto-en-2030.jpg","datePublished":"2025-05-05T06:15:29+00:00","dateModified":"2025-05-10T05:51:58+00:00","description":"La Inteligencia Artificial (IA) est\u00e1 transformando nuestras vidas a un ritmo vertiginoso, prometiendo un futuro lleno de posibilidades. Desde diagn\u00f3sticos","breadcrumb":{"@id":"https:\/\/desdelaterrazadeamador.com\/la-ia-y-el-devorador-de-energia-un-futuro-sostenible-o-un-callejon-sin-salida\/#breadcrumb"},"inLanguage":"en-US","potentialAction":[{"@type":"ReadAction","target":["https:\/\/desdelaterrazadeamador.com\/la-ia-y-el-devorador-de-energia-un-futuro-sostenible-o-un-callejon-sin-salida\/"]}]},{"@type":"ImageObject","inLanguage":"en-US","@id":"https:\/\/desdelaterrazadeamador.com\/la-ia-y-el-devorador-de-energia-un-futuro-sostenible-o-un-callejon-sin-salida\/#primaryimage","url":"https:\/\/desdelaterrazadeamador.com\/wp-content\/uploads\/2025\/05\/IA-consumo-energia-previsto-en-2030.jpg","contentUrl":"https:\/\/desdelaterrazadeamador.com\/wp-content\/uploads\/2025\/05\/IA-consumo-energia-previsto-en-2030.jpg"},{"@type":"BreadcrumbList","@id":"https:\/\/desdelaterrazadeamador.com\/la-ia-y-el-devorador-de-energia-un-futuro-sostenible-o-un-callejon-sin-salida\/#breadcrumb","itemListElement":[{"@type":"ListItem","position":1,"name":"Portada","item":"https:\/\/desdelaterrazadeamador.com\/"},{"@type":"ListItem","position":2,"name":"La IA y el Devorador de Energ\u00eda: \u00bfUn futuro sostenible o un callej\u00f3n sin salida?"}]},{"@type":"WebSite","@id":"https:\/\/desdelaterrazadeamador.com\/#website","url":"https:\/\/desdelaterrazadeamador.com\/","name":"Desde la terraza de Amador","description":"Free and honest reflections on current social and technological issues","publisher":{"@id":"https:\/\/desdelaterrazadeamador.com\/#\/schema\/person\/0b6966cf66bcc9a2eb35a69e1c074d66"},"potentialAction":[{"@type":"SearchAction","target":{"@type":"EntryPoint","urlTemplate":"https:\/\/desdelaterrazadeamador.com\/?s={search_term_string}"},"query-input":{"@type":"PropertyValueSpecification","valueRequired":true,"valueName":"search_term_string"}}],"inLanguage":"en-US"},{"@type":["Person","Organization"],"@id":"https:\/\/desdelaterrazadeamador.com\/#\/schema\/person\/0b6966cf66bcc9a2eb35a69e1c074d66","name":"Amador Palacios","image":{"@type":"ImageObject","inLanguage":"en-US","@id":"https:\/\/desdelaterrazadeamador.com\/wp-content\/uploads\/2022\/01\/amador-palacios.jpg","url":"https:\/\/desdelaterrazadeamador.com\/wp-content\/uploads\/2022\/01\/amador-palacios.jpg","contentUrl":"https:\/\/desdelaterrazadeamador.com\/wp-content\/uploads\/2022\/01\/amador-palacios.jpg","width":1265,"height":899,"caption":"Amador Palacios"},"logo":{"@id":"https:\/\/desdelaterrazadeamador.com\/wp-content\/uploads\/2022\/01\/amador-palacios.jpg"},"description":"Reflexiones de Amador Palacios sobre temas de Actualidad Social y Tecnol\u00f3gica; otras opiniones diferentes a la m\u00eda son bienvenidas","sameAs":["http:\/\/desdelaterrazadeamador.com","https:\/\/es.linkedin.com\/in\/amador-palacios-499532a","https:\/\/x.com\/https:\/\/twitter.com\/edurneamaya"]}]}},"jetpack_publicize_connections":[],"_links":{"self":[{"href":"https:\/\/desdelaterrazadeamador.com\/en\/wp-json\/wp\/v2\/posts\/3684","targetHints":{"allow":["GET"]}}],"collection":[{"href":"https:\/\/desdelaterrazadeamador.com\/en\/wp-json\/wp\/v2\/posts"}],"about":[{"href":"https:\/\/desdelaterrazadeamador.com\/en\/wp-json\/wp\/v2\/types\/post"}],"author":[{"embeddable":true,"href":"https:\/\/desdelaterrazadeamador.com\/en\/wp-json\/wp\/v2\/users\/1"}],"replies":[{"embeddable":true,"href":"https:\/\/desdelaterrazadeamador.com\/en\/wp-json\/wp\/v2\/comments?post=3684"}],"version-history":[{"count":1,"href":"https:\/\/desdelaterrazadeamador.com\/en\/wp-json\/wp\/v2\/posts\/3684\/revisions"}],"predecessor-version":[{"id":3686,"href":"https:\/\/desdelaterrazadeamador.com\/en\/wp-json\/wp\/v2\/posts\/3684\/revisions\/3686"}],"wp:attachment":[{"href":"https:\/\/desdelaterrazadeamador.com\/en\/wp-json\/wp\/v2\/media?parent=3684"}],"wp:term":[{"taxonomy":"category","embeddable":true,"href":"https:\/\/desdelaterrazadeamador.com\/en\/wp-json\/wp\/v2\/categories?post=3684"},{"taxonomy":"post_tag","embeddable":true,"href":"https:\/\/desdelaterrazadeamador.com\/en\/wp-json\/wp\/v2\/tags?post=3684"}],"curies":[{"name":"wp","href":"https:\/\/api.w.org\/{rel}","templated":true}]}}