{"id":3674,"date":"2025-04-29T06:40:37","date_gmt":"2025-04-29T04:40:37","guid":{"rendered":"https:\/\/desdelaterrazadeamador.com\/?p=3674"},"modified":"2025-05-04T07:54:50","modified_gmt":"2025-05-04T05:54:50","slug":"la-quiebra-de-northvol-una-senal-de-alarma-para-la-industria-europea-de-baterias","status":"publish","type":"post","link":"https:\/\/desdelaterrazadeamador.com\/en\/la-quiebra-de-northvol-una-senal-de-alarma-para-la-industria-europea-de-baterias\/","title":{"rendered":"Northvolt's bankruptcy: a warning sign for the European battery industry"},"content":{"rendered":"<p>Views: 1<\/p>\n<p class=\"wp-block-paragraph\">The recent news of the bankruptcy of Northvolt, the promising Swedish battery company, has left me with a bitter taste in my mouth. This is not just the failure of a company, but a worrying symptom of European weakness in a strategic sector for the future of mobility: the manufacturing of batteries for electric vehicles.<\/p>\n\n\n\n<p class=\"wp-block-paragraph\">Founded in 2016 with the ambitious vision of challenging Asian dominance in the battery market, Northvolt represented hope for the European automotive industry. The promise of a local battery supply, crucial to the competitiveness of European electric car manufacturers, is fading with this bankruptcy. In a context where Europe barely manufactures 3% of the world's batteries, the dependence on China becomes even more evident and worrying.<\/p>\n\n\n\n<p class=\"wp-block-paragraph\">Northvolt's story is an example of the difficulties faced by European companies in this sector. Despite investment and technological development, the company was hit by technical problems that prevented it from meeting demand. The loss of a crucial $2.2 billion contract with BMW last year was a severe blow, compounded by an accumulated debt of $5.8 billion. Ultimately, the company was forced to file for bankruptcy (Chapter 11 in the United States), leaving its 5,000 employees in a precarious situation and an uncertain future.<\/p>\n\n\n\n<figure class=\"wp-block-image size-full is-resized\"><img loading=\"lazy\" decoding=\"async\" width=\"350\" height=\"199\" src=\"https:\/\/desdelaterrazadeamador.com\/wp-content\/uploads\/2025\/04\/Baterias-Northvolt.jpg\" alt=\"\" class=\"wp-image-3675\" style=\"width:470px;height:auto\" srcset=\"https:\/\/desdelaterrazadeamador.com\/wp-content\/uploads\/2025\/04\/Baterias-Northvolt.jpg 350w, https:\/\/desdelaterrazadeamador.com\/wp-content\/uploads\/2025\/04\/Baterias-Northvolt-300x171.jpg 300w, https:\/\/desdelaterrazadeamador.com\/wp-content\/uploads\/2025\/04\/Baterias-Northvolt-18x10.jpg 18w\" sizes=\"auto, (max-width: 350px) 100vw, 350px\" \/><\/figure>\n\n\n\n<p class=\"wp-block-paragraph\">This case forces us to reflect on Europe's competitiveness in the race to electrify transport. While Chinese companies dominate the market with an iron fist, investing massively in R&amp;D and constantly launching new battery technologies with improved performance, Europe seems to be lagging behind. The European Commission's ambition to reach 25% of the battery market by the end of this decade increasingly sounds like some sort of fairy tale if concrete and decisive measures are not taken.<\/p>\n\n\n\n<p class=\"wp-block-paragraph\">Grandiose statements about market targets without concrete plans on how to achieve them are just empty words. We need realistic strategies, with public and private investment, that drive innovation, job creation, and the development of a robust supply chain in Europe. Otherwise, we will continue to depend on external suppliers, with the geopolitical and economic risks that this entails.<\/p>\n\n\n\n<p class=\"wp-block-paragraph\">The bankruptcy of Northvolt should not be seen as an isolated event, but as a warning sign. A change of course is needed, a decisive commitment to the European battery industry, which includes:<\/p>\n\n\n\n<p class=\"wp-block-paragraph\">. Greater investment in R&amp;D: We cannot compete with China if we do not invest in research and development of new battery technologies. Europe needs to promote innovation in materials, manufacturing processes, and energy storage systems.<\/p>\n\n\n\n<p class=\"wp-block-paragraph\">. Facilitate private investment: It is essential to create a favorable environment for private investment in the sector, with tax incentives, simplified bureaucratic procedures, and access to financing.<\/p>\n\n\n\n<p class=\"wp-block-paragraph\">. Boost the development of electric cars in European countries, adapting European industrial capacity.<\/p>\n\n\n\n<p class=\"wp-block-paragraph\">. Developing a European supply chain: We must reduce dependence on external suppliers by promoting the production of raw materials, components, and equipment needed for battery manufacturing in Europe.<\/p>\n\n\n\n<p class=\"wp-block-paragraph\">. Training skilled personnel: The energy transition requires a skilled workforce. Investment is needed in training and education programs that prepare workers for the jobs of the future in the battery sector.<\/p>\n\n\n\n<p class=\"wp-block-paragraph\">The transition to electric mobility is a historic opportunity for Europe. But to seize it, we need to act with determination and perseverance. The Northvolt bankruptcy must serve as a call to action to build a strong, competitive, and sustainable European battery industry.<\/p>\n\n\n\n<p class=\"wp-block-paragraph\">I sincerely hope I'm wrong, but without a change of course, the future of electric mobility in Europe will continue to depend on decisions made on other continents.<\/p>\n\n\n\n<p class=\"wp-block-paragraph\">And if not, just wait and see.<\/p>\n\n\n\n<p class=\"wp-block-paragraph\"><\/p>","protected":false},"excerpt":{"rendered":"<p>Views: 1 La reciente noticia de la quiebra de Northvolt, la prometedora empresa sueca de bater\u00edas, me ha dejado un sabor amargo. No se trata solo del fracaso de una empresa, sino de un s\u00edntoma preocupante de la debilidad europea en un sector estrat\u00e9gico para el futuro de la movilidad: la fabricaci\u00f3n de bater\u00edas para [&hellip;]<\/p>\n","protected":false},"author":1,"featured_media":1045,"comment_status":"open","ping_status":"closed","sticky":false,"template":"","format":"standard","meta":{"_crdt_document":"","footnotes":"","jetpack_publicize_message":"","jetpack_publicize_feature_enabled":true,"jetpack_social_post_already_shared":false,"jetpack_social_options":{"image_generator_settings":{"template":"highway","default_image_id":0,"font":"","enabled":false},"version":2}},"categories":[154,153,167],"tags":[],"class_list":["post-3674","post","type-post","status-publish","format-standard","has-post-thumbnail","hentry","category-batteries","category-industry","category-sustainable-transport"],"yoast_head":"<!-- This site is optimized with the Yoast SEO plugin v27.5 - https:\/\/yoast.com\/product\/yoast-seo-wordpress\/ -->\n<title>La quiebra de Northvol: una se\u00f1al de alarma para la industria europea de bater\u00edas - Desde la terraza de Amador<\/title>\n<meta name=\"description\" content=\"La reciente noticia de la quiebra de Northvolt, la prometedora empresa sueca de bater\u00edas, me ha dejado un sabor amargo. No se trata solo del fracaso de\" \/>\n<meta name=\"robots\" content=\"index, follow, max-snippet:-1, max-image-preview:large, max-video-preview:-1\" \/>\n<link rel=\"canonical\" href=\"https:\/\/desdelaterrazadeamador.com\/en\/la-quiebra-de-northvol-una-senal-de-alarma-para-la-industria-europea-de-baterias\/\" \/>\n<meta property=\"og:locale\" content=\"en_US\" \/>\n<meta property=\"og:type\" content=\"article\" \/>\n<meta property=\"og:title\" content=\"La quiebra de Northvol: una se\u00f1al de alarma para la industria europea de bater\u00edas - Desde la terraza de Amador\" \/>\n<meta property=\"og:description\" content=\"La reciente noticia de la quiebra de Northvolt, la prometedora empresa sueca de bater\u00edas, me ha dejado un sabor amargo. No se trata solo del fracaso de\" \/>\n<meta property=\"og:url\" content=\"https:\/\/desdelaterrazadeamador.com\/en\/la-quiebra-de-northvol-una-senal-de-alarma-para-la-industria-europea-de-baterias\/\" \/>\n<meta property=\"og:site_name\" content=\"Desde la terraza de Amador\" \/>\n<meta property=\"article:published_time\" content=\"2025-04-29T04:40:37+00:00\" \/>\n<meta property=\"article:modified_time\" content=\"2025-05-04T05:54:50+00:00\" \/>\n<meta property=\"og:image\" content=\"https:\/\/desdelaterrazadeamador.com\/wp-content\/uploads\/2022\/07\/Bateria-coche-MODELO.png\" \/>\n\t<meta property=\"og:image:width\" content=\"256\" \/>\n\t<meta property=\"og:image:height\" content=\"256\" \/>\n\t<meta property=\"og:image:type\" content=\"image\/png\" \/>\n<meta name=\"author\" content=\"Amador Palacios\" \/>\n<meta name=\"twitter:card\" content=\"summary_large_image\" \/>\n<meta name=\"twitter:creator\" content=\"@https:\/\/twitter.com\/edurneamaya\" \/>\n<meta name=\"twitter:site\" content=\"@edurneamaya\" \/>\n<meta name=\"twitter:label1\" content=\"Written by\" \/>\n\t<meta name=\"twitter:data1\" content=\"Amador Palacios\" \/>\n\t<meta name=\"twitter:label2\" content=\"Est. reading time\" \/>\n\t<meta name=\"twitter:data2\" content=\"4 minutes\" \/>\n<script type=\"application\/ld+json\" class=\"yoast-schema-graph\">{\"@context\":\"https:\\\/\\\/schema.org\",\"@graph\":[{\"@type\":\"Article\",\"@id\":\"https:\\\/\\\/desdelaterrazadeamador.com\\\/la-quiebra-de-northvol-una-senal-de-alarma-para-la-industria-europea-de-baterias\\\/#article\",\"isPartOf\":{\"@id\":\"https:\\\/\\\/desdelaterrazadeamador.com\\\/la-quiebra-de-northvol-una-senal-de-alarma-para-la-industria-europea-de-baterias\\\/\"},\"author\":{\"name\":\"Amador Palacios\",\"@id\":\"https:\\\/\\\/desdelaterrazadeamador.com\\\/#\\\/schema\\\/person\\\/0b6966cf66bcc9a2eb35a69e1c074d66\"},\"headline\":\"La quiebra de Northvol: una se\u00f1al de alarma para la industria europea de bater\u00edas\",\"datePublished\":\"2025-04-29T04:40:37+00:00\",\"dateModified\":\"2025-05-04T05:54:50+00:00\",\"mainEntityOfPage\":{\"@id\":\"https:\\\/\\\/desdelaterrazadeamador.com\\\/la-quiebra-de-northvol-una-senal-de-alarma-para-la-industria-europea-de-baterias\\\/\"},\"wordCount\":715,\"commentCount\":0,\"publisher\":{\"@id\":\"https:\\\/\\\/desdelaterrazadeamador.com\\\/#\\\/schema\\\/person\\\/0b6966cf66bcc9a2eb35a69e1c074d66\"},\"image\":{\"@id\":\"https:\\\/\\\/desdelaterrazadeamador.com\\\/la-quiebra-de-northvol-una-senal-de-alarma-para-la-industria-europea-de-baterias\\\/#primaryimage\"},\"thumbnailUrl\":\"https:\\\/\\\/desdelaterrazadeamador.com\\\/wp-content\\\/uploads\\\/2022\\\/07\\\/Bateria-coche-MODELO.png\",\"articleSection\":[\"Batteries\",\"Industry\",\"Sustainable Transport\"],\"inLanguage\":\"en-US\",\"potentialAction\":[{\"@type\":\"CommentAction\",\"name\":\"Comment\",\"target\":[\"https:\\\/\\\/desdelaterrazadeamador.com\\\/la-quiebra-de-northvol-una-senal-de-alarma-para-la-industria-europea-de-baterias\\\/#respond\"]}]},{\"@type\":\"WebPage\",\"@id\":\"https:\\\/\\\/desdelaterrazadeamador.com\\\/la-quiebra-de-northvol-una-senal-de-alarma-para-la-industria-europea-de-baterias\\\/\",\"url\":\"https:\\\/\\\/desdelaterrazadeamador.com\\\/la-quiebra-de-northvol-una-senal-de-alarma-para-la-industria-europea-de-baterias\\\/\",\"name\":\"La quiebra de Northvol: una se\u00f1al de alarma para la industria europea de bater\u00edas - Desde la terraza de Amador\",\"isPartOf\":{\"@id\":\"https:\\\/\\\/desdelaterrazadeamador.com\\\/#website\"},\"primaryImageOfPage\":{\"@id\":\"https:\\\/\\\/desdelaterrazadeamador.com\\\/la-quiebra-de-northvol-una-senal-de-alarma-para-la-industria-europea-de-baterias\\\/#primaryimage\"},\"image\":{\"@id\":\"https:\\\/\\\/desdelaterrazadeamador.com\\\/la-quiebra-de-northvol-una-senal-de-alarma-para-la-industria-europea-de-baterias\\\/#primaryimage\"},\"thumbnailUrl\":\"https:\\\/\\\/desdelaterrazadeamador.com\\\/wp-content\\\/uploads\\\/2022\\\/07\\\/Bateria-coche-MODELO.png\",\"datePublished\":\"2025-04-29T04:40:37+00:00\",\"dateModified\":\"2025-05-04T05:54:50+00:00\",\"description\":\"La reciente noticia de la quiebra de Northvolt, la prometedora empresa sueca de bater\u00edas, me ha dejado un sabor amargo. No se trata solo del fracaso de\",\"breadcrumb\":{\"@id\":\"https:\\\/\\\/desdelaterrazadeamador.com\\\/la-quiebra-de-northvol-una-senal-de-alarma-para-la-industria-europea-de-baterias\\\/#breadcrumb\"},\"inLanguage\":\"en-US\",\"potentialAction\":[{\"@type\":\"ReadAction\",\"target\":[\"https:\\\/\\\/desdelaterrazadeamador.com\\\/la-quiebra-de-northvol-una-senal-de-alarma-para-la-industria-europea-de-baterias\\\/\"]}]},{\"@type\":\"ImageObject\",\"inLanguage\":\"en-US\",\"@id\":\"https:\\\/\\\/desdelaterrazadeamador.com\\\/la-quiebra-de-northvol-una-senal-de-alarma-para-la-industria-europea-de-baterias\\\/#primaryimage\",\"url\":\"https:\\\/\\\/desdelaterrazadeamador.com\\\/wp-content\\\/uploads\\\/2022\\\/07\\\/Bateria-coche-MODELO.png\",\"contentUrl\":\"https:\\\/\\\/desdelaterrazadeamador.com\\\/wp-content\\\/uploads\\\/2022\\\/07\\\/Bateria-coche-MODELO.png\",\"width\":256,\"height\":256},{\"@type\":\"BreadcrumbList\",\"@id\":\"https:\\\/\\\/desdelaterrazadeamador.com\\\/la-quiebra-de-northvol-una-senal-de-alarma-para-la-industria-europea-de-baterias\\\/#breadcrumb\",\"itemListElement\":[{\"@type\":\"ListItem\",\"position\":1,\"name\":\"Portada\",\"item\":\"https:\\\/\\\/desdelaterrazadeamador.com\\\/\"},{\"@type\":\"ListItem\",\"position\":2,\"name\":\"La quiebra de Northvol: una se\u00f1al de alarma para la industria europea de bater\u00edas\"}]},{\"@type\":\"WebSite\",\"@id\":\"https:\\\/\\\/desdelaterrazadeamador.com\\\/#website\",\"url\":\"https:\\\/\\\/desdelaterrazadeamador.com\\\/\",\"name\":\"Desde la terraza de Amador\",\"description\":\"Reflexiones libres y honestas sobre temas de actualidad social y tecnol\u00f3gica\",\"publisher\":{\"@id\":\"https:\\\/\\\/desdelaterrazadeamador.com\\\/#\\\/schema\\\/person\\\/0b6966cf66bcc9a2eb35a69e1c074d66\"},\"potentialAction\":[{\"@type\":\"SearchAction\",\"target\":{\"@type\":\"EntryPoint\",\"urlTemplate\":\"https:\\\/\\\/desdelaterrazadeamador.com\\\/?s={search_term_string}\"},\"query-input\":{\"@type\":\"PropertyValueSpecification\",\"valueRequired\":true,\"valueName\":\"search_term_string\"}}],\"inLanguage\":\"en-US\"},{\"@type\":[\"Person\",\"Organization\"],\"@id\":\"https:\\\/\\\/desdelaterrazadeamador.com\\\/#\\\/schema\\\/person\\\/0b6966cf66bcc9a2eb35a69e1c074d66\",\"name\":\"Amador Palacios\",\"image\":{\"@type\":\"ImageObject\",\"inLanguage\":\"en-US\",\"@id\":\"https:\\\/\\\/desdelaterrazadeamador.com\\\/wp-content\\\/uploads\\\/2022\\\/01\\\/amador-palacios.jpg\",\"url\":\"https:\\\/\\\/desdelaterrazadeamador.com\\\/wp-content\\\/uploads\\\/2022\\\/01\\\/amador-palacios.jpg\",\"contentUrl\":\"https:\\\/\\\/desdelaterrazadeamador.com\\\/wp-content\\\/uploads\\\/2022\\\/01\\\/amador-palacios.jpg\",\"width\":1265,\"height\":899,\"caption\":\"Amador Palacios\"},\"logo\":{\"@id\":\"https:\\\/\\\/desdelaterrazadeamador.com\\\/wp-content\\\/uploads\\\/2022\\\/01\\\/amador-palacios.jpg\"},\"description\":\"Reflexiones de Amador Palacios sobre temas de Actualidad Social y Tecnol\u00f3gica; otras opiniones diferentes a la m\u00eda son bienvenidas\",\"sameAs\":[\"http:\\\/\\\/desdelaterrazadeamador.com\",\"https:\\\/\\\/es.linkedin.com\\\/in\\\/amador-palacios-499532a\",\"https:\\\/\\\/x.com\\\/https:\\\/\\\/twitter.com\\\/edurneamaya\"]}]}<\/script>\n<!-- \/ Yoast SEO plugin. -->","yoast_head_json":{"title":"La quiebra de Northvol: una se\u00f1al de alarma para la industria europea de bater\u00edas - Desde la terraza de Amador","description":"La reciente noticia de la quiebra de Northvolt, la prometedora empresa sueca de bater\u00edas, me ha dejado un sabor amargo. No se trata solo del fracaso de","robots":{"index":"index","follow":"follow","max-snippet":"max-snippet:-1","max-image-preview":"max-image-preview:large","max-video-preview":"max-video-preview:-1"},"canonical":"https:\/\/desdelaterrazadeamador.com\/en\/la-quiebra-de-northvol-una-senal-de-alarma-para-la-industria-europea-de-baterias\/","og_locale":"en_US","og_type":"article","og_title":"La quiebra de Northvol: una se\u00f1al de alarma para la industria europea de bater\u00edas - Desde la terraza de Amador","og_description":"La reciente noticia de la quiebra de Northvolt, la prometedora empresa sueca de bater\u00edas, me ha dejado un sabor amargo. No se trata solo del fracaso de","og_url":"https:\/\/desdelaterrazadeamador.com\/en\/la-quiebra-de-northvol-una-senal-de-alarma-para-la-industria-europea-de-baterias\/","og_site_name":"Desde la terraza de Amador","article_published_time":"2025-04-29T04:40:37+00:00","article_modified_time":"2025-05-04T05:54:50+00:00","og_image":[{"width":256,"height":256,"url":"https:\/\/desdelaterrazadeamador.com\/wp-content\/uploads\/2022\/07\/Bateria-coche-MODELO.png","type":"image\/png"}],"author":"Amador Palacios","twitter_card":"summary_large_image","twitter_creator":"@https:\/\/twitter.com\/edurneamaya","twitter_site":"@edurneamaya","twitter_misc":{"Written by":"Amador Palacios","Est. reading time":"4 minutes"},"schema":{"@context":"https:\/\/schema.org","@graph":[{"@type":"Article","@id":"https:\/\/desdelaterrazadeamador.com\/la-quiebra-de-northvol-una-senal-de-alarma-para-la-industria-europea-de-baterias\/#article","isPartOf":{"@id":"https:\/\/desdelaterrazadeamador.com\/la-quiebra-de-northvol-una-senal-de-alarma-para-la-industria-europea-de-baterias\/"},"author":{"name":"Amador Palacios","@id":"https:\/\/desdelaterrazadeamador.com\/#\/schema\/person\/0b6966cf66bcc9a2eb35a69e1c074d66"},"headline":"La quiebra de Northvol: una se\u00f1al de alarma para la industria europea de bater\u00edas","datePublished":"2025-04-29T04:40:37+00:00","dateModified":"2025-05-04T05:54:50+00:00","mainEntityOfPage":{"@id":"https:\/\/desdelaterrazadeamador.com\/la-quiebra-de-northvol-una-senal-de-alarma-para-la-industria-europea-de-baterias\/"},"wordCount":715,"commentCount":0,"publisher":{"@id":"https:\/\/desdelaterrazadeamador.com\/#\/schema\/person\/0b6966cf66bcc9a2eb35a69e1c074d66"},"image":{"@id":"https:\/\/desdelaterrazadeamador.com\/la-quiebra-de-northvol-una-senal-de-alarma-para-la-industria-europea-de-baterias\/#primaryimage"},"thumbnailUrl":"https:\/\/desdelaterrazadeamador.com\/wp-content\/uploads\/2022\/07\/Bateria-coche-MODELO.png","articleSection":["Batteries","Industry","Sustainable Transport"],"inLanguage":"en-US","potentialAction":[{"@type":"CommentAction","name":"Comment","target":["https:\/\/desdelaterrazadeamador.com\/la-quiebra-de-northvol-una-senal-de-alarma-para-la-industria-europea-de-baterias\/#respond"]}]},{"@type":"WebPage","@id":"https:\/\/desdelaterrazadeamador.com\/la-quiebra-de-northvol-una-senal-de-alarma-para-la-industria-europea-de-baterias\/","url":"https:\/\/desdelaterrazadeamador.com\/la-quiebra-de-northvol-una-senal-de-alarma-para-la-industria-europea-de-baterias\/","name":"La quiebra de Northvol: una se\u00f1al de alarma para la industria europea de bater\u00edas - Desde la terraza de Amador","isPartOf":{"@id":"https:\/\/desdelaterrazadeamador.com\/#website"},"primaryImageOfPage":{"@id":"https:\/\/desdelaterrazadeamador.com\/la-quiebra-de-northvol-una-senal-de-alarma-para-la-industria-europea-de-baterias\/#primaryimage"},"image":{"@id":"https:\/\/desdelaterrazadeamador.com\/la-quiebra-de-northvol-una-senal-de-alarma-para-la-industria-europea-de-baterias\/#primaryimage"},"thumbnailUrl":"https:\/\/desdelaterrazadeamador.com\/wp-content\/uploads\/2022\/07\/Bateria-coche-MODELO.png","datePublished":"2025-04-29T04:40:37+00:00","dateModified":"2025-05-04T05:54:50+00:00","description":"La reciente noticia de la quiebra de Northvolt, la prometedora empresa sueca de bater\u00edas, me ha dejado un sabor amargo. No se trata solo del fracaso de","breadcrumb":{"@id":"https:\/\/desdelaterrazadeamador.com\/la-quiebra-de-northvol-una-senal-de-alarma-para-la-industria-europea-de-baterias\/#breadcrumb"},"inLanguage":"en-US","potentialAction":[{"@type":"ReadAction","target":["https:\/\/desdelaterrazadeamador.com\/la-quiebra-de-northvol-una-senal-de-alarma-para-la-industria-europea-de-baterias\/"]}]},{"@type":"ImageObject","inLanguage":"en-US","@id":"https:\/\/desdelaterrazadeamador.com\/la-quiebra-de-northvol-una-senal-de-alarma-para-la-industria-europea-de-baterias\/#primaryimage","url":"https:\/\/desdelaterrazadeamador.com\/wp-content\/uploads\/2022\/07\/Bateria-coche-MODELO.png","contentUrl":"https:\/\/desdelaterrazadeamador.com\/wp-content\/uploads\/2022\/07\/Bateria-coche-MODELO.png","width":256,"height":256},{"@type":"BreadcrumbList","@id":"https:\/\/desdelaterrazadeamador.com\/la-quiebra-de-northvol-una-senal-de-alarma-para-la-industria-europea-de-baterias\/#breadcrumb","itemListElement":[{"@type":"ListItem","position":1,"name":"Portada","item":"https:\/\/desdelaterrazadeamador.com\/"},{"@type":"ListItem","position":2,"name":"La quiebra de Northvol: una se\u00f1al de alarma para la industria europea de bater\u00edas"}]},{"@type":"WebSite","@id":"https:\/\/desdelaterrazadeamador.com\/#website","url":"https:\/\/desdelaterrazadeamador.com\/","name":"Desde la terraza de Amador","description":"Free and honest reflections on current social and technological issues","publisher":{"@id":"https:\/\/desdelaterrazadeamador.com\/#\/schema\/person\/0b6966cf66bcc9a2eb35a69e1c074d66"},"potentialAction":[{"@type":"SearchAction","target":{"@type":"EntryPoint","urlTemplate":"https:\/\/desdelaterrazadeamador.com\/?s={search_term_string}"},"query-input":{"@type":"PropertyValueSpecification","valueRequired":true,"valueName":"search_term_string"}}],"inLanguage":"en-US"},{"@type":["Person","Organization"],"@id":"https:\/\/desdelaterrazadeamador.com\/#\/schema\/person\/0b6966cf66bcc9a2eb35a69e1c074d66","name":"Amador Palacios","image":{"@type":"ImageObject","inLanguage":"en-US","@id":"https:\/\/desdelaterrazadeamador.com\/wp-content\/uploads\/2022\/01\/amador-palacios.jpg","url":"https:\/\/desdelaterrazadeamador.com\/wp-content\/uploads\/2022\/01\/amador-palacios.jpg","contentUrl":"https:\/\/desdelaterrazadeamador.com\/wp-content\/uploads\/2022\/01\/amador-palacios.jpg","width":1265,"height":899,"caption":"Amador Palacios"},"logo":{"@id":"https:\/\/desdelaterrazadeamador.com\/wp-content\/uploads\/2022\/01\/amador-palacios.jpg"},"description":"Reflexiones de Amador Palacios sobre temas de Actualidad Social y Tecnol\u00f3gica; otras opiniones diferentes a la m\u00eda son bienvenidas","sameAs":["http:\/\/desdelaterrazadeamador.com","https:\/\/es.linkedin.com\/in\/amador-palacios-499532a","https:\/\/x.com\/https:\/\/twitter.com\/edurneamaya"]}]}},"jetpack_publicize_connections":[],"_links":{"self":[{"href":"https:\/\/desdelaterrazadeamador.com\/en\/wp-json\/wp\/v2\/posts\/3674","targetHints":{"allow":["GET"]}}],"collection":[{"href":"https:\/\/desdelaterrazadeamador.com\/en\/wp-json\/wp\/v2\/posts"}],"about":[{"href":"https:\/\/desdelaterrazadeamador.com\/en\/wp-json\/wp\/v2\/types\/post"}],"author":[{"embeddable":true,"href":"https:\/\/desdelaterrazadeamador.com\/en\/wp-json\/wp\/v2\/users\/1"}],"replies":[{"embeddable":true,"href":"https:\/\/desdelaterrazadeamador.com\/en\/wp-json\/wp\/v2\/comments?post=3674"}],"version-history":[{"count":1,"href":"https:\/\/desdelaterrazadeamador.com\/en\/wp-json\/wp\/v2\/posts\/3674\/revisions"}],"predecessor-version":[{"id":3676,"href":"https:\/\/desdelaterrazadeamador.com\/en\/wp-json\/wp\/v2\/posts\/3674\/revisions\/3676"}],"wp:featuredmedia":[{"embeddable":true,"href":"https:\/\/desdelaterrazadeamador.com\/en\/wp-json\/wp\/v2\/media\/1045"}],"wp:attachment":[{"href":"https:\/\/desdelaterrazadeamador.com\/en\/wp-json\/wp\/v2\/media?parent=3674"}],"wp:term":[{"taxonomy":"category","embeddable":true,"href":"https:\/\/desdelaterrazadeamador.com\/en\/wp-json\/wp\/v2\/categories?post=3674"},{"taxonomy":"post_tag","embeddable":true,"href":"https:\/\/desdelaterrazadeamador.com\/en\/wp-json\/wp\/v2\/tags?post=3674"}],"curies":[{"name":"wp","href":"https:\/\/api.w.org\/{rel}","templated":true}]}}