{"id":3644,"date":"2025-04-14T22:59:39","date_gmt":"2025-04-14T20:59:39","guid":{"rendered":"https:\/\/desdelaterrazadeamador.com\/?p=3644"},"modified":"2025-04-19T08:13:55","modified_gmt":"2025-04-19T06:13:55","slug":"petroleo-para-rato-una-verdad-incomoda-y-la-necesidad-de-seguir-luchando","status":"publish","type":"post","link":"https:\/\/desdelaterrazadeamador.com\/en\/petroleo-para-rato-una-verdad-incomoda-y-la-necesidad-de-seguir-luchando\/","title":{"rendered":"Oil for a while: an inconvenient truth and the need to keep fighting"},"content":{"rendered":"<p>Views: 1<\/p>\n<p class=\"wp-block-paragraph\">Sometimes, reality hits us with brutal force, forcing us to confront uncomfortable truths. As much as we wish for a rapid and radical energy transition, the reality is that we will continue to depend on oil and other fossil fuels for longer than we would like to admit.<\/p>\n\n\n\n<p class=\"wp-block-paragraph\">The ambitious goals of the 2015 Paris Agreement are increasingly moving away, and the possibility of an emissions-free future in the short term seems like a utopia. The recent change of course in the environmental policies of some governments, such as the American one, adds fuel to the fire, making the fight against Climate Change even more difficult.<\/p>\n\n\n\n<p class=\"wp-block-paragraph\">Does this mean that we should give up? Absolutely not. Giving in to adversity is not an option. Although the road is long and tortuous, the fight against Climate Change must continue with more strength than ever. Despite the setbacks, there are reasons for hope and reasons to persevere in the search for a sustainable future.<\/p>\n\n\n\n<p class=\"wp-block-paragraph\">The global movement for Climate Change does not stop. Organizations, activists, scientists and, increasingly, ordinary citizens, come together to demand concrete actions. Social pressure is a powerful force that is driving significant changes in industry and politics. We have reached important milestones that demonstrate that the energy transition is possible.<\/p>\n\n\n\n<p class=\"wp-block-paragraph\">Solar energy, for example, is already cheaper than that generated from fossil fuels in many regions of the world. Electric vehicles, although still somewhat higher in price than combustion vehicles, are experiencing rapid technological evolution, with more efficient batteries and greater autonomy, making them an increasingly attractive alternative.<\/p>\n\n\n\n<p class=\"wp-block-paragraph\">You can see a graph from the International Energy Agency on the forecast for electricity generation<\/p>\n\n\n\n<figure class=\"wp-block-image size-full is-resized\"><img loading=\"lazy\" decoding=\"async\" width=\"360\" height=\"238\" src=\"https:\/\/desdelaterrazadeamador.com\/wp-content\/uploads\/2025\/04\/Energia-generacion.jpg\" alt=\"\" class=\"wp-image-3645\" style=\"aspect-ratio:1.5125794624246627;width:452px;height:auto\" srcset=\"https:\/\/desdelaterrazadeamador.com\/wp-content\/uploads\/2025\/04\/Energia-generacion.jpg 360w, https:\/\/desdelaterrazadeamador.com\/wp-content\/uploads\/2025\/04\/Energia-generacion-300x198.jpg 300w, https:\/\/desdelaterrazadeamador.com\/wp-content\/uploads\/2025\/04\/Energia-generacion-18x12.jpg 18w\" sizes=\"auto, (max-width: 360px) 100vw, 360px\" \/><\/figure>\n\n\n\n<p class=\"wp-block-paragraph\">The economy, that relentless engine that governs our societies, is also beginning to play in favor of sustainability. Sustainable development is no longer a marginal option, but an economic necessity. Companies, aware of new market demands and growing concern for the environment, are investing in clean technologies and optimizing their processes to reduce their carbon footprint.<\/p>\n\n\n\n<p class=\"wp-block-paragraph\">Consumers, increasingly informed and aware, are also opting for environmentally friendly products and services. This paradigm shift is essential to accelerate the energy transition.<\/p>\n\n\n\n<p class=\"wp-block-paragraph\">However, individual and business action is not enough. We need governments committed to the fight against Climate Change that promote ambitious and concrete policies. It is crucial that governments promote and encourage the energy transition through subsidies, investments in research and development, and the implementation of regulations that limit greenhouse gas emissions. Some countries are already leading this change, but we need many more to join the effort.<\/p>\n\n\n\n<p class=\"wp-block-paragraph\">A study by the Potsdam Institute for Climate Impact Research in Germany projects emissions scenarios up to after 2100, showing that most regions of the world could reach net zero emissions, although at different rates depending on their economic capacity. This research, although long-term, offers us a hopeful perspective for the future, demonstrating that decarbonisation of the global economy is possible.<\/p>\n\n\n\n<p class=\"wp-block-paragraph\">We cannot ignore the risks that threaten our future. Along with possible wars and conflicts, Climate Change is one of the greatest challenges we face. Its consequences are already palpable: rising temperatures, extreme weather events, rising sea levels, scarcity of resources\u2026 These impacts will deeply affect our way of life and will have a high economic and social cost.<\/p>\n\n\n\n<p class=\"wp-block-paragraph\">The magnitude of this cost will depend on our actions. The longer we delay in acting, the more expensive it will be. The transition to a sustainable economy requires a collective effort, a profound transformation of our production and consumption systems, and a firm commitment from all the actors involved: governments, companies, citizens. Reality, however harsh, should not discourage us.<\/p>\n\n\n\n<p class=\"wp-block-paragraph\">On the contrary, it should encourage us to redouble our efforts to build a sustainable future for present and future generations. The alternative is simply not an option.<\/p>\n\n\n\n<p class=\"wp-block-paragraph\"><\/p>","protected":false},"excerpt":{"rendered":"<p>Views: 1 A veces, la realidad nos golpea con una fuerza brutal, oblig\u00e1ndonos a confrontar verdades inc\u00f3modas. Por m\u00e1s que deseemos una transici\u00f3n energ\u00e9tica r\u00e1pida y radical, la realidad es que seguiremos dependiendo del petr\u00f3leo y otros combustibles f\u00f3siles por m\u00e1s tiempo del que nos gustar\u00eda admitir. Los ambiciosos objetivos del Acuerdo de Par\u00eds de [&hellip;]<\/p>\n","protected":false},"author":1,"featured_media":0,"comment_status":"open","ping_status":"closed","sticky":false,"template":"","format":"standard","meta":{"_crdt_document":"","footnotes":"","jetpack_publicize_message":"","jetpack_publicize_feature_enabled":true,"jetpack_social_post_already_shared":false,"jetpack_social_options":{"image_generator_settings":{"template":"highway","default_image_id":0,"font":"","enabled":false},"version":2}},"categories":[112,153,134,135],"tags":[],"class_list":["post-3644","post","type-post","status-publish","format-standard","hentry","category-climatic-change","category-industry","category-sustainable-energy","category-technology"],"yoast_head":"<!-- This site is optimized with the Yoast SEO plugin v27.5 - https:\/\/yoast.com\/product\/yoast-seo-wordpress\/ -->\n<title>Petr\u00f3leo para rato: una verdad inc\u00f3moda y la necesidad de seguir luchando - Desde la terraza de Amador<\/title>\n<meta name=\"description\" content=\"A veces, la realidad nos golpea con una fuerza brutal, oblig\u00e1ndonos a confrontar verdades inc\u00f3modas. Por m\u00e1s que deseemos una transici\u00f3n energ\u00e9tica r\u00e1pida\" \/>\n<meta name=\"robots\" content=\"index, follow, max-snippet:-1, max-image-preview:large, max-video-preview:-1\" \/>\n<link rel=\"canonical\" href=\"https:\/\/desdelaterrazadeamador.com\/en\/petroleo-para-rato-una-verdad-incomoda-y-la-necesidad-de-seguir-luchando\/\" \/>\n<meta property=\"og:locale\" content=\"en_US\" \/>\n<meta property=\"og:type\" content=\"article\" \/>\n<meta property=\"og:title\" content=\"Petr\u00f3leo para rato: una verdad inc\u00f3moda y la necesidad de seguir luchando - Desde la terraza de Amador\" \/>\n<meta property=\"og:description\" content=\"A veces, la realidad nos golpea con una fuerza brutal, oblig\u00e1ndonos a confrontar verdades inc\u00f3modas. Por m\u00e1s que deseemos una transici\u00f3n energ\u00e9tica r\u00e1pida\" \/>\n<meta property=\"og:url\" content=\"https:\/\/desdelaterrazadeamador.com\/en\/petroleo-para-rato-una-verdad-incomoda-y-la-necesidad-de-seguir-luchando\/\" \/>\n<meta property=\"og:site_name\" content=\"Desde la terraza de Amador\" \/>\n<meta property=\"article:published_time\" content=\"2025-04-14T20:59:39+00:00\" \/>\n<meta property=\"article:modified_time\" content=\"2025-04-19T06:13:55+00:00\" \/>\n<meta property=\"og:image\" content=\"https:\/\/desdelaterrazadeamador.com\/wp-content\/uploads\/2025\/04\/Energia-generacion.jpg\" \/>\n\t<meta property=\"og:image:width\" content=\"360\" \/>\n\t<meta property=\"og:image:height\" content=\"238\" \/>\n\t<meta property=\"og:image:type\" content=\"image\/jpeg\" \/>\n<meta name=\"author\" content=\"Amador Palacios\" \/>\n<meta name=\"twitter:card\" content=\"summary_large_image\" \/>\n<meta name=\"twitter:creator\" content=\"@https:\/\/twitter.com\/edurneamaya\" \/>\n<meta name=\"twitter:site\" content=\"@edurneamaya\" \/>\n<meta name=\"twitter:label1\" content=\"Written by\" \/>\n\t<meta name=\"twitter:data1\" content=\"Amador Palacios\" \/>\n\t<meta name=\"twitter:label2\" content=\"Est. reading time\" \/>\n\t<meta name=\"twitter:data2\" content=\"4 minutes\" \/>\n<script type=\"application\/ld+json\" class=\"yoast-schema-graph\">{\"@context\":\"https:\\\/\\\/schema.org\",\"@graph\":[{\"@type\":\"Article\",\"@id\":\"https:\\\/\\\/desdelaterrazadeamador.com\\\/petroleo-para-rato-una-verdad-incomoda-y-la-necesidad-de-seguir-luchando\\\/#article\",\"isPartOf\":{\"@id\":\"https:\\\/\\\/desdelaterrazadeamador.com\\\/petroleo-para-rato-una-verdad-incomoda-y-la-necesidad-de-seguir-luchando\\\/\"},\"author\":{\"name\":\"Amador Palacios\",\"@id\":\"https:\\\/\\\/desdelaterrazadeamador.com\\\/#\\\/schema\\\/person\\\/0b6966cf66bcc9a2eb35a69e1c074d66\"},\"headline\":\"Petr\u00f3leo para rato: una verdad inc\u00f3moda y la necesidad de seguir luchando\",\"datePublished\":\"2025-04-14T20:59:39+00:00\",\"dateModified\":\"2025-04-19T06:13:55+00:00\",\"mainEntityOfPage\":{\"@id\":\"https:\\\/\\\/desdelaterrazadeamador.com\\\/petroleo-para-rato-una-verdad-incomoda-y-la-necesidad-de-seguir-luchando\\\/\"},\"wordCount\":807,\"commentCount\":0,\"publisher\":{\"@id\":\"https:\\\/\\\/desdelaterrazadeamador.com\\\/#\\\/schema\\\/person\\\/0b6966cf66bcc9a2eb35a69e1c074d66\"},\"image\":{\"@id\":\"https:\\\/\\\/desdelaterrazadeamador.com\\\/petroleo-para-rato-una-verdad-incomoda-y-la-necesidad-de-seguir-luchando\\\/#primaryimage\"},\"thumbnailUrl\":\"https:\\\/\\\/desdelaterrazadeamador.com\\\/wp-content\\\/uploads\\\/2025\\\/04\\\/Energia-generacion.jpg\",\"articleSection\":[\"Climatic Change\",\"Industry\",\"Sustainable Energy\",\"Technology\"],\"inLanguage\":\"en-US\",\"potentialAction\":[{\"@type\":\"CommentAction\",\"name\":\"Comment\",\"target\":[\"https:\\\/\\\/desdelaterrazadeamador.com\\\/petroleo-para-rato-una-verdad-incomoda-y-la-necesidad-de-seguir-luchando\\\/#respond\"]}]},{\"@type\":\"WebPage\",\"@id\":\"https:\\\/\\\/desdelaterrazadeamador.com\\\/petroleo-para-rato-una-verdad-incomoda-y-la-necesidad-de-seguir-luchando\\\/\",\"url\":\"https:\\\/\\\/desdelaterrazadeamador.com\\\/petroleo-para-rato-una-verdad-incomoda-y-la-necesidad-de-seguir-luchando\\\/\",\"name\":\"Petr\u00f3leo para rato: una verdad inc\u00f3moda y la necesidad de seguir luchando - Desde la terraza de Amador\",\"isPartOf\":{\"@id\":\"https:\\\/\\\/desdelaterrazadeamador.com\\\/#website\"},\"primaryImageOfPage\":{\"@id\":\"https:\\\/\\\/desdelaterrazadeamador.com\\\/petroleo-para-rato-una-verdad-incomoda-y-la-necesidad-de-seguir-luchando\\\/#primaryimage\"},\"image\":{\"@id\":\"https:\\\/\\\/desdelaterrazadeamador.com\\\/petroleo-para-rato-una-verdad-incomoda-y-la-necesidad-de-seguir-luchando\\\/#primaryimage\"},\"thumbnailUrl\":\"https:\\\/\\\/desdelaterrazadeamador.com\\\/wp-content\\\/uploads\\\/2025\\\/04\\\/Energia-generacion.jpg\",\"datePublished\":\"2025-04-14T20:59:39+00:00\",\"dateModified\":\"2025-04-19T06:13:55+00:00\",\"description\":\"A veces, la realidad nos golpea con una fuerza brutal, oblig\u00e1ndonos a confrontar verdades inc\u00f3modas. Por m\u00e1s que deseemos una transici\u00f3n energ\u00e9tica r\u00e1pida\",\"breadcrumb\":{\"@id\":\"https:\\\/\\\/desdelaterrazadeamador.com\\\/petroleo-para-rato-una-verdad-incomoda-y-la-necesidad-de-seguir-luchando\\\/#breadcrumb\"},\"inLanguage\":\"en-US\",\"potentialAction\":[{\"@type\":\"ReadAction\",\"target\":[\"https:\\\/\\\/desdelaterrazadeamador.com\\\/petroleo-para-rato-una-verdad-incomoda-y-la-necesidad-de-seguir-luchando\\\/\"]}]},{\"@type\":\"ImageObject\",\"inLanguage\":\"en-US\",\"@id\":\"https:\\\/\\\/desdelaterrazadeamador.com\\\/petroleo-para-rato-una-verdad-incomoda-y-la-necesidad-de-seguir-luchando\\\/#primaryimage\",\"url\":\"https:\\\/\\\/desdelaterrazadeamador.com\\\/wp-content\\\/uploads\\\/2025\\\/04\\\/Energia-generacion.jpg\",\"contentUrl\":\"https:\\\/\\\/desdelaterrazadeamador.com\\\/wp-content\\\/uploads\\\/2025\\\/04\\\/Energia-generacion.jpg\"},{\"@type\":\"BreadcrumbList\",\"@id\":\"https:\\\/\\\/desdelaterrazadeamador.com\\\/petroleo-para-rato-una-verdad-incomoda-y-la-necesidad-de-seguir-luchando\\\/#breadcrumb\",\"itemListElement\":[{\"@type\":\"ListItem\",\"position\":1,\"name\":\"Portada\",\"item\":\"https:\\\/\\\/desdelaterrazadeamador.com\\\/\"},{\"@type\":\"ListItem\",\"position\":2,\"name\":\"Petr\u00f3leo para rato: una verdad inc\u00f3moda y la necesidad de seguir luchando\"}]},{\"@type\":\"WebSite\",\"@id\":\"https:\\\/\\\/desdelaterrazadeamador.com\\\/#website\",\"url\":\"https:\\\/\\\/desdelaterrazadeamador.com\\\/\",\"name\":\"Desde la terraza de Amador\",\"description\":\"Reflexiones libres y honestas sobre temas de actualidad social y tecnol\u00f3gica\",\"publisher\":{\"@id\":\"https:\\\/\\\/desdelaterrazadeamador.com\\\/#\\\/schema\\\/person\\\/0b6966cf66bcc9a2eb35a69e1c074d66\"},\"potentialAction\":[{\"@type\":\"SearchAction\",\"target\":{\"@type\":\"EntryPoint\",\"urlTemplate\":\"https:\\\/\\\/desdelaterrazadeamador.com\\\/?s={search_term_string}\"},\"query-input\":{\"@type\":\"PropertyValueSpecification\",\"valueRequired\":true,\"valueName\":\"search_term_string\"}}],\"inLanguage\":\"en-US\"},{\"@type\":[\"Person\",\"Organization\"],\"@id\":\"https:\\\/\\\/desdelaterrazadeamador.com\\\/#\\\/schema\\\/person\\\/0b6966cf66bcc9a2eb35a69e1c074d66\",\"name\":\"Amador Palacios\",\"image\":{\"@type\":\"ImageObject\",\"inLanguage\":\"en-US\",\"@id\":\"https:\\\/\\\/desdelaterrazadeamador.com\\\/wp-content\\\/uploads\\\/2022\\\/01\\\/amador-palacios.jpg\",\"url\":\"https:\\\/\\\/desdelaterrazadeamador.com\\\/wp-content\\\/uploads\\\/2022\\\/01\\\/amador-palacios.jpg\",\"contentUrl\":\"https:\\\/\\\/desdelaterrazadeamador.com\\\/wp-content\\\/uploads\\\/2022\\\/01\\\/amador-palacios.jpg\",\"width\":1265,\"height\":899,\"caption\":\"Amador Palacios\"},\"logo\":{\"@id\":\"https:\\\/\\\/desdelaterrazadeamador.com\\\/wp-content\\\/uploads\\\/2022\\\/01\\\/amador-palacios.jpg\"},\"description\":\"Reflexiones de Amador Palacios sobre temas de Actualidad Social y Tecnol\u00f3gica; otras opiniones diferentes a la m\u00eda son bienvenidas\",\"sameAs\":[\"http:\\\/\\\/desdelaterrazadeamador.com\",\"https:\\\/\\\/es.linkedin.com\\\/in\\\/amador-palacios-499532a\",\"https:\\\/\\\/x.com\\\/https:\\\/\\\/twitter.com\\\/edurneamaya\"]}]}<\/script>\n<!-- \/ Yoast SEO plugin. -->","yoast_head_json":{"title":"Petr\u00f3leo para rato: una verdad inc\u00f3moda y la necesidad de seguir luchando - Desde la terraza de Amador","description":"A veces, la realidad nos golpea con una fuerza brutal, oblig\u00e1ndonos a confrontar verdades inc\u00f3modas. Por m\u00e1s que deseemos una transici\u00f3n energ\u00e9tica r\u00e1pida","robots":{"index":"index","follow":"follow","max-snippet":"max-snippet:-1","max-image-preview":"max-image-preview:large","max-video-preview":"max-video-preview:-1"},"canonical":"https:\/\/desdelaterrazadeamador.com\/en\/petroleo-para-rato-una-verdad-incomoda-y-la-necesidad-de-seguir-luchando\/","og_locale":"en_US","og_type":"article","og_title":"Petr\u00f3leo para rato: una verdad inc\u00f3moda y la necesidad de seguir luchando - Desde la terraza de Amador","og_description":"A veces, la realidad nos golpea con una fuerza brutal, oblig\u00e1ndonos a confrontar verdades inc\u00f3modas. Por m\u00e1s que deseemos una transici\u00f3n energ\u00e9tica r\u00e1pida","og_url":"https:\/\/desdelaterrazadeamador.com\/en\/petroleo-para-rato-una-verdad-incomoda-y-la-necesidad-de-seguir-luchando\/","og_site_name":"Desde la terraza de Amador","article_published_time":"2025-04-14T20:59:39+00:00","article_modified_time":"2025-04-19T06:13:55+00:00","og_image":[{"width":360,"height":238,"url":"https:\/\/desdelaterrazadeamador.com\/wp-content\/uploads\/2025\/04\/Energia-generacion.jpg","type":"image\/jpeg"}],"author":"Amador Palacios","twitter_card":"summary_large_image","twitter_creator":"@https:\/\/twitter.com\/edurneamaya","twitter_site":"@edurneamaya","twitter_misc":{"Written by":"Amador Palacios","Est. reading time":"4 minutes"},"schema":{"@context":"https:\/\/schema.org","@graph":[{"@type":"Article","@id":"https:\/\/desdelaterrazadeamador.com\/petroleo-para-rato-una-verdad-incomoda-y-la-necesidad-de-seguir-luchando\/#article","isPartOf":{"@id":"https:\/\/desdelaterrazadeamador.com\/petroleo-para-rato-una-verdad-incomoda-y-la-necesidad-de-seguir-luchando\/"},"author":{"name":"Amador Palacios","@id":"https:\/\/desdelaterrazadeamador.com\/#\/schema\/person\/0b6966cf66bcc9a2eb35a69e1c074d66"},"headline":"Petr\u00f3leo para rato: una verdad inc\u00f3moda y la necesidad de seguir luchando","datePublished":"2025-04-14T20:59:39+00:00","dateModified":"2025-04-19T06:13:55+00:00","mainEntityOfPage":{"@id":"https:\/\/desdelaterrazadeamador.com\/petroleo-para-rato-una-verdad-incomoda-y-la-necesidad-de-seguir-luchando\/"},"wordCount":807,"commentCount":0,"publisher":{"@id":"https:\/\/desdelaterrazadeamador.com\/#\/schema\/person\/0b6966cf66bcc9a2eb35a69e1c074d66"},"image":{"@id":"https:\/\/desdelaterrazadeamador.com\/petroleo-para-rato-una-verdad-incomoda-y-la-necesidad-de-seguir-luchando\/#primaryimage"},"thumbnailUrl":"https:\/\/desdelaterrazadeamador.com\/wp-content\/uploads\/2025\/04\/Energia-generacion.jpg","articleSection":["Climatic Change","Industry","Sustainable Energy","Technology"],"inLanguage":"en-US","potentialAction":[{"@type":"CommentAction","name":"Comment","target":["https:\/\/desdelaterrazadeamador.com\/petroleo-para-rato-una-verdad-incomoda-y-la-necesidad-de-seguir-luchando\/#respond"]}]},{"@type":"WebPage","@id":"https:\/\/desdelaterrazadeamador.com\/petroleo-para-rato-una-verdad-incomoda-y-la-necesidad-de-seguir-luchando\/","url":"https:\/\/desdelaterrazadeamador.com\/petroleo-para-rato-una-verdad-incomoda-y-la-necesidad-de-seguir-luchando\/","name":"Petr\u00f3leo para rato: una verdad inc\u00f3moda y la necesidad de seguir luchando - Desde la terraza de Amador","isPartOf":{"@id":"https:\/\/desdelaterrazadeamador.com\/#website"},"primaryImageOfPage":{"@id":"https:\/\/desdelaterrazadeamador.com\/petroleo-para-rato-una-verdad-incomoda-y-la-necesidad-de-seguir-luchando\/#primaryimage"},"image":{"@id":"https:\/\/desdelaterrazadeamador.com\/petroleo-para-rato-una-verdad-incomoda-y-la-necesidad-de-seguir-luchando\/#primaryimage"},"thumbnailUrl":"https:\/\/desdelaterrazadeamador.com\/wp-content\/uploads\/2025\/04\/Energia-generacion.jpg","datePublished":"2025-04-14T20:59:39+00:00","dateModified":"2025-04-19T06:13:55+00:00","description":"A veces, la realidad nos golpea con una fuerza brutal, oblig\u00e1ndonos a confrontar verdades inc\u00f3modas. Por m\u00e1s que deseemos una transici\u00f3n energ\u00e9tica r\u00e1pida","breadcrumb":{"@id":"https:\/\/desdelaterrazadeamador.com\/petroleo-para-rato-una-verdad-incomoda-y-la-necesidad-de-seguir-luchando\/#breadcrumb"},"inLanguage":"en-US","potentialAction":[{"@type":"ReadAction","target":["https:\/\/desdelaterrazadeamador.com\/petroleo-para-rato-una-verdad-incomoda-y-la-necesidad-de-seguir-luchando\/"]}]},{"@type":"ImageObject","inLanguage":"en-US","@id":"https:\/\/desdelaterrazadeamador.com\/petroleo-para-rato-una-verdad-incomoda-y-la-necesidad-de-seguir-luchando\/#primaryimage","url":"https:\/\/desdelaterrazadeamador.com\/wp-content\/uploads\/2025\/04\/Energia-generacion.jpg","contentUrl":"https:\/\/desdelaterrazadeamador.com\/wp-content\/uploads\/2025\/04\/Energia-generacion.jpg"},{"@type":"BreadcrumbList","@id":"https:\/\/desdelaterrazadeamador.com\/petroleo-para-rato-una-verdad-incomoda-y-la-necesidad-de-seguir-luchando\/#breadcrumb","itemListElement":[{"@type":"ListItem","position":1,"name":"Portada","item":"https:\/\/desdelaterrazadeamador.com\/"},{"@type":"ListItem","position":2,"name":"Petr\u00f3leo para rato: una verdad inc\u00f3moda y la necesidad de seguir luchando"}]},{"@type":"WebSite","@id":"https:\/\/desdelaterrazadeamador.com\/#website","url":"https:\/\/desdelaterrazadeamador.com\/","name":"Desde la terraza de Amador","description":"Free and honest reflections on current social and technological issues","publisher":{"@id":"https:\/\/desdelaterrazadeamador.com\/#\/schema\/person\/0b6966cf66bcc9a2eb35a69e1c074d66"},"potentialAction":[{"@type":"SearchAction","target":{"@type":"EntryPoint","urlTemplate":"https:\/\/desdelaterrazadeamador.com\/?s={search_term_string}"},"query-input":{"@type":"PropertyValueSpecification","valueRequired":true,"valueName":"search_term_string"}}],"inLanguage":"en-US"},{"@type":["Person","Organization"],"@id":"https:\/\/desdelaterrazadeamador.com\/#\/schema\/person\/0b6966cf66bcc9a2eb35a69e1c074d66","name":"Amador Palacios","image":{"@type":"ImageObject","inLanguage":"en-US","@id":"https:\/\/desdelaterrazadeamador.com\/wp-content\/uploads\/2022\/01\/amador-palacios.jpg","url":"https:\/\/desdelaterrazadeamador.com\/wp-content\/uploads\/2022\/01\/amador-palacios.jpg","contentUrl":"https:\/\/desdelaterrazadeamador.com\/wp-content\/uploads\/2022\/01\/amador-palacios.jpg","width":1265,"height":899,"caption":"Amador Palacios"},"logo":{"@id":"https:\/\/desdelaterrazadeamador.com\/wp-content\/uploads\/2022\/01\/amador-palacios.jpg"},"description":"Reflexiones de Amador Palacios sobre temas de Actualidad Social y Tecnol\u00f3gica; otras opiniones diferentes a la m\u00eda son bienvenidas","sameAs":["http:\/\/desdelaterrazadeamador.com","https:\/\/es.linkedin.com\/in\/amador-palacios-499532a","https:\/\/x.com\/https:\/\/twitter.com\/edurneamaya"]}]}},"jetpack_publicize_connections":[],"_links":{"self":[{"href":"https:\/\/desdelaterrazadeamador.com\/en\/wp-json\/wp\/v2\/posts\/3644","targetHints":{"allow":["GET"]}}],"collection":[{"href":"https:\/\/desdelaterrazadeamador.com\/en\/wp-json\/wp\/v2\/posts"}],"about":[{"href":"https:\/\/desdelaterrazadeamador.com\/en\/wp-json\/wp\/v2\/types\/post"}],"author":[{"embeddable":true,"href":"https:\/\/desdelaterrazadeamador.com\/en\/wp-json\/wp\/v2\/users\/1"}],"replies":[{"embeddable":true,"href":"https:\/\/desdelaterrazadeamador.com\/en\/wp-json\/wp\/v2\/comments?post=3644"}],"version-history":[{"count":1,"href":"https:\/\/desdelaterrazadeamador.com\/en\/wp-json\/wp\/v2\/posts\/3644\/revisions"}],"predecessor-version":[{"id":3646,"href":"https:\/\/desdelaterrazadeamador.com\/en\/wp-json\/wp\/v2\/posts\/3644\/revisions\/3646"}],"wp:attachment":[{"href":"https:\/\/desdelaterrazadeamador.com\/en\/wp-json\/wp\/v2\/media?parent=3644"}],"wp:term":[{"taxonomy":"category","embeddable":true,"href":"https:\/\/desdelaterrazadeamador.com\/en\/wp-json\/wp\/v2\/categories?post=3644"},{"taxonomy":"post_tag","embeddable":true,"href":"https:\/\/desdelaterrazadeamador.com\/en\/wp-json\/wp\/v2\/tags?post=3644"}],"curies":[{"name":"wp","href":"https:\/\/api.w.org\/{rel}","templated":true}]}}