{"id":3616,"date":"2025-04-02T08:32:18","date_gmt":"2025-04-02T06:32:18","guid":{"rendered":"https:\/\/desdelaterrazadeamador.com\/?p=3616"},"modified":"2025-04-05T08:17:35","modified_gmt":"2025-04-05T06:17:35","slug":"despegando-hacia-el-futuro-el-coche-volador-de-alef-y-el-sueno-de-la-movilidad-aerea-personal","status":"publish","type":"post","link":"https:\/\/desdelaterrazadeamador.com\/en\/despegando-hacia-el-futuro-el-coche-volador-de-alef-y-el-sueno-de-la-movilidad-aerea-personal\/","title":{"rendered":"Taking off into the future? Alef's flying car and the dream of personal air mobility"},"content":{"rendered":"<p>Views: 2<\/p>\n<p class=\"wp-block-paragraph\">I have always been fascinated by the stories of those who dare to dream big, those who pursue a seemingly impossible vision and dedicate their lives to making it a reality. These are people who, with their passion and perseverance, inspire us to challenge the limits of convention.<\/p>\n\n\n\n<p class=\"wp-block-paragraph\">Sometimes they succeed, sometimes they don't, but the journey itself, the audacity of trying, is already invaluable. And the story of Alef, a company born in 2015 with the ambitious goal of creating a flying car, fits perfectly into this narrative.<\/p>\n\n\n\n<p class=\"wp-block-paragraph\">Imagine a world where traffic jams are a thing of the past, where freedom of movement in three dimensions is a reality. That is the future that Alef promises with its innovative vehicle, a car capable of driving on the road and, when the situation requires it, rising into the air. A dream that, let's face it, we've all had when stuck in a hellish traffic jam.<\/p>\n\n\n\n<p class=\"wp-block-paragraph\">After years of hard work, Alef has managed to develop a functional prototype and carry out several test flights, attracting the attention of the media and arousing the curiosity of the public. The design, built from lightweight carbon fiber to minimize weight, uses a system of powerful fans that push air downwards, allowing the vehicle to take off vertically.<\/p>\n\n\n\n<p class=\"wp-block-paragraph\">At this initial stage, the prototype is single-seater, a decision probably taken to optimize energy efficiency and flight capacity. According to the company, Alef's flying car could have a range of more than 100 km, a rather promising figure for a vehicle of these characteristics.<\/p>\n\n\n\n<p class=\"wp-block-paragraph\">Alef's website &nbsp;&nbsp;&nbsp;&nbsp;<a href=\"https:\/\/alef.aero\/press.html\">https:\/\/alef.aero\/press.html<\/a> &nbsp;&nbsp;&nbsp;shows a bright future, announcing the impressive figure of 3,200 pre-orders at a price of $300,000 each. This data reveals considerable interest on the part of the public, willing to invest a significant sum in the promise of revolutionary mobility. People have always been fascinated by innovation, and the possibility of owning a flying car, an object that until recently belonged exclusively to the realm of science fiction, is undoubtedly an irresistible attraction.<\/p>\n\n\n\n<figure class=\"wp-block-image size-full is-resized\"><img loading=\"lazy\" decoding=\"async\" width=\"500\" height=\"281\" src=\"https:\/\/desdelaterrazadeamador.com\/wp-content\/uploads\/2025\/04\/Coche-volador.jpg\" alt=\"\" class=\"wp-image-3617\" style=\"width:546px;height:auto\" srcset=\"https:\/\/desdelaterrazadeamador.com\/wp-content\/uploads\/2025\/04\/Coche-volador.jpg 500w, https:\/\/desdelaterrazadeamador.com\/wp-content\/uploads\/2025\/04\/Coche-volador-300x169.jpg 300w, https:\/\/desdelaterrazadeamador.com\/wp-content\/uploads\/2025\/04\/Coche-volador-18x10.jpg 18w\" sizes=\"auto, (max-width: 500px) 100vw, 500px\" \/><\/figure>\n\n\n\n<p class=\"wp-block-paragraph\">However, beyond the initial enthusiasm, it is important to analyze the challenges that Alef will have to face in order to turn his dream into a tangible reality and accessible to the general public. While the development of a functional prototype is a significant achievement, obtaining the necessary certifications to operate a flying vehicle in commercial airspace is a very complex and lengthy process.<\/p>\n\n\n\n<p class=\"wp-block-paragraph\">Regulatory agencies rightly demand rigorous safety standards, and complying with these regulations will require time, effort and considerable investment. We are talking about exhaustive testing, design modifications, and overcoming numerous technical and bureaucratic obstacles.<\/p>\n\n\n\n<p class=\"wp-block-paragraph\">Another crucial aspect is financing. Maintaining a company of this size, with the sky-high costs of research, development and production, requires a constant injection of capital. Alef will need billions of dollars to keep going, and while pre-orders represent an initial injection, it is clear that they are not enough to cover long-term needs. Finding investors, efficient management of resources and the ability to adapt to circumstances will be critical to the company's survival.<\/p>\n\n\n\n<p class=\"wp-block-paragraph\">The history of the technology industry is full of examples of innovative companies that, despite having brilliant ideas, failed to overcome financial or regulatory barriers. Projects with more modest goals than Alef's have fallen by the wayside, victims of the harsh reality of the market. It is a reminder of the difficulty of taking a disruptive innovation from the prototype phase to mass production.<\/p>\n\n\n\n<p class=\"wp-block-paragraph\">A video can be seen at:&nbsp; <a href=\"https:\/\/www.youtube.com\/watch?v=w4a8FK9Wn70\">https:\/\/www.youtube.com\/watch?v=w4a8FK9Wn70<\/a><\/p>\n\n\n\n<p class=\"wp-block-paragraph\">However, I want to be optimistic. I want to believe in Alef's dream, in the vision of a future where flying cars are part of our everyday landscape. I admire the courage and determination of this team of dreamers, and I wish them the best in their ambitious project.<\/p>\n\n\n\n<p class=\"wp-block-paragraph\">I hope they manage to overcome all obstacles and that their vision becomes a reality, forever transforming the way we move. The road is long and full of challenges, but the reward would be the possibility of revolutionizing personal transportation.<\/p>\n\n\n\n<p class=\"wp-block-paragraph\">Although if I'm honest, I have very serious doubts that they will succeed.<\/p>\n\n\n\n<p class=\"wp-block-paragraph\"><\/p>","protected":false},"excerpt":{"rendered":"<p>Views: 2 Siempre me han fascinado las historias de aquellos que se atreven a so\u00f1ar a lo grande, los que persiguen una visi\u00f3n aparentemente imposible y dedican su vida a hacerla realidad. Son personas que, con su pasi\u00f3n y perseverancia, nos inspiran a desafiar los l\u00edmites de lo convencional. A veces triunfan, otras veces no, [&hellip;]<\/p>\n","protected":false},"author":1,"featured_media":0,"comment_status":"open","ping_status":"closed","sticky":false,"template":"","format":"standard","meta":{"_crdt_document":"","footnotes":"","jetpack_publicize_message":"","jetpack_publicize_feature_enabled":true,"jetpack_social_post_already_shared":false,"jetpack_social_options":{"image_generator_settings":{"template":"highway","default_image_id":0,"font":"","enabled":false},"version":2}},"categories":[153,135,155,109],"tags":[],"class_list":["post-3616","post","type-post","status-publish","format-standard","hentry","category-industry","category-technology","category-transportation","category-vehicles"],"yoast_head":"<!-- This site is optimized with the Yoast SEO plugin v27.5 - https:\/\/yoast.com\/product\/yoast-seo-wordpress\/ -->\n<title>\u00bfDespegando hacia el futuro? El coche volador de Alef y el sue\u00f1o de la movilidad a\u00e9rea personal - Desde la terraza de Amador<\/title>\n<meta name=\"description\" content=\"Siempre me han fascinado las historias de aquellos que se atreven a so\u00f1ar a lo grande, los que persiguen una visi\u00f3n aparentemente imposible y dedican su\" \/>\n<meta name=\"robots\" content=\"index, follow, max-snippet:-1, max-image-preview:large, max-video-preview:-1\" \/>\n<link rel=\"canonical\" href=\"https:\/\/desdelaterrazadeamador.com\/en\/despegando-hacia-el-futuro-el-coche-volador-de-alef-y-el-sueno-de-la-movilidad-aerea-personal\/\" \/>\n<meta property=\"og:locale\" content=\"en_US\" \/>\n<meta property=\"og:type\" content=\"article\" \/>\n<meta property=\"og:title\" content=\"\u00bfDespegando hacia el futuro? El coche volador de Alef y el sue\u00f1o de la movilidad a\u00e9rea personal - Desde la terraza de Amador\" \/>\n<meta property=\"og:description\" content=\"Siempre me han fascinado las historias de aquellos que se atreven a so\u00f1ar a lo grande, los que persiguen una visi\u00f3n aparentemente imposible y dedican su\" \/>\n<meta property=\"og:url\" content=\"https:\/\/desdelaterrazadeamador.com\/en\/despegando-hacia-el-futuro-el-coche-volador-de-alef-y-el-sueno-de-la-movilidad-aerea-personal\/\" \/>\n<meta property=\"og:site_name\" content=\"Desde la terraza de Amador\" \/>\n<meta property=\"article:published_time\" content=\"2025-04-02T06:32:18+00:00\" \/>\n<meta property=\"article:modified_time\" content=\"2025-04-05T06:17:35+00:00\" \/>\n<meta property=\"og:image\" content=\"https:\/\/desdelaterrazadeamador.com\/wp-content\/uploads\/2025\/04\/Coche-volador.jpg\" \/>\n\t<meta property=\"og:image:width\" content=\"500\" \/>\n\t<meta property=\"og:image:height\" content=\"281\" \/>\n\t<meta property=\"og:image:type\" content=\"image\/jpeg\" \/>\n<meta name=\"author\" content=\"Amador Palacios\" \/>\n<meta name=\"twitter:card\" content=\"summary_large_image\" \/>\n<meta name=\"twitter:creator\" content=\"@https:\/\/twitter.com\/edurneamaya\" \/>\n<meta name=\"twitter:site\" content=\"@edurneamaya\" \/>\n<meta name=\"twitter:label1\" content=\"Written by\" \/>\n\t<meta name=\"twitter:data1\" content=\"Amador Palacios\" \/>\n<script type=\"application\/ld+json\" class=\"yoast-schema-graph\">{\"@context\":\"https:\\\/\\\/schema.org\",\"@graph\":[{\"@type\":\"Article\",\"@id\":\"https:\\\/\\\/desdelaterrazadeamador.com\\\/despegando-hacia-el-futuro-el-coche-volador-de-alef-y-el-sueno-de-la-movilidad-aerea-personal\\\/#article\",\"isPartOf\":{\"@id\":\"https:\\\/\\\/desdelaterrazadeamador.com\\\/despegando-hacia-el-futuro-el-coche-volador-de-alef-y-el-sueno-de-la-movilidad-aerea-personal\\\/\"},\"author\":{\"name\":\"Amador Palacios\",\"@id\":\"https:\\\/\\\/desdelaterrazadeamador.com\\\/#\\\/schema\\\/person\\\/0b6966cf66bcc9a2eb35a69e1c074d66\"},\"headline\":\"\u00bfDespegando hacia el futuro? El coche volador de Alef y el sue\u00f1o de la movilidad a\u00e9rea personal\",\"datePublished\":\"2025-04-02T06:32:18+00:00\",\"dateModified\":\"2025-04-05T06:17:35+00:00\",\"mainEntityOfPage\":{\"@id\":\"https:\\\/\\\/desdelaterrazadeamador.com\\\/despegando-hacia-el-futuro-el-coche-volador-de-alef-y-el-sueno-de-la-movilidad-aerea-personal\\\/\"},\"wordCount\":827,\"commentCount\":0,\"publisher\":{\"@id\":\"https:\\\/\\\/desdelaterrazadeamador.com\\\/#\\\/schema\\\/person\\\/0b6966cf66bcc9a2eb35a69e1c074d66\"},\"image\":{\"@id\":\"https:\\\/\\\/desdelaterrazadeamador.com\\\/despegando-hacia-el-futuro-el-coche-volador-de-alef-y-el-sueno-de-la-movilidad-aerea-personal\\\/#primaryimage\"},\"thumbnailUrl\":\"https:\\\/\\\/desdelaterrazadeamador.com\\\/wp-content\\\/uploads\\\/2025\\\/04\\\/Coche-volador.jpg\",\"articleSection\":[\"Industry\",\"Technology\",\"Transportation\",\"Vehicles\"],\"inLanguage\":\"en-US\",\"potentialAction\":[{\"@type\":\"CommentAction\",\"name\":\"Comment\",\"target\":[\"https:\\\/\\\/desdelaterrazadeamador.com\\\/despegando-hacia-el-futuro-el-coche-volador-de-alef-y-el-sueno-de-la-movilidad-aerea-personal\\\/#respond\"]}]},{\"@type\":\"WebPage\",\"@id\":\"https:\\\/\\\/desdelaterrazadeamador.com\\\/despegando-hacia-el-futuro-el-coche-volador-de-alef-y-el-sueno-de-la-movilidad-aerea-personal\\\/\",\"url\":\"https:\\\/\\\/desdelaterrazadeamador.com\\\/despegando-hacia-el-futuro-el-coche-volador-de-alef-y-el-sueno-de-la-movilidad-aerea-personal\\\/\",\"name\":\"\u00bfDespegando hacia el futuro? El coche volador de Alef y el sue\u00f1o de la movilidad a\u00e9rea personal - Desde la terraza de Amador\",\"isPartOf\":{\"@id\":\"https:\\\/\\\/desdelaterrazadeamador.com\\\/#website\"},\"primaryImageOfPage\":{\"@id\":\"https:\\\/\\\/desdelaterrazadeamador.com\\\/despegando-hacia-el-futuro-el-coche-volador-de-alef-y-el-sueno-de-la-movilidad-aerea-personal\\\/#primaryimage\"},\"image\":{\"@id\":\"https:\\\/\\\/desdelaterrazadeamador.com\\\/despegando-hacia-el-futuro-el-coche-volador-de-alef-y-el-sueno-de-la-movilidad-aerea-personal\\\/#primaryimage\"},\"thumbnailUrl\":\"https:\\\/\\\/desdelaterrazadeamador.com\\\/wp-content\\\/uploads\\\/2025\\\/04\\\/Coche-volador.jpg\",\"datePublished\":\"2025-04-02T06:32:18+00:00\",\"dateModified\":\"2025-04-05T06:17:35+00:00\",\"description\":\"Siempre me han fascinado las historias de aquellos que se atreven a so\u00f1ar a lo grande, los que persiguen una visi\u00f3n aparentemente imposible y dedican su\",\"breadcrumb\":{\"@id\":\"https:\\\/\\\/desdelaterrazadeamador.com\\\/despegando-hacia-el-futuro-el-coche-volador-de-alef-y-el-sueno-de-la-movilidad-aerea-personal\\\/#breadcrumb\"},\"inLanguage\":\"en-US\",\"potentialAction\":[{\"@type\":\"ReadAction\",\"target\":[\"https:\\\/\\\/desdelaterrazadeamador.com\\\/despegando-hacia-el-futuro-el-coche-volador-de-alef-y-el-sueno-de-la-movilidad-aerea-personal\\\/\"]}]},{\"@type\":\"ImageObject\",\"inLanguage\":\"en-US\",\"@id\":\"https:\\\/\\\/desdelaterrazadeamador.com\\\/despegando-hacia-el-futuro-el-coche-volador-de-alef-y-el-sueno-de-la-movilidad-aerea-personal\\\/#primaryimage\",\"url\":\"https:\\\/\\\/desdelaterrazadeamador.com\\\/wp-content\\\/uploads\\\/2025\\\/04\\\/Coche-volador.jpg\",\"contentUrl\":\"https:\\\/\\\/desdelaterrazadeamador.com\\\/wp-content\\\/uploads\\\/2025\\\/04\\\/Coche-volador.jpg\"},{\"@type\":\"BreadcrumbList\",\"@id\":\"https:\\\/\\\/desdelaterrazadeamador.com\\\/despegando-hacia-el-futuro-el-coche-volador-de-alef-y-el-sueno-de-la-movilidad-aerea-personal\\\/#breadcrumb\",\"itemListElement\":[{\"@type\":\"ListItem\",\"position\":1,\"name\":\"Portada\",\"item\":\"https:\\\/\\\/desdelaterrazadeamador.com\\\/\"},{\"@type\":\"ListItem\",\"position\":2,\"name\":\"\u00bfDespegando hacia el futuro? El coche volador de Alef y el sue\u00f1o de la movilidad a\u00e9rea personal\"}]},{\"@type\":\"WebSite\",\"@id\":\"https:\\\/\\\/desdelaterrazadeamador.com\\\/#website\",\"url\":\"https:\\\/\\\/desdelaterrazadeamador.com\\\/\",\"name\":\"Desde la terraza de Amador\",\"description\":\"Reflexiones libres y honestas sobre temas de actualidad social y tecnol\u00f3gica\",\"publisher\":{\"@id\":\"https:\\\/\\\/desdelaterrazadeamador.com\\\/#\\\/schema\\\/person\\\/0b6966cf66bcc9a2eb35a69e1c074d66\"},\"potentialAction\":[{\"@type\":\"SearchAction\",\"target\":{\"@type\":\"EntryPoint\",\"urlTemplate\":\"https:\\\/\\\/desdelaterrazadeamador.com\\\/?s={search_term_string}\"},\"query-input\":{\"@type\":\"PropertyValueSpecification\",\"valueRequired\":true,\"valueName\":\"search_term_string\"}}],\"inLanguage\":\"en-US\"},{\"@type\":[\"Person\",\"Organization\"],\"@id\":\"https:\\\/\\\/desdelaterrazadeamador.com\\\/#\\\/schema\\\/person\\\/0b6966cf66bcc9a2eb35a69e1c074d66\",\"name\":\"Amador Palacios\",\"image\":{\"@type\":\"ImageObject\",\"inLanguage\":\"en-US\",\"@id\":\"https:\\\/\\\/desdelaterrazadeamador.com\\\/wp-content\\\/uploads\\\/2022\\\/01\\\/amador-palacios.jpg\",\"url\":\"https:\\\/\\\/desdelaterrazadeamador.com\\\/wp-content\\\/uploads\\\/2022\\\/01\\\/amador-palacios.jpg\",\"contentUrl\":\"https:\\\/\\\/desdelaterrazadeamador.com\\\/wp-content\\\/uploads\\\/2022\\\/01\\\/amador-palacios.jpg\",\"width\":1265,\"height\":899,\"caption\":\"Amador Palacios\"},\"logo\":{\"@id\":\"https:\\\/\\\/desdelaterrazadeamador.com\\\/wp-content\\\/uploads\\\/2022\\\/01\\\/amador-palacios.jpg\"},\"description\":\"Reflexiones de Amador Palacios sobre temas de Actualidad Social y Tecnol\u00f3gica; otras opiniones diferentes a la m\u00eda son bienvenidas\",\"sameAs\":[\"http:\\\/\\\/desdelaterrazadeamador.com\",\"https:\\\/\\\/es.linkedin.com\\\/in\\\/amador-palacios-499532a\",\"https:\\\/\\\/x.com\\\/https:\\\/\\\/twitter.com\\\/edurneamaya\"]}]}<\/script>\n<!-- \/ Yoast SEO plugin. -->","yoast_head_json":{"title":"\u00bfDespegando hacia el futuro? El coche volador de Alef y el sue\u00f1o de la movilidad a\u00e9rea personal - Desde la terraza de Amador","description":"Siempre me han fascinado las historias de aquellos que se atreven a so\u00f1ar a lo grande, los que persiguen una visi\u00f3n aparentemente imposible y dedican su","robots":{"index":"index","follow":"follow","max-snippet":"max-snippet:-1","max-image-preview":"max-image-preview:large","max-video-preview":"max-video-preview:-1"},"canonical":"https:\/\/desdelaterrazadeamador.com\/en\/despegando-hacia-el-futuro-el-coche-volador-de-alef-y-el-sueno-de-la-movilidad-aerea-personal\/","og_locale":"en_US","og_type":"article","og_title":"\u00bfDespegando hacia el futuro? El coche volador de Alef y el sue\u00f1o de la movilidad a\u00e9rea personal - Desde la terraza de Amador","og_description":"Siempre me han fascinado las historias de aquellos que se atreven a so\u00f1ar a lo grande, los que persiguen una visi\u00f3n aparentemente imposible y dedican su","og_url":"https:\/\/desdelaterrazadeamador.com\/en\/despegando-hacia-el-futuro-el-coche-volador-de-alef-y-el-sueno-de-la-movilidad-aerea-personal\/","og_site_name":"Desde la terraza de Amador","article_published_time":"2025-04-02T06:32:18+00:00","article_modified_time":"2025-04-05T06:17:35+00:00","og_image":[{"width":500,"height":281,"url":"https:\/\/desdelaterrazadeamador.com\/wp-content\/uploads\/2025\/04\/Coche-volador.jpg","type":"image\/jpeg"}],"author":"Amador Palacios","twitter_card":"summary_large_image","twitter_creator":"@https:\/\/twitter.com\/edurneamaya","twitter_site":"@edurneamaya","twitter_misc":{"Written by":"Amador Palacios"},"schema":{"@context":"https:\/\/schema.org","@graph":[{"@type":"Article","@id":"https:\/\/desdelaterrazadeamador.com\/despegando-hacia-el-futuro-el-coche-volador-de-alef-y-el-sueno-de-la-movilidad-aerea-personal\/#article","isPartOf":{"@id":"https:\/\/desdelaterrazadeamador.com\/despegando-hacia-el-futuro-el-coche-volador-de-alef-y-el-sueno-de-la-movilidad-aerea-personal\/"},"author":{"name":"Amador Palacios","@id":"https:\/\/desdelaterrazadeamador.com\/#\/schema\/person\/0b6966cf66bcc9a2eb35a69e1c074d66"},"headline":"\u00bfDespegando hacia el futuro? El coche volador de Alef y el sue\u00f1o de la movilidad a\u00e9rea personal","datePublished":"2025-04-02T06:32:18+00:00","dateModified":"2025-04-05T06:17:35+00:00","mainEntityOfPage":{"@id":"https:\/\/desdelaterrazadeamador.com\/despegando-hacia-el-futuro-el-coche-volador-de-alef-y-el-sueno-de-la-movilidad-aerea-personal\/"},"wordCount":827,"commentCount":0,"publisher":{"@id":"https:\/\/desdelaterrazadeamador.com\/#\/schema\/person\/0b6966cf66bcc9a2eb35a69e1c074d66"},"image":{"@id":"https:\/\/desdelaterrazadeamador.com\/despegando-hacia-el-futuro-el-coche-volador-de-alef-y-el-sueno-de-la-movilidad-aerea-personal\/#primaryimage"},"thumbnailUrl":"https:\/\/desdelaterrazadeamador.com\/wp-content\/uploads\/2025\/04\/Coche-volador.jpg","articleSection":["Industry","Technology","Transportation","Vehicles"],"inLanguage":"en-US","potentialAction":[{"@type":"CommentAction","name":"Comment","target":["https:\/\/desdelaterrazadeamador.com\/despegando-hacia-el-futuro-el-coche-volador-de-alef-y-el-sueno-de-la-movilidad-aerea-personal\/#respond"]}]},{"@type":"WebPage","@id":"https:\/\/desdelaterrazadeamador.com\/despegando-hacia-el-futuro-el-coche-volador-de-alef-y-el-sueno-de-la-movilidad-aerea-personal\/","url":"https:\/\/desdelaterrazadeamador.com\/despegando-hacia-el-futuro-el-coche-volador-de-alef-y-el-sueno-de-la-movilidad-aerea-personal\/","name":"\u00bfDespegando hacia el futuro? El coche volador de Alef y el sue\u00f1o de la movilidad a\u00e9rea personal - Desde la terraza de Amador","isPartOf":{"@id":"https:\/\/desdelaterrazadeamador.com\/#website"},"primaryImageOfPage":{"@id":"https:\/\/desdelaterrazadeamador.com\/despegando-hacia-el-futuro-el-coche-volador-de-alef-y-el-sueno-de-la-movilidad-aerea-personal\/#primaryimage"},"image":{"@id":"https:\/\/desdelaterrazadeamador.com\/despegando-hacia-el-futuro-el-coche-volador-de-alef-y-el-sueno-de-la-movilidad-aerea-personal\/#primaryimage"},"thumbnailUrl":"https:\/\/desdelaterrazadeamador.com\/wp-content\/uploads\/2025\/04\/Coche-volador.jpg","datePublished":"2025-04-02T06:32:18+00:00","dateModified":"2025-04-05T06:17:35+00:00","description":"Siempre me han fascinado las historias de aquellos que se atreven a so\u00f1ar a lo grande, los que persiguen una visi\u00f3n aparentemente imposible y dedican su","breadcrumb":{"@id":"https:\/\/desdelaterrazadeamador.com\/despegando-hacia-el-futuro-el-coche-volador-de-alef-y-el-sueno-de-la-movilidad-aerea-personal\/#breadcrumb"},"inLanguage":"en-US","potentialAction":[{"@type":"ReadAction","target":["https:\/\/desdelaterrazadeamador.com\/despegando-hacia-el-futuro-el-coche-volador-de-alef-y-el-sueno-de-la-movilidad-aerea-personal\/"]}]},{"@type":"ImageObject","inLanguage":"en-US","@id":"https:\/\/desdelaterrazadeamador.com\/despegando-hacia-el-futuro-el-coche-volador-de-alef-y-el-sueno-de-la-movilidad-aerea-personal\/#primaryimage","url":"https:\/\/desdelaterrazadeamador.com\/wp-content\/uploads\/2025\/04\/Coche-volador.jpg","contentUrl":"https:\/\/desdelaterrazadeamador.com\/wp-content\/uploads\/2025\/04\/Coche-volador.jpg"},{"@type":"BreadcrumbList","@id":"https:\/\/desdelaterrazadeamador.com\/despegando-hacia-el-futuro-el-coche-volador-de-alef-y-el-sueno-de-la-movilidad-aerea-personal\/#breadcrumb","itemListElement":[{"@type":"ListItem","position":1,"name":"Portada","item":"https:\/\/desdelaterrazadeamador.com\/"},{"@type":"ListItem","position":2,"name":"\u00bfDespegando hacia el futuro? El coche volador de Alef y el sue\u00f1o de la movilidad a\u00e9rea personal"}]},{"@type":"WebSite","@id":"https:\/\/desdelaterrazadeamador.com\/#website","url":"https:\/\/desdelaterrazadeamador.com\/","name":"Desde la terraza de Amador","description":"Free and honest reflections on current social and technological issues","publisher":{"@id":"https:\/\/desdelaterrazadeamador.com\/#\/schema\/person\/0b6966cf66bcc9a2eb35a69e1c074d66"},"potentialAction":[{"@type":"SearchAction","target":{"@type":"EntryPoint","urlTemplate":"https:\/\/desdelaterrazadeamador.com\/?s={search_term_string}"},"query-input":{"@type":"PropertyValueSpecification","valueRequired":true,"valueName":"search_term_string"}}],"inLanguage":"en-US"},{"@type":["Person","Organization"],"@id":"https:\/\/desdelaterrazadeamador.com\/#\/schema\/person\/0b6966cf66bcc9a2eb35a69e1c074d66","name":"Amador Palacios","image":{"@type":"ImageObject","inLanguage":"en-US","@id":"https:\/\/desdelaterrazadeamador.com\/wp-content\/uploads\/2022\/01\/amador-palacios.jpg","url":"https:\/\/desdelaterrazadeamador.com\/wp-content\/uploads\/2022\/01\/amador-palacios.jpg","contentUrl":"https:\/\/desdelaterrazadeamador.com\/wp-content\/uploads\/2022\/01\/amador-palacios.jpg","width":1265,"height":899,"caption":"Amador Palacios"},"logo":{"@id":"https:\/\/desdelaterrazadeamador.com\/wp-content\/uploads\/2022\/01\/amador-palacios.jpg"},"description":"Reflexiones de Amador Palacios sobre temas de Actualidad Social y Tecnol\u00f3gica; otras opiniones diferentes a la m\u00eda son bienvenidas","sameAs":["http:\/\/desdelaterrazadeamador.com","https:\/\/es.linkedin.com\/in\/amador-palacios-499532a","https:\/\/x.com\/https:\/\/twitter.com\/edurneamaya"]}]}},"jetpack_publicize_connections":[],"_links":{"self":[{"href":"https:\/\/desdelaterrazadeamador.com\/en\/wp-json\/wp\/v2\/posts\/3616","targetHints":{"allow":["GET"]}}],"collection":[{"href":"https:\/\/desdelaterrazadeamador.com\/en\/wp-json\/wp\/v2\/posts"}],"about":[{"href":"https:\/\/desdelaterrazadeamador.com\/en\/wp-json\/wp\/v2\/types\/post"}],"author":[{"embeddable":true,"href":"https:\/\/desdelaterrazadeamador.com\/en\/wp-json\/wp\/v2\/users\/1"}],"replies":[{"embeddable":true,"href":"https:\/\/desdelaterrazadeamador.com\/en\/wp-json\/wp\/v2\/comments?post=3616"}],"version-history":[{"count":1,"href":"https:\/\/desdelaterrazadeamador.com\/en\/wp-json\/wp\/v2\/posts\/3616\/revisions"}],"predecessor-version":[{"id":3618,"href":"https:\/\/desdelaterrazadeamador.com\/en\/wp-json\/wp\/v2\/posts\/3616\/revisions\/3618"}],"wp:attachment":[{"href":"https:\/\/desdelaterrazadeamador.com\/en\/wp-json\/wp\/v2\/media?parent=3616"}],"wp:term":[{"taxonomy":"category","embeddable":true,"href":"https:\/\/desdelaterrazadeamador.com\/en\/wp-json\/wp\/v2\/categories?post=3616"},{"taxonomy":"post_tag","embeddable":true,"href":"https:\/\/desdelaterrazadeamador.com\/en\/wp-json\/wp\/v2\/tags?post=3616"}],"curies":[{"name":"wp","href":"https:\/\/api.w.org\/{rel}","templated":true}]}}