{"id":3378,"date":"2024-12-17T09:17:17","date_gmt":"2024-12-17T08:17:17","guid":{"rendered":"https:\/\/desdelaterrazadeamador.com\/?p=3378"},"modified":"2025-01-26T15:40:50","modified_gmt":"2025-01-26T14:40:50","slug":"otra-revolucion-silenciosa-qkc-y-el-amanecer-de-la-era-post-nuclear","status":"publish","type":"post","link":"https:\/\/desdelaterrazadeamador.com\/en\/otra-revolucion-silenciosa-qkc-y-el-amanecer-de-la-era-post-nuclear\/","title":{"rendered":"Another quiet revolution: QKC and the dawn of the post-nuclear era"},"content":{"rendered":"<p>Views: 2<\/p>\n<p class=\"wp-block-paragraph\">For decades, nuclear power has been a double-edged sword. On the one hand, a powerful and efficient source of energy; on the other, a disturbing shadow cast by radioactive waste, a toxic legacy that endures for millennia. But the landscape is changing, and the quiet innovation brewing in cutting-edge laboratories is about to break the paradigm.<\/p>\n\n\n\n<p class=\"wp-block-paragraph\">Not long ago, the name QKC has resonated loudly in technological forums, and with good reason. The company has announced a milestone that could redefine the future of nuclear energy: the containment of a temperature of 200 million degrees for 24 hours, an unprecedented achievement that has unlocked the door to the transmutation of uranium isotopes U234\/235\/238 into non-radioactive materials.<\/p>\n\n\n\n<p class=\"wp-block-paragraph\">Imagine a world where nuclear waste, the spectre that has haunted the atomic industry since its inception, disappears. Where geological repositories designed to contain radioactivity for thousands of years become obsolete. That future, which until recently seemed like fantasy, is now on the horizon thanks to QKC's innovative technology: \u00a0<strong>Safe Nuclear Systems\u2122<\/strong>\u00a0\u00a0 <\/p>\n\n\n\n<p class=\"wp-block-paragraph\">The news has spread like wildfire across the internet. Experts are fervently debating the implications of this breakthrough, while speculation about how Safe Nuclear Systems\u2122 works fuels intrigue. QKC is understandably secretive about the technical details, but the essence of the process seems to lie in using these extreme temperatures to break down the atomic structure of uranium isotopes, transforming them into stable and harmless elements.<\/p>\n\n\n\n<p class=\"wp-block-paragraph\">The potential impact of this technology is colossal. Every year, countries with nuclear power plants spend hundreds of millions of dollars on storing and managing radioactive waste. This expense, in addition to the intrinsic risk of contamination, represents a heavy burden for the industry. Safe Nuclear Systems\u2122 offers a definitive solution, the possibility of turning the problem into a resource. It is not surprising that the interest in this technology is global. The potential demand is immense, and QKC is in a privileged position to capitalize on this revolution.<\/p>\n\n\n\n<figure class=\"wp-block-image size-full is-resized\"><img loading=\"lazy\" decoding=\"async\" width=\"500\" height=\"167\" src=\"https:\/\/desdelaterrazadeamador.com\/wp-content\/uploads\/2024\/12\/QKC.jpg\" alt=\"\" class=\"wp-image-3379\" style=\"width:704px;height:auto\" srcset=\"https:\/\/desdelaterrazadeamador.com\/wp-content\/uploads\/2024\/12\/QKC.jpg 500w, https:\/\/desdelaterrazadeamador.com\/wp-content\/uploads\/2024\/12\/QKC-300x100.jpg 300w, https:\/\/desdelaterrazadeamador.com\/wp-content\/uploads\/2024\/12\/QKC-18x6.jpg 18w\" sizes=\"auto, (max-width: 500px) 100vw, 500px\" \/><\/figure>\n\n\n\n<p class=\"wp-block-paragraph\">But beyond the economic impact, QKC's breakthrough has profound implications for the future of energy. In a world increasingly thirsty for clean and efficient energy, nuclear energy is presented as a viable, if controversial, alternative. The management of radioactive waste has always been the main obstacle to its widespread acceptance. If Safe Nuclear Systems\u2122 fulfills its promises, this obstacle would disappear, opening a new chapter in the history of atomic energy.<\/p>\n\n\n\n<p class=\"wp-block-paragraph\">The current context is crucial to understand the magnitude of this advance. Nuclear fusion research is booming, with multi-million dollar investments driving the search for the ultimate clean energy.<\/p>\n\n\n\n<p class=\"wp-block-paragraph\">While fusion promises a waste-free future, fission, with QKC technology, offers an immediate solution to the existing problem. It is a race against time, a competition between two different approaches to reach the same goal: a sustainable energy future.<\/p>\n\n\n\n<p class=\"wp-block-paragraph\">The QKC case shows that nuclear energy is not in decline, but is undergoing a radical transformation. Innovation, research and the search for solutions are bearing fruit. We are witnessing a renaissance, a new post-nuclear era where the promise of clean and safe energy is approaching reality.<\/p>\n\n\n\n<p class=\"wp-block-paragraph\">The next few years will be decisive. The implementation of Safe Nuclear Systems\u2122 on an industrial scale, the response of regulators and public acceptance will be key factors in the development of this scenario. The world is watching with expectation, aware that we are at a turning point.<\/p>\n\n\n\n<p class=\"wp-block-paragraph\">The silent revolution of QKC could be the prelude to a completely new energy era, a future where the shadow of nuclear waste fades, giving way to the light of innovation.<\/p>\n\n\n\n<p class=\"wp-block-paragraph\"><\/p>","protected":false},"excerpt":{"rendered":"<p>Views: 2 Durante d\u00e9cadas, la energ\u00eda nuclear ha sido un arma de doble filo. Por un lado, una fuente de energ\u00eda potente y eficiente; por el otro, una sombra inquietante proyectada por los residuos radiactivos, un legado t\u00f3xico que perdura durante milenios. Pero el panorama est\u00e1 cambiando, y la innovaci\u00f3n silenciosa que se gesta en [&hellip;]<\/p>\n","protected":false},"author":1,"featured_media":0,"comment_status":"open","ping_status":"closed","sticky":false,"template":"","format":"standard","meta":{"_crdt_document":"","footnotes":"","jetpack_publicize_message":"","jetpack_publicize_feature_enabled":true,"jetpack_social_post_already_shared":false,"jetpack_social_options":{"image_generator_settings":{"template":"highway","default_image_id":0,"font":"","enabled":false},"version":2}},"categories":[162,134],"tags":[],"class_list":["post-3378","post","type-post","status-publish","format-standard","hentry","category-nuclear-energy","category-sustainable-energy"],"yoast_head":"<!-- This site is optimized with the Yoast SEO plugin v27.5 - https:\/\/yoast.com\/product\/yoast-seo-wordpress\/ -->\n<title>Otra revoluci\u00f3n silenciosa: QKC y el amanecer de la era post-nuclear - Desde la terraza de Amador<\/title>\n<meta name=\"description\" content=\"Durante d\u00e9cadas, la energ\u00eda nuclear ha sido un arma de doble filo. Por un lado, una fuente de energ\u00eda potente y eficiente; por el otro, una sombra\" \/>\n<meta name=\"robots\" content=\"index, follow, max-snippet:-1, max-image-preview:large, max-video-preview:-1\" \/>\n<link rel=\"canonical\" href=\"https:\/\/desdelaterrazadeamador.com\/en\/otra-revolucion-silenciosa-qkc-y-el-amanecer-de-la-era-post-nuclear\/\" \/>\n<meta property=\"og:locale\" content=\"en_US\" \/>\n<meta property=\"og:type\" content=\"article\" \/>\n<meta property=\"og:title\" content=\"Otra revoluci\u00f3n silenciosa: QKC y el amanecer de la era post-nuclear - Desde la terraza de Amador\" \/>\n<meta property=\"og:description\" content=\"Durante d\u00e9cadas, la energ\u00eda nuclear ha sido un arma de doble filo. Por un lado, una fuente de energ\u00eda potente y eficiente; por el otro, una sombra\" \/>\n<meta property=\"og:url\" content=\"https:\/\/desdelaterrazadeamador.com\/en\/otra-revolucion-silenciosa-qkc-y-el-amanecer-de-la-era-post-nuclear\/\" \/>\n<meta property=\"og:site_name\" content=\"Desde la terraza de Amador\" \/>\n<meta property=\"article:published_time\" content=\"2024-12-17T08:17:17+00:00\" \/>\n<meta property=\"article:modified_time\" content=\"2025-01-26T14:40:50+00:00\" \/>\n<meta property=\"og:image\" content=\"https:\/\/desdelaterrazadeamador.com\/wp-content\/uploads\/2024\/12\/QKC.jpg\" \/>\n\t<meta property=\"og:image:width\" content=\"500\" \/>\n\t<meta property=\"og:image:height\" content=\"167\" \/>\n\t<meta property=\"og:image:type\" content=\"image\/jpeg\" \/>\n<meta name=\"author\" content=\"Amador Palacios\" \/>\n<meta name=\"twitter:card\" content=\"summary_large_image\" \/>\n<meta name=\"twitter:creator\" content=\"@https:\/\/twitter.com\/edurneamaya\" \/>\n<meta name=\"twitter:site\" content=\"@edurneamaya\" \/>\n<meta name=\"twitter:label1\" content=\"Written by\" \/>\n\t<meta name=\"twitter:data1\" content=\"Amador Palacios\" \/>\n<script type=\"application\/ld+json\" class=\"yoast-schema-graph\">{\"@context\":\"https:\\\/\\\/schema.org\",\"@graph\":[{\"@type\":\"Article\",\"@id\":\"https:\\\/\\\/desdelaterrazadeamador.com\\\/otra-revolucion-silenciosa-qkc-y-el-amanecer-de-la-era-post-nuclear\\\/#article\",\"isPartOf\":{\"@id\":\"https:\\\/\\\/desdelaterrazadeamador.com\\\/otra-revolucion-silenciosa-qkc-y-el-amanecer-de-la-era-post-nuclear\\\/\"},\"author\":{\"name\":\"Amador Palacios\",\"@id\":\"https:\\\/\\\/desdelaterrazadeamador.com\\\/#\\\/schema\\\/person\\\/0b6966cf66bcc9a2eb35a69e1c074d66\"},\"headline\":\"Otra revoluci\u00f3n silenciosa: QKC y el amanecer de la era post-nuclear\",\"datePublished\":\"2024-12-17T08:17:17+00:00\",\"dateModified\":\"2025-01-26T14:40:50+00:00\",\"mainEntityOfPage\":{\"@id\":\"https:\\\/\\\/desdelaterrazadeamador.com\\\/otra-revolucion-silenciosa-qkc-y-el-amanecer-de-la-era-post-nuclear\\\/\"},\"wordCount\":742,\"commentCount\":0,\"publisher\":{\"@id\":\"https:\\\/\\\/desdelaterrazadeamador.com\\\/#\\\/schema\\\/person\\\/0b6966cf66bcc9a2eb35a69e1c074d66\"},\"image\":{\"@id\":\"https:\\\/\\\/desdelaterrazadeamador.com\\\/otra-revolucion-silenciosa-qkc-y-el-amanecer-de-la-era-post-nuclear\\\/#primaryimage\"},\"thumbnailUrl\":\"https:\\\/\\\/desdelaterrazadeamador.com\\\/wp-content\\\/uploads\\\/2024\\\/12\\\/QKC.jpg\",\"articleSection\":[\"Nuclear Energy\",\"Sustainable Energy\"],\"inLanguage\":\"en-US\",\"potentialAction\":[{\"@type\":\"CommentAction\",\"name\":\"Comment\",\"target\":[\"https:\\\/\\\/desdelaterrazadeamador.com\\\/otra-revolucion-silenciosa-qkc-y-el-amanecer-de-la-era-post-nuclear\\\/#respond\"]}]},{\"@type\":\"WebPage\",\"@id\":\"https:\\\/\\\/desdelaterrazadeamador.com\\\/otra-revolucion-silenciosa-qkc-y-el-amanecer-de-la-era-post-nuclear\\\/\",\"url\":\"https:\\\/\\\/desdelaterrazadeamador.com\\\/otra-revolucion-silenciosa-qkc-y-el-amanecer-de-la-era-post-nuclear\\\/\",\"name\":\"Otra revoluci\u00f3n silenciosa: QKC y el amanecer de la era post-nuclear - Desde la terraza de Amador\",\"isPartOf\":{\"@id\":\"https:\\\/\\\/desdelaterrazadeamador.com\\\/#website\"},\"primaryImageOfPage\":{\"@id\":\"https:\\\/\\\/desdelaterrazadeamador.com\\\/otra-revolucion-silenciosa-qkc-y-el-amanecer-de-la-era-post-nuclear\\\/#primaryimage\"},\"image\":{\"@id\":\"https:\\\/\\\/desdelaterrazadeamador.com\\\/otra-revolucion-silenciosa-qkc-y-el-amanecer-de-la-era-post-nuclear\\\/#primaryimage\"},\"thumbnailUrl\":\"https:\\\/\\\/desdelaterrazadeamador.com\\\/wp-content\\\/uploads\\\/2024\\\/12\\\/QKC.jpg\",\"datePublished\":\"2024-12-17T08:17:17+00:00\",\"dateModified\":\"2025-01-26T14:40:50+00:00\",\"description\":\"Durante d\u00e9cadas, la energ\u00eda nuclear ha sido un arma de doble filo. Por un lado, una fuente de energ\u00eda potente y eficiente; por el otro, una sombra\",\"breadcrumb\":{\"@id\":\"https:\\\/\\\/desdelaterrazadeamador.com\\\/otra-revolucion-silenciosa-qkc-y-el-amanecer-de-la-era-post-nuclear\\\/#breadcrumb\"},\"inLanguage\":\"en-US\",\"potentialAction\":[{\"@type\":\"ReadAction\",\"target\":[\"https:\\\/\\\/desdelaterrazadeamador.com\\\/otra-revolucion-silenciosa-qkc-y-el-amanecer-de-la-era-post-nuclear\\\/\"]}]},{\"@type\":\"ImageObject\",\"inLanguage\":\"en-US\",\"@id\":\"https:\\\/\\\/desdelaterrazadeamador.com\\\/otra-revolucion-silenciosa-qkc-y-el-amanecer-de-la-era-post-nuclear\\\/#primaryimage\",\"url\":\"https:\\\/\\\/desdelaterrazadeamador.com\\\/wp-content\\\/uploads\\\/2024\\\/12\\\/QKC.jpg\",\"contentUrl\":\"https:\\\/\\\/desdelaterrazadeamador.com\\\/wp-content\\\/uploads\\\/2024\\\/12\\\/QKC.jpg\"},{\"@type\":\"BreadcrumbList\",\"@id\":\"https:\\\/\\\/desdelaterrazadeamador.com\\\/otra-revolucion-silenciosa-qkc-y-el-amanecer-de-la-era-post-nuclear\\\/#breadcrumb\",\"itemListElement\":[{\"@type\":\"ListItem\",\"position\":1,\"name\":\"Portada\",\"item\":\"https:\\\/\\\/desdelaterrazadeamador.com\\\/\"},{\"@type\":\"ListItem\",\"position\":2,\"name\":\"Otra revoluci\u00f3n silenciosa: QKC y el amanecer de la era post-nuclear\"}]},{\"@type\":\"WebSite\",\"@id\":\"https:\\\/\\\/desdelaterrazadeamador.com\\\/#website\",\"url\":\"https:\\\/\\\/desdelaterrazadeamador.com\\\/\",\"name\":\"Desde la terraza de Amador\",\"description\":\"Reflexiones libres y honestas sobre temas de actualidad social y tecnol\u00f3gica\",\"publisher\":{\"@id\":\"https:\\\/\\\/desdelaterrazadeamador.com\\\/#\\\/schema\\\/person\\\/0b6966cf66bcc9a2eb35a69e1c074d66\"},\"potentialAction\":[{\"@type\":\"SearchAction\",\"target\":{\"@type\":\"EntryPoint\",\"urlTemplate\":\"https:\\\/\\\/desdelaterrazadeamador.com\\\/?s={search_term_string}\"},\"query-input\":{\"@type\":\"PropertyValueSpecification\",\"valueRequired\":true,\"valueName\":\"search_term_string\"}}],\"inLanguage\":\"en-US\"},{\"@type\":[\"Person\",\"Organization\"],\"@id\":\"https:\\\/\\\/desdelaterrazadeamador.com\\\/#\\\/schema\\\/person\\\/0b6966cf66bcc9a2eb35a69e1c074d66\",\"name\":\"Amador Palacios\",\"image\":{\"@type\":\"ImageObject\",\"inLanguage\":\"en-US\",\"@id\":\"https:\\\/\\\/desdelaterrazadeamador.com\\\/wp-content\\\/uploads\\\/2022\\\/01\\\/amador-palacios.jpg\",\"url\":\"https:\\\/\\\/desdelaterrazadeamador.com\\\/wp-content\\\/uploads\\\/2022\\\/01\\\/amador-palacios.jpg\",\"contentUrl\":\"https:\\\/\\\/desdelaterrazadeamador.com\\\/wp-content\\\/uploads\\\/2022\\\/01\\\/amador-palacios.jpg\",\"width\":1265,\"height\":899,\"caption\":\"Amador Palacios\"},\"logo\":{\"@id\":\"https:\\\/\\\/desdelaterrazadeamador.com\\\/wp-content\\\/uploads\\\/2022\\\/01\\\/amador-palacios.jpg\"},\"description\":\"Reflexiones de Amador Palacios sobre temas de Actualidad Social y Tecnol\u00f3gica; otras opiniones diferentes a la m\u00eda son bienvenidas\",\"sameAs\":[\"http:\\\/\\\/desdelaterrazadeamador.com\",\"https:\\\/\\\/es.linkedin.com\\\/in\\\/amador-palacios-499532a\",\"https:\\\/\\\/x.com\\\/https:\\\/\\\/twitter.com\\\/edurneamaya\"]}]}<\/script>\n<!-- \/ Yoast SEO plugin. -->","yoast_head_json":{"title":"Otra revoluci\u00f3n silenciosa: QKC y el amanecer de la era post-nuclear - Desde la terraza de Amador","description":"Durante d\u00e9cadas, la energ\u00eda nuclear ha sido un arma de doble filo. Por un lado, una fuente de energ\u00eda potente y eficiente; por el otro, una sombra","robots":{"index":"index","follow":"follow","max-snippet":"max-snippet:-1","max-image-preview":"max-image-preview:large","max-video-preview":"max-video-preview:-1"},"canonical":"https:\/\/desdelaterrazadeamador.com\/en\/otra-revolucion-silenciosa-qkc-y-el-amanecer-de-la-era-post-nuclear\/","og_locale":"en_US","og_type":"article","og_title":"Otra revoluci\u00f3n silenciosa: QKC y el amanecer de la era post-nuclear - Desde la terraza de Amador","og_description":"Durante d\u00e9cadas, la energ\u00eda nuclear ha sido un arma de doble filo. Por un lado, una fuente de energ\u00eda potente y eficiente; por el otro, una sombra","og_url":"https:\/\/desdelaterrazadeamador.com\/en\/otra-revolucion-silenciosa-qkc-y-el-amanecer-de-la-era-post-nuclear\/","og_site_name":"Desde la terraza de Amador","article_published_time":"2024-12-17T08:17:17+00:00","article_modified_time":"2025-01-26T14:40:50+00:00","og_image":[{"width":500,"height":167,"url":"https:\/\/desdelaterrazadeamador.com\/wp-content\/uploads\/2024\/12\/QKC.jpg","type":"image\/jpeg"}],"author":"Amador Palacios","twitter_card":"summary_large_image","twitter_creator":"@https:\/\/twitter.com\/edurneamaya","twitter_site":"@edurneamaya","twitter_misc":{"Written by":"Amador Palacios"},"schema":{"@context":"https:\/\/schema.org","@graph":[{"@type":"Article","@id":"https:\/\/desdelaterrazadeamador.com\/otra-revolucion-silenciosa-qkc-y-el-amanecer-de-la-era-post-nuclear\/#article","isPartOf":{"@id":"https:\/\/desdelaterrazadeamador.com\/otra-revolucion-silenciosa-qkc-y-el-amanecer-de-la-era-post-nuclear\/"},"author":{"name":"Amador Palacios","@id":"https:\/\/desdelaterrazadeamador.com\/#\/schema\/person\/0b6966cf66bcc9a2eb35a69e1c074d66"},"headline":"Otra revoluci\u00f3n silenciosa: QKC y el amanecer de la era post-nuclear","datePublished":"2024-12-17T08:17:17+00:00","dateModified":"2025-01-26T14:40:50+00:00","mainEntityOfPage":{"@id":"https:\/\/desdelaterrazadeamador.com\/otra-revolucion-silenciosa-qkc-y-el-amanecer-de-la-era-post-nuclear\/"},"wordCount":742,"commentCount":0,"publisher":{"@id":"https:\/\/desdelaterrazadeamador.com\/#\/schema\/person\/0b6966cf66bcc9a2eb35a69e1c074d66"},"image":{"@id":"https:\/\/desdelaterrazadeamador.com\/otra-revolucion-silenciosa-qkc-y-el-amanecer-de-la-era-post-nuclear\/#primaryimage"},"thumbnailUrl":"https:\/\/desdelaterrazadeamador.com\/wp-content\/uploads\/2024\/12\/QKC.jpg","articleSection":["Nuclear Energy","Sustainable Energy"],"inLanguage":"en-US","potentialAction":[{"@type":"CommentAction","name":"Comment","target":["https:\/\/desdelaterrazadeamador.com\/otra-revolucion-silenciosa-qkc-y-el-amanecer-de-la-era-post-nuclear\/#respond"]}]},{"@type":"WebPage","@id":"https:\/\/desdelaterrazadeamador.com\/otra-revolucion-silenciosa-qkc-y-el-amanecer-de-la-era-post-nuclear\/","url":"https:\/\/desdelaterrazadeamador.com\/otra-revolucion-silenciosa-qkc-y-el-amanecer-de-la-era-post-nuclear\/","name":"Otra revoluci\u00f3n silenciosa: QKC y el amanecer de la era post-nuclear - Desde la terraza de Amador","isPartOf":{"@id":"https:\/\/desdelaterrazadeamador.com\/#website"},"primaryImageOfPage":{"@id":"https:\/\/desdelaterrazadeamador.com\/otra-revolucion-silenciosa-qkc-y-el-amanecer-de-la-era-post-nuclear\/#primaryimage"},"image":{"@id":"https:\/\/desdelaterrazadeamador.com\/otra-revolucion-silenciosa-qkc-y-el-amanecer-de-la-era-post-nuclear\/#primaryimage"},"thumbnailUrl":"https:\/\/desdelaterrazadeamador.com\/wp-content\/uploads\/2024\/12\/QKC.jpg","datePublished":"2024-12-17T08:17:17+00:00","dateModified":"2025-01-26T14:40:50+00:00","description":"Durante d\u00e9cadas, la energ\u00eda nuclear ha sido un arma de doble filo. Por un lado, una fuente de energ\u00eda potente y eficiente; por el otro, una sombra","breadcrumb":{"@id":"https:\/\/desdelaterrazadeamador.com\/otra-revolucion-silenciosa-qkc-y-el-amanecer-de-la-era-post-nuclear\/#breadcrumb"},"inLanguage":"en-US","potentialAction":[{"@type":"ReadAction","target":["https:\/\/desdelaterrazadeamador.com\/otra-revolucion-silenciosa-qkc-y-el-amanecer-de-la-era-post-nuclear\/"]}]},{"@type":"ImageObject","inLanguage":"en-US","@id":"https:\/\/desdelaterrazadeamador.com\/otra-revolucion-silenciosa-qkc-y-el-amanecer-de-la-era-post-nuclear\/#primaryimage","url":"https:\/\/desdelaterrazadeamador.com\/wp-content\/uploads\/2024\/12\/QKC.jpg","contentUrl":"https:\/\/desdelaterrazadeamador.com\/wp-content\/uploads\/2024\/12\/QKC.jpg"},{"@type":"BreadcrumbList","@id":"https:\/\/desdelaterrazadeamador.com\/otra-revolucion-silenciosa-qkc-y-el-amanecer-de-la-era-post-nuclear\/#breadcrumb","itemListElement":[{"@type":"ListItem","position":1,"name":"Portada","item":"https:\/\/desdelaterrazadeamador.com\/"},{"@type":"ListItem","position":2,"name":"Otra revoluci\u00f3n silenciosa: QKC y el amanecer de la era post-nuclear"}]},{"@type":"WebSite","@id":"https:\/\/desdelaterrazadeamador.com\/#website","url":"https:\/\/desdelaterrazadeamador.com\/","name":"Desde la terraza de Amador","description":"Free and honest reflections on current social and technological issues","publisher":{"@id":"https:\/\/desdelaterrazadeamador.com\/#\/schema\/person\/0b6966cf66bcc9a2eb35a69e1c074d66"},"potentialAction":[{"@type":"SearchAction","target":{"@type":"EntryPoint","urlTemplate":"https:\/\/desdelaterrazadeamador.com\/?s={search_term_string}"},"query-input":{"@type":"PropertyValueSpecification","valueRequired":true,"valueName":"search_term_string"}}],"inLanguage":"en-US"},{"@type":["Person","Organization"],"@id":"https:\/\/desdelaterrazadeamador.com\/#\/schema\/person\/0b6966cf66bcc9a2eb35a69e1c074d66","name":"Amador Palacios","image":{"@type":"ImageObject","inLanguage":"en-US","@id":"https:\/\/desdelaterrazadeamador.com\/wp-content\/uploads\/2022\/01\/amador-palacios.jpg","url":"https:\/\/desdelaterrazadeamador.com\/wp-content\/uploads\/2022\/01\/amador-palacios.jpg","contentUrl":"https:\/\/desdelaterrazadeamador.com\/wp-content\/uploads\/2022\/01\/amador-palacios.jpg","width":1265,"height":899,"caption":"Amador Palacios"},"logo":{"@id":"https:\/\/desdelaterrazadeamador.com\/wp-content\/uploads\/2022\/01\/amador-palacios.jpg"},"description":"Reflexiones de Amador Palacios sobre temas de Actualidad Social y Tecnol\u00f3gica; otras opiniones diferentes a la m\u00eda son bienvenidas","sameAs":["http:\/\/desdelaterrazadeamador.com","https:\/\/es.linkedin.com\/in\/amador-palacios-499532a","https:\/\/x.com\/https:\/\/twitter.com\/edurneamaya"]}]}},"jetpack_publicize_connections":[],"_links":{"self":[{"href":"https:\/\/desdelaterrazadeamador.com\/en\/wp-json\/wp\/v2\/posts\/3378","targetHints":{"allow":["GET"]}}],"collection":[{"href":"https:\/\/desdelaterrazadeamador.com\/en\/wp-json\/wp\/v2\/posts"}],"about":[{"href":"https:\/\/desdelaterrazadeamador.com\/en\/wp-json\/wp\/v2\/types\/post"}],"author":[{"embeddable":true,"href":"https:\/\/desdelaterrazadeamador.com\/en\/wp-json\/wp\/v2\/users\/1"}],"replies":[{"embeddable":true,"href":"https:\/\/desdelaterrazadeamador.com\/en\/wp-json\/wp\/v2\/comments?post=3378"}],"version-history":[{"count":2,"href":"https:\/\/desdelaterrazadeamador.com\/en\/wp-json\/wp\/v2\/posts\/3378\/revisions"}],"predecessor-version":[{"id":3381,"href":"https:\/\/desdelaterrazadeamador.com\/en\/wp-json\/wp\/v2\/posts\/3378\/revisions\/3381"}],"wp:attachment":[{"href":"https:\/\/desdelaterrazadeamador.com\/en\/wp-json\/wp\/v2\/media?parent=3378"}],"wp:term":[{"taxonomy":"category","embeddable":true,"href":"https:\/\/desdelaterrazadeamador.com\/en\/wp-json\/wp\/v2\/categories?post=3378"},{"taxonomy":"post_tag","embeddable":true,"href":"https:\/\/desdelaterrazadeamador.com\/en\/wp-json\/wp\/v2\/tags?post=3378"}],"curies":[{"name":"wp","href":"https:\/\/api.w.org\/{rel}","templated":true}]}}