{"id":306,"date":"2021-12-03T07:19:29","date_gmt":"2021-12-03T07:19:29","guid":{"rendered":"https:\/\/desdelaterrazadeamador.com\/?p=306"},"modified":"2021-12-03T07:19:31","modified_gmt":"2021-12-03T07:19:31","slug":"proceso-que-revoluciona-el-reciclado-del-plastico","status":"publish","type":"post","link":"https:\/\/desdelaterrazadeamador.com\/en\/proceso-que-revoluciona-el-reciclado-del-plastico\/","title":{"rendered":"Process that revolutionizes the recycling of plastic"},"content":{"rendered":"<p>Views: 10<\/p>\n<p class=\"wp-block-paragraph\">The big problem with plastic is that it takes many years to decompose in nature, and that current means of recycling are slow, expensive and often polluting.<\/p>\n\n\n\n<p class=\"wp-block-paragraph\">Partly because of these causes and partly because of human neglect, only 15% of the plastics we use are recycled and the rest is incinerated (generates pollution) or is thrown away and ends up in the seas (more pollution).<\/p>\n\n\n\n<p class=\"wp-block-paragraph\">A French company called <strong>Carbios<\/strong> has generated a process of enzymes that are capable of decomposing PET (it is the most used plastic and with which most bottles are made) in a short time between 10 and 16 hours. This is something new and very different from current solutions.<\/p>\n\n\n\n<p class=\"wp-block-paragraph\">The plastic bottles are ground and placed in a container. Enzymes are applied to them and in a few hours they break down into other reusable by-products (terephthalic acid and ethylene glycol).<\/p>\n\n\n\n<p class=\"wp-block-paragraph\">And from these by-products obtained, new PET bottles can be re-manufactured, reducing greenhouse gases by more than 30%.<\/p>\n\n\n\n<figure class=\"wp-block-image size-full is-resized\"><img loading=\"lazy\" decoding=\"async\" src=\"https:\/\/desdelaterrazadeamador.com\/wp-content\/uploads\/2021\/12\/PET-botella.jpg\" alt=\"\" class=\"wp-image-307\" width=\"618\" height=\"617\" srcset=\"https:\/\/desdelaterrazadeamador.com\/wp-content\/uploads\/2021\/12\/PET-botella.jpg 700w, https:\/\/desdelaterrazadeamador.com\/wp-content\/uploads\/2021\/12\/PET-botella-300x300.jpg 300w, https:\/\/desdelaterrazadeamador.com\/wp-content\/uploads\/2021\/12\/PET-botella-150x150.jpg 150w, https:\/\/desdelaterrazadeamador.com\/wp-content\/uploads\/2021\/12\/PET-botella-12x12.jpg 12w\" sizes=\"auto, (max-width: 618px) 100vw, 618px\" \/><\/figure>\n\n\n\n<p class=\"wp-block-paragraph\">The Carbios test reactor has a size of 20 cubic meters and 100,000 bottles can be treated at a time, and once the technical feasibility has been demonstrated they think about implementing larger industrial means to treat a greater number of bottles and lower costs.<\/p>\n\n\n\n<p class=\"wp-block-paragraph\">Carbios is a company that was founded in 2011 and it has taken them 10 years of work and effort to achieve these positive results. Things don't happen by chance, but after hard work.<\/p>\n\n\n\n<p class=\"wp-block-paragraph\">Carbios' product is twice as expensive as virgin PERT (from oil), but it can be affordable by large manufacturers (it costs just over 2 cents a bottle) to reduce the carbon footprint.<\/p>\n\n\n\n<p class=\"wp-block-paragraph\">And in fact some brand like Nestl\u00e9 has already carried out tests with their bottles.<\/p>\n\n\n\n<p class=\"wp-block-paragraph\">It is a matter of customers (us) making themselves understand and demanding that we want to have products that do not pollute our environment.<\/p>","protected":false},"excerpt":{"rendered":"<p>Views: 10 El gran problema del pl\u00e1stico es que tarda muchos a\u00f1os en descomponerse en la naturaleza, y que los medios actuales de reciclado son lentos, costosos y muchas veces contaminantes. En parte por estas causas y en parte por la dejadez humana, solo se recicla apenas el 15% de los pl\u00e1sticos que usamos y [&hellip;]<\/p>\n","protected":false},"author":1,"featured_media":308,"comment_status":"open","ping_status":"open","sticky":false,"template":"","format":"standard","meta":{"_crdt_document":"","footnotes":"","jetpack_publicize_message":"","jetpack_publicize_feature_enabled":true,"jetpack_social_post_already_shared":false,"jetpack_social_options":{"image_generator_settings":{"template":"highway","default_image_id":0,"font":"","enabled":false},"version":2}},"categories":[113],"tags":[],"class_list":["post-306","post","type-post","status-publish","format-standard","has-post-thumbnail","hentry","category-pollution-climatic-change"],"yoast_head":"<!-- This site is optimized with the Yoast SEO plugin v27.5 - https:\/\/yoast.com\/product\/yoast-seo-wordpress\/ -->\n<title>Proceso que revoluciona el reciclado del pl\u00e1stico - Desde la terraza de Amador<\/title>\n<meta name=\"description\" content=\"El gran problema del pl\u00e1stico es que tarda muchos a\u00f1os en descomponerse en la naturaleza, y que los medios actuales de reciclado son lentos, costosos y\" \/>\n<meta name=\"robots\" content=\"index, follow, max-snippet:-1, max-image-preview:large, max-video-preview:-1\" \/>\n<link rel=\"canonical\" href=\"https:\/\/desdelaterrazadeamador.com\/en\/proceso-que-revoluciona-el-reciclado-del-plastico\/\" \/>\n<meta property=\"og:locale\" content=\"en_US\" \/>\n<meta property=\"og:type\" content=\"article\" \/>\n<meta property=\"og:title\" content=\"Proceso que revoluciona el reciclado del pl\u00e1stico - Desde la terraza de Amador\" \/>\n<meta property=\"og:description\" content=\"El gran problema del pl\u00e1stico es que tarda muchos a\u00f1os en descomponerse en la naturaleza, y que los medios actuales de reciclado son lentos, costosos y\" \/>\n<meta property=\"og:url\" content=\"https:\/\/desdelaterrazadeamador.com\/en\/proceso-que-revoluciona-el-reciclado-del-plastico\/\" \/>\n<meta property=\"og:site_name\" content=\"Desde la terraza de Amador\" \/>\n<meta property=\"article:published_time\" content=\"2021-12-03T07:19:29+00:00\" \/>\n<meta property=\"article:modified_time\" content=\"2021-12-03T07:19:31+00:00\" \/>\n<meta property=\"og:image\" content=\"https:\/\/desdelaterrazadeamador.com\/wp-content\/uploads\/2021\/12\/Plastico-MODELO.jpg\" \/>\n\t<meta property=\"og:image:width\" content=\"360\" \/>\n\t<meta property=\"og:image:height\" content=\"270\" \/>\n\t<meta property=\"og:image:type\" content=\"image\/jpeg\" \/>\n<meta name=\"author\" content=\"Amador Palacios\" \/>\n<meta name=\"twitter:card\" content=\"summary_large_image\" \/>\n<meta name=\"twitter:creator\" content=\"@https:\/\/twitter.com\/edurneamaya\" \/>\n<meta name=\"twitter:site\" content=\"@edurneamaya\" \/>\n<meta name=\"twitter:label1\" content=\"Written by\" \/>\n\t<meta name=\"twitter:data1\" content=\"Amador Palacios\" \/>\n\t<meta name=\"twitter:label2\" content=\"Est. reading time\" \/>\n\t<meta name=\"twitter:data2\" content=\"2 minutes\" \/>\n<script type=\"application\/ld+json\" class=\"yoast-schema-graph\">{\"@context\":\"https:\\\/\\\/schema.org\",\"@graph\":[{\"@type\":\"Article\",\"@id\":\"https:\\\/\\\/desdelaterrazadeamador.com\\\/proceso-que-revoluciona-el-reciclado-del-plastico\\\/#article\",\"isPartOf\":{\"@id\":\"https:\\\/\\\/desdelaterrazadeamador.com\\\/proceso-que-revoluciona-el-reciclado-del-plastico\\\/\"},\"author\":{\"name\":\"Amador Palacios\",\"@id\":\"https:\\\/\\\/desdelaterrazadeamador.com\\\/#\\\/schema\\\/person\\\/0b6966cf66bcc9a2eb35a69e1c074d66\"},\"headline\":\"Proceso que revoluciona el reciclado del pl\u00e1stico\",\"datePublished\":\"2021-12-03T07:19:29+00:00\",\"dateModified\":\"2021-12-03T07:19:31+00:00\",\"mainEntityOfPage\":{\"@id\":\"https:\\\/\\\/desdelaterrazadeamador.com\\\/proceso-que-revoluciona-el-reciclado-del-plastico\\\/\"},\"wordCount\":361,\"commentCount\":0,\"publisher\":{\"@id\":\"https:\\\/\\\/desdelaterrazadeamador.com\\\/#\\\/schema\\\/person\\\/0b6966cf66bcc9a2eb35a69e1c074d66\"},\"image\":{\"@id\":\"https:\\\/\\\/desdelaterrazadeamador.com\\\/proceso-que-revoluciona-el-reciclado-del-plastico\\\/#primaryimage\"},\"thumbnailUrl\":\"https:\\\/\\\/desdelaterrazadeamador.com\\\/wp-content\\\/uploads\\\/2021\\\/12\\\/Plastico-MODELO.jpg\",\"articleSection\":[\"Pollution\"],\"inLanguage\":\"en-US\",\"potentialAction\":[{\"@type\":\"CommentAction\",\"name\":\"Comment\",\"target\":[\"https:\\\/\\\/desdelaterrazadeamador.com\\\/proceso-que-revoluciona-el-reciclado-del-plastico\\\/#respond\"]}]},{\"@type\":\"WebPage\",\"@id\":\"https:\\\/\\\/desdelaterrazadeamador.com\\\/proceso-que-revoluciona-el-reciclado-del-plastico\\\/\",\"url\":\"https:\\\/\\\/desdelaterrazadeamador.com\\\/proceso-que-revoluciona-el-reciclado-del-plastico\\\/\",\"name\":\"Proceso que revoluciona el reciclado del pl\u00e1stico - Desde la terraza de Amador\",\"isPartOf\":{\"@id\":\"https:\\\/\\\/desdelaterrazadeamador.com\\\/#website\"},\"primaryImageOfPage\":{\"@id\":\"https:\\\/\\\/desdelaterrazadeamador.com\\\/proceso-que-revoluciona-el-reciclado-del-plastico\\\/#primaryimage\"},\"image\":{\"@id\":\"https:\\\/\\\/desdelaterrazadeamador.com\\\/proceso-que-revoluciona-el-reciclado-del-plastico\\\/#primaryimage\"},\"thumbnailUrl\":\"https:\\\/\\\/desdelaterrazadeamador.com\\\/wp-content\\\/uploads\\\/2021\\\/12\\\/Plastico-MODELO.jpg\",\"datePublished\":\"2021-12-03T07:19:29+00:00\",\"dateModified\":\"2021-12-03T07:19:31+00:00\",\"description\":\"El gran problema del pl\u00e1stico es que tarda muchos a\u00f1os en descomponerse en la naturaleza, y que los medios actuales de reciclado son lentos, costosos y\",\"breadcrumb\":{\"@id\":\"https:\\\/\\\/desdelaterrazadeamador.com\\\/proceso-que-revoluciona-el-reciclado-del-plastico\\\/#breadcrumb\"},\"inLanguage\":\"en-US\",\"potentialAction\":[{\"@type\":\"ReadAction\",\"target\":[\"https:\\\/\\\/desdelaterrazadeamador.com\\\/proceso-que-revoluciona-el-reciclado-del-plastico\\\/\"]}]},{\"@type\":\"ImageObject\",\"inLanguage\":\"en-US\",\"@id\":\"https:\\\/\\\/desdelaterrazadeamador.com\\\/proceso-que-revoluciona-el-reciclado-del-plastico\\\/#primaryimage\",\"url\":\"https:\\\/\\\/desdelaterrazadeamador.com\\\/wp-content\\\/uploads\\\/2021\\\/12\\\/Plastico-MODELO.jpg\",\"contentUrl\":\"https:\\\/\\\/desdelaterrazadeamador.com\\\/wp-content\\\/uploads\\\/2021\\\/12\\\/Plastico-MODELO.jpg\",\"width\":360,\"height\":270},{\"@type\":\"BreadcrumbList\",\"@id\":\"https:\\\/\\\/desdelaterrazadeamador.com\\\/proceso-que-revoluciona-el-reciclado-del-plastico\\\/#breadcrumb\",\"itemListElement\":[{\"@type\":\"ListItem\",\"position\":1,\"name\":\"Portada\",\"item\":\"https:\\\/\\\/desdelaterrazadeamador.com\\\/\"},{\"@type\":\"ListItem\",\"position\":2,\"name\":\"Proceso que revoluciona el reciclado del pl\u00e1stico\"}]},{\"@type\":\"WebSite\",\"@id\":\"https:\\\/\\\/desdelaterrazadeamador.com\\\/#website\",\"url\":\"https:\\\/\\\/desdelaterrazadeamador.com\\\/\",\"name\":\"Desde la terraza de Amador\",\"description\":\"Reflexiones libres y honestas sobre temas de actualidad social y tecnol\u00f3gica\",\"publisher\":{\"@id\":\"https:\\\/\\\/desdelaterrazadeamador.com\\\/#\\\/schema\\\/person\\\/0b6966cf66bcc9a2eb35a69e1c074d66\"},\"potentialAction\":[{\"@type\":\"SearchAction\",\"target\":{\"@type\":\"EntryPoint\",\"urlTemplate\":\"https:\\\/\\\/desdelaterrazadeamador.com\\\/?s={search_term_string}\"},\"query-input\":{\"@type\":\"PropertyValueSpecification\",\"valueRequired\":true,\"valueName\":\"search_term_string\"}}],\"inLanguage\":\"en-US\"},{\"@type\":[\"Person\",\"Organization\"],\"@id\":\"https:\\\/\\\/desdelaterrazadeamador.com\\\/#\\\/schema\\\/person\\\/0b6966cf66bcc9a2eb35a69e1c074d66\",\"name\":\"Amador Palacios\",\"image\":{\"@type\":\"ImageObject\",\"inLanguage\":\"en-US\",\"@id\":\"https:\\\/\\\/desdelaterrazadeamador.com\\\/wp-content\\\/uploads\\\/2022\\\/01\\\/amador-palacios.jpg\",\"url\":\"https:\\\/\\\/desdelaterrazadeamador.com\\\/wp-content\\\/uploads\\\/2022\\\/01\\\/amador-palacios.jpg\",\"contentUrl\":\"https:\\\/\\\/desdelaterrazadeamador.com\\\/wp-content\\\/uploads\\\/2022\\\/01\\\/amador-palacios.jpg\",\"width\":1265,\"height\":899,\"caption\":\"Amador Palacios\"},\"logo\":{\"@id\":\"https:\\\/\\\/desdelaterrazadeamador.com\\\/wp-content\\\/uploads\\\/2022\\\/01\\\/amador-palacios.jpg\"},\"description\":\"Reflexiones de Amador Palacios sobre temas de Actualidad Social y Tecnol\u00f3gica; otras opiniones diferentes a la m\u00eda son bienvenidas\",\"sameAs\":[\"http:\\\/\\\/desdelaterrazadeamador.com\",\"https:\\\/\\\/es.linkedin.com\\\/in\\\/amador-palacios-499532a\",\"https:\\\/\\\/x.com\\\/https:\\\/\\\/twitter.com\\\/edurneamaya\"]}]}<\/script>\n<!-- \/ Yoast SEO plugin. -->","yoast_head_json":{"title":"Proceso que revoluciona el reciclado del pl\u00e1stico - Desde la terraza de Amador","description":"El gran problema del pl\u00e1stico es que tarda muchos a\u00f1os en descomponerse en la naturaleza, y que los medios actuales de reciclado son lentos, costosos y","robots":{"index":"index","follow":"follow","max-snippet":"max-snippet:-1","max-image-preview":"max-image-preview:large","max-video-preview":"max-video-preview:-1"},"canonical":"https:\/\/desdelaterrazadeamador.com\/en\/proceso-que-revoluciona-el-reciclado-del-plastico\/","og_locale":"en_US","og_type":"article","og_title":"Proceso que revoluciona el reciclado del pl\u00e1stico - Desde la terraza de Amador","og_description":"El gran problema del pl\u00e1stico es que tarda muchos a\u00f1os en descomponerse en la naturaleza, y que los medios actuales de reciclado son lentos, costosos y","og_url":"https:\/\/desdelaterrazadeamador.com\/en\/proceso-que-revoluciona-el-reciclado-del-plastico\/","og_site_name":"Desde la terraza de Amador","article_published_time":"2021-12-03T07:19:29+00:00","article_modified_time":"2021-12-03T07:19:31+00:00","og_image":[{"width":360,"height":270,"url":"https:\/\/desdelaterrazadeamador.com\/wp-content\/uploads\/2021\/12\/Plastico-MODELO.jpg","type":"image\/jpeg"}],"author":"Amador Palacios","twitter_card":"summary_large_image","twitter_creator":"@https:\/\/twitter.com\/edurneamaya","twitter_site":"@edurneamaya","twitter_misc":{"Written by":"Amador Palacios","Est. reading time":"2 minutes"},"schema":{"@context":"https:\/\/schema.org","@graph":[{"@type":"Article","@id":"https:\/\/desdelaterrazadeamador.com\/proceso-que-revoluciona-el-reciclado-del-plastico\/#article","isPartOf":{"@id":"https:\/\/desdelaterrazadeamador.com\/proceso-que-revoluciona-el-reciclado-del-plastico\/"},"author":{"name":"Amador Palacios","@id":"https:\/\/desdelaterrazadeamador.com\/#\/schema\/person\/0b6966cf66bcc9a2eb35a69e1c074d66"},"headline":"Proceso que revoluciona el reciclado del pl\u00e1stico","datePublished":"2021-12-03T07:19:29+00:00","dateModified":"2021-12-03T07:19:31+00:00","mainEntityOfPage":{"@id":"https:\/\/desdelaterrazadeamador.com\/proceso-que-revoluciona-el-reciclado-del-plastico\/"},"wordCount":361,"commentCount":0,"publisher":{"@id":"https:\/\/desdelaterrazadeamador.com\/#\/schema\/person\/0b6966cf66bcc9a2eb35a69e1c074d66"},"image":{"@id":"https:\/\/desdelaterrazadeamador.com\/proceso-que-revoluciona-el-reciclado-del-plastico\/#primaryimage"},"thumbnailUrl":"https:\/\/desdelaterrazadeamador.com\/wp-content\/uploads\/2021\/12\/Plastico-MODELO.jpg","articleSection":["Pollution"],"inLanguage":"en-US","potentialAction":[{"@type":"CommentAction","name":"Comment","target":["https:\/\/desdelaterrazadeamador.com\/proceso-que-revoluciona-el-reciclado-del-plastico\/#respond"]}]},{"@type":"WebPage","@id":"https:\/\/desdelaterrazadeamador.com\/proceso-que-revoluciona-el-reciclado-del-plastico\/","url":"https:\/\/desdelaterrazadeamador.com\/proceso-que-revoluciona-el-reciclado-del-plastico\/","name":"Proceso que revoluciona el reciclado del pl\u00e1stico - Desde la terraza de Amador","isPartOf":{"@id":"https:\/\/desdelaterrazadeamador.com\/#website"},"primaryImageOfPage":{"@id":"https:\/\/desdelaterrazadeamador.com\/proceso-que-revoluciona-el-reciclado-del-plastico\/#primaryimage"},"image":{"@id":"https:\/\/desdelaterrazadeamador.com\/proceso-que-revoluciona-el-reciclado-del-plastico\/#primaryimage"},"thumbnailUrl":"https:\/\/desdelaterrazadeamador.com\/wp-content\/uploads\/2021\/12\/Plastico-MODELO.jpg","datePublished":"2021-12-03T07:19:29+00:00","dateModified":"2021-12-03T07:19:31+00:00","description":"El gran problema del pl\u00e1stico es que tarda muchos a\u00f1os en descomponerse en la naturaleza, y que los medios actuales de reciclado son lentos, costosos y","breadcrumb":{"@id":"https:\/\/desdelaterrazadeamador.com\/proceso-que-revoluciona-el-reciclado-del-plastico\/#breadcrumb"},"inLanguage":"en-US","potentialAction":[{"@type":"ReadAction","target":["https:\/\/desdelaterrazadeamador.com\/proceso-que-revoluciona-el-reciclado-del-plastico\/"]}]},{"@type":"ImageObject","inLanguage":"en-US","@id":"https:\/\/desdelaterrazadeamador.com\/proceso-que-revoluciona-el-reciclado-del-plastico\/#primaryimage","url":"https:\/\/desdelaterrazadeamador.com\/wp-content\/uploads\/2021\/12\/Plastico-MODELO.jpg","contentUrl":"https:\/\/desdelaterrazadeamador.com\/wp-content\/uploads\/2021\/12\/Plastico-MODELO.jpg","width":360,"height":270},{"@type":"BreadcrumbList","@id":"https:\/\/desdelaterrazadeamador.com\/proceso-que-revoluciona-el-reciclado-del-plastico\/#breadcrumb","itemListElement":[{"@type":"ListItem","position":1,"name":"Portada","item":"https:\/\/desdelaterrazadeamador.com\/"},{"@type":"ListItem","position":2,"name":"Proceso que revoluciona el reciclado del pl\u00e1stico"}]},{"@type":"WebSite","@id":"https:\/\/desdelaterrazadeamador.com\/#website","url":"https:\/\/desdelaterrazadeamador.com\/","name":"Desde la terraza de Amador","description":"Free and honest reflections on current social and technological issues","publisher":{"@id":"https:\/\/desdelaterrazadeamador.com\/#\/schema\/person\/0b6966cf66bcc9a2eb35a69e1c074d66"},"potentialAction":[{"@type":"SearchAction","target":{"@type":"EntryPoint","urlTemplate":"https:\/\/desdelaterrazadeamador.com\/?s={search_term_string}"},"query-input":{"@type":"PropertyValueSpecification","valueRequired":true,"valueName":"search_term_string"}}],"inLanguage":"en-US"},{"@type":["Person","Organization"],"@id":"https:\/\/desdelaterrazadeamador.com\/#\/schema\/person\/0b6966cf66bcc9a2eb35a69e1c074d66","name":"Amador Palacios","image":{"@type":"ImageObject","inLanguage":"en-US","@id":"https:\/\/desdelaterrazadeamador.com\/wp-content\/uploads\/2022\/01\/amador-palacios.jpg","url":"https:\/\/desdelaterrazadeamador.com\/wp-content\/uploads\/2022\/01\/amador-palacios.jpg","contentUrl":"https:\/\/desdelaterrazadeamador.com\/wp-content\/uploads\/2022\/01\/amador-palacios.jpg","width":1265,"height":899,"caption":"Amador Palacios"},"logo":{"@id":"https:\/\/desdelaterrazadeamador.com\/wp-content\/uploads\/2022\/01\/amador-palacios.jpg"},"description":"Reflexiones de Amador Palacios sobre temas de Actualidad Social y Tecnol\u00f3gica; otras opiniones diferentes a la m\u00eda son bienvenidas","sameAs":["http:\/\/desdelaterrazadeamador.com","https:\/\/es.linkedin.com\/in\/amador-palacios-499532a","https:\/\/x.com\/https:\/\/twitter.com\/edurneamaya"]}]}},"jetpack_publicize_connections":[],"_links":{"self":[{"href":"https:\/\/desdelaterrazadeamador.com\/en\/wp-json\/wp\/v2\/posts\/306","targetHints":{"allow":["GET"]}}],"collection":[{"href":"https:\/\/desdelaterrazadeamador.com\/en\/wp-json\/wp\/v2\/posts"}],"about":[{"href":"https:\/\/desdelaterrazadeamador.com\/en\/wp-json\/wp\/v2\/types\/post"}],"author":[{"embeddable":true,"href":"https:\/\/desdelaterrazadeamador.com\/en\/wp-json\/wp\/v2\/users\/1"}],"replies":[{"embeddable":true,"href":"https:\/\/desdelaterrazadeamador.com\/en\/wp-json\/wp\/v2\/comments?post=306"}],"version-history":[{"count":1,"href":"https:\/\/desdelaterrazadeamador.com\/en\/wp-json\/wp\/v2\/posts\/306\/revisions"}],"predecessor-version":[{"id":309,"href":"https:\/\/desdelaterrazadeamador.com\/en\/wp-json\/wp\/v2\/posts\/306\/revisions\/309"}],"wp:featuredmedia":[{"embeddable":true,"href":"https:\/\/desdelaterrazadeamador.com\/en\/wp-json\/wp\/v2\/media\/308"}],"wp:attachment":[{"href":"https:\/\/desdelaterrazadeamador.com\/en\/wp-json\/wp\/v2\/media?parent=306"}],"wp:term":[{"taxonomy":"category","embeddable":true,"href":"https:\/\/desdelaterrazadeamador.com\/en\/wp-json\/wp\/v2\/categories?post=306"},{"taxonomy":"post_tag","embeddable":true,"href":"https:\/\/desdelaterrazadeamador.com\/en\/wp-json\/wp\/v2\/tags?post=306"}],"curies":[{"name":"wp","href":"https:\/\/api.w.org\/{rel}","templated":true}]}}