{"id":2930,"date":"2024-06-18T06:11:06","date_gmt":"2024-06-18T04:11:06","guid":{"rendered":"https:\/\/desdelaterrazadeamador.com\/?p=2930"},"modified":"2024-06-22T07:27:20","modified_gmt":"2024-06-22T05:27:20","slug":"la-us-air-force-esta-volando-un-avion-f-16-controlado-por-ia-que-puede-ser-un-salto-en-el-futuro-del-combate-aereo","status":"publish","type":"post","link":"https:\/\/desdelaterrazadeamador.com\/en\/la-us-air-force-esta-volando-un-avion-f-16-controlado-por-ia-que-puede-ser-un-salto-en-el-futuro-del-combate-aereo\/","title":{"rendered":"The US Air Force is flying an AI-controlled F-16 aircraft that may be a leap in the future of aerial combat"},"content":{"rendered":"<p>Views: 0<\/p>\n<p class=\"wp-block-paragraph\">The United States Air Force (USAF) is taking leaps and bounds toward the future of air combat with its Skyborg program. At the heart of this program is Vista, a modified F-16 fighter jet that flies pilotless using artificial intelligence (AI).<\/p>\n\n\n\n<p class=\"wp-block-paragraph\">Vista is not limited to simulations, it performs real dogfights with AI. It has participated in real dogfights against an F-16 flown by an experienced human pilot. And these combats provide researchers with invaluable data on AI performance in real combat scenarios.<\/p>\n\n\n\n<p class=\"wp-block-paragraph\">The key to Vista's success lies in its ability to learn from each experience. Data collected during dogfights is fed into a simulator. There, the AI analyzes its own movements and those of its opponent, identifying areas for improvement and adjusting its strategy for future confrontations.<\/p>\n\n\n\n<p class=\"wp-block-paragraph\">The Skyborg and Vista program represent a significant leap in the development of air combat technology. AI has the potential to revolutionize the way wars are fought, making aircraft more maneuverable, efficient and lethal.<\/p>\n\n\n\n<figure class=\"wp-block-image size-full is-resized\"><img loading=\"lazy\" decoding=\"async\" width=\"300\" height=\"200\" src=\"https:\/\/desdelaterrazadeamador.com\/wp-content\/uploads\/2024\/06\/Avion-Vista.jpg\" alt=\"\" class=\"wp-image-2931\" style=\"width:404px;height:auto\" srcset=\"https:\/\/desdelaterrazadeamador.com\/wp-content\/uploads\/2024\/06\/Avion-Vista.jpg 300w, https:\/\/desdelaterrazadeamador.com\/wp-content\/uploads\/2024\/06\/Avion-Vista-18x12.jpg 18w\" sizes=\"auto, (max-width: 300px) 100vw, 300px\" \/><\/figure>\n\n\n\n<p class=\"wp-block-paragraph\">In theory, AI has a number of advantages in aerial combat:<\/p>\n\n\n\n<ul class=\"wp-block-list\">\n<li>Faster reaction speed: AI can process information and make decisions much faster than humans, giving it a significant advantage in dynamic combat situations.<\/li>\n\n\n\n<li>Greater precision: AI systems can perform complex calculations more accurately than human pilots, allowing them to target their targets more precisely.<\/li>\n\n\n\n<li>Greater endurance: AI-controlled aircraft are not affected by fatigue, stress or emotions, allowing them to maintain optimal performance for long periods.<\/li>\n\n\n\n<li>Greater survivability: AI can make tactical decisions that maximize the aircraft's chances of survivability, even in high-risk situations.<\/li>\n<\/ul>\n\n\n\n<p class=\"wp-block-paragraph\">I am clear that the Skyborg program and Vista are just the beginning. As AI technology continues to develop, we will almost certainly see a significant increase in the use of AI in air combat in the coming years.<\/p>\n\n\n\n<p class=\"wp-block-paragraph\">Video of a flight of the Vista plane: <a href=\"https:\/\/youtu.be\/8q19qHsizfE\">https:\/\/youtu.be\/8q19qHsizfE<\/a><\/p>\n\n\n\n<p class=\"wp-block-paragraph\">It's just a formation flight with other planes.<\/p>\n\n\n\n<p class=\"wp-block-paragraph\">The dilemma of AI in war environments is that it is given the ability and decision to kill. It would be a point of no return that should not occur.<\/p>","protected":false},"excerpt":{"rendered":"<p>Views: 0 La Fuerza A\u00e9rea de los Estados Unidos (USAF) est\u00e1 dando pasos agigantados hacia el futuro del combate a\u00e9reo con su programa Skyborg. En el coraz\u00f3n de este programa se encuentra Vista, un avi\u00f3n de combate F-16 modificado que vuela sin piloto utilizando inteligencia artificial (IA). Vista no se limita a simulaciones, realiza combates [&hellip;]<\/p>\n","protected":false},"author":1,"featured_media":0,"comment_status":"open","ping_status":"closed","sticky":false,"template":"","format":"standard","meta":{"_crdt_document":"","footnotes":"","jetpack_publicize_message":"","jetpack_publicize_feature_enabled":true,"jetpack_social_post_already_shared":false,"jetpack_social_options":{"image_generator_settings":{"template":"highway","default_image_id":0,"font":"","enabled":false},"version":2}},"categories":[104,121,128],"tags":[],"class_list":["post-2930","post","type-post","status-publish","format-standard","hentry","category-aeronautics","category-airplanes","category-artificial-intelligence"],"yoast_head":"<!-- This site is optimized with the Yoast SEO plugin v27.5 - https:\/\/yoast.com\/product\/yoast-seo-wordpress\/ -->\n<title>La US Air Force est\u00e1 volando un avi\u00f3n F-16 controlado por IA que puede ser un salto en el futuro del combate a\u00e9reo - Desde la terraza de Amador<\/title>\n<meta name=\"description\" content=\"La Fuerza A\u00e9rea de los Estados Unidos (USAF) est\u00e1 dando pasos agigantados hacia el futuro del combate a\u00e9reo con su programa Skyborg. En el coraz\u00f3n de este\" \/>\n<meta name=\"robots\" content=\"index, follow, max-snippet:-1, max-image-preview:large, max-video-preview:-1\" \/>\n<link rel=\"canonical\" href=\"https:\/\/desdelaterrazadeamador.com\/en\/la-us-air-force-esta-volando-un-avion-f-16-controlado-por-ia-que-puede-ser-un-salto-en-el-futuro-del-combate-aereo\/\" \/>\n<meta property=\"og:locale\" content=\"en_US\" \/>\n<meta property=\"og:type\" content=\"article\" \/>\n<meta property=\"og:title\" content=\"La US Air Force est\u00e1 volando un avi\u00f3n F-16 controlado por IA que puede ser un salto en el futuro del combate a\u00e9reo - Desde la terraza de Amador\" \/>\n<meta property=\"og:description\" content=\"La Fuerza A\u00e9rea de los Estados Unidos (USAF) est\u00e1 dando pasos agigantados hacia el futuro del combate a\u00e9reo con su programa Skyborg. En el coraz\u00f3n de este\" \/>\n<meta property=\"og:url\" content=\"https:\/\/desdelaterrazadeamador.com\/en\/la-us-air-force-esta-volando-un-avion-f-16-controlado-por-ia-que-puede-ser-un-salto-en-el-futuro-del-combate-aereo\/\" \/>\n<meta property=\"og:site_name\" content=\"Desde la terraza de Amador\" \/>\n<meta property=\"article:published_time\" content=\"2024-06-18T04:11:06+00:00\" \/>\n<meta property=\"article:modified_time\" content=\"2024-06-22T05:27:20+00:00\" \/>\n<meta property=\"og:image\" content=\"https:\/\/desdelaterrazadeamador.com\/wp-content\/uploads\/2024\/06\/Avion-Vista.jpg\" \/>\n<meta name=\"author\" content=\"Amador Palacios\" \/>\n<meta name=\"twitter:card\" content=\"summary_large_image\" \/>\n<meta name=\"twitter:creator\" content=\"@https:\/\/twitter.com\/edurneamaya\" \/>\n<meta name=\"twitter:site\" content=\"@edurneamaya\" \/>\n<meta name=\"twitter:label1\" content=\"Written by\" \/>\n\t<meta name=\"twitter:data1\" content=\"Amador Palacios\" \/>\n\t<meta name=\"twitter:label2\" content=\"Est. reading time\" \/>\n\t<meta name=\"twitter:data2\" content=\"3 minutes\" \/>\n<script type=\"application\/ld+json\" class=\"yoast-schema-graph\">{\"@context\":\"https:\\\/\\\/schema.org\",\"@graph\":[{\"@type\":\"Article\",\"@id\":\"https:\\\/\\\/desdelaterrazadeamador.com\\\/en\\\/la-us-air-force-esta-volando-un-avion-f-16-controlado-por-ia-que-puede-ser-un-salto-en-el-futuro-del-combate-aereo\\\/#article\",\"isPartOf\":{\"@id\":\"https:\\\/\\\/desdelaterrazadeamador.com\\\/en\\\/la-us-air-force-esta-volando-un-avion-f-16-controlado-por-ia-que-puede-ser-un-salto-en-el-futuro-del-combate-aereo\\\/\"},\"author\":{\"name\":\"Amador Palacios\",\"@id\":\"https:\\\/\\\/desdelaterrazadeamador.com\\\/#\\\/schema\\\/person\\\/0b6966cf66bcc9a2eb35a69e1c074d66\"},\"headline\":\"La US Air Force est\u00e1 volando un avi\u00f3n F-16 controlado por IA que puede ser un salto en el futuro del combate a\u00e9reo\",\"datePublished\":\"2024-06-18T04:11:06+00:00\",\"dateModified\":\"2024-06-22T05:27:20+00:00\",\"mainEntityOfPage\":{\"@id\":\"https:\\\/\\\/desdelaterrazadeamador.com\\\/en\\\/la-us-air-force-esta-volando-un-avion-f-16-controlado-por-ia-que-puede-ser-un-salto-en-el-futuro-del-combate-aereo\\\/\"},\"wordCount\":466,\"commentCount\":0,\"publisher\":{\"@id\":\"https:\\\/\\\/desdelaterrazadeamador.com\\\/#\\\/schema\\\/person\\\/0b6966cf66bcc9a2eb35a69e1c074d66\"},\"image\":{\"@id\":\"https:\\\/\\\/desdelaterrazadeamador.com\\\/en\\\/la-us-air-force-esta-volando-un-avion-f-16-controlado-por-ia-que-puede-ser-un-salto-en-el-futuro-del-combate-aereo\\\/#primaryimage\"},\"thumbnailUrl\":\"https:\\\/\\\/desdelaterrazadeamador.com\\\/wp-content\\\/uploads\\\/2024\\\/06\\\/Avion-Vista.jpg\",\"articleSection\":[\"Aeronautics\",\"Airplanes\",\"Artificial Intelligence\"],\"inLanguage\":\"en-US\",\"potentialAction\":[{\"@type\":\"CommentAction\",\"name\":\"Comment\",\"target\":[\"https:\\\/\\\/desdelaterrazadeamador.com\\\/en\\\/la-us-air-force-esta-volando-un-avion-f-16-controlado-por-ia-que-puede-ser-un-salto-en-el-futuro-del-combate-aereo\\\/#respond\"]}]},{\"@type\":\"WebPage\",\"@id\":\"https:\\\/\\\/desdelaterrazadeamador.com\\\/en\\\/la-us-air-force-esta-volando-un-avion-f-16-controlado-por-ia-que-puede-ser-un-salto-en-el-futuro-del-combate-aereo\\\/\",\"url\":\"https:\\\/\\\/desdelaterrazadeamador.com\\\/en\\\/la-us-air-force-esta-volando-un-avion-f-16-controlado-por-ia-que-puede-ser-un-salto-en-el-futuro-del-combate-aereo\\\/\",\"name\":\"La US Air Force est\u00e1 volando un avi\u00f3n F-16 controlado por IA que puede ser un salto en el futuro del combate a\u00e9reo - Desde la terraza de Amador\",\"isPartOf\":{\"@id\":\"https:\\\/\\\/desdelaterrazadeamador.com\\\/#website\"},\"primaryImageOfPage\":{\"@id\":\"https:\\\/\\\/desdelaterrazadeamador.com\\\/en\\\/la-us-air-force-esta-volando-un-avion-f-16-controlado-por-ia-que-puede-ser-un-salto-en-el-futuro-del-combate-aereo\\\/#primaryimage\"},\"image\":{\"@id\":\"https:\\\/\\\/desdelaterrazadeamador.com\\\/en\\\/la-us-air-force-esta-volando-un-avion-f-16-controlado-por-ia-que-puede-ser-un-salto-en-el-futuro-del-combate-aereo\\\/#primaryimage\"},\"thumbnailUrl\":\"https:\\\/\\\/desdelaterrazadeamador.com\\\/wp-content\\\/uploads\\\/2024\\\/06\\\/Avion-Vista.jpg\",\"datePublished\":\"2024-06-18T04:11:06+00:00\",\"dateModified\":\"2024-06-22T05:27:20+00:00\",\"description\":\"La Fuerza A\u00e9rea de los Estados Unidos (USAF) est\u00e1 dando pasos agigantados hacia el futuro del combate a\u00e9reo con su programa Skyborg. En el coraz\u00f3n de este\",\"breadcrumb\":{\"@id\":\"https:\\\/\\\/desdelaterrazadeamador.com\\\/en\\\/la-us-air-force-esta-volando-un-avion-f-16-controlado-por-ia-que-puede-ser-un-salto-en-el-futuro-del-combate-aereo\\\/#breadcrumb\"},\"inLanguage\":\"en-US\",\"potentialAction\":[{\"@type\":\"ReadAction\",\"target\":[\"https:\\\/\\\/desdelaterrazadeamador.com\\\/en\\\/la-us-air-force-esta-volando-un-avion-f-16-controlado-por-ia-que-puede-ser-un-salto-en-el-futuro-del-combate-aereo\\\/\"]}]},{\"@type\":\"ImageObject\",\"inLanguage\":\"en-US\",\"@id\":\"https:\\\/\\\/desdelaterrazadeamador.com\\\/en\\\/la-us-air-force-esta-volando-un-avion-f-16-controlado-por-ia-que-puede-ser-un-salto-en-el-futuro-del-combate-aereo\\\/#primaryimage\",\"url\":\"https:\\\/\\\/desdelaterrazadeamador.com\\\/wp-content\\\/uploads\\\/2024\\\/06\\\/Avion-Vista.jpg\",\"contentUrl\":\"https:\\\/\\\/desdelaterrazadeamador.com\\\/wp-content\\\/uploads\\\/2024\\\/06\\\/Avion-Vista.jpg\"},{\"@type\":\"BreadcrumbList\",\"@id\":\"https:\\\/\\\/desdelaterrazadeamador.com\\\/en\\\/la-us-air-force-esta-volando-un-avion-f-16-controlado-por-ia-que-puede-ser-un-salto-en-el-futuro-del-combate-aereo\\\/#breadcrumb\",\"itemListElement\":[{\"@type\":\"ListItem\",\"position\":1,\"name\":\"Portada\",\"item\":\"https:\\\/\\\/desdelaterrazadeamador.com\\\/\"},{\"@type\":\"ListItem\",\"position\":2,\"name\":\"La US Air Force est\u00e1 volando un avi\u00f3n F-16 controlado por IA que puede ser un salto en el futuro del combate a\u00e9reo\"}]},{\"@type\":\"WebSite\",\"@id\":\"https:\\\/\\\/desdelaterrazadeamador.com\\\/#website\",\"url\":\"https:\\\/\\\/desdelaterrazadeamador.com\\\/\",\"name\":\"Desde la terraza de Amador\",\"description\":\"Reflexiones libres y honestas sobre temas de actualidad social y tecnol\u00f3gica\",\"publisher\":{\"@id\":\"https:\\\/\\\/desdelaterrazadeamador.com\\\/#\\\/schema\\\/person\\\/0b6966cf66bcc9a2eb35a69e1c074d66\"},\"potentialAction\":[{\"@type\":\"SearchAction\",\"target\":{\"@type\":\"EntryPoint\",\"urlTemplate\":\"https:\\\/\\\/desdelaterrazadeamador.com\\\/?s={search_term_string}\"},\"query-input\":{\"@type\":\"PropertyValueSpecification\",\"valueRequired\":true,\"valueName\":\"search_term_string\"}}],\"inLanguage\":\"en-US\"},{\"@type\":[\"Person\",\"Organization\"],\"@id\":\"https:\\\/\\\/desdelaterrazadeamador.com\\\/#\\\/schema\\\/person\\\/0b6966cf66bcc9a2eb35a69e1c074d66\",\"name\":\"Amador Palacios\",\"image\":{\"@type\":\"ImageObject\",\"inLanguage\":\"en-US\",\"@id\":\"https:\\\/\\\/desdelaterrazadeamador.com\\\/wp-content\\\/uploads\\\/2022\\\/01\\\/amador-palacios.jpg\",\"url\":\"https:\\\/\\\/desdelaterrazadeamador.com\\\/wp-content\\\/uploads\\\/2022\\\/01\\\/amador-palacios.jpg\",\"contentUrl\":\"https:\\\/\\\/desdelaterrazadeamador.com\\\/wp-content\\\/uploads\\\/2022\\\/01\\\/amador-palacios.jpg\",\"width\":1265,\"height\":899,\"caption\":\"Amador Palacios\"},\"logo\":{\"@id\":\"https:\\\/\\\/desdelaterrazadeamador.com\\\/wp-content\\\/uploads\\\/2022\\\/01\\\/amador-palacios.jpg\"},\"description\":\"Reflexiones de Amador Palacios sobre temas de Actualidad Social y Tecnol\u00f3gica; otras opiniones diferentes a la m\u00eda son bienvenidas\",\"sameAs\":[\"http:\\\/\\\/desdelaterrazadeamador.com\",\"https:\\\/\\\/es.linkedin.com\\\/in\\\/amador-palacios-499532a\",\"https:\\\/\\\/x.com\\\/https:\\\/\\\/twitter.com\\\/edurneamaya\"]}]}<\/script>\n<!-- \/ Yoast SEO plugin. -->","yoast_head_json":{"title":"La US Air Force est\u00e1 volando un avi\u00f3n F-16 controlado por IA que puede ser un salto en el futuro del combate a\u00e9reo - Desde la terraza de Amador","description":"La Fuerza A\u00e9rea de los Estados Unidos (USAF) est\u00e1 dando pasos agigantados hacia el futuro del combate a\u00e9reo con su programa Skyborg. En el coraz\u00f3n de este","robots":{"index":"index","follow":"follow","max-snippet":"max-snippet:-1","max-image-preview":"max-image-preview:large","max-video-preview":"max-video-preview:-1"},"canonical":"https:\/\/desdelaterrazadeamador.com\/en\/la-us-air-force-esta-volando-un-avion-f-16-controlado-por-ia-que-puede-ser-un-salto-en-el-futuro-del-combate-aereo\/","og_locale":"en_US","og_type":"article","og_title":"La US Air Force est\u00e1 volando un avi\u00f3n F-16 controlado por IA que puede ser un salto en el futuro del combate a\u00e9reo - Desde la terraza de Amador","og_description":"La Fuerza A\u00e9rea de los Estados Unidos (USAF) est\u00e1 dando pasos agigantados hacia el futuro del combate a\u00e9reo con su programa Skyborg. En el coraz\u00f3n de este","og_url":"https:\/\/desdelaterrazadeamador.com\/en\/la-us-air-force-esta-volando-un-avion-f-16-controlado-por-ia-que-puede-ser-un-salto-en-el-futuro-del-combate-aereo\/","og_site_name":"Desde la terraza de Amador","article_published_time":"2024-06-18T04:11:06+00:00","article_modified_time":"2024-06-22T05:27:20+00:00","og_image":[{"url":"https:\/\/desdelaterrazadeamador.com\/wp-content\/uploads\/2024\/06\/Avion-Vista.jpg","type":"","width":"","height":""}],"author":"Amador Palacios","twitter_card":"summary_large_image","twitter_creator":"@https:\/\/twitter.com\/edurneamaya","twitter_site":"@edurneamaya","twitter_misc":{"Written by":"Amador Palacios","Est. reading time":"3 minutes"},"schema":{"@context":"https:\/\/schema.org","@graph":[{"@type":"Article","@id":"https:\/\/desdelaterrazadeamador.com\/en\/la-us-air-force-esta-volando-un-avion-f-16-controlado-por-ia-que-puede-ser-un-salto-en-el-futuro-del-combate-aereo\/#article","isPartOf":{"@id":"https:\/\/desdelaterrazadeamador.com\/en\/la-us-air-force-esta-volando-un-avion-f-16-controlado-por-ia-que-puede-ser-un-salto-en-el-futuro-del-combate-aereo\/"},"author":{"name":"Amador Palacios","@id":"https:\/\/desdelaterrazadeamador.com\/#\/schema\/person\/0b6966cf66bcc9a2eb35a69e1c074d66"},"headline":"La US Air Force est\u00e1 volando un avi\u00f3n F-16 controlado por IA que puede ser un salto en el futuro del combate a\u00e9reo","datePublished":"2024-06-18T04:11:06+00:00","dateModified":"2024-06-22T05:27:20+00:00","mainEntityOfPage":{"@id":"https:\/\/desdelaterrazadeamador.com\/en\/la-us-air-force-esta-volando-un-avion-f-16-controlado-por-ia-que-puede-ser-un-salto-en-el-futuro-del-combate-aereo\/"},"wordCount":466,"commentCount":0,"publisher":{"@id":"https:\/\/desdelaterrazadeamador.com\/#\/schema\/person\/0b6966cf66bcc9a2eb35a69e1c074d66"},"image":{"@id":"https:\/\/desdelaterrazadeamador.com\/en\/la-us-air-force-esta-volando-un-avion-f-16-controlado-por-ia-que-puede-ser-un-salto-en-el-futuro-del-combate-aereo\/#primaryimage"},"thumbnailUrl":"https:\/\/desdelaterrazadeamador.com\/wp-content\/uploads\/2024\/06\/Avion-Vista.jpg","articleSection":["Aeronautics","Airplanes","Artificial Intelligence"],"inLanguage":"en-US","potentialAction":[{"@type":"CommentAction","name":"Comment","target":["https:\/\/desdelaterrazadeamador.com\/en\/la-us-air-force-esta-volando-un-avion-f-16-controlado-por-ia-que-puede-ser-un-salto-en-el-futuro-del-combate-aereo\/#respond"]}]},{"@type":"WebPage","@id":"https:\/\/desdelaterrazadeamador.com\/en\/la-us-air-force-esta-volando-un-avion-f-16-controlado-por-ia-que-puede-ser-un-salto-en-el-futuro-del-combate-aereo\/","url":"https:\/\/desdelaterrazadeamador.com\/en\/la-us-air-force-esta-volando-un-avion-f-16-controlado-por-ia-que-puede-ser-un-salto-en-el-futuro-del-combate-aereo\/","name":"La US Air Force est\u00e1 volando un avi\u00f3n F-16 controlado por IA que puede ser un salto en el futuro del combate a\u00e9reo - Desde la terraza de Amador","isPartOf":{"@id":"https:\/\/desdelaterrazadeamador.com\/#website"},"primaryImageOfPage":{"@id":"https:\/\/desdelaterrazadeamador.com\/en\/la-us-air-force-esta-volando-un-avion-f-16-controlado-por-ia-que-puede-ser-un-salto-en-el-futuro-del-combate-aereo\/#primaryimage"},"image":{"@id":"https:\/\/desdelaterrazadeamador.com\/en\/la-us-air-force-esta-volando-un-avion-f-16-controlado-por-ia-que-puede-ser-un-salto-en-el-futuro-del-combate-aereo\/#primaryimage"},"thumbnailUrl":"https:\/\/desdelaterrazadeamador.com\/wp-content\/uploads\/2024\/06\/Avion-Vista.jpg","datePublished":"2024-06-18T04:11:06+00:00","dateModified":"2024-06-22T05:27:20+00:00","description":"La Fuerza A\u00e9rea de los Estados Unidos (USAF) est\u00e1 dando pasos agigantados hacia el futuro del combate a\u00e9reo con su programa Skyborg. En el coraz\u00f3n de este","breadcrumb":{"@id":"https:\/\/desdelaterrazadeamador.com\/en\/la-us-air-force-esta-volando-un-avion-f-16-controlado-por-ia-que-puede-ser-un-salto-en-el-futuro-del-combate-aereo\/#breadcrumb"},"inLanguage":"en-US","potentialAction":[{"@type":"ReadAction","target":["https:\/\/desdelaterrazadeamador.com\/en\/la-us-air-force-esta-volando-un-avion-f-16-controlado-por-ia-que-puede-ser-un-salto-en-el-futuro-del-combate-aereo\/"]}]},{"@type":"ImageObject","inLanguage":"en-US","@id":"https:\/\/desdelaterrazadeamador.com\/en\/la-us-air-force-esta-volando-un-avion-f-16-controlado-por-ia-que-puede-ser-un-salto-en-el-futuro-del-combate-aereo\/#primaryimage","url":"https:\/\/desdelaterrazadeamador.com\/wp-content\/uploads\/2024\/06\/Avion-Vista.jpg","contentUrl":"https:\/\/desdelaterrazadeamador.com\/wp-content\/uploads\/2024\/06\/Avion-Vista.jpg"},{"@type":"BreadcrumbList","@id":"https:\/\/desdelaterrazadeamador.com\/en\/la-us-air-force-esta-volando-un-avion-f-16-controlado-por-ia-que-puede-ser-un-salto-en-el-futuro-del-combate-aereo\/#breadcrumb","itemListElement":[{"@type":"ListItem","position":1,"name":"Portada","item":"https:\/\/desdelaterrazadeamador.com\/"},{"@type":"ListItem","position":2,"name":"La US Air Force est\u00e1 volando un avi\u00f3n F-16 controlado por IA que puede ser un salto en el futuro del combate a\u00e9reo"}]},{"@type":"WebSite","@id":"https:\/\/desdelaterrazadeamador.com\/#website","url":"https:\/\/desdelaterrazadeamador.com\/","name":"Desde la terraza de Amador","description":"Free and honest reflections on current social and technological issues","publisher":{"@id":"https:\/\/desdelaterrazadeamador.com\/#\/schema\/person\/0b6966cf66bcc9a2eb35a69e1c074d66"},"potentialAction":[{"@type":"SearchAction","target":{"@type":"EntryPoint","urlTemplate":"https:\/\/desdelaterrazadeamador.com\/?s={search_term_string}"},"query-input":{"@type":"PropertyValueSpecification","valueRequired":true,"valueName":"search_term_string"}}],"inLanguage":"en-US"},{"@type":["Person","Organization"],"@id":"https:\/\/desdelaterrazadeamador.com\/#\/schema\/person\/0b6966cf66bcc9a2eb35a69e1c074d66","name":"Amador Palacios","image":{"@type":"ImageObject","inLanguage":"en-US","@id":"https:\/\/desdelaterrazadeamador.com\/wp-content\/uploads\/2022\/01\/amador-palacios.jpg","url":"https:\/\/desdelaterrazadeamador.com\/wp-content\/uploads\/2022\/01\/amador-palacios.jpg","contentUrl":"https:\/\/desdelaterrazadeamador.com\/wp-content\/uploads\/2022\/01\/amador-palacios.jpg","width":1265,"height":899,"caption":"Amador Palacios"},"logo":{"@id":"https:\/\/desdelaterrazadeamador.com\/wp-content\/uploads\/2022\/01\/amador-palacios.jpg"},"description":"Reflexiones de Amador Palacios sobre temas de Actualidad Social y Tecnol\u00f3gica; otras opiniones diferentes a la m\u00eda son bienvenidas","sameAs":["http:\/\/desdelaterrazadeamador.com","https:\/\/es.linkedin.com\/in\/amador-palacios-499532a","https:\/\/x.com\/https:\/\/twitter.com\/edurneamaya"]}]}},"jetpack_publicize_connections":[],"_links":{"self":[{"href":"https:\/\/desdelaterrazadeamador.com\/en\/wp-json\/wp\/v2\/posts\/2930","targetHints":{"allow":["GET"]}}],"collection":[{"href":"https:\/\/desdelaterrazadeamador.com\/en\/wp-json\/wp\/v2\/posts"}],"about":[{"href":"https:\/\/desdelaterrazadeamador.com\/en\/wp-json\/wp\/v2\/types\/post"}],"author":[{"embeddable":true,"href":"https:\/\/desdelaterrazadeamador.com\/en\/wp-json\/wp\/v2\/users\/1"}],"replies":[{"embeddable":true,"href":"https:\/\/desdelaterrazadeamador.com\/en\/wp-json\/wp\/v2\/comments?post=2930"}],"version-history":[{"count":1,"href":"https:\/\/desdelaterrazadeamador.com\/en\/wp-json\/wp\/v2\/posts\/2930\/revisions"}],"predecessor-version":[{"id":2932,"href":"https:\/\/desdelaterrazadeamador.com\/en\/wp-json\/wp\/v2\/posts\/2930\/revisions\/2932"}],"wp:attachment":[{"href":"https:\/\/desdelaterrazadeamador.com\/en\/wp-json\/wp\/v2\/media?parent=2930"}],"wp:term":[{"taxonomy":"category","embeddable":true,"href":"https:\/\/desdelaterrazadeamador.com\/en\/wp-json\/wp\/v2\/categories?post=2930"},{"taxonomy":"post_tag","embeddable":true,"href":"https:\/\/desdelaterrazadeamador.com\/en\/wp-json\/wp\/v2\/tags?post=2930"}],"curies":[{"name":"wp","href":"https:\/\/api.w.org\/{rel}","templated":true}]}}