{"id":276,"date":"2021-11-26T08:05:07","date_gmt":"2021-11-26T08:05:07","guid":{"rendered":"https:\/\/desdelaterrazadeamador.com\/?p=276"},"modified":"2021-11-26T08:05:09","modified_gmt":"2021-11-26T08:05:09","slug":"reducir-demanda-de-energia-para-cumplir-con-objetivos-climaticos","status":"publish","type":"post","link":"https:\/\/desdelaterrazadeamador.com\/en\/reducir-demanda-de-energia-para-cumplir-con-objetivos-climaticos\/","title":{"rendered":"Energy demand must be reduced to meet climate goals"},"content":{"rendered":"<p>Views: 21<\/p>\n<p class=\"wp-block-paragraph\">The demand for energy must be reduced. Yes or yes. This is what all the experts in all countries say in order to meet climate goals<\/p>\n\n\n\n<p class=\"wp-block-paragraph\">I have recently seen the summary of a report by <strong>CREDS<\/strong> (Center for Research into Energy Demand Solutions) which is an English association to transform energy demand in which they indicate very clearly that reducing polluting emissions will not be enough to meet the objectives climate conditions and that we must reduce our current energy consumption.<\/p>\n\n\n\n<p class=\"wp-block-paragraph\">CREDS is made up of a team of 140 researchers from 24 universities, and you can see the web at:\u00a0 <a href=\"https:\/\/www.creds.ac.uk\/\">https:\/\/www.creds.ac.uk\/<\/a><\/p>\n\n\n\n<p class=\"wp-block-paragraph\"><\/p>\n\n\n\n<figure class=\"wp-block-image size-large is-resized\"><img loading=\"lazy\" decoding=\"async\" src=\"https:\/\/desdelaterrazadeamador.com\/wp-content\/uploads\/2021\/11\/CREDS-1024x490.jpg\" alt=\"\" class=\"wp-image-278\" width=\"661\" height=\"315\" srcset=\"https:\/\/desdelaterrazadeamador.com\/wp-content\/uploads\/2021\/11\/CREDS-1024x490.jpg 1024w, https:\/\/desdelaterrazadeamador.com\/wp-content\/uploads\/2021\/11\/CREDS-300x143.jpg 300w, https:\/\/desdelaterrazadeamador.com\/wp-content\/uploads\/2021\/11\/CREDS-768x367.jpg 768w, https:\/\/desdelaterrazadeamador.com\/wp-content\/uploads\/2021\/11\/CREDS-1536x734.jpg 1536w, https:\/\/desdelaterrazadeamador.com\/wp-content\/uploads\/2021\/11\/CREDS-2048x979.jpg 2048w, https:\/\/desdelaterrazadeamador.com\/wp-content\/uploads\/2021\/11\/CREDS-18x9.jpg 18w\" sizes=\"auto, (max-width: 661px) 100vw, 661px\" \/><\/figure>\n\n\n\n<p class=\"wp-block-paragraph\">These nice people like many others in the world study and advise the steps to take so that this world of ours continues to be habitable for everyone and for the next generations.<\/p>\n\n\n\n<p class=\"wp-block-paragraph\">The follow up on their recommendations remains to be seen.<\/p>\n\n\n\n<p class=\"wp-block-paragraph\">The reports they make for the UK can be perfectly extrapolated to any of the developed countries, since we are the ones who generate the \"problem\" of pollution that we suffer.<\/p>\n\n\n\n<p class=\"wp-block-paragraph\">According to CREDS experts, if we do not reduce our energy demand, future electricity needs will multiply by four, and if they were reduced they would only multiply by two, which is more easily achievable without generating many distortions in the coming decades.<\/p>\n\n\n\n<p class=\"wp-block-paragraph\">A video can be seen at: <a href=\"https:\/\/youtu.be\/FNhc77VIosI\">https:\/\/youtu.be\/FNhc77VIosI<\/a><\/p>\n\n\n\n<p class=\"wp-block-paragraph\">In their reports, the people of CREDS indicate concrete actions to take that politicians unfortunately do not implement in their day-to-day concern, and of the upcoming elections in which they wish to continue to be elected.<\/p>\n\n\n\n<p class=\"wp-block-paragraph\">And that is <strong>our biggest PROBLEM<\/strong>, is that as a society we do not listen to those who know, but to the interested opinions of those who hold \"power\" in its various forms, and who are not interested in things changing much.<\/p>\n\n\n\n<p class=\"wp-block-paragraph\">As is very well said in Lampedusa's Il Gattopardo: everything needs to change so that everything remains as it is.<\/p>\n\n\n\n<p class=\"wp-block-paragraph\">But dear friends, now the situation is very different, the world is now at a crossroads like it was not before and the changes predicted by the \u201cexperts\u201d regarding the climate are to worry about for the sake of our descendants and to move us to action.<\/p>\n\n\n\n<p class=\"wp-block-paragraph\">Will we do it ?<\/p>","protected":false},"excerpt":{"rendered":"<p>Views: 21 La demanda de energ\u00eda hay que reducirla. Si o Si. Es lo que dicen todos los expertos de todos los pa\u00edses para poder cumplir con los objetivos clim\u00e1ticos He visto hace poco el resumen de un informe de CREDS ( Centre for Research into Energy Demand Solutions ) que es una&nbsp; asociaci\u00f3n inglesa [&hellip;]<\/p>\n","protected":false},"author":1,"featured_media":277,"comment_status":"open","ping_status":"open","sticky":false,"template":"","format":"standard","meta":{"_crdt_document":"","footnotes":"","jetpack_publicize_message":"","jetpack_publicize_feature_enabled":true,"jetpack_social_post_already_shared":false,"jetpack_social_options":{"image_generator_settings":{"template":"highway","default_image_id":0,"font":"","enabled":false},"version":2}},"categories":[112,134],"tags":[],"class_list":["post-276","post","type-post","status-publish","format-standard","has-post-thumbnail","hentry","category-climatic-change","category-sustainable-energy"],"yoast_head":"<!-- This site is optimized with the Yoast SEO plugin v27.5 - https:\/\/yoast.com\/product\/yoast-seo-wordpress\/ -->\n<title>Debemos reducir la demanda de energ\u00eda para cumplir con los objetivos clim\u00e1ticos - Desde la terraza de Amador<\/title>\n<meta name=\"description\" content=\"La demanda de energ\u00eda hay que reducirla. Si o Si. Es lo que dicen todos los expertos de todos los pa\u00edses para poder cumplir con los objetivos clim\u00e1ticos\" \/>\n<meta name=\"robots\" content=\"index, follow, max-snippet:-1, max-image-preview:large, max-video-preview:-1\" \/>\n<link rel=\"canonical\" href=\"https:\/\/desdelaterrazadeamador.com\/en\/reducir-demanda-de-energia-para-cumplir-con-objetivos-climaticos\/\" \/>\n<meta property=\"og:locale\" content=\"en_US\" \/>\n<meta property=\"og:type\" content=\"article\" \/>\n<meta property=\"og:title\" content=\"Debemos reducir la demanda de energ\u00eda para cumplir con los objetivos clim\u00e1ticos - Desde la terraza de Amador\" \/>\n<meta property=\"og:description\" content=\"La demanda de energ\u00eda hay que reducirla. Si o Si. Es lo que dicen todos los expertos de todos los pa\u00edses para poder cumplir con los objetivos clim\u00e1ticos\" \/>\n<meta property=\"og:url\" content=\"https:\/\/desdelaterrazadeamador.com\/en\/reducir-demanda-de-energia-para-cumplir-con-objetivos-climaticos\/\" \/>\n<meta property=\"og:site_name\" content=\"Desde la terraza de Amador\" \/>\n<meta property=\"article:published_time\" content=\"2021-11-26T08:05:07+00:00\" \/>\n<meta property=\"article:modified_time\" content=\"2021-11-26T08:05:09+00:00\" \/>\n<meta property=\"og:image\" content=\"https:\/\/desdelaterrazadeamador.com\/wp-content\/uploads\/2021\/11\/Energia.jpg\" \/>\n\t<meta property=\"og:image:width\" content=\"640\" \/>\n\t<meta property=\"og:image:height\" content=\"426\" \/>\n\t<meta property=\"og:image:type\" content=\"image\/jpeg\" \/>\n<meta name=\"author\" content=\"Amador Palacios\" \/>\n<meta name=\"twitter:card\" content=\"summary_large_image\" \/>\n<meta name=\"twitter:creator\" content=\"@https:\/\/twitter.com\/edurneamaya\" \/>\n<meta name=\"twitter:site\" content=\"@edurneamaya\" \/>\n<meta name=\"twitter:label1\" content=\"Written by\" \/>\n\t<meta name=\"twitter:data1\" content=\"Amador Palacios\" \/>\n\t<meta name=\"twitter:label2\" content=\"Est. reading time\" \/>\n\t<meta name=\"twitter:data2\" content=\"2 minutes\" \/>\n<script type=\"application\/ld+json\" class=\"yoast-schema-graph\">{\"@context\":\"https:\\\/\\\/schema.org\",\"@graph\":[{\"@type\":\"Article\",\"@id\":\"https:\\\/\\\/desdelaterrazadeamador.com\\\/reducir-demanda-de-energia-para-cumplir-con-objetivos-climaticos\\\/#article\",\"isPartOf\":{\"@id\":\"https:\\\/\\\/desdelaterrazadeamador.com\\\/reducir-demanda-de-energia-para-cumplir-con-objetivos-climaticos\\\/\"},\"author\":{\"name\":\"Amador Palacios\",\"@id\":\"https:\\\/\\\/desdelaterrazadeamador.com\\\/#\\\/schema\\\/person\\\/0b6966cf66bcc9a2eb35a69e1c074d66\"},\"headline\":\"Debemos reducir la demanda de energ\u00eda para cumplir con los objetivos clim\u00e1ticos\",\"datePublished\":\"2021-11-26T08:05:07+00:00\",\"dateModified\":\"2021-11-26T08:05:09+00:00\",\"mainEntityOfPage\":{\"@id\":\"https:\\\/\\\/desdelaterrazadeamador.com\\\/reducir-demanda-de-energia-para-cumplir-con-objetivos-climaticos\\\/\"},\"wordCount\":418,\"commentCount\":0,\"publisher\":{\"@id\":\"https:\\\/\\\/desdelaterrazadeamador.com\\\/#\\\/schema\\\/person\\\/0b6966cf66bcc9a2eb35a69e1c074d66\"},\"image\":{\"@id\":\"https:\\\/\\\/desdelaterrazadeamador.com\\\/reducir-demanda-de-energia-para-cumplir-con-objetivos-climaticos\\\/#primaryimage\"},\"thumbnailUrl\":\"https:\\\/\\\/desdelaterrazadeamador.com\\\/wp-content\\\/uploads\\\/2021\\\/11\\\/Energia.jpg\",\"articleSection\":[\"Climatic Change\",\"Sustainable Energy\"],\"inLanguage\":\"en-US\",\"potentialAction\":[{\"@type\":\"CommentAction\",\"name\":\"Comment\",\"target\":[\"https:\\\/\\\/desdelaterrazadeamador.com\\\/reducir-demanda-de-energia-para-cumplir-con-objetivos-climaticos\\\/#respond\"]}]},{\"@type\":\"WebPage\",\"@id\":\"https:\\\/\\\/desdelaterrazadeamador.com\\\/reducir-demanda-de-energia-para-cumplir-con-objetivos-climaticos\\\/\",\"url\":\"https:\\\/\\\/desdelaterrazadeamador.com\\\/reducir-demanda-de-energia-para-cumplir-con-objetivos-climaticos\\\/\",\"name\":\"Debemos reducir la demanda de energ\u00eda para cumplir con los objetivos clim\u00e1ticos - Desde la terraza de Amador\",\"isPartOf\":{\"@id\":\"https:\\\/\\\/desdelaterrazadeamador.com\\\/#website\"},\"primaryImageOfPage\":{\"@id\":\"https:\\\/\\\/desdelaterrazadeamador.com\\\/reducir-demanda-de-energia-para-cumplir-con-objetivos-climaticos\\\/#primaryimage\"},\"image\":{\"@id\":\"https:\\\/\\\/desdelaterrazadeamador.com\\\/reducir-demanda-de-energia-para-cumplir-con-objetivos-climaticos\\\/#primaryimage\"},\"thumbnailUrl\":\"https:\\\/\\\/desdelaterrazadeamador.com\\\/wp-content\\\/uploads\\\/2021\\\/11\\\/Energia.jpg\",\"datePublished\":\"2021-11-26T08:05:07+00:00\",\"dateModified\":\"2021-11-26T08:05:09+00:00\",\"description\":\"La demanda de energ\u00eda hay que reducirla. Si o Si. Es lo que dicen todos los expertos de todos los pa\u00edses para poder cumplir con los objetivos clim\u00e1ticos\",\"breadcrumb\":{\"@id\":\"https:\\\/\\\/desdelaterrazadeamador.com\\\/reducir-demanda-de-energia-para-cumplir-con-objetivos-climaticos\\\/#breadcrumb\"},\"inLanguage\":\"en-US\",\"potentialAction\":[{\"@type\":\"ReadAction\",\"target\":[\"https:\\\/\\\/desdelaterrazadeamador.com\\\/reducir-demanda-de-energia-para-cumplir-con-objetivos-climaticos\\\/\"]}]},{\"@type\":\"ImageObject\",\"inLanguage\":\"en-US\",\"@id\":\"https:\\\/\\\/desdelaterrazadeamador.com\\\/reducir-demanda-de-energia-para-cumplir-con-objetivos-climaticos\\\/#primaryimage\",\"url\":\"https:\\\/\\\/desdelaterrazadeamador.com\\\/wp-content\\\/uploads\\\/2021\\\/11\\\/Energia.jpg\",\"contentUrl\":\"https:\\\/\\\/desdelaterrazadeamador.com\\\/wp-content\\\/uploads\\\/2021\\\/11\\\/Energia.jpg\",\"width\":640,\"height\":426},{\"@type\":\"BreadcrumbList\",\"@id\":\"https:\\\/\\\/desdelaterrazadeamador.com\\\/reducir-demanda-de-energia-para-cumplir-con-objetivos-climaticos\\\/#breadcrumb\",\"itemListElement\":[{\"@type\":\"ListItem\",\"position\":1,\"name\":\"Portada\",\"item\":\"https:\\\/\\\/desdelaterrazadeamador.com\\\/\"},{\"@type\":\"ListItem\",\"position\":2,\"name\":\"Debemos reducir la demanda de energ\u00eda para cumplir con los objetivos clim\u00e1ticos\"}]},{\"@type\":\"WebSite\",\"@id\":\"https:\\\/\\\/desdelaterrazadeamador.com\\\/#website\",\"url\":\"https:\\\/\\\/desdelaterrazadeamador.com\\\/\",\"name\":\"Desde la terraza de Amador\",\"description\":\"Reflexiones libres y honestas sobre temas de actualidad social y tecnol\u00f3gica\",\"publisher\":{\"@id\":\"https:\\\/\\\/desdelaterrazadeamador.com\\\/#\\\/schema\\\/person\\\/0b6966cf66bcc9a2eb35a69e1c074d66\"},\"potentialAction\":[{\"@type\":\"SearchAction\",\"target\":{\"@type\":\"EntryPoint\",\"urlTemplate\":\"https:\\\/\\\/desdelaterrazadeamador.com\\\/?s={search_term_string}\"},\"query-input\":{\"@type\":\"PropertyValueSpecification\",\"valueRequired\":true,\"valueName\":\"search_term_string\"}}],\"inLanguage\":\"en-US\"},{\"@type\":[\"Person\",\"Organization\"],\"@id\":\"https:\\\/\\\/desdelaterrazadeamador.com\\\/#\\\/schema\\\/person\\\/0b6966cf66bcc9a2eb35a69e1c074d66\",\"name\":\"Amador Palacios\",\"image\":{\"@type\":\"ImageObject\",\"inLanguage\":\"en-US\",\"@id\":\"https:\\\/\\\/desdelaterrazadeamador.com\\\/wp-content\\\/uploads\\\/2022\\\/01\\\/amador-palacios.jpg\",\"url\":\"https:\\\/\\\/desdelaterrazadeamador.com\\\/wp-content\\\/uploads\\\/2022\\\/01\\\/amador-palacios.jpg\",\"contentUrl\":\"https:\\\/\\\/desdelaterrazadeamador.com\\\/wp-content\\\/uploads\\\/2022\\\/01\\\/amador-palacios.jpg\",\"width\":1265,\"height\":899,\"caption\":\"Amador Palacios\"},\"logo\":{\"@id\":\"https:\\\/\\\/desdelaterrazadeamador.com\\\/wp-content\\\/uploads\\\/2022\\\/01\\\/amador-palacios.jpg\"},\"description\":\"Reflexiones de Amador Palacios sobre temas de Actualidad Social y Tecnol\u00f3gica; otras opiniones diferentes a la m\u00eda son bienvenidas\",\"sameAs\":[\"http:\\\/\\\/desdelaterrazadeamador.com\",\"https:\\\/\\\/es.linkedin.com\\\/in\\\/amador-palacios-499532a\",\"https:\\\/\\\/x.com\\\/https:\\\/\\\/twitter.com\\\/edurneamaya\"]}]}<\/script>\n<!-- \/ Yoast SEO plugin. -->","yoast_head_json":{"title":"Debemos reducir la demanda de energ\u00eda para cumplir con los objetivos clim\u00e1ticos - Desde la terraza de Amador","description":"The demand for energy must be reduced. Yes or yes. This is what all the experts in all countries say in order to meet climate goals","robots":{"index":"index","follow":"follow","max-snippet":"max-snippet:-1","max-image-preview":"max-image-preview:large","max-video-preview":"max-video-preview:-1"},"canonical":"https:\/\/desdelaterrazadeamador.com\/en\/reducir-demanda-de-energia-para-cumplir-con-objetivos-climaticos\/","og_locale":"en_US","og_type":"article","og_title":"Debemos reducir la demanda de energ\u00eda para cumplir con los objetivos clim\u00e1ticos - Desde la terraza de Amador","og_description":"La demanda de energ\u00eda hay que reducirla. Si o Si. Es lo que dicen todos los expertos de todos los pa\u00edses para poder cumplir con los objetivos clim\u00e1ticos","og_url":"https:\/\/desdelaterrazadeamador.com\/en\/reducir-demanda-de-energia-para-cumplir-con-objetivos-climaticos\/","og_site_name":"Desde la terraza de Amador","article_published_time":"2021-11-26T08:05:07+00:00","article_modified_time":"2021-11-26T08:05:09+00:00","og_image":[{"width":640,"height":426,"url":"https:\/\/desdelaterrazadeamador.com\/wp-content\/uploads\/2021\/11\/Energia.jpg","type":"image\/jpeg"}],"author":"Amador Palacios","twitter_card":"summary_large_image","twitter_creator":"@https:\/\/twitter.com\/edurneamaya","twitter_site":"@edurneamaya","twitter_misc":{"Written by":"Amador Palacios","Est. reading time":"2 minutes"},"schema":{"@context":"https:\/\/schema.org","@graph":[{"@type":"Article","@id":"https:\/\/desdelaterrazadeamador.com\/reducir-demanda-de-energia-para-cumplir-con-objetivos-climaticos\/#article","isPartOf":{"@id":"https:\/\/desdelaterrazadeamador.com\/reducir-demanda-de-energia-para-cumplir-con-objetivos-climaticos\/"},"author":{"name":"Amador Palacios","@id":"https:\/\/desdelaterrazadeamador.com\/#\/schema\/person\/0b6966cf66bcc9a2eb35a69e1c074d66"},"headline":"Debemos reducir la demanda de energ\u00eda para cumplir con los objetivos clim\u00e1ticos","datePublished":"2021-11-26T08:05:07+00:00","dateModified":"2021-11-26T08:05:09+00:00","mainEntityOfPage":{"@id":"https:\/\/desdelaterrazadeamador.com\/reducir-demanda-de-energia-para-cumplir-con-objetivos-climaticos\/"},"wordCount":418,"commentCount":0,"publisher":{"@id":"https:\/\/desdelaterrazadeamador.com\/#\/schema\/person\/0b6966cf66bcc9a2eb35a69e1c074d66"},"image":{"@id":"https:\/\/desdelaterrazadeamador.com\/reducir-demanda-de-energia-para-cumplir-con-objetivos-climaticos\/#primaryimage"},"thumbnailUrl":"https:\/\/desdelaterrazadeamador.com\/wp-content\/uploads\/2021\/11\/Energia.jpg","articleSection":["Climatic Change","Sustainable Energy"],"inLanguage":"en-US","potentialAction":[{"@type":"CommentAction","name":"Comment","target":["https:\/\/desdelaterrazadeamador.com\/reducir-demanda-de-energia-para-cumplir-con-objetivos-climaticos\/#respond"]}]},{"@type":"WebPage","@id":"https:\/\/desdelaterrazadeamador.com\/reducir-demanda-de-energia-para-cumplir-con-objetivos-climaticos\/","url":"https:\/\/desdelaterrazadeamador.com\/reducir-demanda-de-energia-para-cumplir-con-objetivos-climaticos\/","name":"Debemos reducir la demanda de energ\u00eda para cumplir con los objetivos clim\u00e1ticos - Desde la terraza de Amador","isPartOf":{"@id":"https:\/\/desdelaterrazadeamador.com\/#website"},"primaryImageOfPage":{"@id":"https:\/\/desdelaterrazadeamador.com\/reducir-demanda-de-energia-para-cumplir-con-objetivos-climaticos\/#primaryimage"},"image":{"@id":"https:\/\/desdelaterrazadeamador.com\/reducir-demanda-de-energia-para-cumplir-con-objetivos-climaticos\/#primaryimage"},"thumbnailUrl":"https:\/\/desdelaterrazadeamador.com\/wp-content\/uploads\/2021\/11\/Energia.jpg","datePublished":"2021-11-26T08:05:07+00:00","dateModified":"2021-11-26T08:05:09+00:00","description":"The demand for energy must be reduced. Yes or yes. This is what all the experts in all countries say in order to meet climate goals","breadcrumb":{"@id":"https:\/\/desdelaterrazadeamador.com\/reducir-demanda-de-energia-para-cumplir-con-objetivos-climaticos\/#breadcrumb"},"inLanguage":"en-US","potentialAction":[{"@type":"ReadAction","target":["https:\/\/desdelaterrazadeamador.com\/reducir-demanda-de-energia-para-cumplir-con-objetivos-climaticos\/"]}]},{"@type":"ImageObject","inLanguage":"en-US","@id":"https:\/\/desdelaterrazadeamador.com\/reducir-demanda-de-energia-para-cumplir-con-objetivos-climaticos\/#primaryimage","url":"https:\/\/desdelaterrazadeamador.com\/wp-content\/uploads\/2021\/11\/Energia.jpg","contentUrl":"https:\/\/desdelaterrazadeamador.com\/wp-content\/uploads\/2021\/11\/Energia.jpg","width":640,"height":426},{"@type":"BreadcrumbList","@id":"https:\/\/desdelaterrazadeamador.com\/reducir-demanda-de-energia-para-cumplir-con-objetivos-climaticos\/#breadcrumb","itemListElement":[{"@type":"ListItem","position":1,"name":"Portada","item":"https:\/\/desdelaterrazadeamador.com\/"},{"@type":"ListItem","position":2,"name":"Debemos reducir la demanda de energ\u00eda para cumplir con los objetivos clim\u00e1ticos"}]},{"@type":"WebSite","@id":"https:\/\/desdelaterrazadeamador.com\/#website","url":"https:\/\/desdelaterrazadeamador.com\/","name":"Desde la terraza de Amador","description":"Free and honest reflections on current social and technological issues","publisher":{"@id":"https:\/\/desdelaterrazadeamador.com\/#\/schema\/person\/0b6966cf66bcc9a2eb35a69e1c074d66"},"potentialAction":[{"@type":"SearchAction","target":{"@type":"EntryPoint","urlTemplate":"https:\/\/desdelaterrazadeamador.com\/?s={search_term_string}"},"query-input":{"@type":"PropertyValueSpecification","valueRequired":true,"valueName":"search_term_string"}}],"inLanguage":"en-US"},{"@type":["Person","Organization"],"@id":"https:\/\/desdelaterrazadeamador.com\/#\/schema\/person\/0b6966cf66bcc9a2eb35a69e1c074d66","name":"Amador Palacios","image":{"@type":"ImageObject","inLanguage":"en-US","@id":"https:\/\/desdelaterrazadeamador.com\/wp-content\/uploads\/2022\/01\/amador-palacios.jpg","url":"https:\/\/desdelaterrazadeamador.com\/wp-content\/uploads\/2022\/01\/amador-palacios.jpg","contentUrl":"https:\/\/desdelaterrazadeamador.com\/wp-content\/uploads\/2022\/01\/amador-palacios.jpg","width":1265,"height":899,"caption":"Amador Palacios"},"logo":{"@id":"https:\/\/desdelaterrazadeamador.com\/wp-content\/uploads\/2022\/01\/amador-palacios.jpg"},"description":"Reflexiones de Amador Palacios sobre temas de Actualidad Social y Tecnol\u00f3gica; otras opiniones diferentes a la m\u00eda son bienvenidas","sameAs":["http:\/\/desdelaterrazadeamador.com","https:\/\/es.linkedin.com\/in\/amador-palacios-499532a","https:\/\/x.com\/https:\/\/twitter.com\/edurneamaya"]}]}},"jetpack_publicize_connections":[],"_links":{"self":[{"href":"https:\/\/desdelaterrazadeamador.com\/en\/wp-json\/wp\/v2\/posts\/276","targetHints":{"allow":["GET"]}}],"collection":[{"href":"https:\/\/desdelaterrazadeamador.com\/en\/wp-json\/wp\/v2\/posts"}],"about":[{"href":"https:\/\/desdelaterrazadeamador.com\/en\/wp-json\/wp\/v2\/types\/post"}],"author":[{"embeddable":true,"href":"https:\/\/desdelaterrazadeamador.com\/en\/wp-json\/wp\/v2\/users\/1"}],"replies":[{"embeddable":true,"href":"https:\/\/desdelaterrazadeamador.com\/en\/wp-json\/wp\/v2\/comments?post=276"}],"version-history":[{"count":1,"href":"https:\/\/desdelaterrazadeamador.com\/en\/wp-json\/wp\/v2\/posts\/276\/revisions"}],"predecessor-version":[{"id":279,"href":"https:\/\/desdelaterrazadeamador.com\/en\/wp-json\/wp\/v2\/posts\/276\/revisions\/279"}],"wp:featuredmedia":[{"embeddable":true,"href":"https:\/\/desdelaterrazadeamador.com\/en\/wp-json\/wp\/v2\/media\/277"}],"wp:attachment":[{"href":"https:\/\/desdelaterrazadeamador.com\/en\/wp-json\/wp\/v2\/media?parent=276"}],"wp:term":[{"taxonomy":"category","embeddable":true,"href":"https:\/\/desdelaterrazadeamador.com\/en\/wp-json\/wp\/v2\/categories?post=276"},{"taxonomy":"post_tag","embeddable":true,"href":"https:\/\/desdelaterrazadeamador.com\/en\/wp-json\/wp\/v2\/tags?post=276"}],"curies":[{"name":"wp","href":"https:\/\/api.w.org\/{rel}","templated":true}]}}