{"id":272,"date":"2021-11-25T07:57:06","date_gmt":"2021-11-25T07:57:06","guid":{"rendered":"https:\/\/desdelaterrazadeamador.com\/?p=272"},"modified":"2021-11-25T07:57:08","modified_gmt":"2021-11-25T07:57:08","slug":"intelig3encia-artificial-usada-en-defensa","status":"publish","type":"post","link":"https:\/\/desdelaterrazadeamador.com\/en\/intelig3encia-artificial-usada-en-defensa\/","title":{"rendered":"Artificial Intelligence is increasingly used in Defense"},"content":{"rendered":"<p>Views: 45<\/p>\n<p class=\"wp-block-paragraph\">As is well known, Artificial Intelligence is introduced in all activities and Defense is one of them. I have read about some of the experiences that are being carried out in the USA and China, but I am sure that the rest of the countries do what they can.<\/p>\n\n\n\n<p class=\"wp-block-paragraph\">The Americans have announced that they have carried out tests with swarms of drones interconnected and controlled by AI to carry out attack and control tasks. They have called the program <strong>OFFSET<\/strong> and 250 autonomous vehicles have participated by land and air.<\/p>\n\n\n\n<p class=\"wp-block-paragraph\">The drones have flown autonomously controlled by the AI and the operators have been able to \"see\" the exercise through a laptop.<\/p>\n\n\n\n<p class=\"wp-block-paragraph\">In the case of China, they have carried out AI exercises to control the flight of a fighter plane and attack other planes controlled by human pilots.<\/p>\n\n\n\n<p class=\"wp-block-paragraph\">At the beginning of the tests, humans destroyed the aircraft piloted by the AI, but after very few exercises, the aircraft controlled by the AI shot down the human pilots almost every time.<\/p>\n\n\n\n<p class=\"wp-block-paragraph\">And in these tests the best pilots of the Chinese air force have participated.<\/p>\n\n\n\n<p class=\"wp-block-paragraph\">\u00a0\u00a0\u00a0\u00a0\u00a0\u00a0<\/p>\n\n\n\n<figure class=\"wp-block-image size-large is-resized\"><img loading=\"lazy\" decoding=\"async\" src=\"https:\/\/desdelaterrazadeamador.com\/wp-content\/uploads\/2021\/11\/Avion-combate-chino-1024x576.jpg\" alt=\"\" class=\"wp-image-274\" width=\"663\" height=\"372\" srcset=\"https:\/\/desdelaterrazadeamador.com\/wp-content\/uploads\/2021\/11\/Avion-combate-chino-1024x576.jpg 1024w, https:\/\/desdelaterrazadeamador.com\/wp-content\/uploads\/2021\/11\/Avion-combate-chino-300x169.jpg 300w, https:\/\/desdelaterrazadeamador.com\/wp-content\/uploads\/2021\/11\/Avion-combate-chino-768x432.jpg 768w, https:\/\/desdelaterrazadeamador.com\/wp-content\/uploads\/2021\/11\/Avion-combate-chino-18x10.jpg 18w, https:\/\/desdelaterrazadeamador.com\/wp-content\/uploads\/2021\/11\/Avion-combate-chino.jpg 1200w\" sizes=\"auto, (max-width: 663px) 100vw, 663px\" \/><\/figure>\n\n\n\n<p class=\"wp-block-paragraph\">With these exercises it is seen once again how the AI is capable of \"learning\" and in a very short time surpass humans when it comes to reacting.<\/p>\n\n\n\n<p class=\"wp-block-paragraph\">The \"problem\" is letting a machine make decisions to kill people, but I am clear that this problem will be admitted by the authorities sooner rather than later, unless international agreements are made to preserve the lives of humans against the machines.<\/p>\n\n\n\n<p class=\"wp-block-paragraph\">I want to remind you that some have rightly warned that AI poses a 95% risk of exterminating humanity.<\/p>\n\n\n\n<p class=\"wp-block-paragraph\">AI is a great opportunity and a serious threat that must be limited to eliminate future risks.<\/p>\n\n\n\n<p class=\"wp-block-paragraph\">Technology itself is wonderful and it will give us a lot of joy, but we have to be smart to limit the possible damage.<\/p>\n\n\n\n<p class=\"wp-block-paragraph\">Not everything can be accepted.<\/p>","protected":false},"excerpt":{"rendered":"<p>Views: 45 Como es bien sabido la Inteligencia Artificial se introduce en todas las actividades y la Defensa es una de ellas. He le\u00eddo sobre algunas de las experiencias que est\u00e1n realizando en USA y en China, pero estoy seguro que el resto de los pa\u00edses hacen lo que pueden. Los norteamericanos han anunciado que [&hellip;]<\/p>\n","protected":false},"author":1,"featured_media":273,"comment_status":"open","ping_status":"open","sticky":false,"template":"","format":"standard","meta":{"_crdt_document":"","footnotes":"","jetpack_publicize_message":"","jetpack_publicize_feature_enabled":true,"jetpack_social_post_already_shared":false,"jetpack_social_options":{"image_generator_settings":{"template":"highway","default_image_id":0,"font":"","enabled":false},"version":2}},"categories":[128,142],"tags":[],"class_list":["post-272","post","type-post","status-publish","format-standard","has-post-thumbnail","hentry","category-artificial-intelligence","category-defense"],"yoast_head":"<!-- This site is optimized with the Yoast SEO plugin v27.5 - https:\/\/yoast.com\/product\/yoast-seo-wordpress\/ -->\n<title>La Inteligencia Artificial es cada vez m\u00e1s usada en Defensa - Desde la terraza de Amador<\/title>\n<meta name=\"description\" content=\"Como es bien sabido la Inteligencia Artificial se introduce en todas las actividades y la Defensa es una de ellas. He le\u00eddo sobre algunas de las\" \/>\n<meta name=\"robots\" content=\"index, follow, max-snippet:-1, max-image-preview:large, max-video-preview:-1\" \/>\n<link rel=\"canonical\" href=\"https:\/\/desdelaterrazadeamador.com\/en\/intelig3encia-artificial-usada-en-defensa\/\" \/>\n<meta property=\"og:locale\" content=\"en_US\" \/>\n<meta property=\"og:type\" content=\"article\" \/>\n<meta property=\"og:title\" content=\"La Inteligencia Artificial es cada vez m\u00e1s usada en Defensa - Desde la terraza de Amador\" \/>\n<meta property=\"og:description\" content=\"Como es bien sabido la Inteligencia Artificial se introduce en todas las actividades y la Defensa es una de ellas. He le\u00eddo sobre algunas de las\" \/>\n<meta property=\"og:url\" content=\"https:\/\/desdelaterrazadeamador.com\/en\/intelig3encia-artificial-usada-en-defensa\/\" \/>\n<meta property=\"og:site_name\" content=\"Desde la terraza de Amador\" \/>\n<meta property=\"article:published_time\" content=\"2021-11-25T07:57:06+00:00\" \/>\n<meta property=\"article:modified_time\" content=\"2021-11-25T07:57:08+00:00\" \/>\n<meta property=\"og:image\" content=\"https:\/\/desdelaterrazadeamador.com\/wp-content\/uploads\/2021\/11\/Inteligencia-artificial.jpg\" \/>\n\t<meta property=\"og:image:width\" content=\"640\" \/>\n\t<meta property=\"og:image:height\" content=\"426\" \/>\n\t<meta property=\"og:image:type\" content=\"image\/jpeg\" \/>\n<meta name=\"author\" content=\"Amador Palacios\" \/>\n<meta name=\"twitter:card\" content=\"summary_large_image\" \/>\n<meta name=\"twitter:creator\" content=\"@https:\/\/twitter.com\/edurneamaya\" \/>\n<meta name=\"twitter:site\" content=\"@edurneamaya\" \/>\n<meta name=\"twitter:label1\" content=\"Written by\" \/>\n\t<meta name=\"twitter:data1\" content=\"Amador Palacios\" \/>\n\t<meta name=\"twitter:label2\" content=\"Est. reading time\" \/>\n\t<meta name=\"twitter:data2\" content=\"2 minutes\" \/>\n<script type=\"application\/ld+json\" class=\"yoast-schema-graph\">{\"@context\":\"https:\\\/\\\/schema.org\",\"@graph\":[{\"@type\":\"Article\",\"@id\":\"https:\\\/\\\/desdelaterrazadeamador.com\\\/intelig3encia-artificial-usada-en-defensa\\\/#article\",\"isPartOf\":{\"@id\":\"https:\\\/\\\/desdelaterrazadeamador.com\\\/intelig3encia-artificial-usada-en-defensa\\\/\"},\"author\":{\"name\":\"Amador Palacios\",\"@id\":\"https:\\\/\\\/desdelaterrazadeamador.com\\\/#\\\/schema\\\/person\\\/0b6966cf66bcc9a2eb35a69e1c074d66\"},\"headline\":\"La Inteligencia Artificial es cada vez m\u00e1s usada en Defensa\",\"datePublished\":\"2021-11-25T07:57:06+00:00\",\"dateModified\":\"2021-11-25T07:57:08+00:00\",\"mainEntityOfPage\":{\"@id\":\"https:\\\/\\\/desdelaterrazadeamador.com\\\/intelig3encia-artificial-usada-en-defensa\\\/\"},\"wordCount\":367,\"commentCount\":0,\"publisher\":{\"@id\":\"https:\\\/\\\/desdelaterrazadeamador.com\\\/#\\\/schema\\\/person\\\/0b6966cf66bcc9a2eb35a69e1c074d66\"},\"image\":{\"@id\":\"https:\\\/\\\/desdelaterrazadeamador.com\\\/intelig3encia-artificial-usada-en-defensa\\\/#primaryimage\"},\"thumbnailUrl\":\"https:\\\/\\\/desdelaterrazadeamador.com\\\/wp-content\\\/uploads\\\/2021\\\/11\\\/Inteligencia-artificial.jpg\",\"articleSection\":[\"Artificial Intelligence\",\"Defense\"],\"inLanguage\":\"en-US\",\"potentialAction\":[{\"@type\":\"CommentAction\",\"name\":\"Comment\",\"target\":[\"https:\\\/\\\/desdelaterrazadeamador.com\\\/intelig3encia-artificial-usada-en-defensa\\\/#respond\"]}]},{\"@type\":\"WebPage\",\"@id\":\"https:\\\/\\\/desdelaterrazadeamador.com\\\/intelig3encia-artificial-usada-en-defensa\\\/\",\"url\":\"https:\\\/\\\/desdelaterrazadeamador.com\\\/intelig3encia-artificial-usada-en-defensa\\\/\",\"name\":\"La Inteligencia Artificial es cada vez m\u00e1s usada en Defensa - Desde la terraza de Amador\",\"isPartOf\":{\"@id\":\"https:\\\/\\\/desdelaterrazadeamador.com\\\/#website\"},\"primaryImageOfPage\":{\"@id\":\"https:\\\/\\\/desdelaterrazadeamador.com\\\/intelig3encia-artificial-usada-en-defensa\\\/#primaryimage\"},\"image\":{\"@id\":\"https:\\\/\\\/desdelaterrazadeamador.com\\\/intelig3encia-artificial-usada-en-defensa\\\/#primaryimage\"},\"thumbnailUrl\":\"https:\\\/\\\/desdelaterrazadeamador.com\\\/wp-content\\\/uploads\\\/2021\\\/11\\\/Inteligencia-artificial.jpg\",\"datePublished\":\"2021-11-25T07:57:06+00:00\",\"dateModified\":\"2021-11-25T07:57:08+00:00\",\"description\":\"Como es bien sabido la Inteligencia Artificial se introduce en todas las actividades y la Defensa es una de ellas. He le\u00eddo sobre algunas de las\",\"breadcrumb\":{\"@id\":\"https:\\\/\\\/desdelaterrazadeamador.com\\\/intelig3encia-artificial-usada-en-defensa\\\/#breadcrumb\"},\"inLanguage\":\"en-US\",\"potentialAction\":[{\"@type\":\"ReadAction\",\"target\":[\"https:\\\/\\\/desdelaterrazadeamador.com\\\/intelig3encia-artificial-usada-en-defensa\\\/\"]}]},{\"@type\":\"ImageObject\",\"inLanguage\":\"en-US\",\"@id\":\"https:\\\/\\\/desdelaterrazadeamador.com\\\/intelig3encia-artificial-usada-en-defensa\\\/#primaryimage\",\"url\":\"https:\\\/\\\/desdelaterrazadeamador.com\\\/wp-content\\\/uploads\\\/2021\\\/11\\\/Inteligencia-artificial.jpg\",\"contentUrl\":\"https:\\\/\\\/desdelaterrazadeamador.com\\\/wp-content\\\/uploads\\\/2021\\\/11\\\/Inteligencia-artificial.jpg\",\"width\":640,\"height\":426},{\"@type\":\"BreadcrumbList\",\"@id\":\"https:\\\/\\\/desdelaterrazadeamador.com\\\/intelig3encia-artificial-usada-en-defensa\\\/#breadcrumb\",\"itemListElement\":[{\"@type\":\"ListItem\",\"position\":1,\"name\":\"Portada\",\"item\":\"https:\\\/\\\/desdelaterrazadeamador.com\\\/\"},{\"@type\":\"ListItem\",\"position\":2,\"name\":\"La Inteligencia Artificial es cada vez m\u00e1s usada en Defensa\"}]},{\"@type\":\"WebSite\",\"@id\":\"https:\\\/\\\/desdelaterrazadeamador.com\\\/#website\",\"url\":\"https:\\\/\\\/desdelaterrazadeamador.com\\\/\",\"name\":\"Desde la terraza de Amador\",\"description\":\"Reflexiones libres y honestas sobre temas de actualidad social y tecnol\u00f3gica\",\"publisher\":{\"@id\":\"https:\\\/\\\/desdelaterrazadeamador.com\\\/#\\\/schema\\\/person\\\/0b6966cf66bcc9a2eb35a69e1c074d66\"},\"potentialAction\":[{\"@type\":\"SearchAction\",\"target\":{\"@type\":\"EntryPoint\",\"urlTemplate\":\"https:\\\/\\\/desdelaterrazadeamador.com\\\/?s={search_term_string}\"},\"query-input\":{\"@type\":\"PropertyValueSpecification\",\"valueRequired\":true,\"valueName\":\"search_term_string\"}}],\"inLanguage\":\"en-US\"},{\"@type\":[\"Person\",\"Organization\"],\"@id\":\"https:\\\/\\\/desdelaterrazadeamador.com\\\/#\\\/schema\\\/person\\\/0b6966cf66bcc9a2eb35a69e1c074d66\",\"name\":\"Amador Palacios\",\"image\":{\"@type\":\"ImageObject\",\"inLanguage\":\"en-US\",\"@id\":\"https:\\\/\\\/desdelaterrazadeamador.com\\\/wp-content\\\/uploads\\\/2022\\\/01\\\/amador-palacios.jpg\",\"url\":\"https:\\\/\\\/desdelaterrazadeamador.com\\\/wp-content\\\/uploads\\\/2022\\\/01\\\/amador-palacios.jpg\",\"contentUrl\":\"https:\\\/\\\/desdelaterrazadeamador.com\\\/wp-content\\\/uploads\\\/2022\\\/01\\\/amador-palacios.jpg\",\"width\":1265,\"height\":899,\"caption\":\"Amador Palacios\"},\"logo\":{\"@id\":\"https:\\\/\\\/desdelaterrazadeamador.com\\\/wp-content\\\/uploads\\\/2022\\\/01\\\/amador-palacios.jpg\"},\"description\":\"Reflexiones de Amador Palacios sobre temas de Actualidad Social y Tecnol\u00f3gica; otras opiniones diferentes a la m\u00eda son bienvenidas\",\"sameAs\":[\"http:\\\/\\\/desdelaterrazadeamador.com\",\"https:\\\/\\\/es.linkedin.com\\\/in\\\/amador-palacios-499532a\",\"https:\\\/\\\/x.com\\\/https:\\\/\\\/twitter.com\\\/edurneamaya\"]}]}<\/script>\n<!-- \/ Yoast SEO plugin. -->","yoast_head_json":{"title":"La Inteligencia Artificial es cada vez m\u00e1s usada en Defensa - Desde la terraza de Amador","description":"Como es bien sabido la Inteligencia Artificial se introduce en todas las actividades y la Defensa es una de ellas. He le\u00eddo sobre algunas de las","robots":{"index":"index","follow":"follow","max-snippet":"max-snippet:-1","max-image-preview":"max-image-preview:large","max-video-preview":"max-video-preview:-1"},"canonical":"https:\/\/desdelaterrazadeamador.com\/en\/intelig3encia-artificial-usada-en-defensa\/","og_locale":"en_US","og_type":"article","og_title":"La Inteligencia Artificial es cada vez m\u00e1s usada en Defensa - Desde la terraza de Amador","og_description":"Como es bien sabido la Inteligencia Artificial se introduce en todas las actividades y la Defensa es una de ellas. He le\u00eddo sobre algunas de las","og_url":"https:\/\/desdelaterrazadeamador.com\/en\/intelig3encia-artificial-usada-en-defensa\/","og_site_name":"Desde la terraza de Amador","article_published_time":"2021-11-25T07:57:06+00:00","article_modified_time":"2021-11-25T07:57:08+00:00","og_image":[{"width":640,"height":426,"url":"https:\/\/desdelaterrazadeamador.com\/wp-content\/uploads\/2021\/11\/Inteligencia-artificial.jpg","type":"image\/jpeg"}],"author":"Amador Palacios","twitter_card":"summary_large_image","twitter_creator":"@https:\/\/twitter.com\/edurneamaya","twitter_site":"@edurneamaya","twitter_misc":{"Written by":"Amador Palacios","Est. reading time":"2 minutes"},"schema":{"@context":"https:\/\/schema.org","@graph":[{"@type":"Article","@id":"https:\/\/desdelaterrazadeamador.com\/intelig3encia-artificial-usada-en-defensa\/#article","isPartOf":{"@id":"https:\/\/desdelaterrazadeamador.com\/intelig3encia-artificial-usada-en-defensa\/"},"author":{"name":"Amador Palacios","@id":"https:\/\/desdelaterrazadeamador.com\/#\/schema\/person\/0b6966cf66bcc9a2eb35a69e1c074d66"},"headline":"La Inteligencia Artificial es cada vez m\u00e1s usada en Defensa","datePublished":"2021-11-25T07:57:06+00:00","dateModified":"2021-11-25T07:57:08+00:00","mainEntityOfPage":{"@id":"https:\/\/desdelaterrazadeamador.com\/intelig3encia-artificial-usada-en-defensa\/"},"wordCount":367,"commentCount":0,"publisher":{"@id":"https:\/\/desdelaterrazadeamador.com\/#\/schema\/person\/0b6966cf66bcc9a2eb35a69e1c074d66"},"image":{"@id":"https:\/\/desdelaterrazadeamador.com\/intelig3encia-artificial-usada-en-defensa\/#primaryimage"},"thumbnailUrl":"https:\/\/desdelaterrazadeamador.com\/wp-content\/uploads\/2021\/11\/Inteligencia-artificial.jpg","articleSection":["Artificial Intelligence","Defense"],"inLanguage":"en-US","potentialAction":[{"@type":"CommentAction","name":"Comment","target":["https:\/\/desdelaterrazadeamador.com\/intelig3encia-artificial-usada-en-defensa\/#respond"]}]},{"@type":"WebPage","@id":"https:\/\/desdelaterrazadeamador.com\/intelig3encia-artificial-usada-en-defensa\/","url":"https:\/\/desdelaterrazadeamador.com\/intelig3encia-artificial-usada-en-defensa\/","name":"La Inteligencia Artificial es cada vez m\u00e1s usada en Defensa - Desde la terraza de Amador","isPartOf":{"@id":"https:\/\/desdelaterrazadeamador.com\/#website"},"primaryImageOfPage":{"@id":"https:\/\/desdelaterrazadeamador.com\/intelig3encia-artificial-usada-en-defensa\/#primaryimage"},"image":{"@id":"https:\/\/desdelaterrazadeamador.com\/intelig3encia-artificial-usada-en-defensa\/#primaryimage"},"thumbnailUrl":"https:\/\/desdelaterrazadeamador.com\/wp-content\/uploads\/2021\/11\/Inteligencia-artificial.jpg","datePublished":"2021-11-25T07:57:06+00:00","dateModified":"2021-11-25T07:57:08+00:00","description":"Como es bien sabido la Inteligencia Artificial se introduce en todas las actividades y la Defensa es una de ellas. He le\u00eddo sobre algunas de las","breadcrumb":{"@id":"https:\/\/desdelaterrazadeamador.com\/intelig3encia-artificial-usada-en-defensa\/#breadcrumb"},"inLanguage":"en-US","potentialAction":[{"@type":"ReadAction","target":["https:\/\/desdelaterrazadeamador.com\/intelig3encia-artificial-usada-en-defensa\/"]}]},{"@type":"ImageObject","inLanguage":"en-US","@id":"https:\/\/desdelaterrazadeamador.com\/intelig3encia-artificial-usada-en-defensa\/#primaryimage","url":"https:\/\/desdelaterrazadeamador.com\/wp-content\/uploads\/2021\/11\/Inteligencia-artificial.jpg","contentUrl":"https:\/\/desdelaterrazadeamador.com\/wp-content\/uploads\/2021\/11\/Inteligencia-artificial.jpg","width":640,"height":426},{"@type":"BreadcrumbList","@id":"https:\/\/desdelaterrazadeamador.com\/intelig3encia-artificial-usada-en-defensa\/#breadcrumb","itemListElement":[{"@type":"ListItem","position":1,"name":"Portada","item":"https:\/\/desdelaterrazadeamador.com\/"},{"@type":"ListItem","position":2,"name":"La Inteligencia Artificial es cada vez m\u00e1s usada en Defensa"}]},{"@type":"WebSite","@id":"https:\/\/desdelaterrazadeamador.com\/#website","url":"https:\/\/desdelaterrazadeamador.com\/","name":"Desde la terraza de Amador","description":"Free and honest reflections on current social and technological issues","publisher":{"@id":"https:\/\/desdelaterrazadeamador.com\/#\/schema\/person\/0b6966cf66bcc9a2eb35a69e1c074d66"},"potentialAction":[{"@type":"SearchAction","target":{"@type":"EntryPoint","urlTemplate":"https:\/\/desdelaterrazadeamador.com\/?s={search_term_string}"},"query-input":{"@type":"PropertyValueSpecification","valueRequired":true,"valueName":"search_term_string"}}],"inLanguage":"en-US"},{"@type":["Person","Organization"],"@id":"https:\/\/desdelaterrazadeamador.com\/#\/schema\/person\/0b6966cf66bcc9a2eb35a69e1c074d66","name":"Amador Palacios","image":{"@type":"ImageObject","inLanguage":"en-US","@id":"https:\/\/desdelaterrazadeamador.com\/wp-content\/uploads\/2022\/01\/amador-palacios.jpg","url":"https:\/\/desdelaterrazadeamador.com\/wp-content\/uploads\/2022\/01\/amador-palacios.jpg","contentUrl":"https:\/\/desdelaterrazadeamador.com\/wp-content\/uploads\/2022\/01\/amador-palacios.jpg","width":1265,"height":899,"caption":"Amador Palacios"},"logo":{"@id":"https:\/\/desdelaterrazadeamador.com\/wp-content\/uploads\/2022\/01\/amador-palacios.jpg"},"description":"Reflexiones de Amador Palacios sobre temas de Actualidad Social y Tecnol\u00f3gica; otras opiniones diferentes a la m\u00eda son bienvenidas","sameAs":["http:\/\/desdelaterrazadeamador.com","https:\/\/es.linkedin.com\/in\/amador-palacios-499532a","https:\/\/x.com\/https:\/\/twitter.com\/edurneamaya"]}]}},"jetpack_publicize_connections":[],"_links":{"self":[{"href":"https:\/\/desdelaterrazadeamador.com\/en\/wp-json\/wp\/v2\/posts\/272","targetHints":{"allow":["GET"]}}],"collection":[{"href":"https:\/\/desdelaterrazadeamador.com\/en\/wp-json\/wp\/v2\/posts"}],"about":[{"href":"https:\/\/desdelaterrazadeamador.com\/en\/wp-json\/wp\/v2\/types\/post"}],"author":[{"embeddable":true,"href":"https:\/\/desdelaterrazadeamador.com\/en\/wp-json\/wp\/v2\/users\/1"}],"replies":[{"embeddable":true,"href":"https:\/\/desdelaterrazadeamador.com\/en\/wp-json\/wp\/v2\/comments?post=272"}],"version-history":[{"count":1,"href":"https:\/\/desdelaterrazadeamador.com\/en\/wp-json\/wp\/v2\/posts\/272\/revisions"}],"predecessor-version":[{"id":275,"href":"https:\/\/desdelaterrazadeamador.com\/en\/wp-json\/wp\/v2\/posts\/272\/revisions\/275"}],"wp:featuredmedia":[{"embeddable":true,"href":"https:\/\/desdelaterrazadeamador.com\/en\/wp-json\/wp\/v2\/media\/273"}],"wp:attachment":[{"href":"https:\/\/desdelaterrazadeamador.com\/en\/wp-json\/wp\/v2\/media?parent=272"}],"wp:term":[{"taxonomy":"category","embeddable":true,"href":"https:\/\/desdelaterrazadeamador.com\/en\/wp-json\/wp\/v2\/categories?post=272"},{"taxonomy":"post_tag","embeddable":true,"href":"https:\/\/desdelaterrazadeamador.com\/en\/wp-json\/wp\/v2\/tags?post=272"}],"curies":[{"name":"wp","href":"https:\/\/api.w.org\/{rel}","templated":true}]}}