{"id":2527,"date":"2024-01-11T08:50:48","date_gmt":"2024-01-11T07:50:48","guid":{"rendered":"https:\/\/desdelaterrazadeamador.com\/?p=2527"},"modified":"2024-01-14T08:33:20","modified_gmt":"2024-01-14T07:33:20","slug":"la-interconexion-entre-los-automoviles-es-una-parte-fundamental-del-futuro-del-trafico","status":"publish","type":"post","link":"https:\/\/desdelaterrazadeamador.com\/en\/la-interconexion-entre-los-automoviles-es-una-parte-fundamental-del-futuro-del-trafico\/","title":{"rendered":"The interconnection between cars is a fundamental part of the future of traffic"},"content":{"rendered":"<p>Views: 11<\/p>\n<p class=\"wp-block-paragraph\">And that sounds easy, but doing it efficiently is tremendously complex. A quite suitable example is that of mobile phones. There are many mobile phone manufacturers, but they all connect to each other and can share information.<\/p>\n\n\n\n<p class=\"wp-block-paragraph\">What users do not see, and surely do not even think about, is the enormous amount of technology that exists \u201cbelow\u201d (between the systems, the operating companies, etc.) so that the billions of mobile phones that work in the world can share information.<\/p>\n\n\n\n<p class=\"wp-block-paragraph\">And in the case of cars, that complexity rises to higher power. Because cars (and the traffic of the future) will do what cell phones do today, plus many other functions to increase driver safety.<\/p>\n\n\n\n<p class=\"wp-block-paragraph\">Modern cars have many semi-autonomous driving features, and some will one day be even more autonomous. And all this is achieved based on many sensors to capture data, and placing a large computer with powerful hardware and very powerful software in each vehicle.<\/p>\n\n\n\n<p class=\"wp-block-paragraph\">I have read somewhere that a state-of-the-art aircraft like the F-35 has in its on-board computer on the order of 8 million lines of program. By comparison, a modern car already has several million program lines, and the complexities continue to increase.<\/p>\n\n\n\n<figure class=\"wp-block-image size-full is-resized\"><img loading=\"lazy\" decoding=\"async\" width=\"350\" height=\"175\" src=\"https:\/\/desdelaterrazadeamador.com\/wp-content\/uploads\/2024\/01\/Coche-futuro-MODELO.png\" alt=\"\" class=\"wp-image-2528\" style=\"width:482px;height:auto\" srcset=\"https:\/\/desdelaterrazadeamador.com\/wp-content\/uploads\/2024\/01\/Coche-futuro-MODELO.png 350w, https:\/\/desdelaterrazadeamador.com\/wp-content\/uploads\/2024\/01\/Coche-futuro-MODELO-300x150.png 300w, https:\/\/desdelaterrazadeamador.com\/wp-content\/uploads\/2024\/01\/Coche-futuro-MODELO-18x9.png 18w\" sizes=\"auto, (max-width: 350px) 100vw, 350px\" \/><\/figure>\n\n\n\n<p class=\"wp-block-paragraph\">The car within the \u201cInternet of Things\u201d that is already beginning to be seen is like a \u201cbox\u201d full of software, so that this new world they are telling us about is capable of intercommunicating.<\/p>\n\n\n\n<p class=\"wp-block-paragraph\">I am very clear that as time goes by, driving and traffic will become safer, and that will be good because according to the World Health Organization, 1.3 million people die from traffic problems every year. That means 3,700 deaths a day, and makes traffic accidents the main cause of death among young people between 15 and 29 years old.<\/p>\n\n\n\n<p class=\"wp-block-paragraph\">Traffic is a complex problem that affects all countries and cities around the world. Congestion, pollution and safety are just some of the challenges that need to be addressed.<\/p>\n\n\n\n<p class=\"wp-block-paragraph\">Interconnection between vehicles is an emerging technology that has the potential to address many of these challenges. Interconnection allows vehicles to communicate with each other, with infrastructure and with services.<\/p>\n\n\n\n<p class=\"wp-block-paragraph\">But despite the potential benefits, vehicle interconnection also poses some challenges. One of the challenges is the development of common standards that allow different systems to communicate with each other.<\/p>\n\n\n\n<p class=\"wp-block-paragraph\">And another challenge is the implementation of these standards. Existing systems can be difficult to update to make them interoperable.<\/p>\n\n\n\n<p class=\"wp-block-paragraph\">And finally, we cannot forget the problem of citizens' privacy. Cars collect a multitude of data, and much of it is from the users. Protecting our privacy should be a \u201cmust\u201d.<\/p>\n\n\n\n<p class=\"wp-block-paragraph\">What also seems very clear to me is that software companies are going to continue to have a lot of work, although I don't know how much of it will be done by AI systems.<\/p>\n\n\n\n<p class=\"wp-block-paragraph\">Technologies, dear friends, change a lot!!<\/p>","protected":false},"excerpt":{"rendered":"<p>Views: 11 Y eso se dice f\u00e1cil, pero hacerlo de manera eficiente es tremendamente complejo. Un ejemplo bastante adecuado es el de los m\u00f3viles. Hay muchos fabricantes de m\u00f3viles, pero todos ellos se conectan entre si y pueden compartir informaci\u00f3n. Lo que los usuarios no vemos, y seguramente ni siquiera pensamos, es la enorme cantidad [&hellip;]<\/p>\n","protected":false},"author":1,"featured_media":1133,"comment_status":"open","ping_status":"closed","sticky":false,"template":"","format":"standard","meta":{"_crdt_document":"","footnotes":"","jetpack_publicize_message":"","jetpack_publicize_feature_enabled":true,"jetpack_social_post_already_shared":false,"jetpack_social_options":{"image_generator_settings":{"template":"highway","default_image_id":0,"font":"","enabled":false},"version":2}},"categories":[110,109],"tags":[],"class_list":["post-2527","post","type-post","status-publish","format-standard","has-post-thumbnail","hentry","category-cars-vehicles","category-vehicles"],"yoast_head":"<!-- This site is optimized with the Yoast SEO plugin v27.5 - https:\/\/yoast.com\/product\/yoast-seo-wordpress\/ -->\n<title>La interconexi\u00f3n entre los autom\u00f3viles es una parte fundamental del futuro del tr\u00e1fico - Desde la terraza de Amador<\/title>\n<meta name=\"description\" content=\"Y eso se dice f\u00e1cil, pero hacerlo de manera eficiente es tremendamente complejo. Un ejemplo bastante adecuado es el de los m\u00f3viles. Hay muchos fabricantes\" \/>\n<meta name=\"robots\" content=\"index, follow, max-snippet:-1, max-image-preview:large, max-video-preview:-1\" \/>\n<link rel=\"canonical\" href=\"https:\/\/desdelaterrazadeamador.com\/en\/la-interconexion-entre-los-automoviles-es-una-parte-fundamental-del-futuro-del-trafico\/\" \/>\n<meta property=\"og:locale\" content=\"en_US\" \/>\n<meta property=\"og:type\" content=\"article\" \/>\n<meta property=\"og:title\" content=\"La interconexi\u00f3n entre los autom\u00f3viles es una parte fundamental del futuro del tr\u00e1fico - Desde la terraza de Amador\" \/>\n<meta property=\"og:description\" content=\"Y eso se dice f\u00e1cil, pero hacerlo de manera eficiente es tremendamente complejo. Un ejemplo bastante adecuado es el de los m\u00f3viles. Hay muchos fabricantes\" \/>\n<meta property=\"og:url\" content=\"https:\/\/desdelaterrazadeamador.com\/en\/la-interconexion-entre-los-automoviles-es-una-parte-fundamental-del-futuro-del-trafico\/\" \/>\n<meta property=\"og:site_name\" content=\"Desde la terraza de Amador\" \/>\n<meta property=\"article:published_time\" content=\"2024-01-11T07:50:48+00:00\" \/>\n<meta property=\"article:modified_time\" content=\"2024-01-14T07:33:20+00:00\" \/>\n<meta property=\"og:image\" content=\"https:\/\/desdelaterrazadeamador.com\/wp-content\/uploads\/2022\/08\/Coche-MODELO.jpg\" \/>\n\t<meta property=\"og:image:width\" content=\"400\" \/>\n\t<meta property=\"og:image:height\" content=\"300\" \/>\n\t<meta property=\"og:image:type\" content=\"image\/jpeg\" \/>\n<meta name=\"author\" content=\"Amador Palacios\" \/>\n<meta name=\"twitter:card\" content=\"summary_large_image\" \/>\n<meta name=\"twitter:creator\" content=\"@https:\/\/twitter.com\/edurneamaya\" \/>\n<meta name=\"twitter:site\" content=\"@edurneamaya\" \/>\n<meta name=\"twitter:label1\" content=\"Written by\" \/>\n\t<meta name=\"twitter:data1\" content=\"Amador Palacios\" \/>\n\t<meta name=\"twitter:label2\" content=\"Est. reading time\" \/>\n\t<meta name=\"twitter:data2\" content=\"1 minute\" \/>\n<script type=\"application\/ld+json\" class=\"yoast-schema-graph\">{\"@context\":\"https:\\\/\\\/schema.org\",\"@graph\":[{\"@type\":\"Article\",\"@id\":\"https:\\\/\\\/desdelaterrazadeamador.com\\\/la-interconexion-entre-los-automoviles-es-una-parte-fundamental-del-futuro-del-trafico\\\/#article\",\"isPartOf\":{\"@id\":\"https:\\\/\\\/desdelaterrazadeamador.com\\\/la-interconexion-entre-los-automoviles-es-una-parte-fundamental-del-futuro-del-trafico\\\/\"},\"author\":{\"name\":\"Amador Palacios\",\"@id\":\"https:\\\/\\\/desdelaterrazadeamador.com\\\/#\\\/schema\\\/person\\\/0b6966cf66bcc9a2eb35a69e1c074d66\"},\"headline\":\"La interconexi\u00f3n entre los autom\u00f3viles es una parte fundamental del futuro del tr\u00e1fico\",\"datePublished\":\"2024-01-11T07:50:48+00:00\",\"dateModified\":\"2024-01-14T07:33:20+00:00\",\"mainEntityOfPage\":{\"@id\":\"https:\\\/\\\/desdelaterrazadeamador.com\\\/la-interconexion-entre-los-automoviles-es-una-parte-fundamental-del-futuro-del-trafico\\\/\"},\"wordCount\":600,\"commentCount\":0,\"publisher\":{\"@id\":\"https:\\\/\\\/desdelaterrazadeamador.com\\\/#\\\/schema\\\/person\\\/0b6966cf66bcc9a2eb35a69e1c074d66\"},\"image\":{\"@id\":\"https:\\\/\\\/desdelaterrazadeamador.com\\\/la-interconexion-entre-los-automoviles-es-una-parte-fundamental-del-futuro-del-trafico\\\/#primaryimage\"},\"thumbnailUrl\":\"https:\\\/\\\/desdelaterrazadeamador.com\\\/wp-content\\\/uploads\\\/2022\\\/08\\\/Coche-MODELO.jpg\",\"articleSection\":[\"Cars\",\"Vehicles\"],\"inLanguage\":\"en-US\",\"potentialAction\":[{\"@type\":\"CommentAction\",\"name\":\"Comment\",\"target\":[\"https:\\\/\\\/desdelaterrazadeamador.com\\\/la-interconexion-entre-los-automoviles-es-una-parte-fundamental-del-futuro-del-trafico\\\/#respond\"]}]},{\"@type\":\"WebPage\",\"@id\":\"https:\\\/\\\/desdelaterrazadeamador.com\\\/la-interconexion-entre-los-automoviles-es-una-parte-fundamental-del-futuro-del-trafico\\\/\",\"url\":\"https:\\\/\\\/desdelaterrazadeamador.com\\\/la-interconexion-entre-los-automoviles-es-una-parte-fundamental-del-futuro-del-trafico\\\/\",\"name\":\"La interconexi\u00f3n entre los autom\u00f3viles es una parte fundamental del futuro del tr\u00e1fico - Desde la terraza de Amador\",\"isPartOf\":{\"@id\":\"https:\\\/\\\/desdelaterrazadeamador.com\\\/#website\"},\"primaryImageOfPage\":{\"@id\":\"https:\\\/\\\/desdelaterrazadeamador.com\\\/la-interconexion-entre-los-automoviles-es-una-parte-fundamental-del-futuro-del-trafico\\\/#primaryimage\"},\"image\":{\"@id\":\"https:\\\/\\\/desdelaterrazadeamador.com\\\/la-interconexion-entre-los-automoviles-es-una-parte-fundamental-del-futuro-del-trafico\\\/#primaryimage\"},\"thumbnailUrl\":\"https:\\\/\\\/desdelaterrazadeamador.com\\\/wp-content\\\/uploads\\\/2022\\\/08\\\/Coche-MODELO.jpg\",\"datePublished\":\"2024-01-11T07:50:48+00:00\",\"dateModified\":\"2024-01-14T07:33:20+00:00\",\"description\":\"Y eso se dice f\u00e1cil, pero hacerlo de manera eficiente es tremendamente complejo. Un ejemplo bastante adecuado es el de los m\u00f3viles. Hay muchos fabricantes\",\"breadcrumb\":{\"@id\":\"https:\\\/\\\/desdelaterrazadeamador.com\\\/la-interconexion-entre-los-automoviles-es-una-parte-fundamental-del-futuro-del-trafico\\\/#breadcrumb\"},\"inLanguage\":\"en-US\",\"potentialAction\":[{\"@type\":\"ReadAction\",\"target\":[\"https:\\\/\\\/desdelaterrazadeamador.com\\\/la-interconexion-entre-los-automoviles-es-una-parte-fundamental-del-futuro-del-trafico\\\/\"]}]},{\"@type\":\"ImageObject\",\"inLanguage\":\"en-US\",\"@id\":\"https:\\\/\\\/desdelaterrazadeamador.com\\\/la-interconexion-entre-los-automoviles-es-una-parte-fundamental-del-futuro-del-trafico\\\/#primaryimage\",\"url\":\"https:\\\/\\\/desdelaterrazadeamador.com\\\/wp-content\\\/uploads\\\/2022\\\/08\\\/Coche-MODELO.jpg\",\"contentUrl\":\"https:\\\/\\\/desdelaterrazadeamador.com\\\/wp-content\\\/uploads\\\/2022\\\/08\\\/Coche-MODELO.jpg\",\"width\":400,\"height\":300},{\"@type\":\"BreadcrumbList\",\"@id\":\"https:\\\/\\\/desdelaterrazadeamador.com\\\/la-interconexion-entre-los-automoviles-es-una-parte-fundamental-del-futuro-del-trafico\\\/#breadcrumb\",\"itemListElement\":[{\"@type\":\"ListItem\",\"position\":1,\"name\":\"Portada\",\"item\":\"https:\\\/\\\/desdelaterrazadeamador.com\\\/\"},{\"@type\":\"ListItem\",\"position\":2,\"name\":\"La interconexi\u00f3n entre los autom\u00f3viles es una parte fundamental del futuro del tr\u00e1fico\"}]},{\"@type\":\"WebSite\",\"@id\":\"https:\\\/\\\/desdelaterrazadeamador.com\\\/#website\",\"url\":\"https:\\\/\\\/desdelaterrazadeamador.com\\\/\",\"name\":\"Desde la terraza de Amador\",\"description\":\"Reflexiones libres y honestas sobre temas de actualidad social y tecnol\u00f3gica\",\"publisher\":{\"@id\":\"https:\\\/\\\/desdelaterrazadeamador.com\\\/#\\\/schema\\\/person\\\/0b6966cf66bcc9a2eb35a69e1c074d66\"},\"potentialAction\":[{\"@type\":\"SearchAction\",\"target\":{\"@type\":\"EntryPoint\",\"urlTemplate\":\"https:\\\/\\\/desdelaterrazadeamador.com\\\/?s={search_term_string}\"},\"query-input\":{\"@type\":\"PropertyValueSpecification\",\"valueRequired\":true,\"valueName\":\"search_term_string\"}}],\"inLanguage\":\"en-US\"},{\"@type\":[\"Person\",\"Organization\"],\"@id\":\"https:\\\/\\\/desdelaterrazadeamador.com\\\/#\\\/schema\\\/person\\\/0b6966cf66bcc9a2eb35a69e1c074d66\",\"name\":\"Amador Palacios\",\"image\":{\"@type\":\"ImageObject\",\"inLanguage\":\"en-US\",\"@id\":\"https:\\\/\\\/desdelaterrazadeamador.com\\\/wp-content\\\/uploads\\\/2022\\\/01\\\/amador-palacios.jpg\",\"url\":\"https:\\\/\\\/desdelaterrazadeamador.com\\\/wp-content\\\/uploads\\\/2022\\\/01\\\/amador-palacios.jpg\",\"contentUrl\":\"https:\\\/\\\/desdelaterrazadeamador.com\\\/wp-content\\\/uploads\\\/2022\\\/01\\\/amador-palacios.jpg\",\"width\":1265,\"height\":899,\"caption\":\"Amador Palacios\"},\"logo\":{\"@id\":\"https:\\\/\\\/desdelaterrazadeamador.com\\\/wp-content\\\/uploads\\\/2022\\\/01\\\/amador-palacios.jpg\"},\"description\":\"Reflexiones de Amador Palacios sobre temas de Actualidad Social y Tecnol\u00f3gica; otras opiniones diferentes a la m\u00eda son bienvenidas\",\"sameAs\":[\"http:\\\/\\\/desdelaterrazadeamador.com\",\"https:\\\/\\\/es.linkedin.com\\\/in\\\/amador-palacios-499532a\",\"https:\\\/\\\/x.com\\\/https:\\\/\\\/twitter.com\\\/edurneamaya\"]}]}<\/script>\n<!-- \/ Yoast SEO plugin. -->","yoast_head_json":{"title":"La interconexi\u00f3n entre los autom\u00f3viles es una parte fundamental del futuro del tr\u00e1fico - Desde la terraza de Amador","description":"Y eso se dice f\u00e1cil, pero hacerlo de manera eficiente es tremendamente complejo. Un ejemplo bastante adecuado es el de los m\u00f3viles. Hay muchos fabricantes","robots":{"index":"index","follow":"follow","max-snippet":"max-snippet:-1","max-image-preview":"max-image-preview:large","max-video-preview":"max-video-preview:-1"},"canonical":"https:\/\/desdelaterrazadeamador.com\/en\/la-interconexion-entre-los-automoviles-es-una-parte-fundamental-del-futuro-del-trafico\/","og_locale":"en_US","og_type":"article","og_title":"La interconexi\u00f3n entre los autom\u00f3viles es una parte fundamental del futuro del tr\u00e1fico - Desde la terraza de Amador","og_description":"Y eso se dice f\u00e1cil, pero hacerlo de manera eficiente es tremendamente complejo. Un ejemplo bastante adecuado es el de los m\u00f3viles. Hay muchos fabricantes","og_url":"https:\/\/desdelaterrazadeamador.com\/en\/la-interconexion-entre-los-automoviles-es-una-parte-fundamental-del-futuro-del-trafico\/","og_site_name":"Desde la terraza de Amador","article_published_time":"2024-01-11T07:50:48+00:00","article_modified_time":"2024-01-14T07:33:20+00:00","og_image":[{"width":400,"height":300,"url":"https:\/\/desdelaterrazadeamador.com\/wp-content\/uploads\/2022\/08\/Coche-MODELO.jpg","type":"image\/jpeg"}],"author":"Amador Palacios","twitter_card":"summary_large_image","twitter_creator":"@https:\/\/twitter.com\/edurneamaya","twitter_site":"@edurneamaya","twitter_misc":{"Written by":"Amador Palacios","Est. reading time":"1 minute"},"schema":{"@context":"https:\/\/schema.org","@graph":[{"@type":"Article","@id":"https:\/\/desdelaterrazadeamador.com\/la-interconexion-entre-los-automoviles-es-una-parte-fundamental-del-futuro-del-trafico\/#article","isPartOf":{"@id":"https:\/\/desdelaterrazadeamador.com\/la-interconexion-entre-los-automoviles-es-una-parte-fundamental-del-futuro-del-trafico\/"},"author":{"name":"Amador Palacios","@id":"https:\/\/desdelaterrazadeamador.com\/#\/schema\/person\/0b6966cf66bcc9a2eb35a69e1c074d66"},"headline":"La interconexi\u00f3n entre los autom\u00f3viles es una parte fundamental del futuro del tr\u00e1fico","datePublished":"2024-01-11T07:50:48+00:00","dateModified":"2024-01-14T07:33:20+00:00","mainEntityOfPage":{"@id":"https:\/\/desdelaterrazadeamador.com\/la-interconexion-entre-los-automoviles-es-una-parte-fundamental-del-futuro-del-trafico\/"},"wordCount":600,"commentCount":0,"publisher":{"@id":"https:\/\/desdelaterrazadeamador.com\/#\/schema\/person\/0b6966cf66bcc9a2eb35a69e1c074d66"},"image":{"@id":"https:\/\/desdelaterrazadeamador.com\/la-interconexion-entre-los-automoviles-es-una-parte-fundamental-del-futuro-del-trafico\/#primaryimage"},"thumbnailUrl":"https:\/\/desdelaterrazadeamador.com\/wp-content\/uploads\/2022\/08\/Coche-MODELO.jpg","articleSection":["Cars","Vehicles"],"inLanguage":"en-US","potentialAction":[{"@type":"CommentAction","name":"Comment","target":["https:\/\/desdelaterrazadeamador.com\/la-interconexion-entre-los-automoviles-es-una-parte-fundamental-del-futuro-del-trafico\/#respond"]}]},{"@type":"WebPage","@id":"https:\/\/desdelaterrazadeamador.com\/la-interconexion-entre-los-automoviles-es-una-parte-fundamental-del-futuro-del-trafico\/","url":"https:\/\/desdelaterrazadeamador.com\/la-interconexion-entre-los-automoviles-es-una-parte-fundamental-del-futuro-del-trafico\/","name":"La interconexi\u00f3n entre los autom\u00f3viles es una parte fundamental del futuro del tr\u00e1fico - Desde la terraza de Amador","isPartOf":{"@id":"https:\/\/desdelaterrazadeamador.com\/#website"},"primaryImageOfPage":{"@id":"https:\/\/desdelaterrazadeamador.com\/la-interconexion-entre-los-automoviles-es-una-parte-fundamental-del-futuro-del-trafico\/#primaryimage"},"image":{"@id":"https:\/\/desdelaterrazadeamador.com\/la-interconexion-entre-los-automoviles-es-una-parte-fundamental-del-futuro-del-trafico\/#primaryimage"},"thumbnailUrl":"https:\/\/desdelaterrazadeamador.com\/wp-content\/uploads\/2022\/08\/Coche-MODELO.jpg","datePublished":"2024-01-11T07:50:48+00:00","dateModified":"2024-01-14T07:33:20+00:00","description":"Y eso se dice f\u00e1cil, pero hacerlo de manera eficiente es tremendamente complejo. Un ejemplo bastante adecuado es el de los m\u00f3viles. Hay muchos fabricantes","breadcrumb":{"@id":"https:\/\/desdelaterrazadeamador.com\/la-interconexion-entre-los-automoviles-es-una-parte-fundamental-del-futuro-del-trafico\/#breadcrumb"},"inLanguage":"en-US","potentialAction":[{"@type":"ReadAction","target":["https:\/\/desdelaterrazadeamador.com\/la-interconexion-entre-los-automoviles-es-una-parte-fundamental-del-futuro-del-trafico\/"]}]},{"@type":"ImageObject","inLanguage":"en-US","@id":"https:\/\/desdelaterrazadeamador.com\/la-interconexion-entre-los-automoviles-es-una-parte-fundamental-del-futuro-del-trafico\/#primaryimage","url":"https:\/\/desdelaterrazadeamador.com\/wp-content\/uploads\/2022\/08\/Coche-MODELO.jpg","contentUrl":"https:\/\/desdelaterrazadeamador.com\/wp-content\/uploads\/2022\/08\/Coche-MODELO.jpg","width":400,"height":300},{"@type":"BreadcrumbList","@id":"https:\/\/desdelaterrazadeamador.com\/la-interconexion-entre-los-automoviles-es-una-parte-fundamental-del-futuro-del-trafico\/#breadcrumb","itemListElement":[{"@type":"ListItem","position":1,"name":"Portada","item":"https:\/\/desdelaterrazadeamador.com\/"},{"@type":"ListItem","position":2,"name":"La interconexi\u00f3n entre los autom\u00f3viles es una parte fundamental del futuro del tr\u00e1fico"}]},{"@type":"WebSite","@id":"https:\/\/desdelaterrazadeamador.com\/#website","url":"https:\/\/desdelaterrazadeamador.com\/","name":"Desde la terraza de Amador","description":"Free and honest reflections on current social and technological issues","publisher":{"@id":"https:\/\/desdelaterrazadeamador.com\/#\/schema\/person\/0b6966cf66bcc9a2eb35a69e1c074d66"},"potentialAction":[{"@type":"SearchAction","target":{"@type":"EntryPoint","urlTemplate":"https:\/\/desdelaterrazadeamador.com\/?s={search_term_string}"},"query-input":{"@type":"PropertyValueSpecification","valueRequired":true,"valueName":"search_term_string"}}],"inLanguage":"en-US"},{"@type":["Person","Organization"],"@id":"https:\/\/desdelaterrazadeamador.com\/#\/schema\/person\/0b6966cf66bcc9a2eb35a69e1c074d66","name":"Amador Palacios","image":{"@type":"ImageObject","inLanguage":"en-US","@id":"https:\/\/desdelaterrazadeamador.com\/wp-content\/uploads\/2022\/01\/amador-palacios.jpg","url":"https:\/\/desdelaterrazadeamador.com\/wp-content\/uploads\/2022\/01\/amador-palacios.jpg","contentUrl":"https:\/\/desdelaterrazadeamador.com\/wp-content\/uploads\/2022\/01\/amador-palacios.jpg","width":1265,"height":899,"caption":"Amador Palacios"},"logo":{"@id":"https:\/\/desdelaterrazadeamador.com\/wp-content\/uploads\/2022\/01\/amador-palacios.jpg"},"description":"Reflexiones de Amador Palacios sobre temas de Actualidad Social y Tecnol\u00f3gica; otras opiniones diferentes a la m\u00eda son bienvenidas","sameAs":["http:\/\/desdelaterrazadeamador.com","https:\/\/es.linkedin.com\/in\/amador-palacios-499532a","https:\/\/x.com\/https:\/\/twitter.com\/edurneamaya"]}]}},"jetpack_publicize_connections":[],"_links":{"self":[{"href":"https:\/\/desdelaterrazadeamador.com\/en\/wp-json\/wp\/v2\/posts\/2527","targetHints":{"allow":["GET"]}}],"collection":[{"href":"https:\/\/desdelaterrazadeamador.com\/en\/wp-json\/wp\/v2\/posts"}],"about":[{"href":"https:\/\/desdelaterrazadeamador.com\/en\/wp-json\/wp\/v2\/types\/post"}],"author":[{"embeddable":true,"href":"https:\/\/desdelaterrazadeamador.com\/en\/wp-json\/wp\/v2\/users\/1"}],"replies":[{"embeddable":true,"href":"https:\/\/desdelaterrazadeamador.com\/en\/wp-json\/wp\/v2\/comments?post=2527"}],"version-history":[{"count":1,"href":"https:\/\/desdelaterrazadeamador.com\/en\/wp-json\/wp\/v2\/posts\/2527\/revisions"}],"predecessor-version":[{"id":2529,"href":"https:\/\/desdelaterrazadeamador.com\/en\/wp-json\/wp\/v2\/posts\/2527\/revisions\/2529"}],"wp:featuredmedia":[{"embeddable":true,"href":"https:\/\/desdelaterrazadeamador.com\/en\/wp-json\/wp\/v2\/media\/1133"}],"wp:attachment":[{"href":"https:\/\/desdelaterrazadeamador.com\/en\/wp-json\/wp\/v2\/media?parent=2527"}],"wp:term":[{"taxonomy":"category","embeddable":true,"href":"https:\/\/desdelaterrazadeamador.com\/en\/wp-json\/wp\/v2\/categories?post=2527"},{"taxonomy":"post_tag","embeddable":true,"href":"https:\/\/desdelaterrazadeamador.com\/en\/wp-json\/wp\/v2\/tags?post=2527"}],"curies":[{"name":"wp","href":"https:\/\/api.w.org\/{rel}","templated":true}]}}