{"id":251,"date":"2021-11-22T08:18:08","date_gmt":"2021-11-22T08:18:08","guid":{"rendered":"https:\/\/desdelaterrazadeamador.com\/?p=251"},"modified":"2021-11-22T08:18:10","modified_gmt":"2021-11-22T08:18:10","slug":"apple-google-y-los-coches","status":"publish","type":"post","link":"https:\/\/desdelaterrazadeamador.com\/en\/apple-google-y-los-coches\/","title":{"rendered":"Apple, Google and the car manufacturers"},"content":{"rendered":"<p>Views: 29<\/p>\n<p class=\"wp-block-paragraph\">Everyone knows that the future of cars will be more technological, more interconnected and with a great importance of software in the operation and total control of the car. And that\u2019s why the \"big ones\" of software (Apple, Google, and someone else) want to make sure that this market does not escape them and that they will be part of the new platforms of the new cars.<\/p>\n\n\n\n<p class=\"wp-block-paragraph\">And that's also why Apple and Google have been offering their Apple Car <a href=\"https:\/\/appleinsider.com\/inside\/apple-car \">https:\/\/appleinsider.com\/inside\/apple-car <\/a>\u00a0(Car Play) and Google Car <a href=\"https:\/\/waymo.com\/\">https:\/\/waymo.com\/<\/a>\u00a0 with various variants for a few years, so that their \"system\" is within a part of the total car platform, and the more functions it performs, better for them.<\/p>\n\n\n\n<p class=\"wp-block-paragraph\">These systems offers to the car manufacturer its applications for maps and driving assistance, music, door opening, etc ... and they want to introduce themselves in controlling the air conditioning system, seat control, etc ... to participate in maximum of this new market for mobile communications in cars.<\/p>\n\n\n\n<p class=\"wp-block-paragraph\">\u00a0\u00a0\u00a0\u00a0\u00a0\u00a0<\/p>\n\n\n\n<figure class=\"wp-block-image size-full is-resized\"><img loading=\"lazy\" decoding=\"async\" src=\"https:\/\/desdelaterrazadeamador.com\/wp-content\/uploads\/2021\/11\/Apple-car.jpg\" alt=\"\" class=\"wp-image-254\" width=\"375\" height=\"283\" srcset=\"https:\/\/desdelaterrazadeamador.com\/wp-content\/uploads\/2021\/11\/Apple-car.jpg 150w, https:\/\/desdelaterrazadeamador.com\/wp-content\/uploads\/2021\/11\/Apple-car-16x12.jpg 16w\" sizes=\"auto, (max-width: 375px) 100vw, 375px\" \/><\/figure>\n\n\n\n<p class=\"wp-block-paragraph\">But car companies are not stupid and they also want to control the \"systems\" of their vehicles and get the most benefit from them, because at the bottom of it all is to succeed the maximum income.<\/p>\n\n\n\n<p class=\"wp-block-paragraph\">Apple and Google have the advantage of the enormous number of users of their systems (many hundreds of millions of people), but the greats of the automotive sector such as GM, Ford and others, want to be the ones to rule the baton in what they consider to be \"their business \u201c, that of the automotive industry.<\/p>\n\n\n\n<p class=\"wp-block-paragraph\">We are beginning to see a fight between these giants to see who will take the lead, and as always it is more than likely that partial agreements will be reached; although it is clear to me that car manufacturers have very clear their ideas in order not to miss out on this enormous business opportunity that presents itself.<\/p>\n\n\n\n<p class=\"wp-block-paragraph\">For your information, Ford recently hired Doug Field who was responsible for the Apple Car Project.<\/p>\n\n\n\n<p class=\"wp-block-paragraph\">In any case, it is curious to see how large companies (Apple, Google, etc ...) are entering other market areas and they are getting bigger every day.<\/p>\n\n\n\n<p class=\"wp-block-paragraph\">And everything indicates that it will continue to be that way.<\/p>","protected":false},"excerpt":{"rendered":"<p>Views: 29 Todos saben que el futuro de los coches ser\u00e1 m\u00e1s tecnol\u00f3gico, m\u00e1s interconectado y con una gran importancia del software en el funcionamiento y control total del coche. Y por eso los \u201cgrandes\u201d del software ( Apple, Google, y alg\u00fan otro ) quieren asegurarse de que ese mercado no se les escapa y [&hellip;]<\/p>\n","protected":false},"author":1,"featured_media":253,"comment_status":"open","ping_status":"open","sticky":false,"template":"","format":"standard","meta":{"_crdt_document":"","footnotes":"","jetpack_publicize_message":"","jetpack_publicize_feature_enabled":true,"jetpack_social_post_already_shared":false,"jetpack_social_options":{"image_generator_settings":{"template":"highway","default_image_id":0,"font":"","enabled":false},"version":2}},"categories":[110,109],"tags":[],"class_list":["post-251","post","type-post","status-publish","format-standard","has-post-thumbnail","hentry","category-cars-vehicles","category-vehicles"],"yoast_head":"<!-- This site is optimized with the Yoast SEO plugin v27.4 - https:\/\/yoast.com\/product\/yoast-seo-wordpress\/ -->\n<title>Apple, Google y los fabricantes de coches - Desde la terraza de Amador<\/title>\n<meta name=\"description\" content=\"Todos saben que el futuro de los coches ser\u00e1 m\u00e1s tecnol\u00f3gico, m\u00e1s interconectado y con una gran importancia del software en el funcionamiento y control\" \/>\n<meta name=\"robots\" content=\"index, follow, max-snippet:-1, max-image-preview:large, max-video-preview:-1\" \/>\n<link rel=\"canonical\" href=\"https:\/\/desdelaterrazadeamador.com\/en\/apple-google-y-los-coches\/\" \/>\n<meta property=\"og:locale\" content=\"en_US\" \/>\n<meta property=\"og:type\" content=\"article\" \/>\n<meta property=\"og:title\" content=\"Apple, Google y los fabricantes de coches - Desde la terraza de Amador\" \/>\n<meta property=\"og:description\" content=\"Todos saben que el futuro de los coches ser\u00e1 m\u00e1s tecnol\u00f3gico, m\u00e1s interconectado y con una gran importancia del software en el funcionamiento y control\" \/>\n<meta property=\"og:url\" content=\"https:\/\/desdelaterrazadeamador.com\/en\/apple-google-y-los-coches\/\" \/>\n<meta property=\"og:site_name\" content=\"Desde la terraza de Amador\" \/>\n<meta property=\"article:published_time\" content=\"2021-11-22T08:18:08+00:00\" \/>\n<meta property=\"article:modified_time\" content=\"2021-11-22T08:18:10+00:00\" \/>\n<meta property=\"og:image\" content=\"https:\/\/desdelaterrazadeamador.com\/wp-content\/uploads\/2021\/11\/Apple-coche.jpg\" \/>\n\t<meta property=\"og:image:width\" content=\"640\" \/>\n\t<meta property=\"og:image:height\" content=\"426\" \/>\n\t<meta property=\"og:image:type\" content=\"image\/jpeg\" \/>\n<meta name=\"author\" content=\"Amador Palacios\" \/>\n<meta name=\"twitter:card\" content=\"summary_large_image\" \/>\n<meta name=\"twitter:creator\" content=\"@https:\/\/twitter.com\/edurneamaya\" \/>\n<meta name=\"twitter:site\" content=\"@edurneamaya\" \/>\n<meta name=\"twitter:label1\" content=\"Written by\" \/>\n\t<meta name=\"twitter:data1\" content=\"Amador Palacios\" \/>\n\t<meta name=\"twitter:label2\" content=\"Est. reading time\" \/>\n\t<meta name=\"twitter:data2\" content=\"2 minutes\" \/>\n<script type=\"application\/ld+json\" class=\"yoast-schema-graph\">{\"@context\":\"https:\\\/\\\/schema.org\",\"@graph\":[{\"@type\":\"Article\",\"@id\":\"https:\\\/\\\/desdelaterrazadeamador.com\\\/apple-google-y-los-coches\\\/#article\",\"isPartOf\":{\"@id\":\"https:\\\/\\\/desdelaterrazadeamador.com\\\/apple-google-y-los-coches\\\/\"},\"author\":{\"name\":\"Amador Palacios\",\"@id\":\"https:\\\/\\\/desdelaterrazadeamador.com\\\/#\\\/schema\\\/person\\\/0b6966cf66bcc9a2eb35a69e1c074d66\"},\"headline\":\"Apple, Google y los fabricantes de coches\",\"datePublished\":\"2021-11-22T08:18:08+00:00\",\"dateModified\":\"2021-11-22T08:18:10+00:00\",\"mainEntityOfPage\":{\"@id\":\"https:\\\/\\\/desdelaterrazadeamador.com\\\/apple-google-y-los-coches\\\/\"},\"wordCount\":410,\"commentCount\":0,\"publisher\":{\"@id\":\"https:\\\/\\\/desdelaterrazadeamador.com\\\/#\\\/schema\\\/person\\\/0b6966cf66bcc9a2eb35a69e1c074d66\"},\"image\":{\"@id\":\"https:\\\/\\\/desdelaterrazadeamador.com\\\/apple-google-y-los-coches\\\/#primaryimage\"},\"thumbnailUrl\":\"https:\\\/\\\/desdelaterrazadeamador.com\\\/wp-content\\\/uploads\\\/2021\\\/11\\\/Apple-coche.jpg\",\"articleSection\":[\"Cars\",\"Vehicles\"],\"inLanguage\":\"en-US\",\"potentialAction\":[{\"@type\":\"CommentAction\",\"name\":\"Comment\",\"target\":[\"https:\\\/\\\/desdelaterrazadeamador.com\\\/apple-google-y-los-coches\\\/#respond\"]}]},{\"@type\":\"WebPage\",\"@id\":\"https:\\\/\\\/desdelaterrazadeamador.com\\\/apple-google-y-los-coches\\\/\",\"url\":\"https:\\\/\\\/desdelaterrazadeamador.com\\\/apple-google-y-los-coches\\\/\",\"name\":\"Apple, Google y los fabricantes de coches - Desde la terraza de Amador\",\"isPartOf\":{\"@id\":\"https:\\\/\\\/desdelaterrazadeamador.com\\\/#website\"},\"primaryImageOfPage\":{\"@id\":\"https:\\\/\\\/desdelaterrazadeamador.com\\\/apple-google-y-los-coches\\\/#primaryimage\"},\"image\":{\"@id\":\"https:\\\/\\\/desdelaterrazadeamador.com\\\/apple-google-y-los-coches\\\/#primaryimage\"},\"thumbnailUrl\":\"https:\\\/\\\/desdelaterrazadeamador.com\\\/wp-content\\\/uploads\\\/2021\\\/11\\\/Apple-coche.jpg\",\"datePublished\":\"2021-11-22T08:18:08+00:00\",\"dateModified\":\"2021-11-22T08:18:10+00:00\",\"description\":\"Todos saben que el futuro de los coches ser\u00e1 m\u00e1s tecnol\u00f3gico, m\u00e1s interconectado y con una gran importancia del software en el funcionamiento y control\",\"breadcrumb\":{\"@id\":\"https:\\\/\\\/desdelaterrazadeamador.com\\\/apple-google-y-los-coches\\\/#breadcrumb\"},\"inLanguage\":\"en-US\",\"potentialAction\":[{\"@type\":\"ReadAction\",\"target\":[\"https:\\\/\\\/desdelaterrazadeamador.com\\\/apple-google-y-los-coches\\\/\"]}]},{\"@type\":\"ImageObject\",\"inLanguage\":\"en-US\",\"@id\":\"https:\\\/\\\/desdelaterrazadeamador.com\\\/apple-google-y-los-coches\\\/#primaryimage\",\"url\":\"https:\\\/\\\/desdelaterrazadeamador.com\\\/wp-content\\\/uploads\\\/2021\\\/11\\\/Apple-coche.jpg\",\"contentUrl\":\"https:\\\/\\\/desdelaterrazadeamador.com\\\/wp-content\\\/uploads\\\/2021\\\/11\\\/Apple-coche.jpg\",\"width\":640,\"height\":426},{\"@type\":\"BreadcrumbList\",\"@id\":\"https:\\\/\\\/desdelaterrazadeamador.com\\\/apple-google-y-los-coches\\\/#breadcrumb\",\"itemListElement\":[{\"@type\":\"ListItem\",\"position\":1,\"name\":\"Portada\",\"item\":\"https:\\\/\\\/desdelaterrazadeamador.com\\\/\"},{\"@type\":\"ListItem\",\"position\":2,\"name\":\"Apple, Google y los fabricantes de coches\"}]},{\"@type\":\"WebSite\",\"@id\":\"https:\\\/\\\/desdelaterrazadeamador.com\\\/#website\",\"url\":\"https:\\\/\\\/desdelaterrazadeamador.com\\\/\",\"name\":\"Desde la terraza de Amador\",\"description\":\"Reflexiones libres y honestas sobre temas de actualidad social y tecnol\u00f3gica\",\"publisher\":{\"@id\":\"https:\\\/\\\/desdelaterrazadeamador.com\\\/#\\\/schema\\\/person\\\/0b6966cf66bcc9a2eb35a69e1c074d66\"},\"potentialAction\":[{\"@type\":\"SearchAction\",\"target\":{\"@type\":\"EntryPoint\",\"urlTemplate\":\"https:\\\/\\\/desdelaterrazadeamador.com\\\/?s={search_term_string}\"},\"query-input\":{\"@type\":\"PropertyValueSpecification\",\"valueRequired\":true,\"valueName\":\"search_term_string\"}}],\"inLanguage\":\"en-US\"},{\"@type\":[\"Person\",\"Organization\"],\"@id\":\"https:\\\/\\\/desdelaterrazadeamador.com\\\/#\\\/schema\\\/person\\\/0b6966cf66bcc9a2eb35a69e1c074d66\",\"name\":\"Amador Palacios\",\"image\":{\"@type\":\"ImageObject\",\"inLanguage\":\"en-US\",\"@id\":\"https:\\\/\\\/desdelaterrazadeamador.com\\\/wp-content\\\/uploads\\\/2022\\\/01\\\/amador-palacios.jpg\",\"url\":\"https:\\\/\\\/desdelaterrazadeamador.com\\\/wp-content\\\/uploads\\\/2022\\\/01\\\/amador-palacios.jpg\",\"contentUrl\":\"https:\\\/\\\/desdelaterrazadeamador.com\\\/wp-content\\\/uploads\\\/2022\\\/01\\\/amador-palacios.jpg\",\"width\":1265,\"height\":899,\"caption\":\"Amador Palacios\"},\"logo\":{\"@id\":\"https:\\\/\\\/desdelaterrazadeamador.com\\\/wp-content\\\/uploads\\\/2022\\\/01\\\/amador-palacios.jpg\"},\"description\":\"Reflexiones de Amador Palacios sobre temas de Actualidad Social y Tecnol\u00f3gica; otras opiniones diferentes a la m\u00eda son bienvenidas\",\"sameAs\":[\"http:\\\/\\\/desdelaterrazadeamador.com\",\"https:\\\/\\\/es.linkedin.com\\\/in\\\/amador-palacios-499532a\",\"https:\\\/\\\/x.com\\\/https:\\\/\\\/twitter.com\\\/edurneamaya\"]}]}<\/script>\n<!-- \/ Yoast SEO plugin. -->","yoast_head_json":{"title":"Apple, Google y los fabricantes de coches - Desde la terraza de Amador","description":"Todos saben que el futuro de los coches ser\u00e1 m\u00e1s tecnol\u00f3gico, m\u00e1s interconectado y con una gran importancia del software en el funcionamiento y control","robots":{"index":"index","follow":"follow","max-snippet":"max-snippet:-1","max-image-preview":"max-image-preview:large","max-video-preview":"max-video-preview:-1"},"canonical":"https:\/\/desdelaterrazadeamador.com\/en\/apple-google-y-los-coches\/","og_locale":"en_US","og_type":"article","og_title":"Apple, Google y los fabricantes de coches - Desde la terraza de Amador","og_description":"Todos saben que el futuro de los coches ser\u00e1 m\u00e1s tecnol\u00f3gico, m\u00e1s interconectado y con una gran importancia del software en el funcionamiento y control","og_url":"https:\/\/desdelaterrazadeamador.com\/en\/apple-google-y-los-coches\/","og_site_name":"Desde la terraza de Amador","article_published_time":"2021-11-22T08:18:08+00:00","article_modified_time":"2021-11-22T08:18:10+00:00","og_image":[{"width":640,"height":426,"url":"https:\/\/desdelaterrazadeamador.com\/wp-content\/uploads\/2021\/11\/Apple-coche.jpg","type":"image\/jpeg"}],"author":"Amador Palacios","twitter_card":"summary_large_image","twitter_creator":"@https:\/\/twitter.com\/edurneamaya","twitter_site":"@edurneamaya","twitter_misc":{"Written by":"Amador Palacios","Est. reading time":"2 minutes"},"schema":{"@context":"https:\/\/schema.org","@graph":[{"@type":"Article","@id":"https:\/\/desdelaterrazadeamador.com\/apple-google-y-los-coches\/#article","isPartOf":{"@id":"https:\/\/desdelaterrazadeamador.com\/apple-google-y-los-coches\/"},"author":{"name":"Amador Palacios","@id":"https:\/\/desdelaterrazadeamador.com\/#\/schema\/person\/0b6966cf66bcc9a2eb35a69e1c074d66"},"headline":"Apple, Google y los fabricantes de coches","datePublished":"2021-11-22T08:18:08+00:00","dateModified":"2021-11-22T08:18:10+00:00","mainEntityOfPage":{"@id":"https:\/\/desdelaterrazadeamador.com\/apple-google-y-los-coches\/"},"wordCount":410,"commentCount":0,"publisher":{"@id":"https:\/\/desdelaterrazadeamador.com\/#\/schema\/person\/0b6966cf66bcc9a2eb35a69e1c074d66"},"image":{"@id":"https:\/\/desdelaterrazadeamador.com\/apple-google-y-los-coches\/#primaryimage"},"thumbnailUrl":"https:\/\/desdelaterrazadeamador.com\/wp-content\/uploads\/2021\/11\/Apple-coche.jpg","articleSection":["Cars","Vehicles"],"inLanguage":"en-US","potentialAction":[{"@type":"CommentAction","name":"Comment","target":["https:\/\/desdelaterrazadeamador.com\/apple-google-y-los-coches\/#respond"]}]},{"@type":"WebPage","@id":"https:\/\/desdelaterrazadeamador.com\/apple-google-y-los-coches\/","url":"https:\/\/desdelaterrazadeamador.com\/apple-google-y-los-coches\/","name":"Apple, Google y los fabricantes de coches - Desde la terraza de Amador","isPartOf":{"@id":"https:\/\/desdelaterrazadeamador.com\/#website"},"primaryImageOfPage":{"@id":"https:\/\/desdelaterrazadeamador.com\/apple-google-y-los-coches\/#primaryimage"},"image":{"@id":"https:\/\/desdelaterrazadeamador.com\/apple-google-y-los-coches\/#primaryimage"},"thumbnailUrl":"https:\/\/desdelaterrazadeamador.com\/wp-content\/uploads\/2021\/11\/Apple-coche.jpg","datePublished":"2021-11-22T08:18:08+00:00","dateModified":"2021-11-22T08:18:10+00:00","description":"Todos saben que el futuro de los coches ser\u00e1 m\u00e1s tecnol\u00f3gico, m\u00e1s interconectado y con una gran importancia del software en el funcionamiento y control","breadcrumb":{"@id":"https:\/\/desdelaterrazadeamador.com\/apple-google-y-los-coches\/#breadcrumb"},"inLanguage":"en-US","potentialAction":[{"@type":"ReadAction","target":["https:\/\/desdelaterrazadeamador.com\/apple-google-y-los-coches\/"]}]},{"@type":"ImageObject","inLanguage":"en-US","@id":"https:\/\/desdelaterrazadeamador.com\/apple-google-y-los-coches\/#primaryimage","url":"https:\/\/desdelaterrazadeamador.com\/wp-content\/uploads\/2021\/11\/Apple-coche.jpg","contentUrl":"https:\/\/desdelaterrazadeamador.com\/wp-content\/uploads\/2021\/11\/Apple-coche.jpg","width":640,"height":426},{"@type":"BreadcrumbList","@id":"https:\/\/desdelaterrazadeamador.com\/apple-google-y-los-coches\/#breadcrumb","itemListElement":[{"@type":"ListItem","position":1,"name":"Portada","item":"https:\/\/desdelaterrazadeamador.com\/"},{"@type":"ListItem","position":2,"name":"Apple, Google y los fabricantes de coches"}]},{"@type":"WebSite","@id":"https:\/\/desdelaterrazadeamador.com\/#website","url":"https:\/\/desdelaterrazadeamador.com\/","name":"Desde la terraza de Amador","description":"Free and honest reflections on current social and technological issues","publisher":{"@id":"https:\/\/desdelaterrazadeamador.com\/#\/schema\/person\/0b6966cf66bcc9a2eb35a69e1c074d66"},"potentialAction":[{"@type":"SearchAction","target":{"@type":"EntryPoint","urlTemplate":"https:\/\/desdelaterrazadeamador.com\/?s={search_term_string}"},"query-input":{"@type":"PropertyValueSpecification","valueRequired":true,"valueName":"search_term_string"}}],"inLanguage":"en-US"},{"@type":["Person","Organization"],"@id":"https:\/\/desdelaterrazadeamador.com\/#\/schema\/person\/0b6966cf66bcc9a2eb35a69e1c074d66","name":"Amador Palacios","image":{"@type":"ImageObject","inLanguage":"en-US","@id":"https:\/\/desdelaterrazadeamador.com\/wp-content\/uploads\/2022\/01\/amador-palacios.jpg","url":"https:\/\/desdelaterrazadeamador.com\/wp-content\/uploads\/2022\/01\/amador-palacios.jpg","contentUrl":"https:\/\/desdelaterrazadeamador.com\/wp-content\/uploads\/2022\/01\/amador-palacios.jpg","width":1265,"height":899,"caption":"Amador Palacios"},"logo":{"@id":"https:\/\/desdelaterrazadeamador.com\/wp-content\/uploads\/2022\/01\/amador-palacios.jpg"},"description":"Reflexiones de Amador Palacios sobre temas de Actualidad Social y Tecnol\u00f3gica; otras opiniones diferentes a la m\u00eda son bienvenidas","sameAs":["http:\/\/desdelaterrazadeamador.com","https:\/\/es.linkedin.com\/in\/amador-palacios-499532a","https:\/\/x.com\/https:\/\/twitter.com\/edurneamaya"]}]}},"jetpack_publicize_connections":[],"_links":{"self":[{"href":"https:\/\/desdelaterrazadeamador.com\/en\/wp-json\/wp\/v2\/posts\/251","targetHints":{"allow":["GET"]}}],"collection":[{"href":"https:\/\/desdelaterrazadeamador.com\/en\/wp-json\/wp\/v2\/posts"}],"about":[{"href":"https:\/\/desdelaterrazadeamador.com\/en\/wp-json\/wp\/v2\/types\/post"}],"author":[{"embeddable":true,"href":"https:\/\/desdelaterrazadeamador.com\/en\/wp-json\/wp\/v2\/users\/1"}],"replies":[{"embeddable":true,"href":"https:\/\/desdelaterrazadeamador.com\/en\/wp-json\/wp\/v2\/comments?post=251"}],"version-history":[{"count":1,"href":"https:\/\/desdelaterrazadeamador.com\/en\/wp-json\/wp\/v2\/posts\/251\/revisions"}],"predecessor-version":[{"id":255,"href":"https:\/\/desdelaterrazadeamador.com\/en\/wp-json\/wp\/v2\/posts\/251\/revisions\/255"}],"wp:featuredmedia":[{"embeddable":true,"href":"https:\/\/desdelaterrazadeamador.com\/en\/wp-json\/wp\/v2\/media\/253"}],"wp:attachment":[{"href":"https:\/\/desdelaterrazadeamador.com\/en\/wp-json\/wp\/v2\/media?parent=251"}],"wp:term":[{"taxonomy":"category","embeddable":true,"href":"https:\/\/desdelaterrazadeamador.com\/en\/wp-json\/wp\/v2\/categories?post=251"},{"taxonomy":"post_tag","embeddable":true,"href":"https:\/\/desdelaterrazadeamador.com\/en\/wp-json\/wp\/v2\/tags?post=251"}],"curies":[{"name":"wp","href":"https:\/\/api.w.org\/{rel}","templated":true}]}}