{"id":242,"date":"2021-11-18T07:56:40","date_gmt":"2021-11-18T07:56:40","guid":{"rendered":"https:\/\/desdelaterrazadeamador.com\/?p=242"},"modified":"2021-11-18T07:56:42","modified_gmt":"2021-11-18T07:56:42","slug":"general-motors-anuncia-plataforma-software","status":"publish","type":"post","link":"https:\/\/desdelaterrazadeamador.com\/en\/general-motors-anuncia-plataforma-software\/","title":{"rendered":"General Motors announces a software platform for its future cars"},"content":{"rendered":"<p>Views: 32<\/p>\n<p class=\"wp-block-paragraph\">General Motors has announced a profound change in its future manufacturing and sales strategy, announcing that in the (near?) future it will separate the <strong>Platform<\/strong> from the car from the <strong>Software<\/strong> that controls it.<\/p>\n\n\n\n<p class=\"wp-block-paragraph\">A few months ago I reflected on the tendency of car manufacturers to behave like smart-phone manufacturers and make money with APPs and their updates. And this is the first step for a large company in that direction. The others will follow, and quickly.<\/p>\n\n\n\n<p class=\"wp-block-paragraph\">They have called the new software platform <strong>Ultifi<\/strong> and will be incorporating it in the new vehicles that appear from the year 2023.<\/p>\n\n\n\n<p class=\"wp-block-paragraph\">The new General Motors cars will be made up of two parts: a vehicle intelligence platform (VIP) and a software platform (Ultifi), with the software controlling the vehicle.<\/p>\n\n\n\n<p class=\"wp-block-paragraph\">Similar to what happens on a mobile phone or on a computer.<\/p>\n\n\n\n<figure class=\"wp-block-image size-full is-resized\"><img loading=\"lazy\" decoding=\"async\" src=\"https:\/\/desdelaterrazadeamador.com\/wp-content\/uploads\/2021\/11\/Ultifi.jpg\" alt=\"\" class=\"wp-image-244\" width=\"620\" height=\"349\" srcset=\"https:\/\/desdelaterrazadeamador.com\/wp-content\/uploads\/2021\/11\/Ultifi.jpg 533w, https:\/\/desdelaterrazadeamador.com\/wp-content\/uploads\/2021\/11\/Ultifi-300x169.jpg 300w, https:\/\/desdelaterrazadeamador.com\/wp-content\/uploads\/2021\/11\/Ultifi-18x10.jpg 18w\" sizes=\"auto, (max-width: 620px) 100vw, 620px\" \/><\/figure>\n\n\n\n<p class=\"wp-block-paragraph\">This is the first step for General Motors to change its business model, and in the future revenues will come from two paths: through the platform (when the vehicle is sold and with subsequent spare parts) and through software modifications and APP's that are included.<\/p>\n\n\n\n<p class=\"wp-block-paragraph\">GM has already announced that it will open its platform to external software developers to develop applications, and the degree of percentage that these will take when customers pay for them is yet to be decided.<\/p>\n\n\n\n<p class=\"wp-block-paragraph\">Because one thing is clear at General Motors, and that is that they will enter what customers pay and then they will make the corresponding distribution to the companies that collaborate with them. Because we all know that the one who distributes and distributes well, always gets the best part.<\/p>\n\n\n\n<p class=\"wp-block-paragraph\">Just like Apple.<\/p>\n\n\n\n<p class=\"wp-block-paragraph\">It is clear that cars are going to have greater customization possibilities every day and almost all of this will be through software. And throughout the life of the car, manufacturers are going to be making income from the sales of their vehicles.<\/p>\n\n\n\n<p class=\"wp-block-paragraph\">Just like Apple.<\/p>\n\n\n\n<p class=\"wp-block-paragraph\"><\/p>\n\n\n\n<p class=\"wp-block-paragraph\">I think it is very clear where the future of the automotive industry is going.<\/p>\n\n\n\n<p class=\"wp-block-paragraph\"><\/p>","protected":false},"excerpt":{"rendered":"<p>Views: 32 General Motors ha anunciado un cambio profundo en su estrategia futura de fabricaci\u00f3n y venta, al decir que en el futuro ( pr\u00f3ximo ? ) va a separar la Plataforma del coche del Software que la controla. Hace ya unos meses reflexion\u00e9 sobre la tendencia de los constructores de autom\u00f3viles a comportarse como [&hellip;]<\/p>\n","protected":false},"author":1,"featured_media":243,"comment_status":"open","ping_status":"open","sticky":false,"template":"","format":"standard","meta":{"_crdt_document":"","footnotes":"","jetpack_publicize_message":"","jetpack_publicize_feature_enabled":true,"jetpack_social_post_already_shared":false,"jetpack_social_options":{"image_generator_settings":{"template":"highway","default_image_id":0,"font":"","enabled":false},"version":2}},"categories":[110,109],"tags":[],"class_list":["post-242","post","type-post","status-publish","format-standard","has-post-thumbnail","hentry","category-cars-vehicles","category-vehicles"],"yoast_head":"<!-- This site is optimized with the Yoast SEO plugin v27.4 - https:\/\/yoast.com\/product\/yoast-seo-wordpress\/ -->\n<title>General Motors anuncia la plataforma de software para sus coches futuros - Desde la terraza de Amador<\/title>\n<meta name=\"description\" content=\"General Motors ha anunciado un cambio profundo en su estrategia futura de fabricaci\u00f3n y venta, al decir que en el futuro ( pr\u00f3ximo ? ) va a separar la\" \/>\n<meta name=\"robots\" content=\"index, follow, max-snippet:-1, max-image-preview:large, max-video-preview:-1\" \/>\n<link rel=\"canonical\" href=\"https:\/\/desdelaterrazadeamador.com\/en\/general-motors-anuncia-plataforma-software\/\" \/>\n<meta property=\"og:locale\" content=\"en_US\" \/>\n<meta property=\"og:type\" content=\"article\" \/>\n<meta property=\"og:title\" content=\"General Motors anuncia la plataforma de software para sus coches futuros - Desde la terraza de Amador\" \/>\n<meta property=\"og:description\" content=\"General Motors ha anunciado un cambio profundo en su estrategia futura de fabricaci\u00f3n y venta, al decir que en el futuro ( pr\u00f3ximo ? ) va a separar la\" \/>\n<meta property=\"og:url\" content=\"https:\/\/desdelaterrazadeamador.com\/en\/general-motors-anuncia-plataforma-software\/\" \/>\n<meta property=\"og:site_name\" content=\"Desde la terraza de Amador\" \/>\n<meta property=\"article:published_time\" content=\"2021-11-18T07:56:40+00:00\" \/>\n<meta property=\"article:modified_time\" content=\"2021-11-18T07:56:42+00:00\" \/>\n<meta property=\"og:image\" content=\"https:\/\/desdelaterrazadeamador.com\/wp-content\/uploads\/2021\/11\/G-Motors.jpg\" \/>\n\t<meta property=\"og:image:width\" content=\"200\" \/>\n\t<meta property=\"og:image:height\" content=\"200\" \/>\n\t<meta property=\"og:image:type\" content=\"image\/jpeg\" \/>\n<meta name=\"author\" content=\"Amador Palacios\" \/>\n<meta name=\"twitter:card\" content=\"summary_large_image\" \/>\n<meta name=\"twitter:creator\" content=\"@https:\/\/twitter.com\/edurneamaya\" \/>\n<meta name=\"twitter:site\" content=\"@edurneamaya\" \/>\n<meta name=\"twitter:label1\" content=\"Written by\" \/>\n\t<meta name=\"twitter:data1\" content=\"Amador Palacios\" \/>\n\t<meta name=\"twitter:label2\" content=\"Est. reading time\" \/>\n\t<meta name=\"twitter:data2\" content=\"2 minutes\" \/>\n<script type=\"application\/ld+json\" class=\"yoast-schema-graph\">{\"@context\":\"https:\\\/\\\/schema.org\",\"@graph\":[{\"@type\":\"Article\",\"@id\":\"https:\\\/\\\/desdelaterrazadeamador.com\\\/general-motors-anuncia-plataforma-software\\\/#article\",\"isPartOf\":{\"@id\":\"https:\\\/\\\/desdelaterrazadeamador.com\\\/general-motors-anuncia-plataforma-software\\\/\"},\"author\":{\"name\":\"Amador Palacios\",\"@id\":\"https:\\\/\\\/desdelaterrazadeamador.com\\\/#\\\/schema\\\/person\\\/0b6966cf66bcc9a2eb35a69e1c074d66\"},\"headline\":\"General Motors anuncia la plataforma de software para sus coches futuros\",\"datePublished\":\"2021-11-18T07:56:40+00:00\",\"dateModified\":\"2021-11-18T07:56:42+00:00\",\"mainEntityOfPage\":{\"@id\":\"https:\\\/\\\/desdelaterrazadeamador.com\\\/general-motors-anuncia-plataforma-software\\\/\"},\"wordCount\":386,\"commentCount\":0,\"publisher\":{\"@id\":\"https:\\\/\\\/desdelaterrazadeamador.com\\\/#\\\/schema\\\/person\\\/0b6966cf66bcc9a2eb35a69e1c074d66\"},\"image\":{\"@id\":\"https:\\\/\\\/desdelaterrazadeamador.com\\\/general-motors-anuncia-plataforma-software\\\/#primaryimage\"},\"thumbnailUrl\":\"https:\\\/\\\/desdelaterrazadeamador.com\\\/wp-content\\\/uploads\\\/2021\\\/11\\\/G-Motors.jpg\",\"articleSection\":[\"Cars\",\"Vehicles\"],\"inLanguage\":\"en-US\",\"potentialAction\":[{\"@type\":\"CommentAction\",\"name\":\"Comment\",\"target\":[\"https:\\\/\\\/desdelaterrazadeamador.com\\\/general-motors-anuncia-plataforma-software\\\/#respond\"]}]},{\"@type\":\"WebPage\",\"@id\":\"https:\\\/\\\/desdelaterrazadeamador.com\\\/general-motors-anuncia-plataforma-software\\\/\",\"url\":\"https:\\\/\\\/desdelaterrazadeamador.com\\\/general-motors-anuncia-plataforma-software\\\/\",\"name\":\"General Motors anuncia la plataforma de software para sus coches futuros - Desde la terraza de Amador\",\"isPartOf\":{\"@id\":\"https:\\\/\\\/desdelaterrazadeamador.com\\\/#website\"},\"primaryImageOfPage\":{\"@id\":\"https:\\\/\\\/desdelaterrazadeamador.com\\\/general-motors-anuncia-plataforma-software\\\/#primaryimage\"},\"image\":{\"@id\":\"https:\\\/\\\/desdelaterrazadeamador.com\\\/general-motors-anuncia-plataforma-software\\\/#primaryimage\"},\"thumbnailUrl\":\"https:\\\/\\\/desdelaterrazadeamador.com\\\/wp-content\\\/uploads\\\/2021\\\/11\\\/G-Motors.jpg\",\"datePublished\":\"2021-11-18T07:56:40+00:00\",\"dateModified\":\"2021-11-18T07:56:42+00:00\",\"description\":\"General Motors ha anunciado un cambio profundo en su estrategia futura de fabricaci\u00f3n y venta, al decir que en el futuro ( pr\u00f3ximo ? ) va a separar la\",\"breadcrumb\":{\"@id\":\"https:\\\/\\\/desdelaterrazadeamador.com\\\/general-motors-anuncia-plataforma-software\\\/#breadcrumb\"},\"inLanguage\":\"en-US\",\"potentialAction\":[{\"@type\":\"ReadAction\",\"target\":[\"https:\\\/\\\/desdelaterrazadeamador.com\\\/general-motors-anuncia-plataforma-software\\\/\"]}]},{\"@type\":\"ImageObject\",\"inLanguage\":\"en-US\",\"@id\":\"https:\\\/\\\/desdelaterrazadeamador.com\\\/general-motors-anuncia-plataforma-software\\\/#primaryimage\",\"url\":\"https:\\\/\\\/desdelaterrazadeamador.com\\\/wp-content\\\/uploads\\\/2021\\\/11\\\/G-Motors.jpg\",\"contentUrl\":\"https:\\\/\\\/desdelaterrazadeamador.com\\\/wp-content\\\/uploads\\\/2021\\\/11\\\/G-Motors.jpg\",\"width\":200,\"height\":200},{\"@type\":\"BreadcrumbList\",\"@id\":\"https:\\\/\\\/desdelaterrazadeamador.com\\\/general-motors-anuncia-plataforma-software\\\/#breadcrumb\",\"itemListElement\":[{\"@type\":\"ListItem\",\"position\":1,\"name\":\"Portada\",\"item\":\"https:\\\/\\\/desdelaterrazadeamador.com\\\/\"},{\"@type\":\"ListItem\",\"position\":2,\"name\":\"General Motors anuncia la plataforma de software para sus coches futuros\"}]},{\"@type\":\"WebSite\",\"@id\":\"https:\\\/\\\/desdelaterrazadeamador.com\\\/#website\",\"url\":\"https:\\\/\\\/desdelaterrazadeamador.com\\\/\",\"name\":\"Desde la terraza de Amador\",\"description\":\"Reflexiones libres y honestas sobre temas de actualidad social y tecnol\u00f3gica\",\"publisher\":{\"@id\":\"https:\\\/\\\/desdelaterrazadeamador.com\\\/#\\\/schema\\\/person\\\/0b6966cf66bcc9a2eb35a69e1c074d66\"},\"potentialAction\":[{\"@type\":\"SearchAction\",\"target\":{\"@type\":\"EntryPoint\",\"urlTemplate\":\"https:\\\/\\\/desdelaterrazadeamador.com\\\/?s={search_term_string}\"},\"query-input\":{\"@type\":\"PropertyValueSpecification\",\"valueRequired\":true,\"valueName\":\"search_term_string\"}}],\"inLanguage\":\"en-US\"},{\"@type\":[\"Person\",\"Organization\"],\"@id\":\"https:\\\/\\\/desdelaterrazadeamador.com\\\/#\\\/schema\\\/person\\\/0b6966cf66bcc9a2eb35a69e1c074d66\",\"name\":\"Amador Palacios\",\"image\":{\"@type\":\"ImageObject\",\"inLanguage\":\"en-US\",\"@id\":\"https:\\\/\\\/desdelaterrazadeamador.com\\\/wp-content\\\/uploads\\\/2022\\\/01\\\/amador-palacios.jpg\",\"url\":\"https:\\\/\\\/desdelaterrazadeamador.com\\\/wp-content\\\/uploads\\\/2022\\\/01\\\/amador-palacios.jpg\",\"contentUrl\":\"https:\\\/\\\/desdelaterrazadeamador.com\\\/wp-content\\\/uploads\\\/2022\\\/01\\\/amador-palacios.jpg\",\"width\":1265,\"height\":899,\"caption\":\"Amador Palacios\"},\"logo\":{\"@id\":\"https:\\\/\\\/desdelaterrazadeamador.com\\\/wp-content\\\/uploads\\\/2022\\\/01\\\/amador-palacios.jpg\"},\"description\":\"Reflexiones de Amador Palacios sobre temas de Actualidad Social y Tecnol\u00f3gica; otras opiniones diferentes a la m\u00eda son bienvenidas\",\"sameAs\":[\"http:\\\/\\\/desdelaterrazadeamador.com\",\"https:\\\/\\\/es.linkedin.com\\\/in\\\/amador-palacios-499532a\",\"https:\\\/\\\/x.com\\\/https:\\\/\\\/twitter.com\\\/edurneamaya\"]}]}<\/script>\n<!-- \/ Yoast SEO plugin. -->","yoast_head_json":{"title":"General Motors anuncia la plataforma de software para sus coches futuros - Desde la terraza de Amador","description":"General Motors has announced a profound change in its future manufacturing and sales strategy, announcing that in the (near?) future it will separate the","robots":{"index":"index","follow":"follow","max-snippet":"max-snippet:-1","max-image-preview":"max-image-preview:large","max-video-preview":"max-video-preview:-1"},"canonical":"https:\/\/desdelaterrazadeamador.com\/en\/general-motors-anuncia-plataforma-software\/","og_locale":"en_US","og_type":"article","og_title":"General Motors anuncia la plataforma de software para sus coches futuros - Desde la terraza de Amador","og_description":"General Motors ha anunciado un cambio profundo en su estrategia futura de fabricaci\u00f3n y venta, al decir que en el futuro ( pr\u00f3ximo ? ) va a separar la","og_url":"https:\/\/desdelaterrazadeamador.com\/en\/general-motors-anuncia-plataforma-software\/","og_site_name":"Desde la terraza de Amador","article_published_time":"2021-11-18T07:56:40+00:00","article_modified_time":"2021-11-18T07:56:42+00:00","og_image":[{"width":200,"height":200,"url":"https:\/\/desdelaterrazadeamador.com\/wp-content\/uploads\/2021\/11\/G-Motors.jpg","type":"image\/jpeg"}],"author":"Amador Palacios","twitter_card":"summary_large_image","twitter_creator":"@https:\/\/twitter.com\/edurneamaya","twitter_site":"@edurneamaya","twitter_misc":{"Written by":"Amador Palacios","Est. reading time":"2 minutes"},"schema":{"@context":"https:\/\/schema.org","@graph":[{"@type":"Article","@id":"https:\/\/desdelaterrazadeamador.com\/general-motors-anuncia-plataforma-software\/#article","isPartOf":{"@id":"https:\/\/desdelaterrazadeamador.com\/general-motors-anuncia-plataforma-software\/"},"author":{"name":"Amador Palacios","@id":"https:\/\/desdelaterrazadeamador.com\/#\/schema\/person\/0b6966cf66bcc9a2eb35a69e1c074d66"},"headline":"General Motors anuncia la plataforma de software para sus coches futuros","datePublished":"2021-11-18T07:56:40+00:00","dateModified":"2021-11-18T07:56:42+00:00","mainEntityOfPage":{"@id":"https:\/\/desdelaterrazadeamador.com\/general-motors-anuncia-plataforma-software\/"},"wordCount":386,"commentCount":0,"publisher":{"@id":"https:\/\/desdelaterrazadeamador.com\/#\/schema\/person\/0b6966cf66bcc9a2eb35a69e1c074d66"},"image":{"@id":"https:\/\/desdelaterrazadeamador.com\/general-motors-anuncia-plataforma-software\/#primaryimage"},"thumbnailUrl":"https:\/\/desdelaterrazadeamador.com\/wp-content\/uploads\/2021\/11\/G-Motors.jpg","articleSection":["Cars","Vehicles"],"inLanguage":"en-US","potentialAction":[{"@type":"CommentAction","name":"Comment","target":["https:\/\/desdelaterrazadeamador.com\/general-motors-anuncia-plataforma-software\/#respond"]}]},{"@type":"WebPage","@id":"https:\/\/desdelaterrazadeamador.com\/general-motors-anuncia-plataforma-software\/","url":"https:\/\/desdelaterrazadeamador.com\/general-motors-anuncia-plataforma-software\/","name":"General Motors anuncia la plataforma de software para sus coches futuros - Desde la terraza de Amador","isPartOf":{"@id":"https:\/\/desdelaterrazadeamador.com\/#website"},"primaryImageOfPage":{"@id":"https:\/\/desdelaterrazadeamador.com\/general-motors-anuncia-plataforma-software\/#primaryimage"},"image":{"@id":"https:\/\/desdelaterrazadeamador.com\/general-motors-anuncia-plataforma-software\/#primaryimage"},"thumbnailUrl":"https:\/\/desdelaterrazadeamador.com\/wp-content\/uploads\/2021\/11\/G-Motors.jpg","datePublished":"2021-11-18T07:56:40+00:00","dateModified":"2021-11-18T07:56:42+00:00","description":"General Motors has announced a profound change in its future manufacturing and sales strategy, announcing that in the (near?) future it will separate the","breadcrumb":{"@id":"https:\/\/desdelaterrazadeamador.com\/general-motors-anuncia-plataforma-software\/#breadcrumb"},"inLanguage":"en-US","potentialAction":[{"@type":"ReadAction","target":["https:\/\/desdelaterrazadeamador.com\/general-motors-anuncia-plataforma-software\/"]}]},{"@type":"ImageObject","inLanguage":"en-US","@id":"https:\/\/desdelaterrazadeamador.com\/general-motors-anuncia-plataforma-software\/#primaryimage","url":"https:\/\/desdelaterrazadeamador.com\/wp-content\/uploads\/2021\/11\/G-Motors.jpg","contentUrl":"https:\/\/desdelaterrazadeamador.com\/wp-content\/uploads\/2021\/11\/G-Motors.jpg","width":200,"height":200},{"@type":"BreadcrumbList","@id":"https:\/\/desdelaterrazadeamador.com\/general-motors-anuncia-plataforma-software\/#breadcrumb","itemListElement":[{"@type":"ListItem","position":1,"name":"Portada","item":"https:\/\/desdelaterrazadeamador.com\/"},{"@type":"ListItem","position":2,"name":"General Motors anuncia la plataforma de software para sus coches futuros"}]},{"@type":"WebSite","@id":"https:\/\/desdelaterrazadeamador.com\/#website","url":"https:\/\/desdelaterrazadeamador.com\/","name":"Desde la terraza de Amador","description":"Free and honest reflections on current social and technological issues","publisher":{"@id":"https:\/\/desdelaterrazadeamador.com\/#\/schema\/person\/0b6966cf66bcc9a2eb35a69e1c074d66"},"potentialAction":[{"@type":"SearchAction","target":{"@type":"EntryPoint","urlTemplate":"https:\/\/desdelaterrazadeamador.com\/?s={search_term_string}"},"query-input":{"@type":"PropertyValueSpecification","valueRequired":true,"valueName":"search_term_string"}}],"inLanguage":"en-US"},{"@type":["Person","Organization"],"@id":"https:\/\/desdelaterrazadeamador.com\/#\/schema\/person\/0b6966cf66bcc9a2eb35a69e1c074d66","name":"Amador Palacios","image":{"@type":"ImageObject","inLanguage":"en-US","@id":"https:\/\/desdelaterrazadeamador.com\/wp-content\/uploads\/2022\/01\/amador-palacios.jpg","url":"https:\/\/desdelaterrazadeamador.com\/wp-content\/uploads\/2022\/01\/amador-palacios.jpg","contentUrl":"https:\/\/desdelaterrazadeamador.com\/wp-content\/uploads\/2022\/01\/amador-palacios.jpg","width":1265,"height":899,"caption":"Amador Palacios"},"logo":{"@id":"https:\/\/desdelaterrazadeamador.com\/wp-content\/uploads\/2022\/01\/amador-palacios.jpg"},"description":"Reflexiones de Amador Palacios sobre temas de Actualidad Social y Tecnol\u00f3gica; otras opiniones diferentes a la m\u00eda son bienvenidas","sameAs":["http:\/\/desdelaterrazadeamador.com","https:\/\/es.linkedin.com\/in\/amador-palacios-499532a","https:\/\/x.com\/https:\/\/twitter.com\/edurneamaya"]}]}},"jetpack_publicize_connections":[],"_links":{"self":[{"href":"https:\/\/desdelaterrazadeamador.com\/en\/wp-json\/wp\/v2\/posts\/242","targetHints":{"allow":["GET"]}}],"collection":[{"href":"https:\/\/desdelaterrazadeamador.com\/en\/wp-json\/wp\/v2\/posts"}],"about":[{"href":"https:\/\/desdelaterrazadeamador.com\/en\/wp-json\/wp\/v2\/types\/post"}],"author":[{"embeddable":true,"href":"https:\/\/desdelaterrazadeamador.com\/en\/wp-json\/wp\/v2\/users\/1"}],"replies":[{"embeddable":true,"href":"https:\/\/desdelaterrazadeamador.com\/en\/wp-json\/wp\/v2\/comments?post=242"}],"version-history":[{"count":1,"href":"https:\/\/desdelaterrazadeamador.com\/en\/wp-json\/wp\/v2\/posts\/242\/revisions"}],"predecessor-version":[{"id":245,"href":"https:\/\/desdelaterrazadeamador.com\/en\/wp-json\/wp\/v2\/posts\/242\/revisions\/245"}],"wp:featuredmedia":[{"embeddable":true,"href":"https:\/\/desdelaterrazadeamador.com\/en\/wp-json\/wp\/v2\/media\/243"}],"wp:attachment":[{"href":"https:\/\/desdelaterrazadeamador.com\/en\/wp-json\/wp\/v2\/media?parent=242"}],"wp:term":[{"taxonomy":"category","embeddable":true,"href":"https:\/\/desdelaterrazadeamador.com\/en\/wp-json\/wp\/v2\/categories?post=242"},{"taxonomy":"post_tag","embeddable":true,"href":"https:\/\/desdelaterrazadeamador.com\/en\/wp-json\/wp\/v2\/tags?post=242"}],"curies":[{"name":"wp","href":"https:\/\/api.w.org\/{rel}","templated":true}]}}