{"id":227,"date":"2021-11-15T07:41:49","date_gmt":"2021-11-15T07:41:49","guid":{"rendered":"https:\/\/desdelaterrazadeamador.com\/?p=227"},"modified":"2021-11-15T07:41:51","modified_gmt":"2021-11-15T07:41:51","slug":"los-coches-de-lujo-tambien-electricos","status":"publish","type":"post","link":"https:\/\/desdelaterrazadeamador.com\/en\/los-coches-de-lujo-tambien-electricos\/","title":{"rendered":"Luxury cars also go electric"},"content":{"rendered":"<p>Views: 24<\/p>\n<p class=\"wp-block-paragraph\">Some leaders in the luxury car market such as Rolls and Bentley have already announced that their cars will soon be fully electric. Rolls-Royce has announced that in 2030 it will no longer make gasoline cars and its next electric model called <strong>Spectre<\/strong> will appear in 2023<\/p>\n\n\n\n<p class=\"wp-block-paragraph\">After almost 130 years manufacturing gasoline cars with the quietest engine, technological changes are imposed and Rolls-Royce will stop manufacturing its famous engine to put an electric one in its place, which of course will also be silent, but it will no longer differentiate so much from the rest of electric motors on the market.<\/p>\n\n\n\n<p class=\"wp-block-paragraph\">And those who pay hundreds of thousands of euros for a car, what they pay is for the difference of what they get. I am convinced that the car will continue to be excellent and very comfortable, but that it will no longer be as different as it has been up to now, although perhaps the Rolls-Royce engineers will take an ace out of their sleeves to remain different.<\/p>\n\n\n\n<p class=\"wp-block-paragraph\">Not long ago the company announced that its order book for cars was one of the largest in its history, but did not provide exact figures. And we must not forget that Rolls-Royce had to be bought by BMW in 1998 to be able to continue in the market.<\/p>\n\n\n\n<p class=\"wp-block-paragraph\">\u00a0\u00a0\u00a0\u00a0\u00a0\u00a0\u00a0<\/p>\n\n\n\n<figure class=\"wp-block-image size-large is-resized\"><img loading=\"lazy\" decoding=\"async\" src=\"https:\/\/desdelaterrazadeamador.com\/wp-content\/uploads\/2021\/11\/Spectre-1024x576.jpg\" alt=\"\" class=\"wp-image-228\" width=\"688\" height=\"386\" srcset=\"https:\/\/desdelaterrazadeamador.com\/wp-content\/uploads\/2021\/11\/Spectre-1024x576.jpg 1024w, https:\/\/desdelaterrazadeamador.com\/wp-content\/uploads\/2021\/11\/Spectre-300x169.jpg 300w, https:\/\/desdelaterrazadeamador.com\/wp-content\/uploads\/2021\/11\/Spectre-768x432.jpg 768w, https:\/\/desdelaterrazadeamador.com\/wp-content\/uploads\/2021\/11\/Spectre-1536x864.jpg 1536w, https:\/\/desdelaterrazadeamador.com\/wp-content\/uploads\/2021\/11\/Spectre-18x10.jpg 18w, https:\/\/desdelaterrazadeamador.com\/wp-content\/uploads\/2021\/11\/Spectre.jpg 2000w\" sizes=\"auto, (max-width: 688px) 100vw, 688px\" \/><\/figure>\n\n\n\n<p class=\"wp-block-paragraph\">The forced electrification of the automotive world offers risks and opportunities for all, and since electric motors are more \"equal\" than before, manufacturers will have to make an effort to differentiate themselves in other sections of the car.<\/p>\n\n\n\n<p class=\"wp-block-paragraph\">The characteristics or the price of the future Specter model are not known, but the fans of the brand will be willing to pay a good sum of money to feel different from the rest of the mortals.<\/p>\n\n\n\n<p class=\"wp-block-paragraph\">I am really curious to know what Rolls-Royce offers differently so that they continue to buy their models.<\/p>\n\n\n\n<p class=\"wp-block-paragraph\">But what is clear is that the luxury car niche is also adapting to the changes brought by new technologies. And it remains to be seen how they continue to differentiate themselves and charge a special price for their products.<\/p>","protected":false},"excerpt":{"rendered":"<p>Views: 24 Algunos l\u00edderes del mercado de los coches de lujo como Rolls y Bentley ya han anunciado que pr\u00f3ximamente sus coches ser\u00e1n totalmente el\u00e9ctricos. Rolls-Royce ha anunciado que en 2030 ya no fabricar\u00e1 coches de gasolina y su pr\u00f3ximo modelo el\u00e9ctrico llamado Spectre aparecer\u00e1 en el a\u00f1o 2023. Despu\u00e9s de casi 130 a\u00f1os fabricando [&hellip;]<\/p>\n","protected":false},"author":1,"featured_media":229,"comment_status":"open","ping_status":"open","sticky":false,"template":"","format":"standard","meta":{"_crdt_document":"","footnotes":"","jetpack_publicize_message":"","jetpack_publicize_feature_enabled":true,"jetpack_social_post_already_shared":false,"jetpack_social_options":{"image_generator_settings":{"template":"highway","default_image_id":0,"font":"","enabled":false},"version":2}},"categories":[110,124],"tags":[],"class_list":["post-227","post","type-post","status-publish","format-standard","has-post-thumbnail","hentry","category-cars-vehicles","category-electric-cars"],"yoast_head":"<!-- This site is optimized with the Yoast SEO plugin v27.4 - https:\/\/yoast.com\/product\/yoast-seo-wordpress\/ -->\n<title>Los coches de lujo tambi\u00e9n pasan a ser el\u00e9ctricos - Desde la terraza de Amador<\/title>\n<meta name=\"description\" content=\"Algunos l\u00edderes del mercado de los coches de lujo como Rolls y Bentley ya han anunciado que pr\u00f3ximamente sus coches ser\u00e1n totalmente el\u00e9ctricos.\" \/>\n<meta name=\"robots\" content=\"index, follow, max-snippet:-1, max-image-preview:large, max-video-preview:-1\" \/>\n<link rel=\"canonical\" href=\"https:\/\/desdelaterrazadeamador.com\/en\/los-coches-de-lujo-tambien-electricos\/\" \/>\n<meta property=\"og:locale\" content=\"en_US\" \/>\n<meta property=\"og:type\" content=\"article\" \/>\n<meta property=\"og:title\" content=\"Los coches de lujo tambi\u00e9n pasan a ser el\u00e9ctricos - Desde la terraza de Amador\" \/>\n<meta property=\"og:description\" content=\"Algunos l\u00edderes del mercado de los coches de lujo como Rolls y Bentley ya han anunciado que pr\u00f3ximamente sus coches ser\u00e1n totalmente el\u00e9ctricos.\" \/>\n<meta property=\"og:url\" content=\"https:\/\/desdelaterrazadeamador.com\/en\/los-coches-de-lujo-tambien-electricos\/\" \/>\n<meta property=\"og:site_name\" content=\"Desde la terraza de Amador\" \/>\n<meta property=\"article:published_time\" content=\"2021-11-15T07:41:49+00:00\" \/>\n<meta property=\"article:modified_time\" content=\"2021-11-15T07:41:51+00:00\" \/>\n<meta property=\"og:image\" content=\"https:\/\/desdelaterrazadeamador.com\/wp-content\/uploads\/2021\/11\/Rolls.jpg\" \/>\n\t<meta property=\"og:image:width\" content=\"160\" \/>\n\t<meta property=\"og:image:height\" content=\"240\" \/>\n\t<meta property=\"og:image:type\" content=\"image\/jpeg\" \/>\n<meta name=\"author\" content=\"Amador Palacios\" \/>\n<meta name=\"twitter:card\" content=\"summary_large_image\" \/>\n<meta name=\"twitter:creator\" content=\"@https:\/\/twitter.com\/edurneamaya\" \/>\n<meta name=\"twitter:site\" content=\"@edurneamaya\" \/>\n<meta name=\"twitter:label1\" content=\"Written by\" \/>\n\t<meta name=\"twitter:data1\" content=\"Amador Palacios\" \/>\n\t<meta name=\"twitter:label2\" content=\"Est. reading time\" \/>\n\t<meta name=\"twitter:data2\" content=\"2 minutes\" \/>\n<script type=\"application\/ld+json\" class=\"yoast-schema-graph\">{\"@context\":\"https:\\\/\\\/schema.org\",\"@graph\":[{\"@type\":\"Article\",\"@id\":\"https:\\\/\\\/desdelaterrazadeamador.com\\\/los-coches-de-lujo-tambien-electricos\\\/#article\",\"isPartOf\":{\"@id\":\"https:\\\/\\\/desdelaterrazadeamador.com\\\/los-coches-de-lujo-tambien-electricos\\\/\"},\"author\":{\"name\":\"Amador Palacios\",\"@id\":\"https:\\\/\\\/desdelaterrazadeamador.com\\\/#\\\/schema\\\/person\\\/0b6966cf66bcc9a2eb35a69e1c074d66\"},\"headline\":\"Los coches de lujo tambi\u00e9n pasan a ser el\u00e9ctricos\",\"datePublished\":\"2021-11-15T07:41:49+00:00\",\"dateModified\":\"2021-11-15T07:41:51+00:00\",\"mainEntityOfPage\":{\"@id\":\"https:\\\/\\\/desdelaterrazadeamador.com\\\/los-coches-de-lujo-tambien-electricos\\\/\"},\"wordCount\":377,\"commentCount\":0,\"publisher\":{\"@id\":\"https:\\\/\\\/desdelaterrazadeamador.com\\\/#\\\/schema\\\/person\\\/0b6966cf66bcc9a2eb35a69e1c074d66\"},\"image\":{\"@id\":\"https:\\\/\\\/desdelaterrazadeamador.com\\\/los-coches-de-lujo-tambien-electricos\\\/#primaryimage\"},\"thumbnailUrl\":\"https:\\\/\\\/desdelaterrazadeamador.com\\\/wp-content\\\/uploads\\\/2021\\\/11\\\/Rolls.jpg\",\"articleSection\":[\"Cars\",\"Electric cars\"],\"inLanguage\":\"en-US\",\"potentialAction\":[{\"@type\":\"CommentAction\",\"name\":\"Comment\",\"target\":[\"https:\\\/\\\/desdelaterrazadeamador.com\\\/los-coches-de-lujo-tambien-electricos\\\/#respond\"]}]},{\"@type\":\"WebPage\",\"@id\":\"https:\\\/\\\/desdelaterrazadeamador.com\\\/los-coches-de-lujo-tambien-electricos\\\/\",\"url\":\"https:\\\/\\\/desdelaterrazadeamador.com\\\/los-coches-de-lujo-tambien-electricos\\\/\",\"name\":\"Los coches de lujo tambi\u00e9n pasan a ser el\u00e9ctricos - Desde la terraza de Amador\",\"isPartOf\":{\"@id\":\"https:\\\/\\\/desdelaterrazadeamador.com\\\/#website\"},\"primaryImageOfPage\":{\"@id\":\"https:\\\/\\\/desdelaterrazadeamador.com\\\/los-coches-de-lujo-tambien-electricos\\\/#primaryimage\"},\"image\":{\"@id\":\"https:\\\/\\\/desdelaterrazadeamador.com\\\/los-coches-de-lujo-tambien-electricos\\\/#primaryimage\"},\"thumbnailUrl\":\"https:\\\/\\\/desdelaterrazadeamador.com\\\/wp-content\\\/uploads\\\/2021\\\/11\\\/Rolls.jpg\",\"datePublished\":\"2021-11-15T07:41:49+00:00\",\"dateModified\":\"2021-11-15T07:41:51+00:00\",\"description\":\"Algunos l\u00edderes del mercado de los coches de lujo como Rolls y Bentley ya han anunciado que pr\u00f3ximamente sus coches ser\u00e1n totalmente el\u00e9ctricos.\",\"breadcrumb\":{\"@id\":\"https:\\\/\\\/desdelaterrazadeamador.com\\\/los-coches-de-lujo-tambien-electricos\\\/#breadcrumb\"},\"inLanguage\":\"en-US\",\"potentialAction\":[{\"@type\":\"ReadAction\",\"target\":[\"https:\\\/\\\/desdelaterrazadeamador.com\\\/los-coches-de-lujo-tambien-electricos\\\/\"]}]},{\"@type\":\"ImageObject\",\"inLanguage\":\"en-US\",\"@id\":\"https:\\\/\\\/desdelaterrazadeamador.com\\\/los-coches-de-lujo-tambien-electricos\\\/#primaryimage\",\"url\":\"https:\\\/\\\/desdelaterrazadeamador.com\\\/wp-content\\\/uploads\\\/2021\\\/11\\\/Rolls.jpg\",\"contentUrl\":\"https:\\\/\\\/desdelaterrazadeamador.com\\\/wp-content\\\/uploads\\\/2021\\\/11\\\/Rolls.jpg\",\"width\":160,\"height\":240},{\"@type\":\"BreadcrumbList\",\"@id\":\"https:\\\/\\\/desdelaterrazadeamador.com\\\/los-coches-de-lujo-tambien-electricos\\\/#breadcrumb\",\"itemListElement\":[{\"@type\":\"ListItem\",\"position\":1,\"name\":\"Portada\",\"item\":\"https:\\\/\\\/desdelaterrazadeamador.com\\\/\"},{\"@type\":\"ListItem\",\"position\":2,\"name\":\"Los coches de lujo tambi\u00e9n pasan a ser el\u00e9ctricos\"}]},{\"@type\":\"WebSite\",\"@id\":\"https:\\\/\\\/desdelaterrazadeamador.com\\\/#website\",\"url\":\"https:\\\/\\\/desdelaterrazadeamador.com\\\/\",\"name\":\"Desde la terraza de Amador\",\"description\":\"Reflexiones libres y honestas sobre temas de actualidad social y tecnol\u00f3gica\",\"publisher\":{\"@id\":\"https:\\\/\\\/desdelaterrazadeamador.com\\\/#\\\/schema\\\/person\\\/0b6966cf66bcc9a2eb35a69e1c074d66\"},\"potentialAction\":[{\"@type\":\"SearchAction\",\"target\":{\"@type\":\"EntryPoint\",\"urlTemplate\":\"https:\\\/\\\/desdelaterrazadeamador.com\\\/?s={search_term_string}\"},\"query-input\":{\"@type\":\"PropertyValueSpecification\",\"valueRequired\":true,\"valueName\":\"search_term_string\"}}],\"inLanguage\":\"en-US\"},{\"@type\":[\"Person\",\"Organization\"],\"@id\":\"https:\\\/\\\/desdelaterrazadeamador.com\\\/#\\\/schema\\\/person\\\/0b6966cf66bcc9a2eb35a69e1c074d66\",\"name\":\"Amador Palacios\",\"image\":{\"@type\":\"ImageObject\",\"inLanguage\":\"en-US\",\"@id\":\"https:\\\/\\\/desdelaterrazadeamador.com\\\/wp-content\\\/uploads\\\/2022\\\/01\\\/amador-palacios.jpg\",\"url\":\"https:\\\/\\\/desdelaterrazadeamador.com\\\/wp-content\\\/uploads\\\/2022\\\/01\\\/amador-palacios.jpg\",\"contentUrl\":\"https:\\\/\\\/desdelaterrazadeamador.com\\\/wp-content\\\/uploads\\\/2022\\\/01\\\/amador-palacios.jpg\",\"width\":1265,\"height\":899,\"caption\":\"Amador Palacios\"},\"logo\":{\"@id\":\"https:\\\/\\\/desdelaterrazadeamador.com\\\/wp-content\\\/uploads\\\/2022\\\/01\\\/amador-palacios.jpg\"},\"description\":\"Reflexiones de Amador Palacios sobre temas de Actualidad Social y Tecnol\u00f3gica; otras opiniones diferentes a la m\u00eda son bienvenidas\",\"sameAs\":[\"http:\\\/\\\/desdelaterrazadeamador.com\",\"https:\\\/\\\/es.linkedin.com\\\/in\\\/amador-palacios-499532a\",\"https:\\\/\\\/x.com\\\/https:\\\/\\\/twitter.com\\\/edurneamaya\"]}]}<\/script>\n<!-- \/ Yoast SEO plugin. -->","yoast_head_json":{"title":"Los coches de lujo tambi\u00e9n pasan a ser el\u00e9ctricos - Desde la terraza de Amador","description":"Algunos l\u00edderes del mercado de los coches de lujo como Rolls y Bentley ya han anunciado que pr\u00f3ximamente sus coches ser\u00e1n totalmente el\u00e9ctricos.","robots":{"index":"index","follow":"follow","max-snippet":"max-snippet:-1","max-image-preview":"max-image-preview:large","max-video-preview":"max-video-preview:-1"},"canonical":"https:\/\/desdelaterrazadeamador.com\/en\/los-coches-de-lujo-tambien-electricos\/","og_locale":"en_US","og_type":"article","og_title":"Los coches de lujo tambi\u00e9n pasan a ser el\u00e9ctricos - Desde la terraza de Amador","og_description":"Algunos l\u00edderes del mercado de los coches de lujo como Rolls y Bentley ya han anunciado que pr\u00f3ximamente sus coches ser\u00e1n totalmente el\u00e9ctricos.","og_url":"https:\/\/desdelaterrazadeamador.com\/en\/los-coches-de-lujo-tambien-electricos\/","og_site_name":"Desde la terraza de Amador","article_published_time":"2021-11-15T07:41:49+00:00","article_modified_time":"2021-11-15T07:41:51+00:00","og_image":[{"width":160,"height":240,"url":"https:\/\/desdelaterrazadeamador.com\/wp-content\/uploads\/2021\/11\/Rolls.jpg","type":"image\/jpeg"}],"author":"Amador Palacios","twitter_card":"summary_large_image","twitter_creator":"@https:\/\/twitter.com\/edurneamaya","twitter_site":"@edurneamaya","twitter_misc":{"Written by":"Amador Palacios","Est. reading time":"2 minutes"},"schema":{"@context":"https:\/\/schema.org","@graph":[{"@type":"Article","@id":"https:\/\/desdelaterrazadeamador.com\/los-coches-de-lujo-tambien-electricos\/#article","isPartOf":{"@id":"https:\/\/desdelaterrazadeamador.com\/los-coches-de-lujo-tambien-electricos\/"},"author":{"name":"Amador Palacios","@id":"https:\/\/desdelaterrazadeamador.com\/#\/schema\/person\/0b6966cf66bcc9a2eb35a69e1c074d66"},"headline":"Los coches de lujo tambi\u00e9n pasan a ser el\u00e9ctricos","datePublished":"2021-11-15T07:41:49+00:00","dateModified":"2021-11-15T07:41:51+00:00","mainEntityOfPage":{"@id":"https:\/\/desdelaterrazadeamador.com\/los-coches-de-lujo-tambien-electricos\/"},"wordCount":377,"commentCount":0,"publisher":{"@id":"https:\/\/desdelaterrazadeamador.com\/#\/schema\/person\/0b6966cf66bcc9a2eb35a69e1c074d66"},"image":{"@id":"https:\/\/desdelaterrazadeamador.com\/los-coches-de-lujo-tambien-electricos\/#primaryimage"},"thumbnailUrl":"https:\/\/desdelaterrazadeamador.com\/wp-content\/uploads\/2021\/11\/Rolls.jpg","articleSection":["Cars","Electric cars"],"inLanguage":"en-US","potentialAction":[{"@type":"CommentAction","name":"Comment","target":["https:\/\/desdelaterrazadeamador.com\/los-coches-de-lujo-tambien-electricos\/#respond"]}]},{"@type":"WebPage","@id":"https:\/\/desdelaterrazadeamador.com\/los-coches-de-lujo-tambien-electricos\/","url":"https:\/\/desdelaterrazadeamador.com\/los-coches-de-lujo-tambien-electricos\/","name":"Los coches de lujo tambi\u00e9n pasan a ser el\u00e9ctricos - Desde la terraza de Amador","isPartOf":{"@id":"https:\/\/desdelaterrazadeamador.com\/#website"},"primaryImageOfPage":{"@id":"https:\/\/desdelaterrazadeamador.com\/los-coches-de-lujo-tambien-electricos\/#primaryimage"},"image":{"@id":"https:\/\/desdelaterrazadeamador.com\/los-coches-de-lujo-tambien-electricos\/#primaryimage"},"thumbnailUrl":"https:\/\/desdelaterrazadeamador.com\/wp-content\/uploads\/2021\/11\/Rolls.jpg","datePublished":"2021-11-15T07:41:49+00:00","dateModified":"2021-11-15T07:41:51+00:00","description":"Algunos l\u00edderes del mercado de los coches de lujo como Rolls y Bentley ya han anunciado que pr\u00f3ximamente sus coches ser\u00e1n totalmente el\u00e9ctricos.","breadcrumb":{"@id":"https:\/\/desdelaterrazadeamador.com\/los-coches-de-lujo-tambien-electricos\/#breadcrumb"},"inLanguage":"en-US","potentialAction":[{"@type":"ReadAction","target":["https:\/\/desdelaterrazadeamador.com\/los-coches-de-lujo-tambien-electricos\/"]}]},{"@type":"ImageObject","inLanguage":"en-US","@id":"https:\/\/desdelaterrazadeamador.com\/los-coches-de-lujo-tambien-electricos\/#primaryimage","url":"https:\/\/desdelaterrazadeamador.com\/wp-content\/uploads\/2021\/11\/Rolls.jpg","contentUrl":"https:\/\/desdelaterrazadeamador.com\/wp-content\/uploads\/2021\/11\/Rolls.jpg","width":160,"height":240},{"@type":"BreadcrumbList","@id":"https:\/\/desdelaterrazadeamador.com\/los-coches-de-lujo-tambien-electricos\/#breadcrumb","itemListElement":[{"@type":"ListItem","position":1,"name":"Portada","item":"https:\/\/desdelaterrazadeamador.com\/"},{"@type":"ListItem","position":2,"name":"Los coches de lujo tambi\u00e9n pasan a ser el\u00e9ctricos"}]},{"@type":"WebSite","@id":"https:\/\/desdelaterrazadeamador.com\/#website","url":"https:\/\/desdelaterrazadeamador.com\/","name":"Desde la terraza de Amador","description":"Free and honest reflections on current social and technological issues","publisher":{"@id":"https:\/\/desdelaterrazadeamador.com\/#\/schema\/person\/0b6966cf66bcc9a2eb35a69e1c074d66"},"potentialAction":[{"@type":"SearchAction","target":{"@type":"EntryPoint","urlTemplate":"https:\/\/desdelaterrazadeamador.com\/?s={search_term_string}"},"query-input":{"@type":"PropertyValueSpecification","valueRequired":true,"valueName":"search_term_string"}}],"inLanguage":"en-US"},{"@type":["Person","Organization"],"@id":"https:\/\/desdelaterrazadeamador.com\/#\/schema\/person\/0b6966cf66bcc9a2eb35a69e1c074d66","name":"Amador Palacios","image":{"@type":"ImageObject","inLanguage":"en-US","@id":"https:\/\/desdelaterrazadeamador.com\/wp-content\/uploads\/2022\/01\/amador-palacios.jpg","url":"https:\/\/desdelaterrazadeamador.com\/wp-content\/uploads\/2022\/01\/amador-palacios.jpg","contentUrl":"https:\/\/desdelaterrazadeamador.com\/wp-content\/uploads\/2022\/01\/amador-palacios.jpg","width":1265,"height":899,"caption":"Amador Palacios"},"logo":{"@id":"https:\/\/desdelaterrazadeamador.com\/wp-content\/uploads\/2022\/01\/amador-palacios.jpg"},"description":"Reflexiones de Amador Palacios sobre temas de Actualidad Social y Tecnol\u00f3gica; otras opiniones diferentes a la m\u00eda son bienvenidas","sameAs":["http:\/\/desdelaterrazadeamador.com","https:\/\/es.linkedin.com\/in\/amador-palacios-499532a","https:\/\/x.com\/https:\/\/twitter.com\/edurneamaya"]}]}},"jetpack_publicize_connections":[],"_links":{"self":[{"href":"https:\/\/desdelaterrazadeamador.com\/en\/wp-json\/wp\/v2\/posts\/227","targetHints":{"allow":["GET"]}}],"collection":[{"href":"https:\/\/desdelaterrazadeamador.com\/en\/wp-json\/wp\/v2\/posts"}],"about":[{"href":"https:\/\/desdelaterrazadeamador.com\/en\/wp-json\/wp\/v2\/types\/post"}],"author":[{"embeddable":true,"href":"https:\/\/desdelaterrazadeamador.com\/en\/wp-json\/wp\/v2\/users\/1"}],"replies":[{"embeddable":true,"href":"https:\/\/desdelaterrazadeamador.com\/en\/wp-json\/wp\/v2\/comments?post=227"}],"version-history":[{"count":1,"href":"https:\/\/desdelaterrazadeamador.com\/en\/wp-json\/wp\/v2\/posts\/227\/revisions"}],"predecessor-version":[{"id":230,"href":"https:\/\/desdelaterrazadeamador.com\/en\/wp-json\/wp\/v2\/posts\/227\/revisions\/230"}],"wp:featuredmedia":[{"embeddable":true,"href":"https:\/\/desdelaterrazadeamador.com\/en\/wp-json\/wp\/v2\/media\/229"}],"wp:attachment":[{"href":"https:\/\/desdelaterrazadeamador.com\/en\/wp-json\/wp\/v2\/media?parent=227"}],"wp:term":[{"taxonomy":"category","embeddable":true,"href":"https:\/\/desdelaterrazadeamador.com\/en\/wp-json\/wp\/v2\/categories?post=227"},{"taxonomy":"post_tag","embeddable":true,"href":"https:\/\/desdelaterrazadeamador.com\/en\/wp-json\/wp\/v2\/tags?post=227"}],"curies":[{"name":"wp","href":"https:\/\/api.w.org\/{rel}","templated":true}]}}