{"id":2267,"date":"2023-10-09T09:08:04","date_gmt":"2023-10-09T07:08:04","guid":{"rendered":"https:\/\/desdelaterrazadeamador.com\/?p=2267"},"modified":"2023-10-14T08:39:20","modified_gmt":"2023-10-14T06:39:20","slug":"acabaremos-comiendo-insectos","status":"publish","type":"post","link":"https:\/\/desdelaterrazadeamador.com\/en\/acabaremos-comiendo-insectos\/","title":{"rendered":"Will we end up eating insects?"},"content":{"rendered":"<p>Views: 1<\/p>\n<p class=\"wp-block-paragraph\">I admit that the question may seem a little unpleasant, especially for me who is a little scrupulous about what I eat, and never in a million years would I think of eating insects.<\/p>\n\n\n\n<p class=\"wp-block-paragraph\">And although the idea of eating insects may seem repulsive to many of us, we must keep in mind that it is a reality that is becoming increasingly common around the world. Today, an estimated two billion people consume insects as part of their regular diet, and this number is constantly growing.<\/p>\n\n\n\n<p class=\"wp-block-paragraph\">And there are several reasons why the topic is talked about today. First of all, insects are a very rich and nutritious source of protein. A study by the Food and Agriculture Organization of the United Nations (FAO) found that insects have a protein content similar to that of meat, eggs and dairy products. Additionally, insects are a good source of fiber, vitamins and minerals.<\/p>\n\n\n\n<p class=\"wp-block-paragraph\">Secondly, insects are a very sustainable food source. They require less land, water and energy to produce than beef, pork or chicken. This makes them a greener option for feeding a growing world population.<\/p>\n\n\n\n<p class=\"wp-block-paragraph\">Third, insects are available all over the world. They can be grown in a variety of climates and conditions, making them a more affordable option than other foods.<\/p>\n\n\n\n<p class=\"wp-block-paragraph\">In the photo below I show some insects that are eaten in Mexico.<\/p>\n\n\n\n<figure class=\"wp-block-image size-full is-resized\"><img loading=\"lazy\" decoding=\"async\" width=\"350\" height=\"233\" src=\"https:\/\/desdelaterrazadeamador.com\/wp-content\/uploads\/2023\/10\/Insectos-comida.jpg\" alt=\"\" class=\"wp-image-2268\" style=\"width:466px;height:auto\" srcset=\"https:\/\/desdelaterrazadeamador.com\/wp-content\/uploads\/2023\/10\/Insectos-comida.jpg 350w, https:\/\/desdelaterrazadeamador.com\/wp-content\/uploads\/2023\/10\/Insectos-comida-300x200.jpg 300w, https:\/\/desdelaterrazadeamador.com\/wp-content\/uploads\/2023\/10\/Insectos-comida-18x12.jpg 18w\" sizes=\"auto, (max-width: 350px) 100vw, 350px\" \/><\/figure>\n\n\n\n<p class=\"wp-block-paragraph\">All of these reasons make insects an attractive food source for the future. However, there are some obstacles that must be overcome before insects become a common part of our Western diet.<\/p>\n\n\n\n<p class=\"wp-block-paragraph\">One of the main obstacles (perhaps the most important) is cultural rejection. In many cultures, insects are considered an unappetizing or even disgusting food. This can make it difficult to accept insects as a food source in these cultures.<\/p>\n\n\n\n<p class=\"wp-block-paragraph\">Despite these obstacles, there is growing acceptance of insects as a food source in the West. More and more companies are beginning to produce edible insects, and insects are appearing in some restaurants, and as a way to obtain protein to be used in processed foods.<\/p>\n\n\n\n<p class=\"wp-block-paragraph\">We are likely to see insects become a more common part of our diet in the coming years. As the world's population grows and concerns about sustainability become more important, insects will become a more attractive option for feeding our world.<\/p>\n\n\n\n<p class=\"wp-block-paragraph\">There is already a large insect \u201cgeneration\u201d plant near Paris for protein, and this is just a step in a new direction. In a new direction to obtain more environmentally sustainable foods.<\/p>\n\n\n\n<p class=\"wp-block-paragraph\">Getting proteins from insects to \u201cmanufacture\u201d other types of foods seems like a good idea, since today many types of foods are eaten in various ways and in which the origin of the proteins they contain is unknown (food bars, etc\u2026). So it is very possible that in the not too distant future insects could be a part of the diet.<\/p>\n\n\n\n<p class=\"wp-block-paragraph\">We'll see what we get to eat in a few dozen years. And I almost prefer not to think about it too much.<\/p>","protected":false},"excerpt":{"rendered":"<p>Views: 1 La pregunta reconozco que puede parecer un poco desagradable, en especial para m\u00ed que soy un poco escrupuloso con lo que como, y ni en un mill\u00f3n de a\u00f1os se me pasar\u00eda por la cabeza comer insectos. Y aunque la idea de comer insectos puede parecernos repulsiva a muchos de nosotros, debemos de [&hellip;]<\/p>\n","protected":false},"author":1,"featured_media":2269,"comment_status":"open","ping_status":"closed","sticky":false,"template":"","format":"standard","meta":{"_crdt_document":"","footnotes":"","jetpack_publicize_message":"","jetpack_publicize_feature_enabled":true,"jetpack_social_post_already_shared":false,"jetpack_social_options":{"image_generator_settings":{"template":"highway","default_image_id":0,"font":"","enabled":false},"version":2}},"categories":[148,141],"tags":[],"class_list":["post-2267","post","type-post","status-publish","format-standard","has-post-thumbnail","hentry","category-health","category-sustainable-food"],"yoast_head":"<!-- This site is optimized with the Yoast SEO plugin v27.5 - https:\/\/yoast.com\/product\/yoast-seo-wordpress\/ -->\n<title>\u00bf Acabaremos comiendo insectos ? - Desde la terraza de Amador<\/title>\n<meta name=\"description\" content=\"La pregunta reconozco que puede parecer un poco desagradable, en especial para m\u00ed que soy un poco escrupuloso con lo que como, y ni en un mill\u00f3n de a\u00f1os\" \/>\n<meta name=\"robots\" content=\"index, follow, max-snippet:-1, max-image-preview:large, max-video-preview:-1\" \/>\n<link rel=\"canonical\" href=\"https:\/\/desdelaterrazadeamador.com\/en\/acabaremos-comiendo-insectos\/\" \/>\n<meta property=\"og:locale\" content=\"en_US\" \/>\n<meta property=\"og:type\" content=\"article\" \/>\n<meta property=\"og:title\" content=\"\u00bf Acabaremos comiendo insectos ? - Desde la terraza de Amador\" \/>\n<meta property=\"og:description\" content=\"La pregunta reconozco que puede parecer un poco desagradable, en especial para m\u00ed que soy un poco escrupuloso con lo que como, y ni en un mill\u00f3n de a\u00f1os\" \/>\n<meta property=\"og:url\" content=\"https:\/\/desdelaterrazadeamador.com\/en\/acabaremos-comiendo-insectos\/\" \/>\n<meta property=\"og:site_name\" content=\"Desde la terraza de Amador\" \/>\n<meta property=\"article:published_time\" content=\"2023-10-09T07:08:04+00:00\" \/>\n<meta property=\"article:modified_time\" content=\"2023-10-14T06:39:20+00:00\" \/>\n<meta property=\"og:image\" content=\"https:\/\/desdelaterrazadeamador.com\/wp-content\/uploads\/2023\/10\/Insectos-MODELO.jpg\" \/>\n\t<meta property=\"og:image:width\" content=\"350\" \/>\n\t<meta property=\"og:image:height\" content=\"244\" \/>\n\t<meta property=\"og:image:type\" content=\"image\/jpeg\" \/>\n<meta name=\"author\" content=\"Amador Palacios\" \/>\n<meta name=\"twitter:card\" content=\"summary_large_image\" \/>\n<meta name=\"twitter:creator\" content=\"@https:\/\/twitter.com\/edurneamaya\" \/>\n<meta name=\"twitter:site\" content=\"@edurneamaya\" \/>\n<meta name=\"twitter:label1\" content=\"Written by\" \/>\n\t<meta name=\"twitter:data1\" content=\"Amador Palacios\" \/>\n\t<meta name=\"twitter:label2\" content=\"Est. reading time\" \/>\n\t<meta name=\"twitter:data2\" content=\"3 minutes\" \/>\n<script type=\"application\/ld+json\" class=\"yoast-schema-graph\">{\"@context\":\"https:\\\/\\\/schema.org\",\"@graph\":[{\"@type\":\"Article\",\"@id\":\"https:\\\/\\\/desdelaterrazadeamador.com\\\/en\\\/acabaremos-comiendo-insectos\\\/#article\",\"isPartOf\":{\"@id\":\"https:\\\/\\\/desdelaterrazadeamador.com\\\/en\\\/acabaremos-comiendo-insectos\\\/\"},\"author\":{\"name\":\"Amador Palacios\",\"@id\":\"https:\\\/\\\/desdelaterrazadeamador.com\\\/#\\\/schema\\\/person\\\/0b6966cf66bcc9a2eb35a69e1c074d66\"},\"headline\":\"\u00bf Acabaremos comiendo insectos ?\",\"datePublished\":\"2023-10-09T07:08:04+00:00\",\"dateModified\":\"2023-10-14T06:39:20+00:00\",\"mainEntityOfPage\":{\"@id\":\"https:\\\/\\\/desdelaterrazadeamador.com\\\/en\\\/acabaremos-comiendo-insectos\\\/\"},\"wordCount\":623,\"commentCount\":0,\"publisher\":{\"@id\":\"https:\\\/\\\/desdelaterrazadeamador.com\\\/#\\\/schema\\\/person\\\/0b6966cf66bcc9a2eb35a69e1c074d66\"},\"image\":{\"@id\":\"https:\\\/\\\/desdelaterrazadeamador.com\\\/en\\\/acabaremos-comiendo-insectos\\\/#primaryimage\"},\"thumbnailUrl\":\"https:\\\/\\\/desdelaterrazadeamador.com\\\/wp-content\\\/uploads\\\/2023\\\/10\\\/Insectos-MODELO.jpg\",\"articleSection\":[\"Health\",\"Sustainable Food\"],\"inLanguage\":\"en-US\",\"potentialAction\":[{\"@type\":\"CommentAction\",\"name\":\"Comment\",\"target\":[\"https:\\\/\\\/desdelaterrazadeamador.com\\\/en\\\/acabaremos-comiendo-insectos\\\/#respond\"]}]},{\"@type\":\"WebPage\",\"@id\":\"https:\\\/\\\/desdelaterrazadeamador.com\\\/en\\\/acabaremos-comiendo-insectos\\\/\",\"url\":\"https:\\\/\\\/desdelaterrazadeamador.com\\\/en\\\/acabaremos-comiendo-insectos\\\/\",\"name\":\"\u00bf Acabaremos comiendo insectos ? - Desde la terraza de Amador\",\"isPartOf\":{\"@id\":\"https:\\\/\\\/desdelaterrazadeamador.com\\\/#website\"},\"primaryImageOfPage\":{\"@id\":\"https:\\\/\\\/desdelaterrazadeamador.com\\\/en\\\/acabaremos-comiendo-insectos\\\/#primaryimage\"},\"image\":{\"@id\":\"https:\\\/\\\/desdelaterrazadeamador.com\\\/en\\\/acabaremos-comiendo-insectos\\\/#primaryimage\"},\"thumbnailUrl\":\"https:\\\/\\\/desdelaterrazadeamador.com\\\/wp-content\\\/uploads\\\/2023\\\/10\\\/Insectos-MODELO.jpg\",\"datePublished\":\"2023-10-09T07:08:04+00:00\",\"dateModified\":\"2023-10-14T06:39:20+00:00\",\"description\":\"La pregunta reconozco que puede parecer un poco desagradable, en especial para m\u00ed que soy un poco escrupuloso con lo que como, y ni en un mill\u00f3n de a\u00f1os\",\"breadcrumb\":{\"@id\":\"https:\\\/\\\/desdelaterrazadeamador.com\\\/en\\\/acabaremos-comiendo-insectos\\\/#breadcrumb\"},\"inLanguage\":\"en-US\",\"potentialAction\":[{\"@type\":\"ReadAction\",\"target\":[\"https:\\\/\\\/desdelaterrazadeamador.com\\\/en\\\/acabaremos-comiendo-insectos\\\/\"]}]},{\"@type\":\"ImageObject\",\"inLanguage\":\"en-US\",\"@id\":\"https:\\\/\\\/desdelaterrazadeamador.com\\\/en\\\/acabaremos-comiendo-insectos\\\/#primaryimage\",\"url\":\"https:\\\/\\\/desdelaterrazadeamador.com\\\/wp-content\\\/uploads\\\/2023\\\/10\\\/Insectos-MODELO.jpg\",\"contentUrl\":\"https:\\\/\\\/desdelaterrazadeamador.com\\\/wp-content\\\/uploads\\\/2023\\\/10\\\/Insectos-MODELO.jpg\",\"width\":350,\"height\":244},{\"@type\":\"BreadcrumbList\",\"@id\":\"https:\\\/\\\/desdelaterrazadeamador.com\\\/en\\\/acabaremos-comiendo-insectos\\\/#breadcrumb\",\"itemListElement\":[{\"@type\":\"ListItem\",\"position\":1,\"name\":\"Portada\",\"item\":\"https:\\\/\\\/desdelaterrazadeamador.com\\\/\"},{\"@type\":\"ListItem\",\"position\":2,\"name\":\"\u00bf Acabaremos comiendo insectos ?\"}]},{\"@type\":\"WebSite\",\"@id\":\"https:\\\/\\\/desdelaterrazadeamador.com\\\/#website\",\"url\":\"https:\\\/\\\/desdelaterrazadeamador.com\\\/\",\"name\":\"Desde la terraza de Amador\",\"description\":\"Reflexiones libres y honestas sobre temas de actualidad social y tecnol\u00f3gica\",\"publisher\":{\"@id\":\"https:\\\/\\\/desdelaterrazadeamador.com\\\/#\\\/schema\\\/person\\\/0b6966cf66bcc9a2eb35a69e1c074d66\"},\"potentialAction\":[{\"@type\":\"SearchAction\",\"target\":{\"@type\":\"EntryPoint\",\"urlTemplate\":\"https:\\\/\\\/desdelaterrazadeamador.com\\\/?s={search_term_string}\"},\"query-input\":{\"@type\":\"PropertyValueSpecification\",\"valueRequired\":true,\"valueName\":\"search_term_string\"}}],\"inLanguage\":\"en-US\"},{\"@type\":[\"Person\",\"Organization\"],\"@id\":\"https:\\\/\\\/desdelaterrazadeamador.com\\\/#\\\/schema\\\/person\\\/0b6966cf66bcc9a2eb35a69e1c074d66\",\"name\":\"Amador Palacios\",\"image\":{\"@type\":\"ImageObject\",\"inLanguage\":\"en-US\",\"@id\":\"https:\\\/\\\/desdelaterrazadeamador.com\\\/wp-content\\\/uploads\\\/2022\\\/01\\\/amador-palacios.jpg\",\"url\":\"https:\\\/\\\/desdelaterrazadeamador.com\\\/wp-content\\\/uploads\\\/2022\\\/01\\\/amador-palacios.jpg\",\"contentUrl\":\"https:\\\/\\\/desdelaterrazadeamador.com\\\/wp-content\\\/uploads\\\/2022\\\/01\\\/amador-palacios.jpg\",\"width\":1265,\"height\":899,\"caption\":\"Amador Palacios\"},\"logo\":{\"@id\":\"https:\\\/\\\/desdelaterrazadeamador.com\\\/wp-content\\\/uploads\\\/2022\\\/01\\\/amador-palacios.jpg\"},\"description\":\"Reflexiones de Amador Palacios sobre temas de Actualidad Social y Tecnol\u00f3gica; otras opiniones diferentes a la m\u00eda son bienvenidas\",\"sameAs\":[\"http:\\\/\\\/desdelaterrazadeamador.com\",\"https:\\\/\\\/es.linkedin.com\\\/in\\\/amador-palacios-499532a\",\"https:\\\/\\\/x.com\\\/https:\\\/\\\/twitter.com\\\/edurneamaya\"]}]}<\/script>\n<!-- \/ Yoast SEO plugin. -->","yoast_head_json":{"title":"\u00bf Acabaremos comiendo insectos ? - Desde la terraza de Amador","description":"La pregunta reconozco que puede parecer un poco desagradable, en especial para m\u00ed que soy un poco escrupuloso con lo que como, y ni en un mill\u00f3n de a\u00f1os","robots":{"index":"index","follow":"follow","max-snippet":"max-snippet:-1","max-image-preview":"max-image-preview:large","max-video-preview":"max-video-preview:-1"},"canonical":"https:\/\/desdelaterrazadeamador.com\/en\/acabaremos-comiendo-insectos\/","og_locale":"en_US","og_type":"article","og_title":"\u00bf Acabaremos comiendo insectos ? - Desde la terraza de Amador","og_description":"La pregunta reconozco que puede parecer un poco desagradable, en especial para m\u00ed que soy un poco escrupuloso con lo que como, y ni en un mill\u00f3n de a\u00f1os","og_url":"https:\/\/desdelaterrazadeamador.com\/en\/acabaremos-comiendo-insectos\/","og_site_name":"Desde la terraza de Amador","article_published_time":"2023-10-09T07:08:04+00:00","article_modified_time":"2023-10-14T06:39:20+00:00","og_image":[{"width":350,"height":244,"url":"https:\/\/desdelaterrazadeamador.com\/wp-content\/uploads\/2023\/10\/Insectos-MODELO.jpg","type":"image\/jpeg"}],"author":"Amador Palacios","twitter_card":"summary_large_image","twitter_creator":"@https:\/\/twitter.com\/edurneamaya","twitter_site":"@edurneamaya","twitter_misc":{"Written by":"Amador Palacios","Est. reading time":"3 minutes"},"schema":{"@context":"https:\/\/schema.org","@graph":[{"@type":"Article","@id":"https:\/\/desdelaterrazadeamador.com\/en\/acabaremos-comiendo-insectos\/#article","isPartOf":{"@id":"https:\/\/desdelaterrazadeamador.com\/en\/acabaremos-comiendo-insectos\/"},"author":{"name":"Amador Palacios","@id":"https:\/\/desdelaterrazadeamador.com\/#\/schema\/person\/0b6966cf66bcc9a2eb35a69e1c074d66"},"headline":"\u00bf Acabaremos comiendo insectos ?","datePublished":"2023-10-09T07:08:04+00:00","dateModified":"2023-10-14T06:39:20+00:00","mainEntityOfPage":{"@id":"https:\/\/desdelaterrazadeamador.com\/en\/acabaremos-comiendo-insectos\/"},"wordCount":623,"commentCount":0,"publisher":{"@id":"https:\/\/desdelaterrazadeamador.com\/#\/schema\/person\/0b6966cf66bcc9a2eb35a69e1c074d66"},"image":{"@id":"https:\/\/desdelaterrazadeamador.com\/en\/acabaremos-comiendo-insectos\/#primaryimage"},"thumbnailUrl":"https:\/\/desdelaterrazadeamador.com\/wp-content\/uploads\/2023\/10\/Insectos-MODELO.jpg","articleSection":["Health","Sustainable Food"],"inLanguage":"en-US","potentialAction":[{"@type":"CommentAction","name":"Comment","target":["https:\/\/desdelaterrazadeamador.com\/en\/acabaremos-comiendo-insectos\/#respond"]}]},{"@type":"WebPage","@id":"https:\/\/desdelaterrazadeamador.com\/en\/acabaremos-comiendo-insectos\/","url":"https:\/\/desdelaterrazadeamador.com\/en\/acabaremos-comiendo-insectos\/","name":"\u00bf Acabaremos comiendo insectos ? - Desde la terraza de Amador","isPartOf":{"@id":"https:\/\/desdelaterrazadeamador.com\/#website"},"primaryImageOfPage":{"@id":"https:\/\/desdelaterrazadeamador.com\/en\/acabaremos-comiendo-insectos\/#primaryimage"},"image":{"@id":"https:\/\/desdelaterrazadeamador.com\/en\/acabaremos-comiendo-insectos\/#primaryimage"},"thumbnailUrl":"https:\/\/desdelaterrazadeamador.com\/wp-content\/uploads\/2023\/10\/Insectos-MODELO.jpg","datePublished":"2023-10-09T07:08:04+00:00","dateModified":"2023-10-14T06:39:20+00:00","description":"La pregunta reconozco que puede parecer un poco desagradable, en especial para m\u00ed que soy un poco escrupuloso con lo que como, y ni en un mill\u00f3n de a\u00f1os","breadcrumb":{"@id":"https:\/\/desdelaterrazadeamador.com\/en\/acabaremos-comiendo-insectos\/#breadcrumb"},"inLanguage":"en-US","potentialAction":[{"@type":"ReadAction","target":["https:\/\/desdelaterrazadeamador.com\/en\/acabaremos-comiendo-insectos\/"]}]},{"@type":"ImageObject","inLanguage":"en-US","@id":"https:\/\/desdelaterrazadeamador.com\/en\/acabaremos-comiendo-insectos\/#primaryimage","url":"https:\/\/desdelaterrazadeamador.com\/wp-content\/uploads\/2023\/10\/Insectos-MODELO.jpg","contentUrl":"https:\/\/desdelaterrazadeamador.com\/wp-content\/uploads\/2023\/10\/Insectos-MODELO.jpg","width":350,"height":244},{"@type":"BreadcrumbList","@id":"https:\/\/desdelaterrazadeamador.com\/en\/acabaremos-comiendo-insectos\/#breadcrumb","itemListElement":[{"@type":"ListItem","position":1,"name":"Portada","item":"https:\/\/desdelaterrazadeamador.com\/"},{"@type":"ListItem","position":2,"name":"\u00bf Acabaremos comiendo insectos ?"}]},{"@type":"WebSite","@id":"https:\/\/desdelaterrazadeamador.com\/#website","url":"https:\/\/desdelaterrazadeamador.com\/","name":"Desde la terraza de Amador","description":"Free and honest reflections on current social and technological issues","publisher":{"@id":"https:\/\/desdelaterrazadeamador.com\/#\/schema\/person\/0b6966cf66bcc9a2eb35a69e1c074d66"},"potentialAction":[{"@type":"SearchAction","target":{"@type":"EntryPoint","urlTemplate":"https:\/\/desdelaterrazadeamador.com\/?s={search_term_string}"},"query-input":{"@type":"PropertyValueSpecification","valueRequired":true,"valueName":"search_term_string"}}],"inLanguage":"en-US"},{"@type":["Person","Organization"],"@id":"https:\/\/desdelaterrazadeamador.com\/#\/schema\/person\/0b6966cf66bcc9a2eb35a69e1c074d66","name":"Amador Palacios","image":{"@type":"ImageObject","inLanguage":"en-US","@id":"https:\/\/desdelaterrazadeamador.com\/wp-content\/uploads\/2022\/01\/amador-palacios.jpg","url":"https:\/\/desdelaterrazadeamador.com\/wp-content\/uploads\/2022\/01\/amador-palacios.jpg","contentUrl":"https:\/\/desdelaterrazadeamador.com\/wp-content\/uploads\/2022\/01\/amador-palacios.jpg","width":1265,"height":899,"caption":"Amador Palacios"},"logo":{"@id":"https:\/\/desdelaterrazadeamador.com\/wp-content\/uploads\/2022\/01\/amador-palacios.jpg"},"description":"Reflexiones de Amador Palacios sobre temas de Actualidad Social y Tecnol\u00f3gica; otras opiniones diferentes a la m\u00eda son bienvenidas","sameAs":["http:\/\/desdelaterrazadeamador.com","https:\/\/es.linkedin.com\/in\/amador-palacios-499532a","https:\/\/x.com\/https:\/\/twitter.com\/edurneamaya"]}]}},"jetpack_publicize_connections":[],"_links":{"self":[{"href":"https:\/\/desdelaterrazadeamador.com\/en\/wp-json\/wp\/v2\/posts\/2267","targetHints":{"allow":["GET"]}}],"collection":[{"href":"https:\/\/desdelaterrazadeamador.com\/en\/wp-json\/wp\/v2\/posts"}],"about":[{"href":"https:\/\/desdelaterrazadeamador.com\/en\/wp-json\/wp\/v2\/types\/post"}],"author":[{"embeddable":true,"href":"https:\/\/desdelaterrazadeamador.com\/en\/wp-json\/wp\/v2\/users\/1"}],"replies":[{"embeddable":true,"href":"https:\/\/desdelaterrazadeamador.com\/en\/wp-json\/wp\/v2\/comments?post=2267"}],"version-history":[{"count":1,"href":"https:\/\/desdelaterrazadeamador.com\/en\/wp-json\/wp\/v2\/posts\/2267\/revisions"}],"predecessor-version":[{"id":2270,"href":"https:\/\/desdelaterrazadeamador.com\/en\/wp-json\/wp\/v2\/posts\/2267\/revisions\/2270"}],"wp:featuredmedia":[{"embeddable":true,"href":"https:\/\/desdelaterrazadeamador.com\/en\/wp-json\/wp\/v2\/media\/2269"}],"wp:attachment":[{"href":"https:\/\/desdelaterrazadeamador.com\/en\/wp-json\/wp\/v2\/media?parent=2267"}],"wp:term":[{"taxonomy":"category","embeddable":true,"href":"https:\/\/desdelaterrazadeamador.com\/en\/wp-json\/wp\/v2\/categories?post=2267"},{"taxonomy":"post_tag","embeddable":true,"href":"https:\/\/desdelaterrazadeamador.com\/en\/wp-json\/wp\/v2\/tags?post=2267"}],"curies":[{"name":"wp","href":"https:\/\/api.w.org\/{rel}","templated":true}]}}