{"id":2169,"date":"2023-08-31T09:05:17","date_gmt":"2023-08-31T07:05:17","guid":{"rendered":"https:\/\/desdelaterrazadeamador.com\/?p=2169"},"modified":"2023-09-03T08:23:59","modified_gmt":"2023-09-03T06:23:59","slug":"el-parkinson-se-puede-predecir-con-un-smartwatch","status":"publish","type":"post","link":"https:\/\/desdelaterrazadeamador.com\/en\/el-parkinson-se-puede-predecir-con-un-smartwatch\/","title":{"rendered":"Parkinson's can be predicted with a smartwatch"},"content":{"rendered":"<p>Views: 7<\/p>\n<p class=\"wp-block-paragraph\">Parkinson's disease (PD) is a neurodegenerative disorder that affects the central nervous system. It is characterized by the loss of dopaminergic neurons in the substantia nigra of the brain. Dopamine is a chemical that helps control movement. The loss of dopaminergic neurons causes symptoms such as tremors, stiffness, slowness of movement, and difficulty maintaining balance.<\/p>\n\n\n\n<p class=\"wp-block-paragraph\">PD is a chronic disease that has no cure and affects 10 million people worldwide, but there are treatments that can help control symptoms. The most common treatments are levodopa therapy, dopamine agonist therapy, and deep brain stimulation surgery.<\/p>\n\n\n\n<p class=\"wp-block-paragraph\">Recently, it has been discovered that smartwatches can be used to detect Parkinson's disease. Smartwatches can measure a number of physiological parameters, such as heart rate, respiratory rate, and body temperature. These parameters can be altered in people with PD, even before symptoms appear.<\/p>\n\n\n\n<p class=\"wp-block-paragraph\">A 2019 study by researchers at the University of Oxford, UK, found that smartwatches can detect Parkinson's disease with 90% accuracy. The study was carried out with a group of 100 people, 50 of whom had PD and 50 did not, and the participants wore a smartwatch for a period of 12 months.<\/p>\n\n\n\n<figure class=\"wp-block-image size-full is-resized\"><img loading=\"lazy\" decoding=\"async\" width=\"400\" height=\"400\" src=\"https:\/\/desdelaterrazadeamador.com\/wp-content\/uploads\/2023\/08\/Reloj-Smartwatch.jpg\" alt=\"\" class=\"wp-image-2170\" style=\"width:452px;height:auto\" srcset=\"https:\/\/desdelaterrazadeamador.com\/wp-content\/uploads\/2023\/08\/Reloj-Smartwatch.jpg 400w, https:\/\/desdelaterrazadeamador.com\/wp-content\/uploads\/2023\/08\/Reloj-Smartwatch-300x300.jpg 300w, https:\/\/desdelaterrazadeamador.com\/wp-content\/uploads\/2023\/08\/Reloj-Smartwatch-150x150.jpg 150w, https:\/\/desdelaterrazadeamador.com\/wp-content\/uploads\/2023\/08\/Reloj-Smartwatch-12x12.jpg 12w\" sizes=\"auto, (max-width: 400px) 100vw, 400px\" \/><\/figure>\n\n\n\n<p class=\"wp-block-paragraph\">The researchers analyzed the data from the smartwatch looking for changes in physiological parameters. They found that people with PD had significant changes in heart rate, respiratory rate, and body temperature. These changes were detectable even before the PD symptoms appeared.<\/p>\n\n\n\n<p class=\"wp-block-paragraph\">The results of this study suggest that smartwatches could be used to detect Parkinson's disease in its early stages. This would allow patients to start treatment sooner, which could improve their quality of life.<\/p>\n\n\n\n<p class=\"wp-block-paragraph\">A similar study has been carried out by researchers at Cardiff University (in Wales, UK) measuring data from the accelerometer and other parameters of the smartwatch, and taking the data to a \"maching learning\" model.<\/p>\n\n\n\n<p class=\"wp-block-paragraph\">However, it is important to note that smartwatches are not a definitive test for Parkinson's disease. If someone has any suspicion that they may have PD, it is important to see a doctor as soon as possible.<\/p>\n\n\n\n<p class=\"wp-block-paragraph\">Below are some of the benefits of using a smartwatch to detect Parkinson's disease:<\/p>\n\n\n\n<ul class=\"wp-block-list\">\n<li>Smartwatches are portable and easy for anyone to use.<\/li>\n\n\n\n<li>Smartwatches can continuously measure a series of physiological parameters, which can be altered in people with PD.<\/li>\n\n\n\n<li>Smartwatches could detect Parkinson's disease in its early stages, allowing patients to start treatment as soon as possible, and improve their health.<\/li>\n<\/ul>\n\n\n\n<p class=\"wp-block-paragraph\">With this I do not mean that everyone should wear a smartwatch, but if a person suspects that they may have the disease, they should talk to a specialist to see if a smartwatch could help them.<\/p>\n\n\n\n<p class=\"wp-block-paragraph\">It's better to prevent than to cure.<\/p>","protected":false},"excerpt":{"rendered":"<p>Views: 7 La enfermedad de Parkinson (EP) es un trastorno neurodegenerativo que afecta el sistema nervioso central. Se caracteriza por la p\u00e9rdida de neuronas dopamin\u00e9rgicas en la sustancia negra del cerebro. La dopamina es una sustancia qu\u00edmica que ayuda a controlar el movimiento. La p\u00e9rdida de neuronas dopamin\u00e9rgicas provoca s\u00edntomas como temblores, rigidez, lentitud de [&hellip;]<\/p>\n","protected":false},"author":1,"featured_media":2171,"comment_status":"open","ping_status":"closed","sticky":false,"template":"","format":"standard","meta":{"_crdt_document":"","footnotes":"","jetpack_publicize_message":"","jetpack_publicize_feature_enabled":true,"jetpack_social_post_already_shared":false,"jetpack_social_options":{"image_generator_settings":{"template":"highway","default_image_id":0,"font":"","enabled":false},"version":2}},"categories":[148,135],"tags":[],"class_list":["post-2169","post","type-post","status-publish","format-standard","has-post-thumbnail","hentry","category-health","category-technology"],"yoast_head":"<!-- This site is optimized with the Yoast SEO plugin v27.5 - https:\/\/yoast.com\/product\/yoast-seo-wordpress\/ -->\n<title>El Parkinson se puede predecir con un smartwatch - Desde la terraza de Amador<\/title>\n<meta name=\"description\" content=\"La enfermedad de Parkinson (EP) es un trastorno neurodegenerativo que afecta el sistema nervioso central. Se caracteriza por la p\u00e9rdida de neuronas\" \/>\n<meta name=\"robots\" content=\"index, follow, max-snippet:-1, max-image-preview:large, max-video-preview:-1\" \/>\n<link rel=\"canonical\" href=\"https:\/\/desdelaterrazadeamador.com\/en\/el-parkinson-se-puede-predecir-con-un-smartwatch\/\" \/>\n<meta property=\"og:locale\" content=\"en_US\" \/>\n<meta property=\"og:type\" content=\"article\" \/>\n<meta property=\"og:title\" content=\"El Parkinson se puede predecir con un smartwatch - Desde la terraza de Amador\" \/>\n<meta property=\"og:description\" content=\"La enfermedad de Parkinson (EP) es un trastorno neurodegenerativo que afecta el sistema nervioso central. Se caracteriza por la p\u00e9rdida de neuronas\" \/>\n<meta property=\"og:url\" content=\"https:\/\/desdelaterrazadeamador.com\/en\/el-parkinson-se-puede-predecir-con-un-smartwatch\/\" \/>\n<meta property=\"og:site_name\" content=\"Desde la terraza de Amador\" \/>\n<meta property=\"article:published_time\" content=\"2023-08-31T07:05:17+00:00\" \/>\n<meta property=\"article:modified_time\" content=\"2023-09-03T06:23:59+00:00\" \/>\n<meta property=\"og:image\" content=\"https:\/\/desdelaterrazadeamador.com\/wp-content\/uploads\/2023\/08\/Reloj-MODELO.jpg\" \/>\n\t<meta property=\"og:image:width\" content=\"450\" \/>\n\t<meta property=\"og:image:height\" content=\"300\" \/>\n\t<meta property=\"og:image:type\" content=\"image\/jpeg\" \/>\n<meta name=\"author\" content=\"Amador Palacios\" \/>\n<meta name=\"twitter:card\" content=\"summary_large_image\" \/>\n<meta name=\"twitter:creator\" content=\"@https:\/\/twitter.com\/edurneamaya\" \/>\n<meta name=\"twitter:site\" content=\"@edurneamaya\" \/>\n<meta name=\"twitter:label1\" content=\"Written by\" \/>\n\t<meta name=\"twitter:data1\" content=\"Amador Palacios\" \/>\n<script type=\"application\/ld+json\" class=\"yoast-schema-graph\">{\"@context\":\"https:\\\/\\\/schema.org\",\"@graph\":[{\"@type\":\"Article\",\"@id\":\"https:\\\/\\\/desdelaterrazadeamador.com\\\/el-parkinson-se-puede-predecir-con-un-smartwatch\\\/#article\",\"isPartOf\":{\"@id\":\"https:\\\/\\\/desdelaterrazadeamador.com\\\/el-parkinson-se-puede-predecir-con-un-smartwatch\\\/\"},\"author\":{\"name\":\"Amador Palacios\",\"@id\":\"https:\\\/\\\/desdelaterrazadeamador.com\\\/#\\\/schema\\\/person\\\/0b6966cf66bcc9a2eb35a69e1c074d66\"},\"headline\":\"El Parkinson se puede predecir con un smartwatch\",\"datePublished\":\"2023-08-31T07:05:17+00:00\",\"dateModified\":\"2023-09-03T06:23:59+00:00\",\"mainEntityOfPage\":{\"@id\":\"https:\\\/\\\/desdelaterrazadeamador.com\\\/el-parkinson-se-puede-predecir-con-un-smartwatch\\\/\"},\"wordCount\":558,\"commentCount\":0,\"publisher\":{\"@id\":\"https:\\\/\\\/desdelaterrazadeamador.com\\\/#\\\/schema\\\/person\\\/0b6966cf66bcc9a2eb35a69e1c074d66\"},\"image\":{\"@id\":\"https:\\\/\\\/desdelaterrazadeamador.com\\\/el-parkinson-se-puede-predecir-con-un-smartwatch\\\/#primaryimage\"},\"thumbnailUrl\":\"https:\\\/\\\/desdelaterrazadeamador.com\\\/wp-content\\\/uploads\\\/2023\\\/08\\\/Reloj-MODELO.jpg\",\"articleSection\":[\"Health\",\"Technology\"],\"inLanguage\":\"en-US\",\"potentialAction\":[{\"@type\":\"CommentAction\",\"name\":\"Comment\",\"target\":[\"https:\\\/\\\/desdelaterrazadeamador.com\\\/el-parkinson-se-puede-predecir-con-un-smartwatch\\\/#respond\"]}]},{\"@type\":\"WebPage\",\"@id\":\"https:\\\/\\\/desdelaterrazadeamador.com\\\/el-parkinson-se-puede-predecir-con-un-smartwatch\\\/\",\"url\":\"https:\\\/\\\/desdelaterrazadeamador.com\\\/el-parkinson-se-puede-predecir-con-un-smartwatch\\\/\",\"name\":\"El Parkinson se puede predecir con un smartwatch - Desde la terraza de Amador\",\"isPartOf\":{\"@id\":\"https:\\\/\\\/desdelaterrazadeamador.com\\\/#website\"},\"primaryImageOfPage\":{\"@id\":\"https:\\\/\\\/desdelaterrazadeamador.com\\\/el-parkinson-se-puede-predecir-con-un-smartwatch\\\/#primaryimage\"},\"image\":{\"@id\":\"https:\\\/\\\/desdelaterrazadeamador.com\\\/el-parkinson-se-puede-predecir-con-un-smartwatch\\\/#primaryimage\"},\"thumbnailUrl\":\"https:\\\/\\\/desdelaterrazadeamador.com\\\/wp-content\\\/uploads\\\/2023\\\/08\\\/Reloj-MODELO.jpg\",\"datePublished\":\"2023-08-31T07:05:17+00:00\",\"dateModified\":\"2023-09-03T06:23:59+00:00\",\"description\":\"La enfermedad de Parkinson (EP) es un trastorno neurodegenerativo que afecta el sistema nervioso central. Se caracteriza por la p\u00e9rdida de neuronas\",\"breadcrumb\":{\"@id\":\"https:\\\/\\\/desdelaterrazadeamador.com\\\/el-parkinson-se-puede-predecir-con-un-smartwatch\\\/#breadcrumb\"},\"inLanguage\":\"en-US\",\"potentialAction\":[{\"@type\":\"ReadAction\",\"target\":[\"https:\\\/\\\/desdelaterrazadeamador.com\\\/el-parkinson-se-puede-predecir-con-un-smartwatch\\\/\"]}]},{\"@type\":\"ImageObject\",\"inLanguage\":\"en-US\",\"@id\":\"https:\\\/\\\/desdelaterrazadeamador.com\\\/el-parkinson-se-puede-predecir-con-un-smartwatch\\\/#primaryimage\",\"url\":\"https:\\\/\\\/desdelaterrazadeamador.com\\\/wp-content\\\/uploads\\\/2023\\\/08\\\/Reloj-MODELO.jpg\",\"contentUrl\":\"https:\\\/\\\/desdelaterrazadeamador.com\\\/wp-content\\\/uploads\\\/2023\\\/08\\\/Reloj-MODELO.jpg\",\"width\":450,\"height\":300},{\"@type\":\"BreadcrumbList\",\"@id\":\"https:\\\/\\\/desdelaterrazadeamador.com\\\/el-parkinson-se-puede-predecir-con-un-smartwatch\\\/#breadcrumb\",\"itemListElement\":[{\"@type\":\"ListItem\",\"position\":1,\"name\":\"Portada\",\"item\":\"https:\\\/\\\/desdelaterrazadeamador.com\\\/\"},{\"@type\":\"ListItem\",\"position\":2,\"name\":\"El Parkinson se puede predecir con un smartwatch\"}]},{\"@type\":\"WebSite\",\"@id\":\"https:\\\/\\\/desdelaterrazadeamador.com\\\/#website\",\"url\":\"https:\\\/\\\/desdelaterrazadeamador.com\\\/\",\"name\":\"Desde la terraza de Amador\",\"description\":\"Reflexiones libres y honestas sobre temas de actualidad social y tecnol\u00f3gica\",\"publisher\":{\"@id\":\"https:\\\/\\\/desdelaterrazadeamador.com\\\/#\\\/schema\\\/person\\\/0b6966cf66bcc9a2eb35a69e1c074d66\"},\"potentialAction\":[{\"@type\":\"SearchAction\",\"target\":{\"@type\":\"EntryPoint\",\"urlTemplate\":\"https:\\\/\\\/desdelaterrazadeamador.com\\\/?s={search_term_string}\"},\"query-input\":{\"@type\":\"PropertyValueSpecification\",\"valueRequired\":true,\"valueName\":\"search_term_string\"}}],\"inLanguage\":\"en-US\"},{\"@type\":[\"Person\",\"Organization\"],\"@id\":\"https:\\\/\\\/desdelaterrazadeamador.com\\\/#\\\/schema\\\/person\\\/0b6966cf66bcc9a2eb35a69e1c074d66\",\"name\":\"Amador Palacios\",\"image\":{\"@type\":\"ImageObject\",\"inLanguage\":\"en-US\",\"@id\":\"https:\\\/\\\/desdelaterrazadeamador.com\\\/wp-content\\\/uploads\\\/2022\\\/01\\\/amador-palacios.jpg\",\"url\":\"https:\\\/\\\/desdelaterrazadeamador.com\\\/wp-content\\\/uploads\\\/2022\\\/01\\\/amador-palacios.jpg\",\"contentUrl\":\"https:\\\/\\\/desdelaterrazadeamador.com\\\/wp-content\\\/uploads\\\/2022\\\/01\\\/amador-palacios.jpg\",\"width\":1265,\"height\":899,\"caption\":\"Amador Palacios\"},\"logo\":{\"@id\":\"https:\\\/\\\/desdelaterrazadeamador.com\\\/wp-content\\\/uploads\\\/2022\\\/01\\\/amador-palacios.jpg\"},\"description\":\"Reflexiones de Amador Palacios sobre temas de Actualidad Social y Tecnol\u00f3gica; otras opiniones diferentes a la m\u00eda son bienvenidas\",\"sameAs\":[\"http:\\\/\\\/desdelaterrazadeamador.com\",\"https:\\\/\\\/es.linkedin.com\\\/in\\\/amador-palacios-499532a\",\"https:\\\/\\\/x.com\\\/https:\\\/\\\/twitter.com\\\/edurneamaya\"]}]}<\/script>\n<!-- \/ Yoast SEO plugin. -->","yoast_head_json":{"title":"El Parkinson se puede predecir con un smartwatch - Desde la terraza de Amador","description":"La enfermedad de Parkinson (EP) es un trastorno neurodegenerativo que afecta el sistema nervioso central. Se caracteriza por la p\u00e9rdida de neuronas","robots":{"index":"index","follow":"follow","max-snippet":"max-snippet:-1","max-image-preview":"max-image-preview:large","max-video-preview":"max-video-preview:-1"},"canonical":"https:\/\/desdelaterrazadeamador.com\/en\/el-parkinson-se-puede-predecir-con-un-smartwatch\/","og_locale":"en_US","og_type":"article","og_title":"El Parkinson se puede predecir con un smartwatch - Desde la terraza de Amador","og_description":"La enfermedad de Parkinson (EP) es un trastorno neurodegenerativo que afecta el sistema nervioso central. Se caracteriza por la p\u00e9rdida de neuronas","og_url":"https:\/\/desdelaterrazadeamador.com\/en\/el-parkinson-se-puede-predecir-con-un-smartwatch\/","og_site_name":"Desde la terraza de Amador","article_published_time":"2023-08-31T07:05:17+00:00","article_modified_time":"2023-09-03T06:23:59+00:00","og_image":[{"width":450,"height":300,"url":"https:\/\/desdelaterrazadeamador.com\/wp-content\/uploads\/2023\/08\/Reloj-MODELO.jpg","type":"image\/jpeg"}],"author":"Amador Palacios","twitter_card":"summary_large_image","twitter_creator":"@https:\/\/twitter.com\/edurneamaya","twitter_site":"@edurneamaya","twitter_misc":{"Written by":"Amador Palacios"},"schema":{"@context":"https:\/\/schema.org","@graph":[{"@type":"Article","@id":"https:\/\/desdelaterrazadeamador.com\/el-parkinson-se-puede-predecir-con-un-smartwatch\/#article","isPartOf":{"@id":"https:\/\/desdelaterrazadeamador.com\/el-parkinson-se-puede-predecir-con-un-smartwatch\/"},"author":{"name":"Amador Palacios","@id":"https:\/\/desdelaterrazadeamador.com\/#\/schema\/person\/0b6966cf66bcc9a2eb35a69e1c074d66"},"headline":"El Parkinson se puede predecir con un smartwatch","datePublished":"2023-08-31T07:05:17+00:00","dateModified":"2023-09-03T06:23:59+00:00","mainEntityOfPage":{"@id":"https:\/\/desdelaterrazadeamador.com\/el-parkinson-se-puede-predecir-con-un-smartwatch\/"},"wordCount":558,"commentCount":0,"publisher":{"@id":"https:\/\/desdelaterrazadeamador.com\/#\/schema\/person\/0b6966cf66bcc9a2eb35a69e1c074d66"},"image":{"@id":"https:\/\/desdelaterrazadeamador.com\/el-parkinson-se-puede-predecir-con-un-smartwatch\/#primaryimage"},"thumbnailUrl":"https:\/\/desdelaterrazadeamador.com\/wp-content\/uploads\/2023\/08\/Reloj-MODELO.jpg","articleSection":["Health","Technology"],"inLanguage":"en-US","potentialAction":[{"@type":"CommentAction","name":"Comment","target":["https:\/\/desdelaterrazadeamador.com\/el-parkinson-se-puede-predecir-con-un-smartwatch\/#respond"]}]},{"@type":"WebPage","@id":"https:\/\/desdelaterrazadeamador.com\/el-parkinson-se-puede-predecir-con-un-smartwatch\/","url":"https:\/\/desdelaterrazadeamador.com\/el-parkinson-se-puede-predecir-con-un-smartwatch\/","name":"El Parkinson se puede predecir con un smartwatch - Desde la terraza de Amador","isPartOf":{"@id":"https:\/\/desdelaterrazadeamador.com\/#website"},"primaryImageOfPage":{"@id":"https:\/\/desdelaterrazadeamador.com\/el-parkinson-se-puede-predecir-con-un-smartwatch\/#primaryimage"},"image":{"@id":"https:\/\/desdelaterrazadeamador.com\/el-parkinson-se-puede-predecir-con-un-smartwatch\/#primaryimage"},"thumbnailUrl":"https:\/\/desdelaterrazadeamador.com\/wp-content\/uploads\/2023\/08\/Reloj-MODELO.jpg","datePublished":"2023-08-31T07:05:17+00:00","dateModified":"2023-09-03T06:23:59+00:00","description":"La enfermedad de Parkinson (EP) es un trastorno neurodegenerativo que afecta el sistema nervioso central. Se caracteriza por la p\u00e9rdida de neuronas","breadcrumb":{"@id":"https:\/\/desdelaterrazadeamador.com\/el-parkinson-se-puede-predecir-con-un-smartwatch\/#breadcrumb"},"inLanguage":"en-US","potentialAction":[{"@type":"ReadAction","target":["https:\/\/desdelaterrazadeamador.com\/el-parkinson-se-puede-predecir-con-un-smartwatch\/"]}]},{"@type":"ImageObject","inLanguage":"en-US","@id":"https:\/\/desdelaterrazadeamador.com\/el-parkinson-se-puede-predecir-con-un-smartwatch\/#primaryimage","url":"https:\/\/desdelaterrazadeamador.com\/wp-content\/uploads\/2023\/08\/Reloj-MODELO.jpg","contentUrl":"https:\/\/desdelaterrazadeamador.com\/wp-content\/uploads\/2023\/08\/Reloj-MODELO.jpg","width":450,"height":300},{"@type":"BreadcrumbList","@id":"https:\/\/desdelaterrazadeamador.com\/el-parkinson-se-puede-predecir-con-un-smartwatch\/#breadcrumb","itemListElement":[{"@type":"ListItem","position":1,"name":"Portada","item":"https:\/\/desdelaterrazadeamador.com\/"},{"@type":"ListItem","position":2,"name":"El Parkinson se puede predecir con un smartwatch"}]},{"@type":"WebSite","@id":"https:\/\/desdelaterrazadeamador.com\/#website","url":"https:\/\/desdelaterrazadeamador.com\/","name":"Desde la terraza de Amador","description":"Free and honest reflections on current social and technological issues","publisher":{"@id":"https:\/\/desdelaterrazadeamador.com\/#\/schema\/person\/0b6966cf66bcc9a2eb35a69e1c074d66"},"potentialAction":[{"@type":"SearchAction","target":{"@type":"EntryPoint","urlTemplate":"https:\/\/desdelaterrazadeamador.com\/?s={search_term_string}"},"query-input":{"@type":"PropertyValueSpecification","valueRequired":true,"valueName":"search_term_string"}}],"inLanguage":"en-US"},{"@type":["Person","Organization"],"@id":"https:\/\/desdelaterrazadeamador.com\/#\/schema\/person\/0b6966cf66bcc9a2eb35a69e1c074d66","name":"Amador Palacios","image":{"@type":"ImageObject","inLanguage":"en-US","@id":"https:\/\/desdelaterrazadeamador.com\/wp-content\/uploads\/2022\/01\/amador-palacios.jpg","url":"https:\/\/desdelaterrazadeamador.com\/wp-content\/uploads\/2022\/01\/amador-palacios.jpg","contentUrl":"https:\/\/desdelaterrazadeamador.com\/wp-content\/uploads\/2022\/01\/amador-palacios.jpg","width":1265,"height":899,"caption":"Amador Palacios"},"logo":{"@id":"https:\/\/desdelaterrazadeamador.com\/wp-content\/uploads\/2022\/01\/amador-palacios.jpg"},"description":"Reflexiones de Amador Palacios sobre temas de Actualidad Social y Tecnol\u00f3gica; otras opiniones diferentes a la m\u00eda son bienvenidas","sameAs":["http:\/\/desdelaterrazadeamador.com","https:\/\/es.linkedin.com\/in\/amador-palacios-499532a","https:\/\/x.com\/https:\/\/twitter.com\/edurneamaya"]}]}},"jetpack_publicize_connections":[],"_links":{"self":[{"href":"https:\/\/desdelaterrazadeamador.com\/en\/wp-json\/wp\/v2\/posts\/2169","targetHints":{"allow":["GET"]}}],"collection":[{"href":"https:\/\/desdelaterrazadeamador.com\/en\/wp-json\/wp\/v2\/posts"}],"about":[{"href":"https:\/\/desdelaterrazadeamador.com\/en\/wp-json\/wp\/v2\/types\/post"}],"author":[{"embeddable":true,"href":"https:\/\/desdelaterrazadeamador.com\/en\/wp-json\/wp\/v2\/users\/1"}],"replies":[{"embeddable":true,"href":"https:\/\/desdelaterrazadeamador.com\/en\/wp-json\/wp\/v2\/comments?post=2169"}],"version-history":[{"count":1,"href":"https:\/\/desdelaterrazadeamador.com\/en\/wp-json\/wp\/v2\/posts\/2169\/revisions"}],"predecessor-version":[{"id":2172,"href":"https:\/\/desdelaterrazadeamador.com\/en\/wp-json\/wp\/v2\/posts\/2169\/revisions\/2172"}],"wp:featuredmedia":[{"embeddable":true,"href":"https:\/\/desdelaterrazadeamador.com\/en\/wp-json\/wp\/v2\/media\/2171"}],"wp:attachment":[{"href":"https:\/\/desdelaterrazadeamador.com\/en\/wp-json\/wp\/v2\/media?parent=2169"}],"wp:term":[{"taxonomy":"category","embeddable":true,"href":"https:\/\/desdelaterrazadeamador.com\/en\/wp-json\/wp\/v2\/categories?post=2169"},{"taxonomy":"post_tag","embeddable":true,"href":"https:\/\/desdelaterrazadeamador.com\/en\/wp-json\/wp\/v2\/tags?post=2169"}],"curies":[{"name":"wp","href":"https:\/\/api.w.org\/{rel}","templated":true}]}}