{"id":1812,"date":"2023-04-28T08:25:40","date_gmt":"2023-04-28T06:25:40","guid":{"rendered":"https:\/\/desdelaterrazadeamador.com\/?p=1812"},"modified":"2023-04-30T08:08:20","modified_gmt":"2023-04-30T06:08:20","slug":"la-evolucion-de-los-coches-autonomos","status":"publish","type":"post","link":"https:\/\/desdelaterrazadeamador.com\/en\/la-evolucion-de-los-coches-autonomos\/","title":{"rendered":"The evolution of autonomous cars"},"content":{"rendered":"<p>Views: 8<\/p>\n<p class=\"wp-block-paragraph\">To see how autonomous cars have evolved, perhaps it is best to see what Waymo has done with the cars that they have used to offer his services.<\/p>\n\n\n\n<p class=\"wp-block-paragraph\">In its origins, the company \u201ccreated\u201d very special cars to test its technologies, and put them on the road to cover the maximum number of kilometers and thus obtain experiences of use. And that happened over a few years where they spent developing their technology while doing millions of miles and getting more real experiences.<\/p>\n\n\n\n<p class=\"wp-block-paragraph\">When it began offering self-driving taxi services paid for by customers, it struck a deal with Chrysler to use its Pacifica model, which was a hybrid vehicle. And although they signed an agreement with the company to acquire 60,000 vehicles, after many years they have barely acquired around 1,000, and most of them have been used in the Arizona area.<\/p>\n\n\n\n<p class=\"wp-block-paragraph\">Waymo later evolved and went on to buy a fully electric car, the Jaguar model I-Pace as the platform for its fifth generation of autonomous car, which is the one that is currently being used the most, and Waymo has recently announced that it is going to cease the activity of Chrysler models, to use only Jaguar's all-electric cars.<\/p>\n\n\n\n<figure class=\"wp-block-image size-full is-resized\"><img loading=\"lazy\" decoding=\"async\" src=\"https:\/\/desdelaterrazadeamador.com\/wp-content\/uploads\/2023\/04\/Jaguar-I-Pace.jpg\" alt=\"\" class=\"wp-image-1813\" width=\"504\" height=\"266\" srcset=\"https:\/\/desdelaterrazadeamador.com\/wp-content\/uploads\/2023\/04\/Jaguar-I-Pace.jpg 309w, https:\/\/desdelaterrazadeamador.com\/wp-content\/uploads\/2023\/04\/Jaguar-I-Pace-300x158.jpg 300w, https:\/\/desdelaterrazadeamador.com\/wp-content\/uploads\/2023\/04\/Jaguar-I-Pace-18x9.jpg 18w\" sizes=\"auto, (max-width: 504px) 100vw, 504px\" \/><\/figure>\n\n\n\n<p class=\"wp-block-paragraph\">We have to consider that in an autonomous car the availability of a car is essential, and that is why Waymo started with Chrysler hybrid cars that filled up with gasoline in a short time. Well, at that time (year 2018) there were not many places to recharge electric cars.<\/p>\n\n\n\n<p class=\"wp-block-paragraph\">Time has passed, and today (5 years later) electric cars are a palpable reality, charging points have increased and will continue to increase, and customers are more sensitive to using non-polluting cars. Something that almost all of Waymo's competitors in this sector also do.<\/p>\n\n\n\n<p class=\"wp-block-paragraph\">And I think that is why all the autonomous car operators offer their services with fully electric cars, to convey a message of modernity, ecological travel, etc\u2026. although at the moment all of them continue to operate with losses in their income statements.<\/p>\n\n\n\n<p class=\"wp-block-paragraph\">When will that change ?  I doubt if anyone knows. The taxi market in the cities is huge, but the economic strain on companies (Waymo and others) to be there waiting for the situation to change is also huge.<\/p>\n\n\n\n<p class=\"wp-block-paragraph\">As in so many things, time will tell us.<\/p>","protected":false},"excerpt":{"rendered":"<p>Views: 8 Para ver como han evolucionado los coches aut\u00f3nomos, quiz\u00e1s sea lo mejor ver lo que ha hecho Waymo con los coches que ha utilizado para ofrecer sus servicios. En sus or\u00edgenes la empresa \u201ccreaba\u201d coches muy especiales para probar sus tecnolog\u00edas, y los pon\u00eda en la carretera para realizar el m\u00e1ximo de kil\u00f3metros [&hellip;]<\/p>\n","protected":false},"author":1,"featured_media":322,"comment_status":"open","ping_status":"closed","sticky":false,"template":"","format":"standard","meta":{"_crdt_document":"","footnotes":"","jetpack_publicize_message":"","jetpack_publicize_feature_enabled":true,"jetpack_social_post_already_shared":false,"jetpack_social_options":{"image_generator_settings":{"template":"highway","default_image_id":0,"font":"","enabled":false},"version":2}},"categories":[111,124,135],"tags":[],"class_list":["post-1812","post","type-post","status-publish","format-standard","has-post-thumbnail","hentry","category-autonomous-cars-vehicles","category-electric-cars","category-technology"],"yoast_head":"<!-- This site is optimized with the Yoast SEO plugin v27.5 - https:\/\/yoast.com\/product\/yoast-seo-wordpress\/ -->\n<title>La evoluci\u00f3n de los coches aut\u00f3nomos - Desde la terraza de Amador<\/title>\n<meta name=\"description\" content=\"Para ver como han evolucionado los coches aut\u00f3nomos, quiz\u00e1s sea lo mejor ver lo que ha hecho Waymo con los coches que ha utilizado para ofrecer sus\" \/>\n<meta name=\"robots\" content=\"index, follow, max-snippet:-1, max-image-preview:large, max-video-preview:-1\" \/>\n<link rel=\"canonical\" href=\"https:\/\/desdelaterrazadeamador.com\/en\/la-evolucion-de-los-coches-autonomos\/\" \/>\n<meta property=\"og:locale\" content=\"en_US\" \/>\n<meta property=\"og:type\" content=\"article\" \/>\n<meta property=\"og:title\" content=\"La evoluci\u00f3n de los coches aut\u00f3nomos - Desde la terraza de Amador\" \/>\n<meta property=\"og:description\" content=\"Para ver como han evolucionado los coches aut\u00f3nomos, quiz\u00e1s sea lo mejor ver lo que ha hecho Waymo con los coches que ha utilizado para ofrecer sus\" \/>\n<meta property=\"og:url\" content=\"https:\/\/desdelaterrazadeamador.com\/en\/la-evolucion-de-los-coches-autonomos\/\" \/>\n<meta property=\"og:site_name\" content=\"Desde la terraza de Amador\" \/>\n<meta property=\"article:published_time\" content=\"2023-04-28T06:25:40+00:00\" \/>\n<meta property=\"article:modified_time\" content=\"2023-04-30T06:08:20+00:00\" \/>\n<meta property=\"og:image\" content=\"https:\/\/desdelaterrazadeamador.com\/wp-content\/uploads\/2021\/12\/Coches-autonomos-MODELO.jpg\" \/>\n\t<meta property=\"og:image:width\" content=\"600\" \/>\n\t<meta property=\"og:image:height\" content=\"424\" \/>\n\t<meta property=\"og:image:type\" content=\"image\/jpeg\" \/>\n<meta name=\"author\" content=\"Amador Palacios\" \/>\n<meta name=\"twitter:card\" content=\"summary_large_image\" \/>\n<meta name=\"twitter:creator\" content=\"@https:\/\/twitter.com\/edurneamaya\" \/>\n<meta name=\"twitter:site\" content=\"@edurneamaya\" \/>\n<meta name=\"twitter:label1\" content=\"Written by\" \/>\n\t<meta name=\"twitter:data1\" content=\"Amador Palacios\" \/>\n\t<meta name=\"twitter:label2\" content=\"Est. reading time\" \/>\n\t<meta name=\"twitter:data2\" content=\"3 minutes\" \/>\n<script type=\"application\/ld+json\" class=\"yoast-schema-graph\">{\"@context\":\"https:\\\/\\\/schema.org\",\"@graph\":[{\"@type\":\"Article\",\"@id\":\"https:\\\/\\\/desdelaterrazadeamador.com\\\/la-evolucion-de-los-coches-autonomos\\\/#article\",\"isPartOf\":{\"@id\":\"https:\\\/\\\/desdelaterrazadeamador.com\\\/la-evolucion-de-los-coches-autonomos\\\/\"},\"author\":{\"name\":\"Amador Palacios\",\"@id\":\"https:\\\/\\\/desdelaterrazadeamador.com\\\/#\\\/schema\\\/person\\\/0b6966cf66bcc9a2eb35a69e1c074d66\"},\"headline\":\"La evoluci\u00f3n de los coches aut\u00f3nomos\",\"datePublished\":\"2023-04-28T06:25:40+00:00\",\"dateModified\":\"2023-04-30T06:08:20+00:00\",\"mainEntityOfPage\":{\"@id\":\"https:\\\/\\\/desdelaterrazadeamador.com\\\/la-evolucion-de-los-coches-autonomos\\\/\"},\"wordCount\":464,\"commentCount\":0,\"publisher\":{\"@id\":\"https:\\\/\\\/desdelaterrazadeamador.com\\\/#\\\/schema\\\/person\\\/0b6966cf66bcc9a2eb35a69e1c074d66\"},\"image\":{\"@id\":\"https:\\\/\\\/desdelaterrazadeamador.com\\\/la-evolucion-de-los-coches-autonomos\\\/#primaryimage\"},\"thumbnailUrl\":\"https:\\\/\\\/desdelaterrazadeamador.com\\\/wp-content\\\/uploads\\\/2021\\\/12\\\/Coches-autonomos-MODELO.jpg\",\"articleSection\":[\"Autonomous Cars\",\"Electric cars\",\"Technology\"],\"inLanguage\":\"en-US\",\"potentialAction\":[{\"@type\":\"CommentAction\",\"name\":\"Comment\",\"target\":[\"https:\\\/\\\/desdelaterrazadeamador.com\\\/la-evolucion-de-los-coches-autonomos\\\/#respond\"]}]},{\"@type\":\"WebPage\",\"@id\":\"https:\\\/\\\/desdelaterrazadeamador.com\\\/la-evolucion-de-los-coches-autonomos\\\/\",\"url\":\"https:\\\/\\\/desdelaterrazadeamador.com\\\/la-evolucion-de-los-coches-autonomos\\\/\",\"name\":\"La evoluci\u00f3n de los coches aut\u00f3nomos - Desde la terraza de Amador\",\"isPartOf\":{\"@id\":\"https:\\\/\\\/desdelaterrazadeamador.com\\\/#website\"},\"primaryImageOfPage\":{\"@id\":\"https:\\\/\\\/desdelaterrazadeamador.com\\\/la-evolucion-de-los-coches-autonomos\\\/#primaryimage\"},\"image\":{\"@id\":\"https:\\\/\\\/desdelaterrazadeamador.com\\\/la-evolucion-de-los-coches-autonomos\\\/#primaryimage\"},\"thumbnailUrl\":\"https:\\\/\\\/desdelaterrazadeamador.com\\\/wp-content\\\/uploads\\\/2021\\\/12\\\/Coches-autonomos-MODELO.jpg\",\"datePublished\":\"2023-04-28T06:25:40+00:00\",\"dateModified\":\"2023-04-30T06:08:20+00:00\",\"description\":\"Para ver como han evolucionado los coches aut\u00f3nomos, quiz\u00e1s sea lo mejor ver lo que ha hecho Waymo con los coches que ha utilizado para ofrecer sus\",\"breadcrumb\":{\"@id\":\"https:\\\/\\\/desdelaterrazadeamador.com\\\/la-evolucion-de-los-coches-autonomos\\\/#breadcrumb\"},\"inLanguage\":\"en-US\",\"potentialAction\":[{\"@type\":\"ReadAction\",\"target\":[\"https:\\\/\\\/desdelaterrazadeamador.com\\\/la-evolucion-de-los-coches-autonomos\\\/\"]}]},{\"@type\":\"ImageObject\",\"inLanguage\":\"en-US\",\"@id\":\"https:\\\/\\\/desdelaterrazadeamador.com\\\/la-evolucion-de-los-coches-autonomos\\\/#primaryimage\",\"url\":\"https:\\\/\\\/desdelaterrazadeamador.com\\\/wp-content\\\/uploads\\\/2021\\\/12\\\/Coches-autonomos-MODELO.jpg\",\"contentUrl\":\"https:\\\/\\\/desdelaterrazadeamador.com\\\/wp-content\\\/uploads\\\/2021\\\/12\\\/Coches-autonomos-MODELO.jpg\",\"width\":600,\"height\":424},{\"@type\":\"BreadcrumbList\",\"@id\":\"https:\\\/\\\/desdelaterrazadeamador.com\\\/la-evolucion-de-los-coches-autonomos\\\/#breadcrumb\",\"itemListElement\":[{\"@type\":\"ListItem\",\"position\":1,\"name\":\"Portada\",\"item\":\"https:\\\/\\\/desdelaterrazadeamador.com\\\/\"},{\"@type\":\"ListItem\",\"position\":2,\"name\":\"La evoluci\u00f3n de los coches aut\u00f3nomos\"}]},{\"@type\":\"WebSite\",\"@id\":\"https:\\\/\\\/desdelaterrazadeamador.com\\\/#website\",\"url\":\"https:\\\/\\\/desdelaterrazadeamador.com\\\/\",\"name\":\"Desde la terraza de Amador\",\"description\":\"Reflexiones libres y honestas sobre temas de actualidad social y tecnol\u00f3gica\",\"publisher\":{\"@id\":\"https:\\\/\\\/desdelaterrazadeamador.com\\\/#\\\/schema\\\/person\\\/0b6966cf66bcc9a2eb35a69e1c074d66\"},\"potentialAction\":[{\"@type\":\"SearchAction\",\"target\":{\"@type\":\"EntryPoint\",\"urlTemplate\":\"https:\\\/\\\/desdelaterrazadeamador.com\\\/?s={search_term_string}\"},\"query-input\":{\"@type\":\"PropertyValueSpecification\",\"valueRequired\":true,\"valueName\":\"search_term_string\"}}],\"inLanguage\":\"en-US\"},{\"@type\":[\"Person\",\"Organization\"],\"@id\":\"https:\\\/\\\/desdelaterrazadeamador.com\\\/#\\\/schema\\\/person\\\/0b6966cf66bcc9a2eb35a69e1c074d66\",\"name\":\"Amador Palacios\",\"image\":{\"@type\":\"ImageObject\",\"inLanguage\":\"en-US\",\"@id\":\"https:\\\/\\\/desdelaterrazadeamador.com\\\/wp-content\\\/uploads\\\/2022\\\/01\\\/amador-palacios.jpg\",\"url\":\"https:\\\/\\\/desdelaterrazadeamador.com\\\/wp-content\\\/uploads\\\/2022\\\/01\\\/amador-palacios.jpg\",\"contentUrl\":\"https:\\\/\\\/desdelaterrazadeamador.com\\\/wp-content\\\/uploads\\\/2022\\\/01\\\/amador-palacios.jpg\",\"width\":1265,\"height\":899,\"caption\":\"Amador Palacios\"},\"logo\":{\"@id\":\"https:\\\/\\\/desdelaterrazadeamador.com\\\/wp-content\\\/uploads\\\/2022\\\/01\\\/amador-palacios.jpg\"},\"description\":\"Reflexiones de Amador Palacios sobre temas de Actualidad Social y Tecnol\u00f3gica; otras opiniones diferentes a la m\u00eda son bienvenidas\",\"sameAs\":[\"http:\\\/\\\/desdelaterrazadeamador.com\",\"https:\\\/\\\/es.linkedin.com\\\/in\\\/amador-palacios-499532a\",\"https:\\\/\\\/x.com\\\/https:\\\/\\\/twitter.com\\\/edurneamaya\"]}]}<\/script>\n<!-- \/ Yoast SEO plugin. -->","yoast_head_json":{"title":"La evoluci\u00f3n de los coches aut\u00f3nomos - Desde la terraza de Amador","description":"Para ver como han evolucionado los coches aut\u00f3nomos, quiz\u00e1s sea lo mejor ver lo que ha hecho Waymo con los coches que ha utilizado para ofrecer sus","robots":{"index":"index","follow":"follow","max-snippet":"max-snippet:-1","max-image-preview":"max-image-preview:large","max-video-preview":"max-video-preview:-1"},"canonical":"https:\/\/desdelaterrazadeamador.com\/en\/la-evolucion-de-los-coches-autonomos\/","og_locale":"en_US","og_type":"article","og_title":"La evoluci\u00f3n de los coches aut\u00f3nomos - Desde la terraza de Amador","og_description":"Para ver como han evolucionado los coches aut\u00f3nomos, quiz\u00e1s sea lo mejor ver lo que ha hecho Waymo con los coches que ha utilizado para ofrecer sus","og_url":"https:\/\/desdelaterrazadeamador.com\/en\/la-evolucion-de-los-coches-autonomos\/","og_site_name":"Desde la terraza de Amador","article_published_time":"2023-04-28T06:25:40+00:00","article_modified_time":"2023-04-30T06:08:20+00:00","og_image":[{"width":600,"height":424,"url":"https:\/\/desdelaterrazadeamador.com\/wp-content\/uploads\/2021\/12\/Coches-autonomos-MODELO.jpg","type":"image\/jpeg"}],"author":"Amador Palacios","twitter_card":"summary_large_image","twitter_creator":"@https:\/\/twitter.com\/edurneamaya","twitter_site":"@edurneamaya","twitter_misc":{"Written by":"Amador Palacios","Est. reading time":"3 minutes"},"schema":{"@context":"https:\/\/schema.org","@graph":[{"@type":"Article","@id":"https:\/\/desdelaterrazadeamador.com\/la-evolucion-de-los-coches-autonomos\/#article","isPartOf":{"@id":"https:\/\/desdelaterrazadeamador.com\/la-evolucion-de-los-coches-autonomos\/"},"author":{"name":"Amador Palacios","@id":"https:\/\/desdelaterrazadeamador.com\/#\/schema\/person\/0b6966cf66bcc9a2eb35a69e1c074d66"},"headline":"La evoluci\u00f3n de los coches aut\u00f3nomos","datePublished":"2023-04-28T06:25:40+00:00","dateModified":"2023-04-30T06:08:20+00:00","mainEntityOfPage":{"@id":"https:\/\/desdelaterrazadeamador.com\/la-evolucion-de-los-coches-autonomos\/"},"wordCount":464,"commentCount":0,"publisher":{"@id":"https:\/\/desdelaterrazadeamador.com\/#\/schema\/person\/0b6966cf66bcc9a2eb35a69e1c074d66"},"image":{"@id":"https:\/\/desdelaterrazadeamador.com\/la-evolucion-de-los-coches-autonomos\/#primaryimage"},"thumbnailUrl":"https:\/\/desdelaterrazadeamador.com\/wp-content\/uploads\/2021\/12\/Coches-autonomos-MODELO.jpg","articleSection":["Autonomous Cars","Electric cars","Technology"],"inLanguage":"en-US","potentialAction":[{"@type":"CommentAction","name":"Comment","target":["https:\/\/desdelaterrazadeamador.com\/la-evolucion-de-los-coches-autonomos\/#respond"]}]},{"@type":"WebPage","@id":"https:\/\/desdelaterrazadeamador.com\/la-evolucion-de-los-coches-autonomos\/","url":"https:\/\/desdelaterrazadeamador.com\/la-evolucion-de-los-coches-autonomos\/","name":"La evoluci\u00f3n de los coches aut\u00f3nomos - Desde la terraza de Amador","isPartOf":{"@id":"https:\/\/desdelaterrazadeamador.com\/#website"},"primaryImageOfPage":{"@id":"https:\/\/desdelaterrazadeamador.com\/la-evolucion-de-los-coches-autonomos\/#primaryimage"},"image":{"@id":"https:\/\/desdelaterrazadeamador.com\/la-evolucion-de-los-coches-autonomos\/#primaryimage"},"thumbnailUrl":"https:\/\/desdelaterrazadeamador.com\/wp-content\/uploads\/2021\/12\/Coches-autonomos-MODELO.jpg","datePublished":"2023-04-28T06:25:40+00:00","dateModified":"2023-04-30T06:08:20+00:00","description":"Para ver como han evolucionado los coches aut\u00f3nomos, quiz\u00e1s sea lo mejor ver lo que ha hecho Waymo con los coches que ha utilizado para ofrecer sus","breadcrumb":{"@id":"https:\/\/desdelaterrazadeamador.com\/la-evolucion-de-los-coches-autonomos\/#breadcrumb"},"inLanguage":"en-US","potentialAction":[{"@type":"ReadAction","target":["https:\/\/desdelaterrazadeamador.com\/la-evolucion-de-los-coches-autonomos\/"]}]},{"@type":"ImageObject","inLanguage":"en-US","@id":"https:\/\/desdelaterrazadeamador.com\/la-evolucion-de-los-coches-autonomos\/#primaryimage","url":"https:\/\/desdelaterrazadeamador.com\/wp-content\/uploads\/2021\/12\/Coches-autonomos-MODELO.jpg","contentUrl":"https:\/\/desdelaterrazadeamador.com\/wp-content\/uploads\/2021\/12\/Coches-autonomos-MODELO.jpg","width":600,"height":424},{"@type":"BreadcrumbList","@id":"https:\/\/desdelaterrazadeamador.com\/la-evolucion-de-los-coches-autonomos\/#breadcrumb","itemListElement":[{"@type":"ListItem","position":1,"name":"Portada","item":"https:\/\/desdelaterrazadeamador.com\/"},{"@type":"ListItem","position":2,"name":"La evoluci\u00f3n de los coches aut\u00f3nomos"}]},{"@type":"WebSite","@id":"https:\/\/desdelaterrazadeamador.com\/#website","url":"https:\/\/desdelaterrazadeamador.com\/","name":"Desde la terraza de Amador","description":"Free and honest reflections on current social and technological issues","publisher":{"@id":"https:\/\/desdelaterrazadeamador.com\/#\/schema\/person\/0b6966cf66bcc9a2eb35a69e1c074d66"},"potentialAction":[{"@type":"SearchAction","target":{"@type":"EntryPoint","urlTemplate":"https:\/\/desdelaterrazadeamador.com\/?s={search_term_string}"},"query-input":{"@type":"PropertyValueSpecification","valueRequired":true,"valueName":"search_term_string"}}],"inLanguage":"en-US"},{"@type":["Person","Organization"],"@id":"https:\/\/desdelaterrazadeamador.com\/#\/schema\/person\/0b6966cf66bcc9a2eb35a69e1c074d66","name":"Amador Palacios","image":{"@type":"ImageObject","inLanguage":"en-US","@id":"https:\/\/desdelaterrazadeamador.com\/wp-content\/uploads\/2022\/01\/amador-palacios.jpg","url":"https:\/\/desdelaterrazadeamador.com\/wp-content\/uploads\/2022\/01\/amador-palacios.jpg","contentUrl":"https:\/\/desdelaterrazadeamador.com\/wp-content\/uploads\/2022\/01\/amador-palacios.jpg","width":1265,"height":899,"caption":"Amador Palacios"},"logo":{"@id":"https:\/\/desdelaterrazadeamador.com\/wp-content\/uploads\/2022\/01\/amador-palacios.jpg"},"description":"Reflexiones de Amador Palacios sobre temas de Actualidad Social y Tecnol\u00f3gica; otras opiniones diferentes a la m\u00eda son bienvenidas","sameAs":["http:\/\/desdelaterrazadeamador.com","https:\/\/es.linkedin.com\/in\/amador-palacios-499532a","https:\/\/x.com\/https:\/\/twitter.com\/edurneamaya"]}]}},"jetpack_publicize_connections":[],"_links":{"self":[{"href":"https:\/\/desdelaterrazadeamador.com\/en\/wp-json\/wp\/v2\/posts\/1812","targetHints":{"allow":["GET"]}}],"collection":[{"href":"https:\/\/desdelaterrazadeamador.com\/en\/wp-json\/wp\/v2\/posts"}],"about":[{"href":"https:\/\/desdelaterrazadeamador.com\/en\/wp-json\/wp\/v2\/types\/post"}],"author":[{"embeddable":true,"href":"https:\/\/desdelaterrazadeamador.com\/en\/wp-json\/wp\/v2\/users\/1"}],"replies":[{"embeddable":true,"href":"https:\/\/desdelaterrazadeamador.com\/en\/wp-json\/wp\/v2\/comments?post=1812"}],"version-history":[{"count":1,"href":"https:\/\/desdelaterrazadeamador.com\/en\/wp-json\/wp\/v2\/posts\/1812\/revisions"}],"predecessor-version":[{"id":1814,"href":"https:\/\/desdelaterrazadeamador.com\/en\/wp-json\/wp\/v2\/posts\/1812\/revisions\/1814"}],"wp:featuredmedia":[{"embeddable":true,"href":"https:\/\/desdelaterrazadeamador.com\/en\/wp-json\/wp\/v2\/media\/322"}],"wp:attachment":[{"href":"https:\/\/desdelaterrazadeamador.com\/en\/wp-json\/wp\/v2\/media?parent=1812"}],"wp:term":[{"taxonomy":"category","embeddable":true,"href":"https:\/\/desdelaterrazadeamador.com\/en\/wp-json\/wp\/v2\/categories?post=1812"},{"taxonomy":"post_tag","embeddable":true,"href":"https:\/\/desdelaterrazadeamador.com\/en\/wp-json\/wp\/v2\/tags?post=1812"}],"curies":[{"name":"wp","href":"https:\/\/api.w.org\/{rel}","templated":true}]}}