{"id":1669,"date":"2023-03-09T09:19:01","date_gmt":"2023-03-09T08:19:01","guid":{"rendered":"https:\/\/desdelaterrazadeamador.com\/?p=1669"},"modified":"2023-03-09T15:48:27","modified_gmt":"2023-03-09T14:48:27","slug":"en-poco-tiempo-se-detectara-el-cancer-de-prostata-con-un-analisis-de-sangre","status":"publish","type":"post","link":"https:\/\/desdelaterrazadeamador.com\/en\/en-poco-tiempo-se-detectara-el-cancer-de-prostata-con-un-analisis-de-sangre\/","title":{"rendered":"In a short time, prostate cancer will be detected with a blood test"},"content":{"rendered":"<p>Views: 0<\/p>\n<p class=\"wp-block-paragraph\">Worldwide, prostate cancer is the fourth most diagnosed, after breast, lung and colorectal cancer. And since it only affects men, for us it is one of the biggest causes of death.<\/p>\n\n\n\n<p class=\"wp-block-paragraph\">Until now, men were recommended to have a PSA (prostate specific antigen) check-up starting at age 55. It is a simple test that if the data obtained exceeds a certain level ( 4 ) it can indicate a prostate problem, but it is not definitive and leads to many errors and scares among those affected.<\/p>\n\n\n\n<p class=\"wp-block-paragraph\">In 75% of the cases in which the PSA is positive, the results of the biopsies or other analyzes are negative, and this generates anxiety and concern in the affected people.<\/p>\n\n\n\n<p class=\"wp-block-paragraph\">That is why I found the news very interesting that in a short time it will be possible to detect prostate cancer through a simple blood test. The test is called <strong>Prostate Screening EpiSwicht<\/strong> PSE) and according to the first results its accuracy is of the order of 94%<\/p>\n\n\n\n<figure class=\"wp-block-image size-full is-resized\"><img loading=\"lazy\" decoding=\"async\" src=\"https:\/\/desdelaterrazadeamador.com\/wp-content\/uploads\/2023\/03\/Prostata.jpg\" alt=\"\" class=\"wp-image-1670\" width=\"564\" height=\"423\" srcset=\"https:\/\/desdelaterrazadeamador.com\/wp-content\/uploads\/2023\/03\/Prostata.jpg 500w, https:\/\/desdelaterrazadeamador.com\/wp-content\/uploads\/2023\/03\/Prostata-300x225.jpg 300w, https:\/\/desdelaterrazadeamador.com\/wp-content\/uploads\/2023\/03\/Prostata-16x12.jpg 16w\" sizes=\"auto, (max-width: 564px) 100vw, 564px\" \/><\/figure>\n\n\n\n<p class=\"wp-block-paragraph\">The researchers believe that measuring PSE levels in the blood could provide a more accurate test for detecting prostate cancer. In a recent study, researchers compared the levels of PSE in the blood of men with and without prostate cancer. The results showed that men with prostate cancer had significantly lower levels of PSE compared to men without prostate cancer. In addition, the researchers found that the combination of the PSA test and the PSE test was more effective in detecting prostate cancer than either test alone.<\/p>\n\n\n\n<p class=\"wp-block-paragraph\">And they also found that the combination of the PSA test and the PSE test was more effective in detecting prostate cancer than either test alone.<\/p>\n\n\n\n<p class=\"wp-block-paragraph\">Initial tests have been carried out with 147 participants and the results have been published in the &nbsp;<strong>Cancer<\/strong> &nbsp;magazine, which has a worldwide reach.<\/p>\n\n\n\n<p class=\"wp-block-paragraph\">We can only hope that this type of diagnosis reaches the market as soon as possible, because the sooner a disease is detected, the easier it is to control and fight against it.<\/p>\n\n\n\n<p class=\"wp-block-paragraph\">I think it is very good news from which half of humanity will benefit.<\/p>","protected":false},"excerpt":{"rendered":"<p>Views: 0 A nivel mundial el c\u00e1ncer de pr\u00f3stata es el cuarto m\u00e1s diagnosticado, despu\u00e9s del de mama, pulm\u00f3n y colorrectal.&nbsp; Y como solo afecta a los hombres, para nosotros es una de las mayores causas de muerte. Hasta ahora se recomendaba a los hombres hacerse un chequeo del PSA ( prostate specific antigen ) [&hellip;]<\/p>\n","protected":false},"author":1,"featured_media":0,"comment_status":"open","ping_status":"closed","sticky":false,"template":"","format":"standard","meta":{"_crdt_document":"","footnotes":"","jetpack_publicize_message":"","jetpack_publicize_feature_enabled":true,"jetpack_social_post_already_shared":false,"jetpack_social_options":{"image_generator_settings":{"template":"highway","default_image_id":0,"font":"","enabled":false},"version":2}},"categories":[148,135],"tags":[],"class_list":["post-1669","post","type-post","status-publish","format-standard","hentry","category-health","category-technology"],"yoast_head":"<!-- This site is optimized with the Yoast SEO plugin v27.5 - https:\/\/yoast.com\/product\/yoast-seo-wordpress\/ -->\n<title>En poco tiempo se detectar\u00e1 el c\u00e1ncer de pr\u00f3stata con un an\u00e1lisis de sangre - Desde la terraza de Amador<\/title>\n<meta name=\"description\" content=\"A nivel mundial el c\u00e1ncer de pr\u00f3stata es el cuarto m\u00e1s diagnosticado, despu\u00e9s del de mama, pulm\u00f3n y colorrectal.&nbsp; Y como solo afecta a los hombres,\" \/>\n<meta name=\"robots\" content=\"index, follow, max-snippet:-1, max-image-preview:large, max-video-preview:-1\" \/>\n<link rel=\"canonical\" href=\"https:\/\/desdelaterrazadeamador.com\/en\/en-poco-tiempo-se-detectara-el-cancer-de-prostata-con-un-analisis-de-sangre\/\" \/>\n<meta property=\"og:locale\" content=\"en_US\" \/>\n<meta property=\"og:type\" content=\"article\" \/>\n<meta property=\"og:title\" content=\"En poco tiempo se detectar\u00e1 el c\u00e1ncer de pr\u00f3stata con un an\u00e1lisis de sangre - Desde la terraza de Amador\" \/>\n<meta property=\"og:description\" content=\"A nivel mundial el c\u00e1ncer de pr\u00f3stata es el cuarto m\u00e1s diagnosticado, despu\u00e9s del de mama, pulm\u00f3n y colorrectal.&nbsp; Y como solo afecta a los hombres,\" \/>\n<meta property=\"og:url\" content=\"https:\/\/desdelaterrazadeamador.com\/en\/en-poco-tiempo-se-detectara-el-cancer-de-prostata-con-un-analisis-de-sangre\/\" \/>\n<meta property=\"og:site_name\" content=\"Desde la terraza de Amador\" \/>\n<meta property=\"article:published_time\" content=\"2023-03-09T08:19:01+00:00\" \/>\n<meta property=\"article:modified_time\" content=\"2023-03-09T14:48:27+00:00\" \/>\n<meta property=\"og:image\" content=\"https:\/\/desdelaterrazadeamador.com\/wp-content\/uploads\/2023\/03\/Prostata.jpg\" \/>\n<meta name=\"author\" content=\"Amador Palacios\" \/>\n<meta name=\"twitter:card\" content=\"summary_large_image\" \/>\n<meta name=\"twitter:creator\" content=\"@https:\/\/twitter.com\/edurneamaya\" \/>\n<meta name=\"twitter:site\" content=\"@edurneamaya\" \/>\n<meta name=\"twitter:label1\" content=\"Written by\" \/>\n\t<meta name=\"twitter:data1\" content=\"Amador Palacios\" \/>\n<script type=\"application\/ld+json\" class=\"yoast-schema-graph\">{\"@context\":\"https:\\\/\\\/schema.org\",\"@graph\":[{\"@type\":\"Article\",\"@id\":\"https:\\\/\\\/desdelaterrazadeamador.com\\\/en-poco-tiempo-se-detectara-el-cancer-de-prostata-con-un-analisis-de-sangre\\\/#article\",\"isPartOf\":{\"@id\":\"https:\\\/\\\/desdelaterrazadeamador.com\\\/en-poco-tiempo-se-detectara-el-cancer-de-prostata-con-un-analisis-de-sangre\\\/\"},\"author\":{\"name\":\"Amador Palacios\",\"@id\":\"https:\\\/\\\/desdelaterrazadeamador.com\\\/#\\\/schema\\\/person\\\/0b6966cf66bcc9a2eb35a69e1c074d66\"},\"headline\":\"En poco tiempo se detectar\u00e1 el c\u00e1ncer de pr\u00f3stata con un an\u00e1lisis de sangre\",\"datePublished\":\"2023-03-09T08:19:01+00:00\",\"dateModified\":\"2023-03-09T14:48:27+00:00\",\"mainEntityOfPage\":{\"@id\":\"https:\\\/\\\/desdelaterrazadeamador.com\\\/en-poco-tiempo-se-detectara-el-cancer-de-prostata-con-un-analisis-de-sangre\\\/\"},\"wordCount\":402,\"commentCount\":0,\"publisher\":{\"@id\":\"https:\\\/\\\/desdelaterrazadeamador.com\\\/#\\\/schema\\\/person\\\/0b6966cf66bcc9a2eb35a69e1c074d66\"},\"image\":{\"@id\":\"https:\\\/\\\/desdelaterrazadeamador.com\\\/en-poco-tiempo-se-detectara-el-cancer-de-prostata-con-un-analisis-de-sangre\\\/#primaryimage\"},\"thumbnailUrl\":\"https:\\\/\\\/desdelaterrazadeamador.com\\\/wp-content\\\/uploads\\\/2023\\\/03\\\/Prostata.jpg\",\"articleSection\":[\"Health\",\"Technology\"],\"inLanguage\":\"en-US\",\"potentialAction\":[{\"@type\":\"CommentAction\",\"name\":\"Comment\",\"target\":[\"https:\\\/\\\/desdelaterrazadeamador.com\\\/en-poco-tiempo-se-detectara-el-cancer-de-prostata-con-un-analisis-de-sangre\\\/#respond\"]}]},{\"@type\":\"WebPage\",\"@id\":\"https:\\\/\\\/desdelaterrazadeamador.com\\\/en-poco-tiempo-se-detectara-el-cancer-de-prostata-con-un-analisis-de-sangre\\\/\",\"url\":\"https:\\\/\\\/desdelaterrazadeamador.com\\\/en-poco-tiempo-se-detectara-el-cancer-de-prostata-con-un-analisis-de-sangre\\\/\",\"name\":\"En poco tiempo se detectar\u00e1 el c\u00e1ncer de pr\u00f3stata con un an\u00e1lisis de sangre - Desde la terraza de Amador\",\"isPartOf\":{\"@id\":\"https:\\\/\\\/desdelaterrazadeamador.com\\\/#website\"},\"primaryImageOfPage\":{\"@id\":\"https:\\\/\\\/desdelaterrazadeamador.com\\\/en-poco-tiempo-se-detectara-el-cancer-de-prostata-con-un-analisis-de-sangre\\\/#primaryimage\"},\"image\":{\"@id\":\"https:\\\/\\\/desdelaterrazadeamador.com\\\/en-poco-tiempo-se-detectara-el-cancer-de-prostata-con-un-analisis-de-sangre\\\/#primaryimage\"},\"thumbnailUrl\":\"https:\\\/\\\/desdelaterrazadeamador.com\\\/wp-content\\\/uploads\\\/2023\\\/03\\\/Prostata.jpg\",\"datePublished\":\"2023-03-09T08:19:01+00:00\",\"dateModified\":\"2023-03-09T14:48:27+00:00\",\"description\":\"A nivel mundial el c\u00e1ncer de pr\u00f3stata es el cuarto m\u00e1s diagnosticado, despu\u00e9s del de mama, pulm\u00f3n y colorrectal.&nbsp; Y como solo afecta a los hombres,\",\"breadcrumb\":{\"@id\":\"https:\\\/\\\/desdelaterrazadeamador.com\\\/en-poco-tiempo-se-detectara-el-cancer-de-prostata-con-un-analisis-de-sangre\\\/#breadcrumb\"},\"inLanguage\":\"en-US\",\"potentialAction\":[{\"@type\":\"ReadAction\",\"target\":[\"https:\\\/\\\/desdelaterrazadeamador.com\\\/en-poco-tiempo-se-detectara-el-cancer-de-prostata-con-un-analisis-de-sangre\\\/\"]}]},{\"@type\":\"ImageObject\",\"inLanguage\":\"en-US\",\"@id\":\"https:\\\/\\\/desdelaterrazadeamador.com\\\/en-poco-tiempo-se-detectara-el-cancer-de-prostata-con-un-analisis-de-sangre\\\/#primaryimage\",\"url\":\"https:\\\/\\\/desdelaterrazadeamador.com\\\/wp-content\\\/uploads\\\/2023\\\/03\\\/Prostata.jpg\",\"contentUrl\":\"https:\\\/\\\/desdelaterrazadeamador.com\\\/wp-content\\\/uploads\\\/2023\\\/03\\\/Prostata.jpg\"},{\"@type\":\"BreadcrumbList\",\"@id\":\"https:\\\/\\\/desdelaterrazadeamador.com\\\/en-poco-tiempo-se-detectara-el-cancer-de-prostata-con-un-analisis-de-sangre\\\/#breadcrumb\",\"itemListElement\":[{\"@type\":\"ListItem\",\"position\":1,\"name\":\"Portada\",\"item\":\"https:\\\/\\\/desdelaterrazadeamador.com\\\/\"},{\"@type\":\"ListItem\",\"position\":2,\"name\":\"En poco tiempo se detectar\u00e1 el c\u00e1ncer de pr\u00f3stata con un an\u00e1lisis de sangre\"}]},{\"@type\":\"WebSite\",\"@id\":\"https:\\\/\\\/desdelaterrazadeamador.com\\\/#website\",\"url\":\"https:\\\/\\\/desdelaterrazadeamador.com\\\/\",\"name\":\"Desde la terraza de Amador\",\"description\":\"Reflexiones libres y honestas sobre temas de actualidad social y tecnol\u00f3gica\",\"publisher\":{\"@id\":\"https:\\\/\\\/desdelaterrazadeamador.com\\\/#\\\/schema\\\/person\\\/0b6966cf66bcc9a2eb35a69e1c074d66\"},\"potentialAction\":[{\"@type\":\"SearchAction\",\"target\":{\"@type\":\"EntryPoint\",\"urlTemplate\":\"https:\\\/\\\/desdelaterrazadeamador.com\\\/?s={search_term_string}\"},\"query-input\":{\"@type\":\"PropertyValueSpecification\",\"valueRequired\":true,\"valueName\":\"search_term_string\"}}],\"inLanguage\":\"en-US\"},{\"@type\":[\"Person\",\"Organization\"],\"@id\":\"https:\\\/\\\/desdelaterrazadeamador.com\\\/#\\\/schema\\\/person\\\/0b6966cf66bcc9a2eb35a69e1c074d66\",\"name\":\"Amador Palacios\",\"image\":{\"@type\":\"ImageObject\",\"inLanguage\":\"en-US\",\"@id\":\"https:\\\/\\\/desdelaterrazadeamador.com\\\/wp-content\\\/uploads\\\/2022\\\/01\\\/amador-palacios.jpg\",\"url\":\"https:\\\/\\\/desdelaterrazadeamador.com\\\/wp-content\\\/uploads\\\/2022\\\/01\\\/amador-palacios.jpg\",\"contentUrl\":\"https:\\\/\\\/desdelaterrazadeamador.com\\\/wp-content\\\/uploads\\\/2022\\\/01\\\/amador-palacios.jpg\",\"width\":1265,\"height\":899,\"caption\":\"Amador Palacios\"},\"logo\":{\"@id\":\"https:\\\/\\\/desdelaterrazadeamador.com\\\/wp-content\\\/uploads\\\/2022\\\/01\\\/amador-palacios.jpg\"},\"description\":\"Reflexiones de Amador Palacios sobre temas de Actualidad Social y Tecnol\u00f3gica; otras opiniones diferentes a la m\u00eda son bienvenidas\",\"sameAs\":[\"http:\\\/\\\/desdelaterrazadeamador.com\",\"https:\\\/\\\/es.linkedin.com\\\/in\\\/amador-palacios-499532a\",\"https:\\\/\\\/x.com\\\/https:\\\/\\\/twitter.com\\\/edurneamaya\"]}]}<\/script>\n<!-- \/ Yoast SEO plugin. -->","yoast_head_json":{"title":"En poco tiempo se detectar\u00e1 el c\u00e1ncer de pr\u00f3stata con un an\u00e1lisis de sangre - Desde la terraza de Amador","description":"A nivel mundial el c\u00e1ncer de pr\u00f3stata es el cuarto m\u00e1s diagnosticado, despu\u00e9s del de mama, pulm\u00f3n y colorrectal.&nbsp; Y como solo afecta a los hombres,","robots":{"index":"index","follow":"follow","max-snippet":"max-snippet:-1","max-image-preview":"max-image-preview:large","max-video-preview":"max-video-preview:-1"},"canonical":"https:\/\/desdelaterrazadeamador.com\/en\/en-poco-tiempo-se-detectara-el-cancer-de-prostata-con-un-analisis-de-sangre\/","og_locale":"en_US","og_type":"article","og_title":"En poco tiempo se detectar\u00e1 el c\u00e1ncer de pr\u00f3stata con un an\u00e1lisis de sangre - Desde la terraza de Amador","og_description":"A nivel mundial el c\u00e1ncer de pr\u00f3stata es el cuarto m\u00e1s diagnosticado, despu\u00e9s del de mama, pulm\u00f3n y colorrectal.&nbsp; Y como solo afecta a los hombres,","og_url":"https:\/\/desdelaterrazadeamador.com\/en\/en-poco-tiempo-se-detectara-el-cancer-de-prostata-con-un-analisis-de-sangre\/","og_site_name":"Desde la terraza de Amador","article_published_time":"2023-03-09T08:19:01+00:00","article_modified_time":"2023-03-09T14:48:27+00:00","og_image":[{"url":"https:\/\/desdelaterrazadeamador.com\/wp-content\/uploads\/2023\/03\/Prostata.jpg","type":"","width":"","height":""}],"author":"Amador Palacios","twitter_card":"summary_large_image","twitter_creator":"@https:\/\/twitter.com\/edurneamaya","twitter_site":"@edurneamaya","twitter_misc":{"Written by":"Amador Palacios"},"schema":{"@context":"https:\/\/schema.org","@graph":[{"@type":"Article","@id":"https:\/\/desdelaterrazadeamador.com\/en-poco-tiempo-se-detectara-el-cancer-de-prostata-con-un-analisis-de-sangre\/#article","isPartOf":{"@id":"https:\/\/desdelaterrazadeamador.com\/en-poco-tiempo-se-detectara-el-cancer-de-prostata-con-un-analisis-de-sangre\/"},"author":{"name":"Amador Palacios","@id":"https:\/\/desdelaterrazadeamador.com\/#\/schema\/person\/0b6966cf66bcc9a2eb35a69e1c074d66"},"headline":"En poco tiempo se detectar\u00e1 el c\u00e1ncer de pr\u00f3stata con un an\u00e1lisis de sangre","datePublished":"2023-03-09T08:19:01+00:00","dateModified":"2023-03-09T14:48:27+00:00","mainEntityOfPage":{"@id":"https:\/\/desdelaterrazadeamador.com\/en-poco-tiempo-se-detectara-el-cancer-de-prostata-con-un-analisis-de-sangre\/"},"wordCount":402,"commentCount":0,"publisher":{"@id":"https:\/\/desdelaterrazadeamador.com\/#\/schema\/person\/0b6966cf66bcc9a2eb35a69e1c074d66"},"image":{"@id":"https:\/\/desdelaterrazadeamador.com\/en-poco-tiempo-se-detectara-el-cancer-de-prostata-con-un-analisis-de-sangre\/#primaryimage"},"thumbnailUrl":"https:\/\/desdelaterrazadeamador.com\/wp-content\/uploads\/2023\/03\/Prostata.jpg","articleSection":["Health","Technology"],"inLanguage":"en-US","potentialAction":[{"@type":"CommentAction","name":"Comment","target":["https:\/\/desdelaterrazadeamador.com\/en-poco-tiempo-se-detectara-el-cancer-de-prostata-con-un-analisis-de-sangre\/#respond"]}]},{"@type":"WebPage","@id":"https:\/\/desdelaterrazadeamador.com\/en-poco-tiempo-se-detectara-el-cancer-de-prostata-con-un-analisis-de-sangre\/","url":"https:\/\/desdelaterrazadeamador.com\/en-poco-tiempo-se-detectara-el-cancer-de-prostata-con-un-analisis-de-sangre\/","name":"En poco tiempo se detectar\u00e1 el c\u00e1ncer de pr\u00f3stata con un an\u00e1lisis de sangre - Desde la terraza de Amador","isPartOf":{"@id":"https:\/\/desdelaterrazadeamador.com\/#website"},"primaryImageOfPage":{"@id":"https:\/\/desdelaterrazadeamador.com\/en-poco-tiempo-se-detectara-el-cancer-de-prostata-con-un-analisis-de-sangre\/#primaryimage"},"image":{"@id":"https:\/\/desdelaterrazadeamador.com\/en-poco-tiempo-se-detectara-el-cancer-de-prostata-con-un-analisis-de-sangre\/#primaryimage"},"thumbnailUrl":"https:\/\/desdelaterrazadeamador.com\/wp-content\/uploads\/2023\/03\/Prostata.jpg","datePublished":"2023-03-09T08:19:01+00:00","dateModified":"2023-03-09T14:48:27+00:00","description":"A nivel mundial el c\u00e1ncer de pr\u00f3stata es el cuarto m\u00e1s diagnosticado, despu\u00e9s del de mama, pulm\u00f3n y colorrectal.&nbsp; Y como solo afecta a los hombres,","breadcrumb":{"@id":"https:\/\/desdelaterrazadeamador.com\/en-poco-tiempo-se-detectara-el-cancer-de-prostata-con-un-analisis-de-sangre\/#breadcrumb"},"inLanguage":"en-US","potentialAction":[{"@type":"ReadAction","target":["https:\/\/desdelaterrazadeamador.com\/en-poco-tiempo-se-detectara-el-cancer-de-prostata-con-un-analisis-de-sangre\/"]}]},{"@type":"ImageObject","inLanguage":"en-US","@id":"https:\/\/desdelaterrazadeamador.com\/en-poco-tiempo-se-detectara-el-cancer-de-prostata-con-un-analisis-de-sangre\/#primaryimage","url":"https:\/\/desdelaterrazadeamador.com\/wp-content\/uploads\/2023\/03\/Prostata.jpg","contentUrl":"https:\/\/desdelaterrazadeamador.com\/wp-content\/uploads\/2023\/03\/Prostata.jpg"},{"@type":"BreadcrumbList","@id":"https:\/\/desdelaterrazadeamador.com\/en-poco-tiempo-se-detectara-el-cancer-de-prostata-con-un-analisis-de-sangre\/#breadcrumb","itemListElement":[{"@type":"ListItem","position":1,"name":"Portada","item":"https:\/\/desdelaterrazadeamador.com\/"},{"@type":"ListItem","position":2,"name":"En poco tiempo se detectar\u00e1 el c\u00e1ncer de pr\u00f3stata con un an\u00e1lisis de sangre"}]},{"@type":"WebSite","@id":"https:\/\/desdelaterrazadeamador.com\/#website","url":"https:\/\/desdelaterrazadeamador.com\/","name":"Desde la terraza de Amador","description":"Free and honest reflections on current social and technological issues","publisher":{"@id":"https:\/\/desdelaterrazadeamador.com\/#\/schema\/person\/0b6966cf66bcc9a2eb35a69e1c074d66"},"potentialAction":[{"@type":"SearchAction","target":{"@type":"EntryPoint","urlTemplate":"https:\/\/desdelaterrazadeamador.com\/?s={search_term_string}"},"query-input":{"@type":"PropertyValueSpecification","valueRequired":true,"valueName":"search_term_string"}}],"inLanguage":"en-US"},{"@type":["Person","Organization"],"@id":"https:\/\/desdelaterrazadeamador.com\/#\/schema\/person\/0b6966cf66bcc9a2eb35a69e1c074d66","name":"Amador Palacios","image":{"@type":"ImageObject","inLanguage":"en-US","@id":"https:\/\/desdelaterrazadeamador.com\/wp-content\/uploads\/2022\/01\/amador-palacios.jpg","url":"https:\/\/desdelaterrazadeamador.com\/wp-content\/uploads\/2022\/01\/amador-palacios.jpg","contentUrl":"https:\/\/desdelaterrazadeamador.com\/wp-content\/uploads\/2022\/01\/amador-palacios.jpg","width":1265,"height":899,"caption":"Amador Palacios"},"logo":{"@id":"https:\/\/desdelaterrazadeamador.com\/wp-content\/uploads\/2022\/01\/amador-palacios.jpg"},"description":"Reflexiones de Amador Palacios sobre temas de Actualidad Social y Tecnol\u00f3gica; otras opiniones diferentes a la m\u00eda son bienvenidas","sameAs":["http:\/\/desdelaterrazadeamador.com","https:\/\/es.linkedin.com\/in\/amador-palacios-499532a","https:\/\/x.com\/https:\/\/twitter.com\/edurneamaya"]}]}},"jetpack_publicize_connections":[],"_links":{"self":[{"href":"https:\/\/desdelaterrazadeamador.com\/en\/wp-json\/wp\/v2\/posts\/1669","targetHints":{"allow":["GET"]}}],"collection":[{"href":"https:\/\/desdelaterrazadeamador.com\/en\/wp-json\/wp\/v2\/posts"}],"about":[{"href":"https:\/\/desdelaterrazadeamador.com\/en\/wp-json\/wp\/v2\/types\/post"}],"author":[{"embeddable":true,"href":"https:\/\/desdelaterrazadeamador.com\/en\/wp-json\/wp\/v2\/users\/1"}],"replies":[{"embeddable":true,"href":"https:\/\/desdelaterrazadeamador.com\/en\/wp-json\/wp\/v2\/comments?post=1669"}],"version-history":[{"count":2,"href":"https:\/\/desdelaterrazadeamador.com\/en\/wp-json\/wp\/v2\/posts\/1669\/revisions"}],"predecessor-version":[{"id":1672,"href":"https:\/\/desdelaterrazadeamador.com\/en\/wp-json\/wp\/v2\/posts\/1669\/revisions\/1672"}],"wp:attachment":[{"href":"https:\/\/desdelaterrazadeamador.com\/en\/wp-json\/wp\/v2\/media?parent=1669"}],"wp:term":[{"taxonomy":"category","embeddable":true,"href":"https:\/\/desdelaterrazadeamador.com\/en\/wp-json\/wp\/v2\/categories?post=1669"},{"taxonomy":"post_tag","embeddable":true,"href":"https:\/\/desdelaterrazadeamador.com\/en\/wp-json\/wp\/v2\/tags?post=1669"}],"curies":[{"name":"wp","href":"https:\/\/api.w.org\/{rel}","templated":true}]}}