{"id":1605,"date":"2023-02-16T08:55:38","date_gmt":"2023-02-16T07:55:38","guid":{"rendered":"https:\/\/desdelaterrazadeamador.com\/?p=1605"},"modified":"2023-02-16T08:55:42","modified_gmt":"2023-02-16T07:55:42","slug":"la-guerra-de-drones-de-ucrania","status":"publish","type":"post","link":"https:\/\/desdelaterrazadeamador.com\/en\/la-guerra-de-drones-de-ucrania\/","title":{"rendered":"Ukraine's drone warfare\u00a0"},"content":{"rendered":"<p>Views: 3<\/p>\n<p class=\"wp-block-paragraph\">One of the most important features of the recent war in Ukraine is the use of drones by both parties in the conflict, and at first it was one of the biggest surprises the Russians encountered. The creative use of drones by the Ukrainian military.<\/p>\n\n\n\n<p class=\"wp-block-paragraph\">They have used all kinds of drones. Many of civil origin to watch over the enemy troops, and with some of them also launch explosive charges at them with the destruction of material and many battle tanks.<\/p>\n\n\n\n<p class=\"wp-block-paragraph\">They have also used very simple and cheap military drones of Turkish origin. And so for little money they could carry out remote air strikes.<\/p>\n\n\n\n<p class=\"wp-block-paragraph\">Until now in no other war have we had so many types of drones being used by both sides, and it has been shown that even the simplest can be quite efficient when used creatively.<\/p>\n\n\n\n<p class=\"wp-block-paragraph\">And what is more important is that many drones are less expensive than the combat system necessary to shoot them down. Something that does not happen with combat aircraft, and that completely changes the current and future military situation.<\/p>\n\n\n\n<figure class=\"wp-block-image size-full is-resized\"><img loading=\"lazy\" decoding=\"async\" src=\"https:\/\/desdelaterrazadeamador.com\/wp-content\/uploads\/2023\/02\/Dron-turco.jpg\" alt=\"\" class=\"wp-image-1606\" width=\"583\" height=\"326\" srcset=\"https:\/\/desdelaterrazadeamador.com\/wp-content\/uploads\/2023\/02\/Dron-turco.jpg 500w, https:\/\/desdelaterrazadeamador.com\/wp-content\/uploads\/2023\/02\/Dron-turco-300x168.jpg 300w, https:\/\/desdelaterrazadeamador.com\/wp-content\/uploads\/2023\/02\/Dron-turco-18x10.jpg 18w\" sizes=\"auto, (max-width: 583px) 100vw, 583px\" \/><\/figure>\n\n\n\n<p class=\"wp-block-paragraph\">For some time it has been said that drones are the air force of the poor, and in Ukraine it has been clearly demonstrated, so in the future wars will be different, and drones will be used extensively.<\/p>\n\n\n\n<p class=\"wp-block-paragraph\">All new technologies produce changes, and the appearance of drones has modified the operations of many businesses, and of course also of war, which can be carried out at a greater distance and with less participation of people.<\/p>\n\n\n\n<p class=\"wp-block-paragraph\">What hasn't changed is the stupidity of the war itself, as its negativity and self-destructive nature is continually demonstrated, as all participants lose in some way.<\/p>\n\n\n\n<p class=\"wp-block-paragraph\">When this war ends, and hopefully it will be soon, both Russia and the Ukraine will have lost a lot, and even neighboring countries such as Europe will have to pay a not inconsiderable share of the damage caused.<\/p>\n\n\n\n<p class=\"wp-block-paragraph\">Didn't Mr. Putin know that when he started it? Sure, but ambitions trump common sense. We are that stupid.<\/p>","protected":false},"excerpt":{"rendered":"<p>Views: 3 Una de las caracter\u00edsticas m\u00e1s importantes de la reciente guerra de Ucrania es la utilizaci\u00f3n de drones por ambas partes en conflicto, y al principio fue una de las mayores sorpresas con que se encontraron los rusos. La utilizaci\u00f3n creativa de drones por parte de los militares ucranianos. Han utilizado todo tipo de [&hellip;]<\/p>\n","protected":false},"author":1,"featured_media":1607,"comment_status":"open","ping_status":"closed","sticky":false,"template":"","format":"standard","meta":{"_crdt_document":"","footnotes":"","jetpack_publicize_message":"","jetpack_publicize_feature_enabled":true,"jetpack_social_post_already_shared":false,"jetpack_social_options":{"image_generator_settings":{"template":"highway","default_image_id":0,"font":"","enabled":false},"version":2}},"categories":[142,149,136],"tags":[],"class_list":["post-1605","post","type-post","status-publish","format-standard","has-post-thumbnail","hentry","category-defense","category-dron","category-robotic-weapons"],"yoast_head":"<!-- This site is optimized with the Yoast SEO plugin v27.5 - https:\/\/yoast.com\/product\/yoast-seo-wordpress\/ -->\n<title>La guerra de drones de Ucrania\u00a0 - Desde la terraza de Amador<\/title>\n<meta name=\"description\" content=\"Una de las caracter\u00edsticas m\u00e1s importantes de la reciente guerra de Ucrania es la utilizaci\u00f3n de drones por ambas partes en conflicto, y al principio fue\" \/>\n<meta name=\"robots\" content=\"index, follow, max-snippet:-1, max-image-preview:large, max-video-preview:-1\" \/>\n<link rel=\"canonical\" href=\"https:\/\/desdelaterrazadeamador.com\/en\/la-guerra-de-drones-de-ucrania\/\" \/>\n<meta property=\"og:locale\" content=\"en_US\" \/>\n<meta property=\"og:type\" content=\"article\" \/>\n<meta property=\"og:title\" content=\"La guerra de drones de Ucrania\u00a0 - Desde la terraza de Amador\" \/>\n<meta property=\"og:description\" content=\"Una de las caracter\u00edsticas m\u00e1s importantes de la reciente guerra de Ucrania es la utilizaci\u00f3n de drones por ambas partes en conflicto, y al principio fue\" \/>\n<meta property=\"og:url\" content=\"https:\/\/desdelaterrazadeamador.com\/en\/la-guerra-de-drones-de-ucrania\/\" \/>\n<meta property=\"og:site_name\" content=\"Desde la terraza de Amador\" \/>\n<meta property=\"article:published_time\" content=\"2023-02-16T07:55:38+00:00\" \/>\n<meta property=\"article:modified_time\" content=\"2023-02-16T07:55:42+00:00\" \/>\n<meta property=\"og:image\" content=\"https:\/\/desdelaterrazadeamador.com\/wp-content\/uploads\/2023\/02\/Ucrania.jpg\" \/>\n\t<meta property=\"og:image:width\" content=\"500\" \/>\n\t<meta property=\"og:image:height\" content=\"281\" \/>\n\t<meta property=\"og:image:type\" content=\"image\/jpeg\" \/>\n<meta name=\"author\" content=\"Amador Palacios\" \/>\n<meta name=\"twitter:card\" content=\"summary_large_image\" \/>\n<meta name=\"twitter:creator\" content=\"@https:\/\/twitter.com\/edurneamaya\" \/>\n<meta name=\"twitter:site\" content=\"@edurneamaya\" \/>\n<meta name=\"twitter:label1\" content=\"Written by\" \/>\n\t<meta name=\"twitter:data1\" content=\"Amador Palacios\" \/>\n\t<meta name=\"twitter:label2\" content=\"Est. reading time\" \/>\n\t<meta name=\"twitter:data2\" content=\"2 minutes\" \/>\n<script type=\"application\/ld+json\" class=\"yoast-schema-graph\">{\"@context\":\"https:\\\/\\\/schema.org\",\"@graph\":[{\"@type\":\"Article\",\"@id\":\"https:\\\/\\\/desdelaterrazadeamador.com\\\/la-guerra-de-drones-de-ucrania\\\/#article\",\"isPartOf\":{\"@id\":\"https:\\\/\\\/desdelaterrazadeamador.com\\\/la-guerra-de-drones-de-ucrania\\\/\"},\"author\":{\"name\":\"Amador Palacios\",\"@id\":\"https:\\\/\\\/desdelaterrazadeamador.com\\\/#\\\/schema\\\/person\\\/0b6966cf66bcc9a2eb35a69e1c074d66\"},\"headline\":\"La guerra de drones de Ucrania\u00a0\",\"datePublished\":\"2023-02-16T07:55:38+00:00\",\"dateModified\":\"2023-02-16T07:55:42+00:00\",\"mainEntityOfPage\":{\"@id\":\"https:\\\/\\\/desdelaterrazadeamador.com\\\/la-guerra-de-drones-de-ucrania\\\/\"},\"wordCount\":400,\"commentCount\":0,\"publisher\":{\"@id\":\"https:\\\/\\\/desdelaterrazadeamador.com\\\/#\\\/schema\\\/person\\\/0b6966cf66bcc9a2eb35a69e1c074d66\"},\"image\":{\"@id\":\"https:\\\/\\\/desdelaterrazadeamador.com\\\/la-guerra-de-drones-de-ucrania\\\/#primaryimage\"},\"thumbnailUrl\":\"https:\\\/\\\/desdelaterrazadeamador.com\\\/wp-content\\\/uploads\\\/2023\\\/02\\\/Ucrania.jpg\",\"articleSection\":[\"Defense\",\"Dron\",\"Robotic Weapons\"],\"inLanguage\":\"en-US\",\"potentialAction\":[{\"@type\":\"CommentAction\",\"name\":\"Comment\",\"target\":[\"https:\\\/\\\/desdelaterrazadeamador.com\\\/la-guerra-de-drones-de-ucrania\\\/#respond\"]}]},{\"@type\":\"WebPage\",\"@id\":\"https:\\\/\\\/desdelaterrazadeamador.com\\\/la-guerra-de-drones-de-ucrania\\\/\",\"url\":\"https:\\\/\\\/desdelaterrazadeamador.com\\\/la-guerra-de-drones-de-ucrania\\\/\",\"name\":\"La guerra de drones de Ucrania\u00a0 - Desde la terraza de Amador\",\"isPartOf\":{\"@id\":\"https:\\\/\\\/desdelaterrazadeamador.com\\\/#website\"},\"primaryImageOfPage\":{\"@id\":\"https:\\\/\\\/desdelaterrazadeamador.com\\\/la-guerra-de-drones-de-ucrania\\\/#primaryimage\"},\"image\":{\"@id\":\"https:\\\/\\\/desdelaterrazadeamador.com\\\/la-guerra-de-drones-de-ucrania\\\/#primaryimage\"},\"thumbnailUrl\":\"https:\\\/\\\/desdelaterrazadeamador.com\\\/wp-content\\\/uploads\\\/2023\\\/02\\\/Ucrania.jpg\",\"datePublished\":\"2023-02-16T07:55:38+00:00\",\"dateModified\":\"2023-02-16T07:55:42+00:00\",\"description\":\"Una de las caracter\u00edsticas m\u00e1s importantes de la reciente guerra de Ucrania es la utilizaci\u00f3n de drones por ambas partes en conflicto, y al principio fue\",\"breadcrumb\":{\"@id\":\"https:\\\/\\\/desdelaterrazadeamador.com\\\/la-guerra-de-drones-de-ucrania\\\/#breadcrumb\"},\"inLanguage\":\"en-US\",\"potentialAction\":[{\"@type\":\"ReadAction\",\"target\":[\"https:\\\/\\\/desdelaterrazadeamador.com\\\/la-guerra-de-drones-de-ucrania\\\/\"]}]},{\"@type\":\"ImageObject\",\"inLanguage\":\"en-US\",\"@id\":\"https:\\\/\\\/desdelaterrazadeamador.com\\\/la-guerra-de-drones-de-ucrania\\\/#primaryimage\",\"url\":\"https:\\\/\\\/desdelaterrazadeamador.com\\\/wp-content\\\/uploads\\\/2023\\\/02\\\/Ucrania.jpg\",\"contentUrl\":\"https:\\\/\\\/desdelaterrazadeamador.com\\\/wp-content\\\/uploads\\\/2023\\\/02\\\/Ucrania.jpg\",\"width\":500,\"height\":281},{\"@type\":\"BreadcrumbList\",\"@id\":\"https:\\\/\\\/desdelaterrazadeamador.com\\\/la-guerra-de-drones-de-ucrania\\\/#breadcrumb\",\"itemListElement\":[{\"@type\":\"ListItem\",\"position\":1,\"name\":\"Portada\",\"item\":\"https:\\\/\\\/desdelaterrazadeamador.com\\\/\"},{\"@type\":\"ListItem\",\"position\":2,\"name\":\"La guerra de drones de Ucrania\u00a0\"}]},{\"@type\":\"WebSite\",\"@id\":\"https:\\\/\\\/desdelaterrazadeamador.com\\\/#website\",\"url\":\"https:\\\/\\\/desdelaterrazadeamador.com\\\/\",\"name\":\"Desde la terraza de Amador\",\"description\":\"Reflexiones libres y honestas sobre temas de actualidad social y tecnol\u00f3gica\",\"publisher\":{\"@id\":\"https:\\\/\\\/desdelaterrazadeamador.com\\\/#\\\/schema\\\/person\\\/0b6966cf66bcc9a2eb35a69e1c074d66\"},\"potentialAction\":[{\"@type\":\"SearchAction\",\"target\":{\"@type\":\"EntryPoint\",\"urlTemplate\":\"https:\\\/\\\/desdelaterrazadeamador.com\\\/?s={search_term_string}\"},\"query-input\":{\"@type\":\"PropertyValueSpecification\",\"valueRequired\":true,\"valueName\":\"search_term_string\"}}],\"inLanguage\":\"en-US\"},{\"@type\":[\"Person\",\"Organization\"],\"@id\":\"https:\\\/\\\/desdelaterrazadeamador.com\\\/#\\\/schema\\\/person\\\/0b6966cf66bcc9a2eb35a69e1c074d66\",\"name\":\"Amador Palacios\",\"image\":{\"@type\":\"ImageObject\",\"inLanguage\":\"en-US\",\"@id\":\"https:\\\/\\\/desdelaterrazadeamador.com\\\/wp-content\\\/uploads\\\/2022\\\/01\\\/amador-palacios.jpg\",\"url\":\"https:\\\/\\\/desdelaterrazadeamador.com\\\/wp-content\\\/uploads\\\/2022\\\/01\\\/amador-palacios.jpg\",\"contentUrl\":\"https:\\\/\\\/desdelaterrazadeamador.com\\\/wp-content\\\/uploads\\\/2022\\\/01\\\/amador-palacios.jpg\",\"width\":1265,\"height\":899,\"caption\":\"Amador Palacios\"},\"logo\":{\"@id\":\"https:\\\/\\\/desdelaterrazadeamador.com\\\/wp-content\\\/uploads\\\/2022\\\/01\\\/amador-palacios.jpg\"},\"description\":\"Reflexiones de Amador Palacios sobre temas de Actualidad Social y Tecnol\u00f3gica; otras opiniones diferentes a la m\u00eda son bienvenidas\",\"sameAs\":[\"http:\\\/\\\/desdelaterrazadeamador.com\",\"https:\\\/\\\/es.linkedin.com\\\/in\\\/amador-palacios-499532a\",\"https:\\\/\\\/x.com\\\/https:\\\/\\\/twitter.com\\\/edurneamaya\"]}]}<\/script>\n<!-- \/ Yoast SEO plugin. -->","yoast_head_json":{"title":"La guerra de drones de Ucrania\u00a0 - Desde la terraza de Amador","description":"Una de las caracter\u00edsticas m\u00e1s importantes de la reciente guerra de Ucrania es la utilizaci\u00f3n de drones por ambas partes en conflicto, y al principio fue","robots":{"index":"index","follow":"follow","max-snippet":"max-snippet:-1","max-image-preview":"max-image-preview:large","max-video-preview":"max-video-preview:-1"},"canonical":"https:\/\/desdelaterrazadeamador.com\/en\/la-guerra-de-drones-de-ucrania\/","og_locale":"en_US","og_type":"article","og_title":"La guerra de drones de Ucrania\u00a0 - Desde la terraza de Amador","og_description":"Una de las caracter\u00edsticas m\u00e1s importantes de la reciente guerra de Ucrania es la utilizaci\u00f3n de drones por ambas partes en conflicto, y al principio fue","og_url":"https:\/\/desdelaterrazadeamador.com\/en\/la-guerra-de-drones-de-ucrania\/","og_site_name":"Desde la terraza de Amador","article_published_time":"2023-02-16T07:55:38+00:00","article_modified_time":"2023-02-16T07:55:42+00:00","og_image":[{"width":500,"height":281,"url":"https:\/\/desdelaterrazadeamador.com\/wp-content\/uploads\/2023\/02\/Ucrania.jpg","type":"image\/jpeg"}],"author":"Amador Palacios","twitter_card":"summary_large_image","twitter_creator":"@https:\/\/twitter.com\/edurneamaya","twitter_site":"@edurneamaya","twitter_misc":{"Written by":"Amador Palacios","Est. reading time":"2 minutes"},"schema":{"@context":"https:\/\/schema.org","@graph":[{"@type":"Article","@id":"https:\/\/desdelaterrazadeamador.com\/la-guerra-de-drones-de-ucrania\/#article","isPartOf":{"@id":"https:\/\/desdelaterrazadeamador.com\/la-guerra-de-drones-de-ucrania\/"},"author":{"name":"Amador Palacios","@id":"https:\/\/desdelaterrazadeamador.com\/#\/schema\/person\/0b6966cf66bcc9a2eb35a69e1c074d66"},"headline":"La guerra de drones de Ucrania\u00a0","datePublished":"2023-02-16T07:55:38+00:00","dateModified":"2023-02-16T07:55:42+00:00","mainEntityOfPage":{"@id":"https:\/\/desdelaterrazadeamador.com\/la-guerra-de-drones-de-ucrania\/"},"wordCount":400,"commentCount":0,"publisher":{"@id":"https:\/\/desdelaterrazadeamador.com\/#\/schema\/person\/0b6966cf66bcc9a2eb35a69e1c074d66"},"image":{"@id":"https:\/\/desdelaterrazadeamador.com\/la-guerra-de-drones-de-ucrania\/#primaryimage"},"thumbnailUrl":"https:\/\/desdelaterrazadeamador.com\/wp-content\/uploads\/2023\/02\/Ucrania.jpg","articleSection":["Defense","Dron","Robotic Weapons"],"inLanguage":"en-US","potentialAction":[{"@type":"CommentAction","name":"Comment","target":["https:\/\/desdelaterrazadeamador.com\/la-guerra-de-drones-de-ucrania\/#respond"]}]},{"@type":"WebPage","@id":"https:\/\/desdelaterrazadeamador.com\/la-guerra-de-drones-de-ucrania\/","url":"https:\/\/desdelaterrazadeamador.com\/la-guerra-de-drones-de-ucrania\/","name":"La guerra de drones de Ucrania\u00a0 - Desde la terraza de Amador","isPartOf":{"@id":"https:\/\/desdelaterrazadeamador.com\/#website"},"primaryImageOfPage":{"@id":"https:\/\/desdelaterrazadeamador.com\/la-guerra-de-drones-de-ucrania\/#primaryimage"},"image":{"@id":"https:\/\/desdelaterrazadeamador.com\/la-guerra-de-drones-de-ucrania\/#primaryimage"},"thumbnailUrl":"https:\/\/desdelaterrazadeamador.com\/wp-content\/uploads\/2023\/02\/Ucrania.jpg","datePublished":"2023-02-16T07:55:38+00:00","dateModified":"2023-02-16T07:55:42+00:00","description":"Una de las caracter\u00edsticas m\u00e1s importantes de la reciente guerra de Ucrania es la utilizaci\u00f3n de drones por ambas partes en conflicto, y al principio fue","breadcrumb":{"@id":"https:\/\/desdelaterrazadeamador.com\/la-guerra-de-drones-de-ucrania\/#breadcrumb"},"inLanguage":"en-US","potentialAction":[{"@type":"ReadAction","target":["https:\/\/desdelaterrazadeamador.com\/la-guerra-de-drones-de-ucrania\/"]}]},{"@type":"ImageObject","inLanguage":"en-US","@id":"https:\/\/desdelaterrazadeamador.com\/la-guerra-de-drones-de-ucrania\/#primaryimage","url":"https:\/\/desdelaterrazadeamador.com\/wp-content\/uploads\/2023\/02\/Ucrania.jpg","contentUrl":"https:\/\/desdelaterrazadeamador.com\/wp-content\/uploads\/2023\/02\/Ucrania.jpg","width":500,"height":281},{"@type":"BreadcrumbList","@id":"https:\/\/desdelaterrazadeamador.com\/la-guerra-de-drones-de-ucrania\/#breadcrumb","itemListElement":[{"@type":"ListItem","position":1,"name":"Portada","item":"https:\/\/desdelaterrazadeamador.com\/"},{"@type":"ListItem","position":2,"name":"La guerra de drones de Ucrania\u00a0"}]},{"@type":"WebSite","@id":"https:\/\/desdelaterrazadeamador.com\/#website","url":"https:\/\/desdelaterrazadeamador.com\/","name":"Desde la terraza de Amador","description":"Free and honest reflections on current social and technological issues","publisher":{"@id":"https:\/\/desdelaterrazadeamador.com\/#\/schema\/person\/0b6966cf66bcc9a2eb35a69e1c074d66"},"potentialAction":[{"@type":"SearchAction","target":{"@type":"EntryPoint","urlTemplate":"https:\/\/desdelaterrazadeamador.com\/?s={search_term_string}"},"query-input":{"@type":"PropertyValueSpecification","valueRequired":true,"valueName":"search_term_string"}}],"inLanguage":"en-US"},{"@type":["Person","Organization"],"@id":"https:\/\/desdelaterrazadeamador.com\/#\/schema\/person\/0b6966cf66bcc9a2eb35a69e1c074d66","name":"Amador Palacios","image":{"@type":"ImageObject","inLanguage":"en-US","@id":"https:\/\/desdelaterrazadeamador.com\/wp-content\/uploads\/2022\/01\/amador-palacios.jpg","url":"https:\/\/desdelaterrazadeamador.com\/wp-content\/uploads\/2022\/01\/amador-palacios.jpg","contentUrl":"https:\/\/desdelaterrazadeamador.com\/wp-content\/uploads\/2022\/01\/amador-palacios.jpg","width":1265,"height":899,"caption":"Amador Palacios"},"logo":{"@id":"https:\/\/desdelaterrazadeamador.com\/wp-content\/uploads\/2022\/01\/amador-palacios.jpg"},"description":"Reflexiones de Amador Palacios sobre temas de Actualidad Social y Tecnol\u00f3gica; otras opiniones diferentes a la m\u00eda son bienvenidas","sameAs":["http:\/\/desdelaterrazadeamador.com","https:\/\/es.linkedin.com\/in\/amador-palacios-499532a","https:\/\/x.com\/https:\/\/twitter.com\/edurneamaya"]}]}},"jetpack_publicize_connections":[],"_links":{"self":[{"href":"https:\/\/desdelaterrazadeamador.com\/en\/wp-json\/wp\/v2\/posts\/1605","targetHints":{"allow":["GET"]}}],"collection":[{"href":"https:\/\/desdelaterrazadeamador.com\/en\/wp-json\/wp\/v2\/posts"}],"about":[{"href":"https:\/\/desdelaterrazadeamador.com\/en\/wp-json\/wp\/v2\/types\/post"}],"author":[{"embeddable":true,"href":"https:\/\/desdelaterrazadeamador.com\/en\/wp-json\/wp\/v2\/users\/1"}],"replies":[{"embeddable":true,"href":"https:\/\/desdelaterrazadeamador.com\/en\/wp-json\/wp\/v2\/comments?post=1605"}],"version-history":[{"count":1,"href":"https:\/\/desdelaterrazadeamador.com\/en\/wp-json\/wp\/v2\/posts\/1605\/revisions"}],"predecessor-version":[{"id":1608,"href":"https:\/\/desdelaterrazadeamador.com\/en\/wp-json\/wp\/v2\/posts\/1605\/revisions\/1608"}],"wp:featuredmedia":[{"embeddable":true,"href":"https:\/\/desdelaterrazadeamador.com\/en\/wp-json\/wp\/v2\/media\/1607"}],"wp:attachment":[{"href":"https:\/\/desdelaterrazadeamador.com\/en\/wp-json\/wp\/v2\/media?parent=1605"}],"wp:term":[{"taxonomy":"category","embeddable":true,"href":"https:\/\/desdelaterrazadeamador.com\/en\/wp-json\/wp\/v2\/categories?post=1605"},{"taxonomy":"post_tag","embeddable":true,"href":"https:\/\/desdelaterrazadeamador.com\/en\/wp-json\/wp\/v2\/tags?post=1605"}],"curies":[{"name":"wp","href":"https:\/\/api.w.org\/{rel}","templated":true}]}}