{"id":1374,"date":"2022-11-24T08:31:04","date_gmt":"2022-11-24T07:31:04","guid":{"rendered":"https:\/\/desdelaterrazadeamador.com\/?p=1374"},"modified":"2022-11-24T08:31:06","modified_gmt":"2022-11-24T07:31:06","slug":"la-viabilidad-de-los-camiones-de-hidrogeno-de-toyota","status":"publish","type":"post","link":"https:\/\/desdelaterrazadeamador.com\/en\/la-viabilidad-de-los-camiones-de-hidrogeno-de-toyota\/","title":{"rendered":"The viability of Toyota's hydrogen trucks"},"content":{"rendered":"<p>Views: 3<\/p>\n<p class=\"wp-block-paragraph\">Toyota has been working on the possibility of fueling vehicles with hydrogen for many years, and although it seems clear that it is not effective for small vehicles such as cars, the situation may be very different for large vehicles: trucks, trains, ships, etc \u2026. and industrial processes that require a lot of energy.<\/p>\n\n\n\n<p class=\"wp-block-paragraph\">Not long ago was published the news of the project carried out in the USA by Toyota and the truck manufacturer Kenworth. They called the Project \u00a0<strong>\u201cShore to Store\u201c<\/strong> \u00a0and used a fleet of 10 Toyota-Kenworth trucks (as seen in the photo below) running on a hydrogen fuel cell.<\/p>\n\n\n\n<p class=\"wp-block-paragraph\">The trucks worked in the area of the port of Los Angeles ( USA ) to transport material to the surroundings. These trucks (called T680) that can carry more than 40 tons, were powered by hydrogen and replaced similar ones powered by diesel.<\/p>\n\n\n\n<p class=\"wp-block-paragraph\">In their works they exceeded 400 km of autonomy, and were recharged with hydrogen in about 15 minutes. And during the duration of the project, there was a rise in fuels, and running on hydrogen ended up being cheaper than diesel. Which gives a very important idea of the good future possibility of this fuel for large vehicles.<\/p>\n\n\n\n<figure class=\"wp-block-image size-full is-resized\"><img loading=\"lazy\" decoding=\"async\" src=\"https:\/\/desdelaterrazadeamador.com\/wp-content\/uploads\/2022\/11\/Hidrogeno-camiones.jpg\" alt=\"\" class=\"wp-image-1376\" width=\"531\" height=\"354\" srcset=\"https:\/\/desdelaterrazadeamador.com\/wp-content\/uploads\/2022\/11\/Hidrogeno-camiones.jpg 500w, https:\/\/desdelaterrazadeamador.com\/wp-content\/uploads\/2022\/11\/Hidrogeno-camiones-300x200.jpg 300w, https:\/\/desdelaterrazadeamador.com\/wp-content\/uploads\/2022\/11\/Hidrogeno-camiones-18x12.jpg 18w\" sizes=\"auto, (max-width: 531px) 100vw, 531px\" \/><\/figure>\n\n\n\n<p class=\"wp-block-paragraph\">Project managers also estimated that each T680 truck saves 75 metric tons of CO2 compared to a similar diesel truck, noting the truck's smooth and quiet operation.<\/p>\n\n\n\n<p class=\"wp-block-paragraph\">I think it is a very interesting project that truck manufacturers are going to take with interest, because those who take the first steps in the right direction will be at the forefront of a new truck market that is about to emerge.<\/p>\n\n\n\n<p class=\"wp-block-paragraph\">In the meantime, a lot of research continues to improve hydrogen fuel cells, and the advances made will help to further improve the results that have been obtained in this project.<\/p>\n\n\n\n<p class=\"wp-block-paragraph\">Things keep getting better, but the question is: will we change in time to avert climate disaster?<\/p>","protected":false},"excerpt":{"rendered":"<p>Views: 3 Toyota lleva muchos a\u00f1os trabajando en la posibilidad de alimentar a veh\u00edculos con hidr\u00f3geno, y aunque parece claro que no es eficaz para los peque\u00f1os veh\u00edculos como los coches, la situaci\u00f3n puede ser muy diferente para el caso de veh\u00edculos grandes: camiones, trenes, barcos, etc \u2026. y de procesos industriales que necesiten mucha [&hellip;]<\/p>\n","protected":false},"author":1,"featured_media":1375,"comment_status":"open","ping_status":"closed","sticky":false,"template":"","format":"standard","meta":{"_crdt_document":"","footnotes":"","jetpack_publicize_message":"","jetpack_publicize_feature_enabled":true,"jetpack_social_post_already_shared":false,"jetpack_social_options":{"image_generator_settings":{"template":"highway","default_image_id":0,"font":"","enabled":false},"version":2}},"categories":[112,123],"tags":[],"class_list":["post-1374","post","type-post","status-publish","format-standard","has-post-thumbnail","hentry","category-climatic-change","category-suatainable-fuel"],"yoast_head":"<!-- This site is optimized with the Yoast SEO plugin v27.5 - https:\/\/yoast.com\/product\/yoast-seo-wordpress\/ -->\n<title>La viabilidad de los camiones de hidr\u00f3geno de Toyota - Desde la terraza de Amador<\/title>\n<meta name=\"description\" content=\"Toyota lleva muchos a\u00f1os trabajando en la posibilidad de alimentar a veh\u00edculos con hidr\u00f3geno, y aunque parece claro que no es eficaz para los peque\u00f1os\" \/>\n<meta name=\"robots\" content=\"index, follow, max-snippet:-1, max-image-preview:large, max-video-preview:-1\" \/>\n<link rel=\"canonical\" href=\"https:\/\/desdelaterrazadeamador.com\/en\/la-viabilidad-de-los-camiones-de-hidrogeno-de-toyota\/\" \/>\n<meta property=\"og:locale\" content=\"en_US\" \/>\n<meta property=\"og:type\" content=\"article\" \/>\n<meta property=\"og:title\" content=\"La viabilidad de los camiones de hidr\u00f3geno de Toyota - Desde la terraza de Amador\" \/>\n<meta property=\"og:description\" content=\"Toyota lleva muchos a\u00f1os trabajando en la posibilidad de alimentar a veh\u00edculos con hidr\u00f3geno, y aunque parece claro que no es eficaz para los peque\u00f1os\" \/>\n<meta property=\"og:url\" content=\"https:\/\/desdelaterrazadeamador.com\/en\/la-viabilidad-de-los-camiones-de-hidrogeno-de-toyota\/\" \/>\n<meta property=\"og:site_name\" content=\"Desde la terraza de Amador\" \/>\n<meta property=\"article:published_time\" content=\"2022-11-24T07:31:04+00:00\" \/>\n<meta property=\"article:modified_time\" content=\"2022-11-24T07:31:06+00:00\" \/>\n<meta property=\"og:image\" content=\"https:\/\/desdelaterrazadeamador.com\/wp-content\/uploads\/2022\/11\/Hidrogeno-MODELO-1.jpg\" \/>\n\t<meta property=\"og:image:width\" content=\"259\" \/>\n\t<meta property=\"og:image:height\" content=\"194\" \/>\n\t<meta property=\"og:image:type\" content=\"image\/jpeg\" \/>\n<meta name=\"author\" content=\"Amador Palacios\" \/>\n<meta name=\"twitter:card\" content=\"summary_large_image\" \/>\n<meta name=\"twitter:creator\" content=\"@https:\/\/twitter.com\/edurneamaya\" \/>\n<meta name=\"twitter:site\" content=\"@edurneamaya\" \/>\n<meta name=\"twitter:label1\" content=\"Written by\" \/>\n\t<meta name=\"twitter:data1\" content=\"Amador Palacios\" \/>\n\t<meta name=\"twitter:label2\" content=\"Est. reading time\" \/>\n\t<meta name=\"twitter:data2\" content=\"2 minutes\" \/>\n<script type=\"application\/ld+json\" class=\"yoast-schema-graph\">{\"@context\":\"https:\\\/\\\/schema.org\",\"@graph\":[{\"@type\":\"Article\",\"@id\":\"https:\\\/\\\/desdelaterrazadeamador.com\\\/en\\\/la-viabilidad-de-los-camiones-de-hidrogeno-de-toyota\\\/#article\",\"isPartOf\":{\"@id\":\"https:\\\/\\\/desdelaterrazadeamador.com\\\/en\\\/la-viabilidad-de-los-camiones-de-hidrogeno-de-toyota\\\/\"},\"author\":{\"name\":\"Amador Palacios\",\"@id\":\"https:\\\/\\\/desdelaterrazadeamador.com\\\/#\\\/schema\\\/person\\\/0b6966cf66bcc9a2eb35a69e1c074d66\"},\"headline\":\"La viabilidad de los camiones de hidr\u00f3geno de Toyota\",\"datePublished\":\"2022-11-24T07:31:04+00:00\",\"dateModified\":\"2022-11-24T07:31:06+00:00\",\"mainEntityOfPage\":{\"@id\":\"https:\\\/\\\/desdelaterrazadeamador.com\\\/en\\\/la-viabilidad-de-los-camiones-de-hidrogeno-de-toyota\\\/\"},\"wordCount\":369,\"commentCount\":0,\"publisher\":{\"@id\":\"https:\\\/\\\/desdelaterrazadeamador.com\\\/#\\\/schema\\\/person\\\/0b6966cf66bcc9a2eb35a69e1c074d66\"},\"image\":{\"@id\":\"https:\\\/\\\/desdelaterrazadeamador.com\\\/en\\\/la-viabilidad-de-los-camiones-de-hidrogeno-de-toyota\\\/#primaryimage\"},\"thumbnailUrl\":\"https:\\\/\\\/desdelaterrazadeamador.com\\\/wp-content\\\/uploads\\\/2022\\\/11\\\/Hidrogeno-MODELO-1.jpg\",\"articleSection\":[\"Climatic Change\",\"Sustainable fuel\"],\"inLanguage\":\"en-US\",\"potentialAction\":[{\"@type\":\"CommentAction\",\"name\":\"Comment\",\"target\":[\"https:\\\/\\\/desdelaterrazadeamador.com\\\/en\\\/la-viabilidad-de-los-camiones-de-hidrogeno-de-toyota\\\/#respond\"]}]},{\"@type\":\"WebPage\",\"@id\":\"https:\\\/\\\/desdelaterrazadeamador.com\\\/en\\\/la-viabilidad-de-los-camiones-de-hidrogeno-de-toyota\\\/\",\"url\":\"https:\\\/\\\/desdelaterrazadeamador.com\\\/en\\\/la-viabilidad-de-los-camiones-de-hidrogeno-de-toyota\\\/\",\"name\":\"La viabilidad de los camiones de hidr\u00f3geno de Toyota - Desde la terraza de Amador\",\"isPartOf\":{\"@id\":\"https:\\\/\\\/desdelaterrazadeamador.com\\\/#website\"},\"primaryImageOfPage\":{\"@id\":\"https:\\\/\\\/desdelaterrazadeamador.com\\\/en\\\/la-viabilidad-de-los-camiones-de-hidrogeno-de-toyota\\\/#primaryimage\"},\"image\":{\"@id\":\"https:\\\/\\\/desdelaterrazadeamador.com\\\/en\\\/la-viabilidad-de-los-camiones-de-hidrogeno-de-toyota\\\/#primaryimage\"},\"thumbnailUrl\":\"https:\\\/\\\/desdelaterrazadeamador.com\\\/wp-content\\\/uploads\\\/2022\\\/11\\\/Hidrogeno-MODELO-1.jpg\",\"datePublished\":\"2022-11-24T07:31:04+00:00\",\"dateModified\":\"2022-11-24T07:31:06+00:00\",\"description\":\"Toyota lleva muchos a\u00f1os trabajando en la posibilidad de alimentar a veh\u00edculos con hidr\u00f3geno, y aunque parece claro que no es eficaz para los peque\u00f1os\",\"breadcrumb\":{\"@id\":\"https:\\\/\\\/desdelaterrazadeamador.com\\\/en\\\/la-viabilidad-de-los-camiones-de-hidrogeno-de-toyota\\\/#breadcrumb\"},\"inLanguage\":\"en-US\",\"potentialAction\":[{\"@type\":\"ReadAction\",\"target\":[\"https:\\\/\\\/desdelaterrazadeamador.com\\\/en\\\/la-viabilidad-de-los-camiones-de-hidrogeno-de-toyota\\\/\"]}]},{\"@type\":\"ImageObject\",\"inLanguage\":\"en-US\",\"@id\":\"https:\\\/\\\/desdelaterrazadeamador.com\\\/en\\\/la-viabilidad-de-los-camiones-de-hidrogeno-de-toyota\\\/#primaryimage\",\"url\":\"https:\\\/\\\/desdelaterrazadeamador.com\\\/wp-content\\\/uploads\\\/2022\\\/11\\\/Hidrogeno-MODELO-1.jpg\",\"contentUrl\":\"https:\\\/\\\/desdelaterrazadeamador.com\\\/wp-content\\\/uploads\\\/2022\\\/11\\\/Hidrogeno-MODELO-1.jpg\",\"width\":259,\"height\":194},{\"@type\":\"BreadcrumbList\",\"@id\":\"https:\\\/\\\/desdelaterrazadeamador.com\\\/en\\\/la-viabilidad-de-los-camiones-de-hidrogeno-de-toyota\\\/#breadcrumb\",\"itemListElement\":[{\"@type\":\"ListItem\",\"position\":1,\"name\":\"Portada\",\"item\":\"https:\\\/\\\/desdelaterrazadeamador.com\\\/\"},{\"@type\":\"ListItem\",\"position\":2,\"name\":\"La viabilidad de los camiones de hidr\u00f3geno de Toyota\"}]},{\"@type\":\"WebSite\",\"@id\":\"https:\\\/\\\/desdelaterrazadeamador.com\\\/#website\",\"url\":\"https:\\\/\\\/desdelaterrazadeamador.com\\\/\",\"name\":\"Desde la terraza de Amador\",\"description\":\"Reflexiones libres y honestas sobre temas de actualidad social y tecnol\u00f3gica\",\"publisher\":{\"@id\":\"https:\\\/\\\/desdelaterrazadeamador.com\\\/#\\\/schema\\\/person\\\/0b6966cf66bcc9a2eb35a69e1c074d66\"},\"potentialAction\":[{\"@type\":\"SearchAction\",\"target\":{\"@type\":\"EntryPoint\",\"urlTemplate\":\"https:\\\/\\\/desdelaterrazadeamador.com\\\/?s={search_term_string}\"},\"query-input\":{\"@type\":\"PropertyValueSpecification\",\"valueRequired\":true,\"valueName\":\"search_term_string\"}}],\"inLanguage\":\"en-US\"},{\"@type\":[\"Person\",\"Organization\"],\"@id\":\"https:\\\/\\\/desdelaterrazadeamador.com\\\/#\\\/schema\\\/person\\\/0b6966cf66bcc9a2eb35a69e1c074d66\",\"name\":\"Amador Palacios\",\"image\":{\"@type\":\"ImageObject\",\"inLanguage\":\"en-US\",\"@id\":\"https:\\\/\\\/desdelaterrazadeamador.com\\\/wp-content\\\/uploads\\\/2022\\\/01\\\/amador-palacios.jpg\",\"url\":\"https:\\\/\\\/desdelaterrazadeamador.com\\\/wp-content\\\/uploads\\\/2022\\\/01\\\/amador-palacios.jpg\",\"contentUrl\":\"https:\\\/\\\/desdelaterrazadeamador.com\\\/wp-content\\\/uploads\\\/2022\\\/01\\\/amador-palacios.jpg\",\"width\":1265,\"height\":899,\"caption\":\"Amador Palacios\"},\"logo\":{\"@id\":\"https:\\\/\\\/desdelaterrazadeamador.com\\\/wp-content\\\/uploads\\\/2022\\\/01\\\/amador-palacios.jpg\"},\"description\":\"Reflexiones de Amador Palacios sobre temas de Actualidad Social y Tecnol\u00f3gica; otras opiniones diferentes a la m\u00eda son bienvenidas\",\"sameAs\":[\"http:\\\/\\\/desdelaterrazadeamador.com\",\"https:\\\/\\\/es.linkedin.com\\\/in\\\/amador-palacios-499532a\",\"https:\\\/\\\/x.com\\\/https:\\\/\\\/twitter.com\\\/edurneamaya\"]}]}<\/script>\n<!-- \/ Yoast SEO plugin. -->","yoast_head_json":{"title":"La viabilidad de los camiones de hidr\u00f3geno de Toyota - Desde la terraza de Amador","description":"Toyota lleva muchos a\u00f1os trabajando en la posibilidad de alimentar a veh\u00edculos con hidr\u00f3geno, y aunque parece claro que no es eficaz para los peque\u00f1os","robots":{"index":"index","follow":"follow","max-snippet":"max-snippet:-1","max-image-preview":"max-image-preview:large","max-video-preview":"max-video-preview:-1"},"canonical":"https:\/\/desdelaterrazadeamador.com\/en\/la-viabilidad-de-los-camiones-de-hidrogeno-de-toyota\/","og_locale":"en_US","og_type":"article","og_title":"La viabilidad de los camiones de hidr\u00f3geno de Toyota - Desde la terraza de Amador","og_description":"Toyota lleva muchos a\u00f1os trabajando en la posibilidad de alimentar a veh\u00edculos con hidr\u00f3geno, y aunque parece claro que no es eficaz para los peque\u00f1os","og_url":"https:\/\/desdelaterrazadeamador.com\/en\/la-viabilidad-de-los-camiones-de-hidrogeno-de-toyota\/","og_site_name":"Desde la terraza de Amador","article_published_time":"2022-11-24T07:31:04+00:00","article_modified_time":"2022-11-24T07:31:06+00:00","og_image":[{"width":259,"height":194,"url":"https:\/\/desdelaterrazadeamador.com\/wp-content\/uploads\/2022\/11\/Hidrogeno-MODELO-1.jpg","type":"image\/jpeg"}],"author":"Amador Palacios","twitter_card":"summary_large_image","twitter_creator":"@https:\/\/twitter.com\/edurneamaya","twitter_site":"@edurneamaya","twitter_misc":{"Written by":"Amador Palacios","Est. reading time":"2 minutes"},"schema":{"@context":"https:\/\/schema.org","@graph":[{"@type":"Article","@id":"https:\/\/desdelaterrazadeamador.com\/en\/la-viabilidad-de-los-camiones-de-hidrogeno-de-toyota\/#article","isPartOf":{"@id":"https:\/\/desdelaterrazadeamador.com\/en\/la-viabilidad-de-los-camiones-de-hidrogeno-de-toyota\/"},"author":{"name":"Amador Palacios","@id":"https:\/\/desdelaterrazadeamador.com\/#\/schema\/person\/0b6966cf66bcc9a2eb35a69e1c074d66"},"headline":"La viabilidad de los camiones de hidr\u00f3geno de Toyota","datePublished":"2022-11-24T07:31:04+00:00","dateModified":"2022-11-24T07:31:06+00:00","mainEntityOfPage":{"@id":"https:\/\/desdelaterrazadeamador.com\/en\/la-viabilidad-de-los-camiones-de-hidrogeno-de-toyota\/"},"wordCount":369,"commentCount":0,"publisher":{"@id":"https:\/\/desdelaterrazadeamador.com\/#\/schema\/person\/0b6966cf66bcc9a2eb35a69e1c074d66"},"image":{"@id":"https:\/\/desdelaterrazadeamador.com\/en\/la-viabilidad-de-los-camiones-de-hidrogeno-de-toyota\/#primaryimage"},"thumbnailUrl":"https:\/\/desdelaterrazadeamador.com\/wp-content\/uploads\/2022\/11\/Hidrogeno-MODELO-1.jpg","articleSection":["Climatic Change","Sustainable fuel"],"inLanguage":"en-US","potentialAction":[{"@type":"CommentAction","name":"Comment","target":["https:\/\/desdelaterrazadeamador.com\/en\/la-viabilidad-de-los-camiones-de-hidrogeno-de-toyota\/#respond"]}]},{"@type":"WebPage","@id":"https:\/\/desdelaterrazadeamador.com\/en\/la-viabilidad-de-los-camiones-de-hidrogeno-de-toyota\/","url":"https:\/\/desdelaterrazadeamador.com\/en\/la-viabilidad-de-los-camiones-de-hidrogeno-de-toyota\/","name":"La viabilidad de los camiones de hidr\u00f3geno de Toyota - Desde la terraza de Amador","isPartOf":{"@id":"https:\/\/desdelaterrazadeamador.com\/#website"},"primaryImageOfPage":{"@id":"https:\/\/desdelaterrazadeamador.com\/en\/la-viabilidad-de-los-camiones-de-hidrogeno-de-toyota\/#primaryimage"},"image":{"@id":"https:\/\/desdelaterrazadeamador.com\/en\/la-viabilidad-de-los-camiones-de-hidrogeno-de-toyota\/#primaryimage"},"thumbnailUrl":"https:\/\/desdelaterrazadeamador.com\/wp-content\/uploads\/2022\/11\/Hidrogeno-MODELO-1.jpg","datePublished":"2022-11-24T07:31:04+00:00","dateModified":"2022-11-24T07:31:06+00:00","description":"Toyota lleva muchos a\u00f1os trabajando en la posibilidad de alimentar a veh\u00edculos con hidr\u00f3geno, y aunque parece claro que no es eficaz para los peque\u00f1os","breadcrumb":{"@id":"https:\/\/desdelaterrazadeamador.com\/en\/la-viabilidad-de-los-camiones-de-hidrogeno-de-toyota\/#breadcrumb"},"inLanguage":"en-US","potentialAction":[{"@type":"ReadAction","target":["https:\/\/desdelaterrazadeamador.com\/en\/la-viabilidad-de-los-camiones-de-hidrogeno-de-toyota\/"]}]},{"@type":"ImageObject","inLanguage":"en-US","@id":"https:\/\/desdelaterrazadeamador.com\/en\/la-viabilidad-de-los-camiones-de-hidrogeno-de-toyota\/#primaryimage","url":"https:\/\/desdelaterrazadeamador.com\/wp-content\/uploads\/2022\/11\/Hidrogeno-MODELO-1.jpg","contentUrl":"https:\/\/desdelaterrazadeamador.com\/wp-content\/uploads\/2022\/11\/Hidrogeno-MODELO-1.jpg","width":259,"height":194},{"@type":"BreadcrumbList","@id":"https:\/\/desdelaterrazadeamador.com\/en\/la-viabilidad-de-los-camiones-de-hidrogeno-de-toyota\/#breadcrumb","itemListElement":[{"@type":"ListItem","position":1,"name":"Portada","item":"https:\/\/desdelaterrazadeamador.com\/"},{"@type":"ListItem","position":2,"name":"La viabilidad de los camiones de hidr\u00f3geno de Toyota"}]},{"@type":"WebSite","@id":"https:\/\/desdelaterrazadeamador.com\/#website","url":"https:\/\/desdelaterrazadeamador.com\/","name":"Desde la terraza de Amador","description":"Free and honest reflections on current social and technological issues","publisher":{"@id":"https:\/\/desdelaterrazadeamador.com\/#\/schema\/person\/0b6966cf66bcc9a2eb35a69e1c074d66"},"potentialAction":[{"@type":"SearchAction","target":{"@type":"EntryPoint","urlTemplate":"https:\/\/desdelaterrazadeamador.com\/?s={search_term_string}"},"query-input":{"@type":"PropertyValueSpecification","valueRequired":true,"valueName":"search_term_string"}}],"inLanguage":"en-US"},{"@type":["Person","Organization"],"@id":"https:\/\/desdelaterrazadeamador.com\/#\/schema\/person\/0b6966cf66bcc9a2eb35a69e1c074d66","name":"Amador Palacios","image":{"@type":"ImageObject","inLanguage":"en-US","@id":"https:\/\/desdelaterrazadeamador.com\/wp-content\/uploads\/2022\/01\/amador-palacios.jpg","url":"https:\/\/desdelaterrazadeamador.com\/wp-content\/uploads\/2022\/01\/amador-palacios.jpg","contentUrl":"https:\/\/desdelaterrazadeamador.com\/wp-content\/uploads\/2022\/01\/amador-palacios.jpg","width":1265,"height":899,"caption":"Amador Palacios"},"logo":{"@id":"https:\/\/desdelaterrazadeamador.com\/wp-content\/uploads\/2022\/01\/amador-palacios.jpg"},"description":"Reflexiones de Amador Palacios sobre temas de Actualidad Social y Tecnol\u00f3gica; otras opiniones diferentes a la m\u00eda son bienvenidas","sameAs":["http:\/\/desdelaterrazadeamador.com","https:\/\/es.linkedin.com\/in\/amador-palacios-499532a","https:\/\/x.com\/https:\/\/twitter.com\/edurneamaya"]}]}},"jetpack_publicize_connections":[],"_links":{"self":[{"href":"https:\/\/desdelaterrazadeamador.com\/en\/wp-json\/wp\/v2\/posts\/1374","targetHints":{"allow":["GET"]}}],"collection":[{"href":"https:\/\/desdelaterrazadeamador.com\/en\/wp-json\/wp\/v2\/posts"}],"about":[{"href":"https:\/\/desdelaterrazadeamador.com\/en\/wp-json\/wp\/v2\/types\/post"}],"author":[{"embeddable":true,"href":"https:\/\/desdelaterrazadeamador.com\/en\/wp-json\/wp\/v2\/users\/1"}],"replies":[{"embeddable":true,"href":"https:\/\/desdelaterrazadeamador.com\/en\/wp-json\/wp\/v2\/comments?post=1374"}],"version-history":[{"count":1,"href":"https:\/\/desdelaterrazadeamador.com\/en\/wp-json\/wp\/v2\/posts\/1374\/revisions"}],"predecessor-version":[{"id":1377,"href":"https:\/\/desdelaterrazadeamador.com\/en\/wp-json\/wp\/v2\/posts\/1374\/revisions\/1377"}],"wp:featuredmedia":[{"embeddable":true,"href":"https:\/\/desdelaterrazadeamador.com\/en\/wp-json\/wp\/v2\/media\/1375"}],"wp:attachment":[{"href":"https:\/\/desdelaterrazadeamador.com\/en\/wp-json\/wp\/v2\/media?parent=1374"}],"wp:term":[{"taxonomy":"category","embeddable":true,"href":"https:\/\/desdelaterrazadeamador.com\/en\/wp-json\/wp\/v2\/categories?post=1374"},{"taxonomy":"post_tag","embeddable":true,"href":"https:\/\/desdelaterrazadeamador.com\/en\/wp-json\/wp\/v2\/tags?post=1374"}],"curies":[{"name":"wp","href":"https:\/\/api.w.org\/{rel}","templated":true}]}}