{"id":133,"date":"2021-11-03T07:17:14","date_gmt":"2021-11-03T07:17:14","guid":{"rendered":"https:\/\/desdelaterrazadeamador.com\/?p=133"},"modified":"2021-11-06T10:42:48","modified_gmt":"2021-11-06T10:42:48","slug":"los-anti-vacunas-y-las-gafas-amarillas","status":"publish","type":"post","link":"https:\/\/desdelaterrazadeamador.com\/en\/los-anti-vacunas-y-las-gafas-amarillas\/","title":{"rendered":"The anti-vaccines and the yellow glasses"},"content":{"rendered":"<p>Views: 72<\/p>\n<p class=\"wp-block-paragraph\">A vaccine is a preparation intended to generate acquired immunity against a disease, by stimulating the production of antibodies. This is a definition of a vaccine.<\/p>\n\n\n\n<p class=\"wp-block-paragraph\"><\/p>\n\n\n\n<p class=\"wp-block-paragraph\">Before vaccines were introduced, many thousands of people died around the world from various diseases.<\/p>\n\n\n\n<p class=\"wp-block-paragraph\">The first smallpox vaccine was created in 1796, followed by 7 new vaccines in the 19th century and 18 new vaccines in the 20th century.<\/p>\n\n\n\n<p class=\"wp-block-paragraph\">Vaccines have lowered mortality around the world and in part made possible the improved health we now enjoy.<\/p>\n\n\n\n<p class=\"wp-block-paragraph\">In recent times, an anti-vaccine movement has appeared that has grown a lot because of Covid-19 and the multitude of false news spread by social networks. In 2019, the&nbsp;<a href=\"https:\/\/es.wikipedia.org\/wiki\/Organizaci%C3%B3n_Mundial_de_la_Salud\"><strong>World Health Organization<\/strong><\/a>&nbsp;listed anti-vaccine movements as one of the main threats to global health.<\/p>\n\n\n\n<p class=\"wp-block-paragraph\">The anti-vaccine movement is not homogeneous and has different arguments with the common trait of rejecting vaccines because they question their effectiveness and consider that they are more harmful than beneficial to their health.<\/p>\n\n\n\n<p class=\"wp-block-paragraph\">I believe that they have their right to do so, as long as they assume the consequences of their actions responsibly, and that they do not harm the rest of society.<\/p>\n\n\n\n<p class=\"wp-block-paragraph\">Let's see what happened with Covid-19. A new disease appears with which many people are infected and die. There have been several million deaths in a short time.<\/p>\n\n\n\n<p class=\"wp-block-paragraph\">In record time, several vaccines have been achieved that have proven to be reasonably effective, which have been applied to most of the population (in the most developed countries) with positive results, reducing infections, hospital collapses and deaths.<\/p>\n\n\n\n<p class=\"wp-block-paragraph\">To try to eliminate the risk of future infections, the entire population should be vaccinated, and if a part does not get vaccinated because they do not want to, they are a risk for the rest.<\/p>\n\n\n\n<p class=\"wp-block-paragraph\">I believe that the freedom of others ends where mine begins, and vice versa.<\/p>\n\n\n\n<p class=\"wp-block-paragraph\">Therefore I ask anti-vaccine people to let me know so that I do not go near them, and consequently I propose that they wear a kind of badge.<\/p>\n\n\n\n<p class=\"wp-block-paragraph\">Something pretty, flattering and visible from far away, such as yellow glasses<\/p>\n\n\n\n<figure class=\"wp-block-image size-full is-resized\"><img loading=\"lazy\" decoding=\"async\" src=\"https:\/\/desdelaterrazadeamador.com\/wp-content\/uploads\/2021\/11\/Gafa-amarilla.jpg\" alt=\"\" class=\"wp-image-134\" width=\"498\" height=\"545\" srcset=\"https:\/\/desdelaterrazadeamador.com\/wp-content\/uploads\/2021\/11\/Gafa-amarilla.jpg 385w, https:\/\/desdelaterrazadeamador.com\/wp-content\/uploads\/2021\/11\/Gafa-amarilla-274x300.jpg 274w, https:\/\/desdelaterrazadeamador.com\/wp-content\/uploads\/2021\/11\/Gafa-amarilla-11x12.jpg 11w\" sizes=\"auto, (max-width: 498px) 100vw, 498px\" \/><\/figure>\n\n\n\n<p class=\"wp-block-paragraph\">If all anti-vaccines used this symbol, or another that they like better, the rest of the people would feel safer by staying away from them with ease.<\/p>\n\n\n\n<p class=\"wp-block-paragraph\">Please those that are anti-vaccine be responsible.<\/p>\n\n\n\n<p class=\"wp-block-paragraph\">Thanks<\/p>","protected":false},"excerpt":{"rendered":"<p>Views: 72 Una vacuna es una preparaci\u00f3n destinada a generar inmunidad adquirida contra una enfermedad, mediante la estimulaci\u00f3n de la producci\u00f3n de anticuerpos. Esta es una definici\u00f3n de vacuna. Antes de introducirse las vacunas mor\u00edan muchos miles de personas en todo el mundo por causas de diversas enfermedades. La primera vacuna contra la viruela se [&hellip;]<\/p>\n","protected":false},"author":1,"featured_media":135,"comment_status":"open","ping_status":"open","sticky":false,"template":"","format":"standard","meta":{"_crdt_document":"","footnotes":"","jetpack_publicize_message":"","jetpack_publicize_feature_enabled":true,"jetpack_social_post_already_shared":false,"jetpack_social_options":{"image_generator_settings":{"template":"highway","default_image_id":0,"font":"","enabled":false},"version":2}},"categories":[115,102],"tags":[],"class_list":["post-133","post","type-post","status-publish","format-standard","has-post-thumbnail","hentry","category-societyhealth","category-society"],"yoast_head":"<!-- This site is optimized with the Yoast SEO plugin v27.4 - https:\/\/yoast.com\/product\/yoast-seo-wordpress\/ -->\n<title>Los anti-vacunas y las gafas amarillas - Desde la terraza de Amador<\/title>\n<meta name=\"description\" content=\"Una vacuna es una preparaci\u00f3n destinada a generar inmunidad adquirida contra una enfermedad, mediante la estimulaci\u00f3n de la producci\u00f3n de anticuerpos.\" \/>\n<meta name=\"robots\" content=\"index, follow, max-snippet:-1, max-image-preview:large, max-video-preview:-1\" \/>\n<link rel=\"canonical\" href=\"https:\/\/desdelaterrazadeamador.com\/en\/los-anti-vacunas-y-las-gafas-amarillas\/\" \/>\n<meta property=\"og:locale\" content=\"en_US\" \/>\n<meta property=\"og:type\" content=\"article\" \/>\n<meta property=\"og:title\" content=\"Los anti-vacunas y las gafas amarillas - Desde la terraza de Amador\" \/>\n<meta property=\"og:description\" content=\"Una vacuna es una preparaci\u00f3n destinada a generar inmunidad adquirida contra una enfermedad, mediante la estimulaci\u00f3n de la producci\u00f3n de anticuerpos.\" \/>\n<meta property=\"og:url\" content=\"https:\/\/desdelaterrazadeamador.com\/en\/los-anti-vacunas-y-las-gafas-amarillas\/\" \/>\n<meta property=\"og:site_name\" content=\"Desde la terraza de Amador\" \/>\n<meta property=\"article:published_time\" content=\"2021-11-03T07:17:14+00:00\" \/>\n<meta property=\"article:modified_time\" content=\"2021-11-06T10:42:48+00:00\" \/>\n<meta property=\"og:image\" content=\"https:\/\/desdelaterrazadeamador.com\/wp-content\/uploads\/2021\/11\/Vacuna.jpg\" \/>\n\t<meta property=\"og:image:width\" content=\"640\" \/>\n\t<meta property=\"og:image:height\" content=\"800\" \/>\n\t<meta property=\"og:image:type\" content=\"image\/jpeg\" \/>\n<meta name=\"author\" content=\"Amador Palacios\" \/>\n<meta name=\"twitter:card\" content=\"summary_large_image\" \/>\n<meta name=\"twitter:creator\" content=\"@https:\/\/twitter.com\/edurneamaya\" \/>\n<meta name=\"twitter:site\" content=\"@edurneamaya\" \/>\n<meta name=\"twitter:label1\" content=\"Written by\" \/>\n\t<meta name=\"twitter:data1\" content=\"Amador Palacios\" \/>\n\t<meta name=\"twitter:label2\" content=\"Est. reading time\" \/>\n\t<meta name=\"twitter:data2\" content=\"3 minutes\" \/>\n<script type=\"application\/ld+json\" class=\"yoast-schema-graph\">{\"@context\":\"https:\\\/\\\/schema.org\",\"@graph\":[{\"@type\":\"Article\",\"@id\":\"https:\\\/\\\/desdelaterrazadeamador.com\\\/en\\\/los-anti-vacunas-y-las-gafas-amarillas\\\/#article\",\"isPartOf\":{\"@id\":\"https:\\\/\\\/desdelaterrazadeamador.com\\\/en\\\/los-anti-vacunas-y-las-gafas-amarillas\\\/\"},\"author\":{\"name\":\"Amador Palacios\",\"@id\":\"https:\\\/\\\/desdelaterrazadeamador.com\\\/#\\\/schema\\\/person\\\/0b6966cf66bcc9a2eb35a69e1c074d66\"},\"headline\":\"Los anti-vacunas y las gafas amarillas\",\"datePublished\":\"2021-11-03T07:17:14+00:00\",\"dateModified\":\"2021-11-06T10:42:48+00:00\",\"mainEntityOfPage\":{\"@id\":\"https:\\\/\\\/desdelaterrazadeamador.com\\\/en\\\/los-anti-vacunas-y-las-gafas-amarillas\\\/\"},\"wordCount\":438,\"commentCount\":0,\"publisher\":{\"@id\":\"https:\\\/\\\/desdelaterrazadeamador.com\\\/#\\\/schema\\\/person\\\/0b6966cf66bcc9a2eb35a69e1c074d66\"},\"image\":{\"@id\":\"https:\\\/\\\/desdelaterrazadeamador.com\\\/en\\\/los-anti-vacunas-y-las-gafas-amarillas\\\/#primaryimage\"},\"thumbnailUrl\":\"https:\\\/\\\/desdelaterrazadeamador.com\\\/wp-content\\\/uploads\\\/2021\\\/11\\\/Vacuna.jpg\",\"articleSection\":[\"Health\",\"Society\"],\"inLanguage\":\"en-US\",\"potentialAction\":[{\"@type\":\"CommentAction\",\"name\":\"Comment\",\"target\":[\"https:\\\/\\\/desdelaterrazadeamador.com\\\/en\\\/los-anti-vacunas-y-las-gafas-amarillas\\\/#respond\"]}]},{\"@type\":\"WebPage\",\"@id\":\"https:\\\/\\\/desdelaterrazadeamador.com\\\/en\\\/los-anti-vacunas-y-las-gafas-amarillas\\\/\",\"url\":\"https:\\\/\\\/desdelaterrazadeamador.com\\\/en\\\/los-anti-vacunas-y-las-gafas-amarillas\\\/\",\"name\":\"Los anti-vacunas y las gafas amarillas - Desde la terraza de Amador\",\"isPartOf\":{\"@id\":\"https:\\\/\\\/desdelaterrazadeamador.com\\\/#website\"},\"primaryImageOfPage\":{\"@id\":\"https:\\\/\\\/desdelaterrazadeamador.com\\\/en\\\/los-anti-vacunas-y-las-gafas-amarillas\\\/#primaryimage\"},\"image\":{\"@id\":\"https:\\\/\\\/desdelaterrazadeamador.com\\\/en\\\/los-anti-vacunas-y-las-gafas-amarillas\\\/#primaryimage\"},\"thumbnailUrl\":\"https:\\\/\\\/desdelaterrazadeamador.com\\\/wp-content\\\/uploads\\\/2021\\\/11\\\/Vacuna.jpg\",\"datePublished\":\"2021-11-03T07:17:14+00:00\",\"dateModified\":\"2021-11-06T10:42:48+00:00\",\"description\":\"Una vacuna es una preparaci\u00f3n destinada a generar inmunidad adquirida contra una enfermedad, mediante la estimulaci\u00f3n de la producci\u00f3n de anticuerpos.\",\"breadcrumb\":{\"@id\":\"https:\\\/\\\/desdelaterrazadeamador.com\\\/en\\\/los-anti-vacunas-y-las-gafas-amarillas\\\/#breadcrumb\"},\"inLanguage\":\"en-US\",\"potentialAction\":[{\"@type\":\"ReadAction\",\"target\":[\"https:\\\/\\\/desdelaterrazadeamador.com\\\/en\\\/los-anti-vacunas-y-las-gafas-amarillas\\\/\"]}]},{\"@type\":\"ImageObject\",\"inLanguage\":\"en-US\",\"@id\":\"https:\\\/\\\/desdelaterrazadeamador.com\\\/en\\\/los-anti-vacunas-y-las-gafas-amarillas\\\/#primaryimage\",\"url\":\"https:\\\/\\\/desdelaterrazadeamador.com\\\/wp-content\\\/uploads\\\/2021\\\/11\\\/Vacuna.jpg\",\"contentUrl\":\"https:\\\/\\\/desdelaterrazadeamador.com\\\/wp-content\\\/uploads\\\/2021\\\/11\\\/Vacuna.jpg\",\"width\":640,\"height\":800},{\"@type\":\"BreadcrumbList\",\"@id\":\"https:\\\/\\\/desdelaterrazadeamador.com\\\/en\\\/los-anti-vacunas-y-las-gafas-amarillas\\\/#breadcrumb\",\"itemListElement\":[{\"@type\":\"ListItem\",\"position\":1,\"name\":\"Portada\",\"item\":\"https:\\\/\\\/desdelaterrazadeamador.com\\\/\"},{\"@type\":\"ListItem\",\"position\":2,\"name\":\"Los anti-vacunas y las gafas amarillas\"}]},{\"@type\":\"WebSite\",\"@id\":\"https:\\\/\\\/desdelaterrazadeamador.com\\\/#website\",\"url\":\"https:\\\/\\\/desdelaterrazadeamador.com\\\/\",\"name\":\"Desde la terraza de Amador\",\"description\":\"Reflexiones libres y honestas sobre temas de actualidad social y tecnol\u00f3gica\",\"publisher\":{\"@id\":\"https:\\\/\\\/desdelaterrazadeamador.com\\\/#\\\/schema\\\/person\\\/0b6966cf66bcc9a2eb35a69e1c074d66\"},\"potentialAction\":[{\"@type\":\"SearchAction\",\"target\":{\"@type\":\"EntryPoint\",\"urlTemplate\":\"https:\\\/\\\/desdelaterrazadeamador.com\\\/?s={search_term_string}\"},\"query-input\":{\"@type\":\"PropertyValueSpecification\",\"valueRequired\":true,\"valueName\":\"search_term_string\"}}],\"inLanguage\":\"en-US\"},{\"@type\":[\"Person\",\"Organization\"],\"@id\":\"https:\\\/\\\/desdelaterrazadeamador.com\\\/#\\\/schema\\\/person\\\/0b6966cf66bcc9a2eb35a69e1c074d66\",\"name\":\"Amador Palacios\",\"image\":{\"@type\":\"ImageObject\",\"inLanguage\":\"en-US\",\"@id\":\"https:\\\/\\\/desdelaterrazadeamador.com\\\/wp-content\\\/uploads\\\/2022\\\/01\\\/amador-palacios.jpg\",\"url\":\"https:\\\/\\\/desdelaterrazadeamador.com\\\/wp-content\\\/uploads\\\/2022\\\/01\\\/amador-palacios.jpg\",\"contentUrl\":\"https:\\\/\\\/desdelaterrazadeamador.com\\\/wp-content\\\/uploads\\\/2022\\\/01\\\/amador-palacios.jpg\",\"width\":1265,\"height\":899,\"caption\":\"Amador Palacios\"},\"logo\":{\"@id\":\"https:\\\/\\\/desdelaterrazadeamador.com\\\/wp-content\\\/uploads\\\/2022\\\/01\\\/amador-palacios.jpg\"},\"description\":\"Reflexiones de Amador Palacios sobre temas de Actualidad Social y Tecnol\u00f3gica; otras opiniones diferentes a la m\u00eda son bienvenidas\",\"sameAs\":[\"http:\\\/\\\/desdelaterrazadeamador.com\",\"https:\\\/\\\/es.linkedin.com\\\/in\\\/amador-palacios-499532a\",\"https:\\\/\\\/x.com\\\/https:\\\/\\\/twitter.com\\\/edurneamaya\"]}]}<\/script>\n<!-- \/ Yoast SEO plugin. -->","yoast_head_json":{"title":"Los anti-vacunas y las gafas amarillas - Desde la terraza de Amador","description":"Una vacuna es una preparaci\u00f3n destinada a generar inmunidad adquirida contra una enfermedad, mediante la estimulaci\u00f3n de la producci\u00f3n de anticuerpos.","robots":{"index":"index","follow":"follow","max-snippet":"max-snippet:-1","max-image-preview":"max-image-preview:large","max-video-preview":"max-video-preview:-1"},"canonical":"https:\/\/desdelaterrazadeamador.com\/en\/los-anti-vacunas-y-las-gafas-amarillas\/","og_locale":"en_US","og_type":"article","og_title":"Los anti-vacunas y las gafas amarillas - Desde la terraza de Amador","og_description":"Una vacuna es una preparaci\u00f3n destinada a generar inmunidad adquirida contra una enfermedad, mediante la estimulaci\u00f3n de la producci\u00f3n de anticuerpos.","og_url":"https:\/\/desdelaterrazadeamador.com\/en\/los-anti-vacunas-y-las-gafas-amarillas\/","og_site_name":"Desde la terraza de Amador","article_published_time":"2021-11-03T07:17:14+00:00","article_modified_time":"2021-11-06T10:42:48+00:00","og_image":[{"width":640,"height":800,"url":"https:\/\/desdelaterrazadeamador.com\/wp-content\/uploads\/2021\/11\/Vacuna.jpg","type":"image\/jpeg"}],"author":"Amador Palacios","twitter_card":"summary_large_image","twitter_creator":"@https:\/\/twitter.com\/edurneamaya","twitter_site":"@edurneamaya","twitter_misc":{"Written by":"Amador Palacios","Est. reading time":"3 minutes"},"schema":{"@context":"https:\/\/schema.org","@graph":[{"@type":"Article","@id":"https:\/\/desdelaterrazadeamador.com\/en\/los-anti-vacunas-y-las-gafas-amarillas\/#article","isPartOf":{"@id":"https:\/\/desdelaterrazadeamador.com\/en\/los-anti-vacunas-y-las-gafas-amarillas\/"},"author":{"name":"Amador Palacios","@id":"https:\/\/desdelaterrazadeamador.com\/#\/schema\/person\/0b6966cf66bcc9a2eb35a69e1c074d66"},"headline":"Los anti-vacunas y las gafas amarillas","datePublished":"2021-11-03T07:17:14+00:00","dateModified":"2021-11-06T10:42:48+00:00","mainEntityOfPage":{"@id":"https:\/\/desdelaterrazadeamador.com\/en\/los-anti-vacunas-y-las-gafas-amarillas\/"},"wordCount":438,"commentCount":0,"publisher":{"@id":"https:\/\/desdelaterrazadeamador.com\/#\/schema\/person\/0b6966cf66bcc9a2eb35a69e1c074d66"},"image":{"@id":"https:\/\/desdelaterrazadeamador.com\/en\/los-anti-vacunas-y-las-gafas-amarillas\/#primaryimage"},"thumbnailUrl":"https:\/\/desdelaterrazadeamador.com\/wp-content\/uploads\/2021\/11\/Vacuna.jpg","articleSection":["Health","Society"],"inLanguage":"en-US","potentialAction":[{"@type":"CommentAction","name":"Comment","target":["https:\/\/desdelaterrazadeamador.com\/en\/los-anti-vacunas-y-las-gafas-amarillas\/#respond"]}]},{"@type":"WebPage","@id":"https:\/\/desdelaterrazadeamador.com\/en\/los-anti-vacunas-y-las-gafas-amarillas\/","url":"https:\/\/desdelaterrazadeamador.com\/en\/los-anti-vacunas-y-las-gafas-amarillas\/","name":"Los anti-vacunas y las gafas amarillas - Desde la terraza de Amador","isPartOf":{"@id":"https:\/\/desdelaterrazadeamador.com\/#website"},"primaryImageOfPage":{"@id":"https:\/\/desdelaterrazadeamador.com\/en\/los-anti-vacunas-y-las-gafas-amarillas\/#primaryimage"},"image":{"@id":"https:\/\/desdelaterrazadeamador.com\/en\/los-anti-vacunas-y-las-gafas-amarillas\/#primaryimage"},"thumbnailUrl":"https:\/\/desdelaterrazadeamador.com\/wp-content\/uploads\/2021\/11\/Vacuna.jpg","datePublished":"2021-11-03T07:17:14+00:00","dateModified":"2021-11-06T10:42:48+00:00","description":"Una vacuna es una preparaci\u00f3n destinada a generar inmunidad adquirida contra una enfermedad, mediante la estimulaci\u00f3n de la producci\u00f3n de anticuerpos.","breadcrumb":{"@id":"https:\/\/desdelaterrazadeamador.com\/en\/los-anti-vacunas-y-las-gafas-amarillas\/#breadcrumb"},"inLanguage":"en-US","potentialAction":[{"@type":"ReadAction","target":["https:\/\/desdelaterrazadeamador.com\/en\/los-anti-vacunas-y-las-gafas-amarillas\/"]}]},{"@type":"ImageObject","inLanguage":"en-US","@id":"https:\/\/desdelaterrazadeamador.com\/en\/los-anti-vacunas-y-las-gafas-amarillas\/#primaryimage","url":"https:\/\/desdelaterrazadeamador.com\/wp-content\/uploads\/2021\/11\/Vacuna.jpg","contentUrl":"https:\/\/desdelaterrazadeamador.com\/wp-content\/uploads\/2021\/11\/Vacuna.jpg","width":640,"height":800},{"@type":"BreadcrumbList","@id":"https:\/\/desdelaterrazadeamador.com\/en\/los-anti-vacunas-y-las-gafas-amarillas\/#breadcrumb","itemListElement":[{"@type":"ListItem","position":1,"name":"Portada","item":"https:\/\/desdelaterrazadeamador.com\/"},{"@type":"ListItem","position":2,"name":"Los anti-vacunas y las gafas amarillas"}]},{"@type":"WebSite","@id":"https:\/\/desdelaterrazadeamador.com\/#website","url":"https:\/\/desdelaterrazadeamador.com\/","name":"Desde la terraza de Amador","description":"Free and honest reflections on current social and technological issues","publisher":{"@id":"https:\/\/desdelaterrazadeamador.com\/#\/schema\/person\/0b6966cf66bcc9a2eb35a69e1c074d66"},"potentialAction":[{"@type":"SearchAction","target":{"@type":"EntryPoint","urlTemplate":"https:\/\/desdelaterrazadeamador.com\/?s={search_term_string}"},"query-input":{"@type":"PropertyValueSpecification","valueRequired":true,"valueName":"search_term_string"}}],"inLanguage":"en-US"},{"@type":["Person","Organization"],"@id":"https:\/\/desdelaterrazadeamador.com\/#\/schema\/person\/0b6966cf66bcc9a2eb35a69e1c074d66","name":"Amador Palacios","image":{"@type":"ImageObject","inLanguage":"en-US","@id":"https:\/\/desdelaterrazadeamador.com\/wp-content\/uploads\/2022\/01\/amador-palacios.jpg","url":"https:\/\/desdelaterrazadeamador.com\/wp-content\/uploads\/2022\/01\/amador-palacios.jpg","contentUrl":"https:\/\/desdelaterrazadeamador.com\/wp-content\/uploads\/2022\/01\/amador-palacios.jpg","width":1265,"height":899,"caption":"Amador Palacios"},"logo":{"@id":"https:\/\/desdelaterrazadeamador.com\/wp-content\/uploads\/2022\/01\/amador-palacios.jpg"},"description":"Reflexiones de Amador Palacios sobre temas de Actualidad Social y Tecnol\u00f3gica; otras opiniones diferentes a la m\u00eda son bienvenidas","sameAs":["http:\/\/desdelaterrazadeamador.com","https:\/\/es.linkedin.com\/in\/amador-palacios-499532a","https:\/\/x.com\/https:\/\/twitter.com\/edurneamaya"]}]}},"jetpack_publicize_connections":[],"_links":{"self":[{"href":"https:\/\/desdelaterrazadeamador.com\/en\/wp-json\/wp\/v2\/posts\/133","targetHints":{"allow":["GET"]}}],"collection":[{"href":"https:\/\/desdelaterrazadeamador.com\/en\/wp-json\/wp\/v2\/posts"}],"about":[{"href":"https:\/\/desdelaterrazadeamador.com\/en\/wp-json\/wp\/v2\/types\/post"}],"author":[{"embeddable":true,"href":"https:\/\/desdelaterrazadeamador.com\/en\/wp-json\/wp\/v2\/users\/1"}],"replies":[{"embeddable":true,"href":"https:\/\/desdelaterrazadeamador.com\/en\/wp-json\/wp\/v2\/comments?post=133"}],"version-history":[{"count":3,"href":"https:\/\/desdelaterrazadeamador.com\/en\/wp-json\/wp\/v2\/posts\/133\/revisions"}],"predecessor-version":[{"id":164,"href":"https:\/\/desdelaterrazadeamador.com\/en\/wp-json\/wp\/v2\/posts\/133\/revisions\/164"}],"wp:featuredmedia":[{"embeddable":true,"href":"https:\/\/desdelaterrazadeamador.com\/en\/wp-json\/wp\/v2\/media\/135"}],"wp:attachment":[{"href":"https:\/\/desdelaterrazadeamador.com\/en\/wp-json\/wp\/v2\/media?parent=133"}],"wp:term":[{"taxonomy":"category","embeddable":true,"href":"https:\/\/desdelaterrazadeamador.com\/en\/wp-json\/wp\/v2\/categories?post=133"},{"taxonomy":"post_tag","embeddable":true,"href":"https:\/\/desdelaterrazadeamador.com\/en\/wp-json\/wp\/v2\/tags?post=133"}],"curies":[{"name":"wp","href":"https:\/\/api.w.org\/{rel}","templated":true}]}}