{"id":1221,"date":"2022-09-29T09:12:27","date_gmt":"2022-09-29T07:12:27","guid":{"rendered":"https:\/\/desdelaterrazadeamador.com\/?p=1221"},"modified":"2022-09-29T09:12:28","modified_gmt":"2022-09-29T07:12:28","slug":"los-vuelos-de-bajo-coste","status":"publish","type":"post","link":"https:\/\/desdelaterrazadeamador.com\/en\/los-vuelos-de-bajo-coste\/","title":{"rendered":"Low cost flights"},"content":{"rendered":"<p>Views: 9<\/p>\n<p class=\"wp-block-paragraph\">With the recovery from Covid-19, flights were also recovered by increasing the lists of passengers willing to fly. But with the latest economic crisis (Ukrainian war, etc\u2026.) the prices of products and services have increased significantly, and this also affects low-cost flights.<\/p>\n\n\n\n<p class=\"wp-block-paragraph\">I have read some statements by the president of &nbsp;<strong>Ryanair<\/strong> &nbsp;( Mr. O'Leary ) saying that in his opinion people should forget about the cheap fares of the past, flights for a price of 10 euros and sometimes less, due to the new prices of all kinds of supplies.<\/p>\n\n\n\n<p class=\"wp-block-paragraph\">Almost certainly he is right, because he knows his business well, but I think that the reflection should be much deeper. Especially when this past summer the high temperatures we have suffered have sent us all a loud and clear message: The Climate Emergency is here, we are going to suffer it in our flesh, and its consequences are going to be very, very expensive.<\/p>\n\n\n\n<p class=\"wp-block-paragraph\">And faced with such an important dilemma, people should seriously rethink what we do, what we consume, and the need for all of it. In short, our way of life. Calmly and without drama, but also with a bit of seriousness, thinking about the medium\/long term, and about the future that we leave to our descendants.<\/p>\n\n\n\n<figure class=\"wp-block-image size-full is-resized\"><img loading=\"lazy\" decoding=\"async\" src=\"https:\/\/desdelaterrazadeamador.com\/wp-content\/uploads\/2022\/09\/Ryanair.jpg\" alt=\"\" class=\"wp-image-1222\" width=\"559\" height=\"372\" srcset=\"https:\/\/desdelaterrazadeamador.com\/wp-content\/uploads\/2022\/09\/Ryanair.jpg 500w, https:\/\/desdelaterrazadeamador.com\/wp-content\/uploads\/2022\/09\/Ryanair-300x200.jpg 300w, https:\/\/desdelaterrazadeamador.com\/wp-content\/uploads\/2022\/09\/Ryanair-18x12.jpg 18w\" sizes=\"auto, (max-width: 559px) 100vw, 559px\" \/><\/figure>\n\n\n\n<p class=\"wp-block-paragraph\">And within that rethinking are the cheap flights (very cheap) offered by companies like Ryanair, Easyjet, and many others. On many occasions they are not necessary at all; we do them because we can pay for them, without thinking about the polluting effect we generate.<\/p>\n\n\n\n<p class=\"wp-block-paragraph\">What I reflect on cheap flights can be applied to many other things, but this is one of the least \"necessary\". If we are not going to spend a weekend with some friends 600 km or more away, nothing happens. We can spend that weekend in a different way, polluting less, and enjoying what surrounds us.<\/p>\n\n\n\n<p class=\"wp-block-paragraph\">To be reasonably happy, it is not necessary to spend a lot of money, or go very far, or make a lot of noise, or buy and own a lot of things, or... so many things that confuse us in our day to day.<\/p>\n\n\n\n<p class=\"wp-block-paragraph\">We live in a consumer society that pushes us to consume without thinking, and that is what the companies and the marketing that floods us take care of. But we have the ability to think critically, and the obligation to leave our grandchildren a similar or better nature than the one we received from our elders.<\/p>\n\n\n\n<p class=\"wp-block-paragraph\">And this summer we have all received a very clear message from our planet. Are we going to listen to it? And are we going to do something about it?<\/p>\n\n\n\n<p class=\"wp-block-paragraph\">It is up to each of us to contribute our grain of sand. I'm sure it's very small, but it\u2019s something to begin with.<\/p>\n\n\n\n<p class=\"wp-block-paragraph\">&nbsp;&nbsp;&nbsp;&nbsp;&nbsp;&nbsp;&nbsp;&nbsp;&nbsp;&nbsp;&nbsp;&nbsp;&nbsp;&nbsp;&nbsp;&nbsp;&nbsp;&nbsp;&nbsp;&nbsp;&nbsp;&nbsp;&nbsp;&nbsp;&nbsp;&nbsp;&nbsp;&nbsp;&nbsp;&nbsp;&nbsp;&nbsp;&nbsp;&nbsp;&nbsp;&nbsp;&nbsp;&nbsp;&nbsp;&nbsp;&nbsp;&nbsp;&nbsp;&nbsp;&nbsp;&nbsp;&nbsp;&nbsp;&nbsp;&nbsp;&nbsp;&nbsp;&nbsp;&nbsp;&nbsp;&nbsp;&nbsp;&nbsp; ***<\/p>","protected":false},"excerpt":{"rendered":"<p>Views: 9 Con la recuperaci\u00f3n del Covid-19, tambi\u00e9n se recuperaron los vuelos al aumentar las listas de pasajeros dispuestos a volar. Pero con la \u00faltima crisis econ\u00f3mica ( guerra de Ucrania, etc \u2026. ) han aumentado de manera muy importante los precios de productos y servicios, y eso tambi\u00e9n afecta a los vuelos de bajo [&hellip;]<\/p>\n","protected":false},"author":1,"featured_media":718,"comment_status":"open","ping_status":"open","sticky":false,"template":"","format":"standard","meta":{"_crdt_document":"","footnotes":"","jetpack_publicize_message":"","jetpack_publicize_feature_enabled":true,"jetpack_social_post_already_shared":false,"jetpack_social_options":{"image_generator_settings":{"template":"highway","default_image_id":0,"font":"","enabled":false},"version":2}},"categories":[104,155],"tags":[],"class_list":["post-1221","post","type-post","status-publish","format-standard","has-post-thumbnail","hentry","category-aeronautics","category-transportation"],"yoast_head":"<!-- This site is optimized with the Yoast SEO plugin v27.5 - https:\/\/yoast.com\/product\/yoast-seo-wordpress\/ -->\n<title>Los vuelos de bajo coste - Desde la terraza de Amador<\/title>\n<meta name=\"description\" content=\"Con la recuperaci\u00f3n del Covid-19, tambi\u00e9n se recuperaron los vuelos al aumentar las listas de pasajeros dispuestos a volar. Pero con la \u00faltima crisis\" \/>\n<meta name=\"robots\" content=\"index, follow, max-snippet:-1, max-image-preview:large, max-video-preview:-1\" \/>\n<link rel=\"canonical\" href=\"https:\/\/desdelaterrazadeamador.com\/en\/los-vuelos-de-bajo-coste\/\" \/>\n<meta property=\"og:locale\" content=\"en_US\" \/>\n<meta property=\"og:type\" content=\"article\" \/>\n<meta property=\"og:title\" content=\"Los vuelos de bajo coste - Desde la terraza de Amador\" \/>\n<meta property=\"og:description\" content=\"Con la recuperaci\u00f3n del Covid-19, tambi\u00e9n se recuperaron los vuelos al aumentar las listas de pasajeros dispuestos a volar. Pero con la \u00faltima crisis\" \/>\n<meta property=\"og:url\" content=\"https:\/\/desdelaterrazadeamador.com\/en\/los-vuelos-de-bajo-coste\/\" \/>\n<meta property=\"og:site_name\" content=\"Desde la terraza de Amador\" \/>\n<meta property=\"article:published_time\" content=\"2022-09-29T07:12:27+00:00\" \/>\n<meta property=\"article:modified_time\" content=\"2022-09-29T07:12:28+00:00\" \/>\n<meta property=\"og:image\" content=\"https:\/\/desdelaterrazadeamador.com\/wp-content\/uploads\/2022\/04\/Avion-MODELO.jpg\" \/>\n\t<meta property=\"og:image:width\" content=\"640\" \/>\n\t<meta property=\"og:image:height\" content=\"426\" \/>\n\t<meta property=\"og:image:type\" content=\"image\/jpeg\" \/>\n<meta name=\"author\" content=\"Amador Palacios\" \/>\n<meta name=\"twitter:card\" content=\"summary_large_image\" \/>\n<meta name=\"twitter:creator\" content=\"@https:\/\/twitter.com\/edurneamaya\" \/>\n<meta name=\"twitter:site\" content=\"@edurneamaya\" \/>\n<meta name=\"twitter:label1\" content=\"Written by\" \/>\n\t<meta name=\"twitter:data1\" content=\"Amador Palacios\" \/>\n\t<meta name=\"twitter:label2\" content=\"Est. reading time\" \/>\n\t<meta name=\"twitter:data2\" content=\"3 minutes\" \/>\n<script type=\"application\/ld+json\" class=\"yoast-schema-graph\">{\"@context\":\"https:\\\/\\\/schema.org\",\"@graph\":[{\"@type\":\"Article\",\"@id\":\"https:\\\/\\\/desdelaterrazadeamador.com\\\/los-vuelos-de-bajo-coste\\\/#article\",\"isPartOf\":{\"@id\":\"https:\\\/\\\/desdelaterrazadeamador.com\\\/los-vuelos-de-bajo-coste\\\/\"},\"author\":{\"name\":\"Amador Palacios\",\"@id\":\"https:\\\/\\\/desdelaterrazadeamador.com\\\/#\\\/schema\\\/person\\\/0b6966cf66bcc9a2eb35a69e1c074d66\"},\"headline\":\"Los vuelos de bajo coste\",\"datePublished\":\"2022-09-29T07:12:27+00:00\",\"dateModified\":\"2022-09-29T07:12:28+00:00\",\"mainEntityOfPage\":{\"@id\":\"https:\\\/\\\/desdelaterrazadeamador.com\\\/los-vuelos-de-bajo-coste\\\/\"},\"wordCount\":564,\"commentCount\":0,\"publisher\":{\"@id\":\"https:\\\/\\\/desdelaterrazadeamador.com\\\/#\\\/schema\\\/person\\\/0b6966cf66bcc9a2eb35a69e1c074d66\"},\"image\":{\"@id\":\"https:\\\/\\\/desdelaterrazadeamador.com\\\/los-vuelos-de-bajo-coste\\\/#primaryimage\"},\"thumbnailUrl\":\"https:\\\/\\\/desdelaterrazadeamador.com\\\/wp-content\\\/uploads\\\/2022\\\/04\\\/Avion-MODELO.jpg\",\"articleSection\":[\"Aeronautics\",\"Transportation\"],\"inLanguage\":\"en-US\",\"potentialAction\":[{\"@type\":\"CommentAction\",\"name\":\"Comment\",\"target\":[\"https:\\\/\\\/desdelaterrazadeamador.com\\\/los-vuelos-de-bajo-coste\\\/#respond\"]}]},{\"@type\":\"WebPage\",\"@id\":\"https:\\\/\\\/desdelaterrazadeamador.com\\\/los-vuelos-de-bajo-coste\\\/\",\"url\":\"https:\\\/\\\/desdelaterrazadeamador.com\\\/los-vuelos-de-bajo-coste\\\/\",\"name\":\"Los vuelos de bajo coste - Desde la terraza de Amador\",\"isPartOf\":{\"@id\":\"https:\\\/\\\/desdelaterrazadeamador.com\\\/#website\"},\"primaryImageOfPage\":{\"@id\":\"https:\\\/\\\/desdelaterrazadeamador.com\\\/los-vuelos-de-bajo-coste\\\/#primaryimage\"},\"image\":{\"@id\":\"https:\\\/\\\/desdelaterrazadeamador.com\\\/los-vuelos-de-bajo-coste\\\/#primaryimage\"},\"thumbnailUrl\":\"https:\\\/\\\/desdelaterrazadeamador.com\\\/wp-content\\\/uploads\\\/2022\\\/04\\\/Avion-MODELO.jpg\",\"datePublished\":\"2022-09-29T07:12:27+00:00\",\"dateModified\":\"2022-09-29T07:12:28+00:00\",\"description\":\"Con la recuperaci\u00f3n del Covid-19, tambi\u00e9n se recuperaron los vuelos al aumentar las listas de pasajeros dispuestos a volar. Pero con la \u00faltima crisis\",\"breadcrumb\":{\"@id\":\"https:\\\/\\\/desdelaterrazadeamador.com\\\/los-vuelos-de-bajo-coste\\\/#breadcrumb\"},\"inLanguage\":\"en-US\",\"potentialAction\":[{\"@type\":\"ReadAction\",\"target\":[\"https:\\\/\\\/desdelaterrazadeamador.com\\\/los-vuelos-de-bajo-coste\\\/\"]}]},{\"@type\":\"ImageObject\",\"inLanguage\":\"en-US\",\"@id\":\"https:\\\/\\\/desdelaterrazadeamador.com\\\/los-vuelos-de-bajo-coste\\\/#primaryimage\",\"url\":\"https:\\\/\\\/desdelaterrazadeamador.com\\\/wp-content\\\/uploads\\\/2022\\\/04\\\/Avion-MODELO.jpg\",\"contentUrl\":\"https:\\\/\\\/desdelaterrazadeamador.com\\\/wp-content\\\/uploads\\\/2022\\\/04\\\/Avion-MODELO.jpg\",\"width\":640,\"height\":426},{\"@type\":\"BreadcrumbList\",\"@id\":\"https:\\\/\\\/desdelaterrazadeamador.com\\\/los-vuelos-de-bajo-coste\\\/#breadcrumb\",\"itemListElement\":[{\"@type\":\"ListItem\",\"position\":1,\"name\":\"Portada\",\"item\":\"https:\\\/\\\/desdelaterrazadeamador.com\\\/\"},{\"@type\":\"ListItem\",\"position\":2,\"name\":\"Los vuelos de bajo coste\"}]},{\"@type\":\"WebSite\",\"@id\":\"https:\\\/\\\/desdelaterrazadeamador.com\\\/#website\",\"url\":\"https:\\\/\\\/desdelaterrazadeamador.com\\\/\",\"name\":\"Desde la terraza de Amador\",\"description\":\"Reflexiones libres y honestas sobre temas de actualidad social y tecnol\u00f3gica\",\"publisher\":{\"@id\":\"https:\\\/\\\/desdelaterrazadeamador.com\\\/#\\\/schema\\\/person\\\/0b6966cf66bcc9a2eb35a69e1c074d66\"},\"potentialAction\":[{\"@type\":\"SearchAction\",\"target\":{\"@type\":\"EntryPoint\",\"urlTemplate\":\"https:\\\/\\\/desdelaterrazadeamador.com\\\/?s={search_term_string}\"},\"query-input\":{\"@type\":\"PropertyValueSpecification\",\"valueRequired\":true,\"valueName\":\"search_term_string\"}}],\"inLanguage\":\"en-US\"},{\"@type\":[\"Person\",\"Organization\"],\"@id\":\"https:\\\/\\\/desdelaterrazadeamador.com\\\/#\\\/schema\\\/person\\\/0b6966cf66bcc9a2eb35a69e1c074d66\",\"name\":\"Amador Palacios\",\"image\":{\"@type\":\"ImageObject\",\"inLanguage\":\"en-US\",\"@id\":\"https:\\\/\\\/desdelaterrazadeamador.com\\\/wp-content\\\/uploads\\\/2022\\\/01\\\/amador-palacios.jpg\",\"url\":\"https:\\\/\\\/desdelaterrazadeamador.com\\\/wp-content\\\/uploads\\\/2022\\\/01\\\/amador-palacios.jpg\",\"contentUrl\":\"https:\\\/\\\/desdelaterrazadeamador.com\\\/wp-content\\\/uploads\\\/2022\\\/01\\\/amador-palacios.jpg\",\"width\":1265,\"height\":899,\"caption\":\"Amador Palacios\"},\"logo\":{\"@id\":\"https:\\\/\\\/desdelaterrazadeamador.com\\\/wp-content\\\/uploads\\\/2022\\\/01\\\/amador-palacios.jpg\"},\"description\":\"Reflexiones de Amador Palacios sobre temas de Actualidad Social y Tecnol\u00f3gica; otras opiniones diferentes a la m\u00eda son bienvenidas\",\"sameAs\":[\"http:\\\/\\\/desdelaterrazadeamador.com\",\"https:\\\/\\\/es.linkedin.com\\\/in\\\/amador-palacios-499532a\",\"https:\\\/\\\/x.com\\\/https:\\\/\\\/twitter.com\\\/edurneamaya\"]}]}<\/script>\n<!-- \/ Yoast SEO plugin. -->","yoast_head_json":{"title":"Los vuelos de bajo coste - Desde la terraza de Amador","description":"Con la recuperaci\u00f3n del Covid-19, tambi\u00e9n se recuperaron los vuelos al aumentar las listas de pasajeros dispuestos a volar. Pero con la \u00faltima crisis","robots":{"index":"index","follow":"follow","max-snippet":"max-snippet:-1","max-image-preview":"max-image-preview:large","max-video-preview":"max-video-preview:-1"},"canonical":"https:\/\/desdelaterrazadeamador.com\/en\/los-vuelos-de-bajo-coste\/","og_locale":"en_US","og_type":"article","og_title":"Los vuelos de bajo coste - Desde la terraza de Amador","og_description":"Con la recuperaci\u00f3n del Covid-19, tambi\u00e9n se recuperaron los vuelos al aumentar las listas de pasajeros dispuestos a volar. Pero con la \u00faltima crisis","og_url":"https:\/\/desdelaterrazadeamador.com\/en\/los-vuelos-de-bajo-coste\/","og_site_name":"Desde la terraza de Amador","article_published_time":"2022-09-29T07:12:27+00:00","article_modified_time":"2022-09-29T07:12:28+00:00","og_image":[{"width":640,"height":426,"url":"https:\/\/desdelaterrazadeamador.com\/wp-content\/uploads\/2022\/04\/Avion-MODELO.jpg","type":"image\/jpeg"}],"author":"Amador Palacios","twitter_card":"summary_large_image","twitter_creator":"@https:\/\/twitter.com\/edurneamaya","twitter_site":"@edurneamaya","twitter_misc":{"Written by":"Amador Palacios","Est. reading time":"3 minutes"},"schema":{"@context":"https:\/\/schema.org","@graph":[{"@type":"Article","@id":"https:\/\/desdelaterrazadeamador.com\/los-vuelos-de-bajo-coste\/#article","isPartOf":{"@id":"https:\/\/desdelaterrazadeamador.com\/los-vuelos-de-bajo-coste\/"},"author":{"name":"Amador Palacios","@id":"https:\/\/desdelaterrazadeamador.com\/#\/schema\/person\/0b6966cf66bcc9a2eb35a69e1c074d66"},"headline":"Los vuelos de bajo coste","datePublished":"2022-09-29T07:12:27+00:00","dateModified":"2022-09-29T07:12:28+00:00","mainEntityOfPage":{"@id":"https:\/\/desdelaterrazadeamador.com\/los-vuelos-de-bajo-coste\/"},"wordCount":564,"commentCount":0,"publisher":{"@id":"https:\/\/desdelaterrazadeamador.com\/#\/schema\/person\/0b6966cf66bcc9a2eb35a69e1c074d66"},"image":{"@id":"https:\/\/desdelaterrazadeamador.com\/los-vuelos-de-bajo-coste\/#primaryimage"},"thumbnailUrl":"https:\/\/desdelaterrazadeamador.com\/wp-content\/uploads\/2022\/04\/Avion-MODELO.jpg","articleSection":["Aeronautics","Transportation"],"inLanguage":"en-US","potentialAction":[{"@type":"CommentAction","name":"Comment","target":["https:\/\/desdelaterrazadeamador.com\/los-vuelos-de-bajo-coste\/#respond"]}]},{"@type":"WebPage","@id":"https:\/\/desdelaterrazadeamador.com\/los-vuelos-de-bajo-coste\/","url":"https:\/\/desdelaterrazadeamador.com\/los-vuelos-de-bajo-coste\/","name":"Los vuelos de bajo coste - Desde la terraza de Amador","isPartOf":{"@id":"https:\/\/desdelaterrazadeamador.com\/#website"},"primaryImageOfPage":{"@id":"https:\/\/desdelaterrazadeamador.com\/los-vuelos-de-bajo-coste\/#primaryimage"},"image":{"@id":"https:\/\/desdelaterrazadeamador.com\/los-vuelos-de-bajo-coste\/#primaryimage"},"thumbnailUrl":"https:\/\/desdelaterrazadeamador.com\/wp-content\/uploads\/2022\/04\/Avion-MODELO.jpg","datePublished":"2022-09-29T07:12:27+00:00","dateModified":"2022-09-29T07:12:28+00:00","description":"Con la recuperaci\u00f3n del Covid-19, tambi\u00e9n se recuperaron los vuelos al aumentar las listas de pasajeros dispuestos a volar. Pero con la \u00faltima crisis","breadcrumb":{"@id":"https:\/\/desdelaterrazadeamador.com\/los-vuelos-de-bajo-coste\/#breadcrumb"},"inLanguage":"en-US","potentialAction":[{"@type":"ReadAction","target":["https:\/\/desdelaterrazadeamador.com\/los-vuelos-de-bajo-coste\/"]}]},{"@type":"ImageObject","inLanguage":"en-US","@id":"https:\/\/desdelaterrazadeamador.com\/los-vuelos-de-bajo-coste\/#primaryimage","url":"https:\/\/desdelaterrazadeamador.com\/wp-content\/uploads\/2022\/04\/Avion-MODELO.jpg","contentUrl":"https:\/\/desdelaterrazadeamador.com\/wp-content\/uploads\/2022\/04\/Avion-MODELO.jpg","width":640,"height":426},{"@type":"BreadcrumbList","@id":"https:\/\/desdelaterrazadeamador.com\/los-vuelos-de-bajo-coste\/#breadcrumb","itemListElement":[{"@type":"ListItem","position":1,"name":"Portada","item":"https:\/\/desdelaterrazadeamador.com\/"},{"@type":"ListItem","position":2,"name":"Los vuelos de bajo coste"}]},{"@type":"WebSite","@id":"https:\/\/desdelaterrazadeamador.com\/#website","url":"https:\/\/desdelaterrazadeamador.com\/","name":"Desde la terraza de Amador","description":"Free and honest reflections on current social and technological issues","publisher":{"@id":"https:\/\/desdelaterrazadeamador.com\/#\/schema\/person\/0b6966cf66bcc9a2eb35a69e1c074d66"},"potentialAction":[{"@type":"SearchAction","target":{"@type":"EntryPoint","urlTemplate":"https:\/\/desdelaterrazadeamador.com\/?s={search_term_string}"},"query-input":{"@type":"PropertyValueSpecification","valueRequired":true,"valueName":"search_term_string"}}],"inLanguage":"en-US"},{"@type":["Person","Organization"],"@id":"https:\/\/desdelaterrazadeamador.com\/#\/schema\/person\/0b6966cf66bcc9a2eb35a69e1c074d66","name":"Amador Palacios","image":{"@type":"ImageObject","inLanguage":"en-US","@id":"https:\/\/desdelaterrazadeamador.com\/wp-content\/uploads\/2022\/01\/amador-palacios.jpg","url":"https:\/\/desdelaterrazadeamador.com\/wp-content\/uploads\/2022\/01\/amador-palacios.jpg","contentUrl":"https:\/\/desdelaterrazadeamador.com\/wp-content\/uploads\/2022\/01\/amador-palacios.jpg","width":1265,"height":899,"caption":"Amador Palacios"},"logo":{"@id":"https:\/\/desdelaterrazadeamador.com\/wp-content\/uploads\/2022\/01\/amador-palacios.jpg"},"description":"Reflexiones de Amador Palacios sobre temas de Actualidad Social y Tecnol\u00f3gica; otras opiniones diferentes a la m\u00eda son bienvenidas","sameAs":["http:\/\/desdelaterrazadeamador.com","https:\/\/es.linkedin.com\/in\/amador-palacios-499532a","https:\/\/x.com\/https:\/\/twitter.com\/edurneamaya"]}]}},"jetpack_publicize_connections":[],"_links":{"self":[{"href":"https:\/\/desdelaterrazadeamador.com\/en\/wp-json\/wp\/v2\/posts\/1221","targetHints":{"allow":["GET"]}}],"collection":[{"href":"https:\/\/desdelaterrazadeamador.com\/en\/wp-json\/wp\/v2\/posts"}],"about":[{"href":"https:\/\/desdelaterrazadeamador.com\/en\/wp-json\/wp\/v2\/types\/post"}],"author":[{"embeddable":true,"href":"https:\/\/desdelaterrazadeamador.com\/en\/wp-json\/wp\/v2\/users\/1"}],"replies":[{"embeddable":true,"href":"https:\/\/desdelaterrazadeamador.com\/en\/wp-json\/wp\/v2\/comments?post=1221"}],"version-history":[{"count":1,"href":"https:\/\/desdelaterrazadeamador.com\/en\/wp-json\/wp\/v2\/posts\/1221\/revisions"}],"predecessor-version":[{"id":1223,"href":"https:\/\/desdelaterrazadeamador.com\/en\/wp-json\/wp\/v2\/posts\/1221\/revisions\/1223"}],"wp:featuredmedia":[{"embeddable":true,"href":"https:\/\/desdelaterrazadeamador.com\/en\/wp-json\/wp\/v2\/media\/718"}],"wp:attachment":[{"href":"https:\/\/desdelaterrazadeamador.com\/en\/wp-json\/wp\/v2\/media?parent=1221"}],"wp:term":[{"taxonomy":"category","embeddable":true,"href":"https:\/\/desdelaterrazadeamador.com\/en\/wp-json\/wp\/v2\/categories?post=1221"},{"taxonomy":"post_tag","embeddable":true,"href":"https:\/\/desdelaterrazadeamador.com\/en\/wp-json\/wp\/v2\/tags?post=1221"}],"curies":[{"name":"wp","href":"https:\/\/api.w.org\/{rel}","templated":true}]}}