{"id":1085,"date":"2022-08-12T07:57:53","date_gmt":"2022-08-12T05:57:53","guid":{"rendered":"https:\/\/desdelaterrazadeamador.com\/?p=1085"},"modified":"2022-08-12T07:57:55","modified_gmt":"2022-08-12T05:57:55","slug":"dron-para-aplicaciones-en-el-interior-de-edificios","status":"publish","type":"post","link":"https:\/\/desdelaterrazadeamador.com\/en\/dron-para-aplicaciones-en-el-interior-de-edificios\/","title":{"rendered":"Drone for applications inside buildings"},"content":{"rendered":"<p>Views: 61<\/p>\n<p class=\"wp-block-paragraph\">In general, drones fly in outdoor spaces and are capable of carrying out all kinds of tasks based on the sensors that are incorporated. As time goes by, they have greater calculation capabilities, and they also receive help from Artificial Intelligence to further increase their possibilities.<\/p>\n\n\n\n<p class=\"wp-block-paragraph\">But there are very few cases of drones specialized in working inside buildings, as is the case I am commenting on today. The drone is called Tando and is from the company Indoor Robotics.<\/p>\n\n\n\n<p class=\"wp-block-paragraph\">When the drone is at rest, it is placed on a platform on the roof with the help of a magnet, and there it is charged autonomously, until it has to perform some of its functions.<\/p>\n\n\n\n<p class=\"wp-block-paragraph\">It works by flying inside any building and is specially prepared to carry out surveillance, security and control functions of what happens in those interiors.<\/p>\n\n\n\n<p class=\"wp-block-paragraph\">The cameras can be normal, infrared, etc \u2026 and carry other sensors to measure temperatures and others. It is a multifunction drone that can be very useful to complement the control tasks carried out in large buildings.<\/p>\n\n\n\n<figure class=\"wp-block-image size-full\"><img loading=\"lazy\" decoding=\"async\" width=\"773\" height=\"386\" src=\"https:\/\/desdelaterrazadeamador.com\/wp-content\/uploads\/2022\/08\/Tando.jpg\" alt=\"\" class=\"wp-image-1086\" srcset=\"https:\/\/desdelaterrazadeamador.com\/wp-content\/uploads\/2022\/08\/Tando.jpg 773w, https:\/\/desdelaterrazadeamador.com\/wp-content\/uploads\/2022\/08\/Tando-300x150.jpg 300w, https:\/\/desdelaterrazadeamador.com\/wp-content\/uploads\/2022\/08\/Tando-768x384.jpg 768w, https:\/\/desdelaterrazadeamador.com\/wp-content\/uploads\/2022\/08\/Tando-18x9.jpg 18w\" sizes=\"auto, (max-width: 773px) 100vw, 773px\" \/><\/figure>\n\n\n\n<p class=\"wp-block-paragraph\">If we think of large office surfaces, shopping malls, stations, warehouses, data centers, etc. that today have guards for their security and control, a few of these devices can help significantly reduce the costs of these services.<\/p>\n\n\n\n<p class=\"wp-block-paragraph\">A video can be seen at:&nbsp; <a href=\"https:\/\/youtu.be\/q4RAmA9v114\">https:\/\/youtu.be\/q4RAmA9v114<\/a><\/p>\n\n\n\n<p class=\"wp-block-paragraph\">It is very clear to me that drones are here to perform more functions every day than what people did until today. They are an ideal complement to help us with a multitude of tasks, and reduce their costs.<\/p>\n\n\n\n<p class=\"wp-block-paragraph\">And Artificial Intelligence will only provide them with greater capacity to carry out higher-level tasks.<\/p>","protected":false},"excerpt":{"rendered":"<p>Views: 61 En general los drones vuelan en espacios exteriores y son capaces de realzar todo tipo de labores en base a los sensores que llevan incorporados. Seg\u00fan pasa el tiempo disponen de mayores capacidades de c\u00e1lculo, y adem\u00e1s reciben ayuda de la Inteligencia Artificial para aumentar a\u00fan m\u00e1s sus posibilidades. Pero hay muy pocos [&hellip;]<\/p>\n","protected":false},"author":1,"featured_media":925,"comment_status":"open","ping_status":"open","sticky":false,"template":"","format":"standard","meta":{"_crdt_document":"","footnotes":"","jetpack_publicize_message":"","jetpack_publicize_feature_enabled":true,"jetpack_social_post_already_shared":false,"jetpack_social_options":{"image_generator_settings":{"template":"highway","default_image_id":0,"font":"","enabled":false},"version":2}},"categories":[149,119],"tags":[],"class_list":["post-1085","post","type-post","status-publish","format-standard","has-post-thumbnail","hentry","category-dron","category-drones"],"yoast_head":"<!-- This site is optimized with the Yoast SEO plugin v27.5 - https:\/\/yoast.com\/product\/yoast-seo-wordpress\/ -->\n<title>Dron para aplicaciones en el interior de edificios - Desde la terraza de Amador<\/title>\n<meta name=\"description\" content=\"En general los drones vuelan en espacios exteriores y son capaces de realzar todo tipo de labores en base a los sensores que llevan incorporados. Seg\u00fan\" \/>\n<meta name=\"robots\" content=\"index, follow, max-snippet:-1, max-image-preview:large, max-video-preview:-1\" \/>\n<link rel=\"canonical\" href=\"https:\/\/desdelaterrazadeamador.com\/en\/dron-para-aplicaciones-en-el-interior-de-edificios\/\" \/>\n<meta property=\"og:locale\" content=\"en_US\" \/>\n<meta property=\"og:type\" content=\"article\" \/>\n<meta property=\"og:title\" content=\"Dron para aplicaciones en el interior de edificios - Desde la terraza de Amador\" \/>\n<meta property=\"og:description\" content=\"En general los drones vuelan en espacios exteriores y son capaces de realzar todo tipo de labores en base a los sensores que llevan incorporados. Seg\u00fan\" \/>\n<meta property=\"og:url\" content=\"https:\/\/desdelaterrazadeamador.com\/en\/dron-para-aplicaciones-en-el-interior-de-edificios\/\" \/>\n<meta property=\"og:site_name\" content=\"Desde la terraza de Amador\" \/>\n<meta property=\"article:published_time\" content=\"2022-08-12T05:57:53+00:00\" \/>\n<meta property=\"article:modified_time\" content=\"2022-08-12T05:57:55+00:00\" \/>\n<meta property=\"og:image\" content=\"https:\/\/desdelaterrazadeamador.com\/wp-content\/uploads\/2022\/06\/Dron-MODELO.jpg\" \/>\n\t<meta property=\"og:image:width\" content=\"200\" \/>\n\t<meta property=\"og:image:height\" content=\"200\" \/>\n\t<meta property=\"og:image:type\" content=\"image\/jpeg\" \/>\n<meta name=\"author\" content=\"Amador Palacios\" \/>\n<meta name=\"twitter:card\" content=\"summary_large_image\" \/>\n<meta name=\"twitter:creator\" content=\"@https:\/\/twitter.com\/edurneamaya\" \/>\n<meta name=\"twitter:site\" content=\"@edurneamaya\" \/>\n<meta name=\"twitter:label1\" content=\"Written by\" \/>\n\t<meta name=\"twitter:data1\" content=\"Amador Palacios\" \/>\n\t<meta name=\"twitter:label2\" content=\"Est. reading time\" \/>\n\t<meta name=\"twitter:data2\" content=\"2 minutes\" \/>\n<script type=\"application\/ld+json\" class=\"yoast-schema-graph\">{\"@context\":\"https:\\\/\\\/schema.org\",\"@graph\":[{\"@type\":\"Article\",\"@id\":\"https:\\\/\\\/desdelaterrazadeamador.com\\\/dron-para-aplicaciones-en-el-interior-de-edificios\\\/#article\",\"isPartOf\":{\"@id\":\"https:\\\/\\\/desdelaterrazadeamador.com\\\/dron-para-aplicaciones-en-el-interior-de-edificios\\\/\"},\"author\":{\"name\":\"Amador Palacios\",\"@id\":\"https:\\\/\\\/desdelaterrazadeamador.com\\\/#\\\/schema\\\/person\\\/0b6966cf66bcc9a2eb35a69e1c074d66\"},\"headline\":\"Dron para aplicaciones en el interior de edificios\",\"datePublished\":\"2022-08-12T05:57:53+00:00\",\"dateModified\":\"2022-08-12T05:57:55+00:00\",\"mainEntityOfPage\":{\"@id\":\"https:\\\/\\\/desdelaterrazadeamador.com\\\/dron-para-aplicaciones-en-el-interior-de-edificios\\\/\"},\"wordCount\":317,\"commentCount\":0,\"publisher\":{\"@id\":\"https:\\\/\\\/desdelaterrazadeamador.com\\\/#\\\/schema\\\/person\\\/0b6966cf66bcc9a2eb35a69e1c074d66\"},\"image\":{\"@id\":\"https:\\\/\\\/desdelaterrazadeamador.com\\\/dron-para-aplicaciones-en-el-interior-de-edificios\\\/#primaryimage\"},\"thumbnailUrl\":\"https:\\\/\\\/desdelaterrazadeamador.com\\\/wp-content\\\/uploads\\\/2022\\\/06\\\/Dron-MODELO.jpg\",\"articleSection\":[\"Dron\",\"Drones\"],\"inLanguage\":\"en-US\",\"potentialAction\":[{\"@type\":\"CommentAction\",\"name\":\"Comment\",\"target\":[\"https:\\\/\\\/desdelaterrazadeamador.com\\\/dron-para-aplicaciones-en-el-interior-de-edificios\\\/#respond\"]}]},{\"@type\":\"WebPage\",\"@id\":\"https:\\\/\\\/desdelaterrazadeamador.com\\\/dron-para-aplicaciones-en-el-interior-de-edificios\\\/\",\"url\":\"https:\\\/\\\/desdelaterrazadeamador.com\\\/dron-para-aplicaciones-en-el-interior-de-edificios\\\/\",\"name\":\"Dron para aplicaciones en el interior de edificios - Desde la terraza de Amador\",\"isPartOf\":{\"@id\":\"https:\\\/\\\/desdelaterrazadeamador.com\\\/#website\"},\"primaryImageOfPage\":{\"@id\":\"https:\\\/\\\/desdelaterrazadeamador.com\\\/dron-para-aplicaciones-en-el-interior-de-edificios\\\/#primaryimage\"},\"image\":{\"@id\":\"https:\\\/\\\/desdelaterrazadeamador.com\\\/dron-para-aplicaciones-en-el-interior-de-edificios\\\/#primaryimage\"},\"thumbnailUrl\":\"https:\\\/\\\/desdelaterrazadeamador.com\\\/wp-content\\\/uploads\\\/2022\\\/06\\\/Dron-MODELO.jpg\",\"datePublished\":\"2022-08-12T05:57:53+00:00\",\"dateModified\":\"2022-08-12T05:57:55+00:00\",\"description\":\"En general los drones vuelan en espacios exteriores y son capaces de realzar todo tipo de labores en base a los sensores que llevan incorporados. Seg\u00fan\",\"breadcrumb\":{\"@id\":\"https:\\\/\\\/desdelaterrazadeamador.com\\\/dron-para-aplicaciones-en-el-interior-de-edificios\\\/#breadcrumb\"},\"inLanguage\":\"en-US\",\"potentialAction\":[{\"@type\":\"ReadAction\",\"target\":[\"https:\\\/\\\/desdelaterrazadeamador.com\\\/dron-para-aplicaciones-en-el-interior-de-edificios\\\/\"]}]},{\"@type\":\"ImageObject\",\"inLanguage\":\"en-US\",\"@id\":\"https:\\\/\\\/desdelaterrazadeamador.com\\\/dron-para-aplicaciones-en-el-interior-de-edificios\\\/#primaryimage\",\"url\":\"https:\\\/\\\/desdelaterrazadeamador.com\\\/wp-content\\\/uploads\\\/2022\\\/06\\\/Dron-MODELO.jpg\",\"contentUrl\":\"https:\\\/\\\/desdelaterrazadeamador.com\\\/wp-content\\\/uploads\\\/2022\\\/06\\\/Dron-MODELO.jpg\",\"width\":200,\"height\":200},{\"@type\":\"BreadcrumbList\",\"@id\":\"https:\\\/\\\/desdelaterrazadeamador.com\\\/dron-para-aplicaciones-en-el-interior-de-edificios\\\/#breadcrumb\",\"itemListElement\":[{\"@type\":\"ListItem\",\"position\":1,\"name\":\"Portada\",\"item\":\"https:\\\/\\\/desdelaterrazadeamador.com\\\/\"},{\"@type\":\"ListItem\",\"position\":2,\"name\":\"Dron para aplicaciones en el interior de edificios\"}]},{\"@type\":\"WebSite\",\"@id\":\"https:\\\/\\\/desdelaterrazadeamador.com\\\/#website\",\"url\":\"https:\\\/\\\/desdelaterrazadeamador.com\\\/\",\"name\":\"Desde la terraza de Amador\",\"description\":\"Reflexiones libres y honestas sobre temas de actualidad social y tecnol\u00f3gica\",\"publisher\":{\"@id\":\"https:\\\/\\\/desdelaterrazadeamador.com\\\/#\\\/schema\\\/person\\\/0b6966cf66bcc9a2eb35a69e1c074d66\"},\"potentialAction\":[{\"@type\":\"SearchAction\",\"target\":{\"@type\":\"EntryPoint\",\"urlTemplate\":\"https:\\\/\\\/desdelaterrazadeamador.com\\\/?s={search_term_string}\"},\"query-input\":{\"@type\":\"PropertyValueSpecification\",\"valueRequired\":true,\"valueName\":\"search_term_string\"}}],\"inLanguage\":\"en-US\"},{\"@type\":[\"Person\",\"Organization\"],\"@id\":\"https:\\\/\\\/desdelaterrazadeamador.com\\\/#\\\/schema\\\/person\\\/0b6966cf66bcc9a2eb35a69e1c074d66\",\"name\":\"Amador Palacios\",\"image\":{\"@type\":\"ImageObject\",\"inLanguage\":\"en-US\",\"@id\":\"https:\\\/\\\/desdelaterrazadeamador.com\\\/wp-content\\\/uploads\\\/2022\\\/01\\\/amador-palacios.jpg\",\"url\":\"https:\\\/\\\/desdelaterrazadeamador.com\\\/wp-content\\\/uploads\\\/2022\\\/01\\\/amador-palacios.jpg\",\"contentUrl\":\"https:\\\/\\\/desdelaterrazadeamador.com\\\/wp-content\\\/uploads\\\/2022\\\/01\\\/amador-palacios.jpg\",\"width\":1265,\"height\":899,\"caption\":\"Amador Palacios\"},\"logo\":{\"@id\":\"https:\\\/\\\/desdelaterrazadeamador.com\\\/wp-content\\\/uploads\\\/2022\\\/01\\\/amador-palacios.jpg\"},\"description\":\"Reflexiones de Amador Palacios sobre temas de Actualidad Social y Tecnol\u00f3gica; otras opiniones diferentes a la m\u00eda son bienvenidas\",\"sameAs\":[\"http:\\\/\\\/desdelaterrazadeamador.com\",\"https:\\\/\\\/es.linkedin.com\\\/in\\\/amador-palacios-499532a\",\"https:\\\/\\\/x.com\\\/https:\\\/\\\/twitter.com\\\/edurneamaya\"]}]}<\/script>\n<!-- \/ Yoast SEO plugin. -->","yoast_head_json":{"title":"Dron para aplicaciones en el interior de edificios - Desde la terraza de Amador","description":"En general los drones vuelan en espacios exteriores y son capaces de realzar todo tipo de labores en base a los sensores que llevan incorporados. Seg\u00fan","robots":{"index":"index","follow":"follow","max-snippet":"max-snippet:-1","max-image-preview":"max-image-preview:large","max-video-preview":"max-video-preview:-1"},"canonical":"https:\/\/desdelaterrazadeamador.com\/en\/dron-para-aplicaciones-en-el-interior-de-edificios\/","og_locale":"en_US","og_type":"article","og_title":"Dron para aplicaciones en el interior de edificios - Desde la terraza de Amador","og_description":"En general los drones vuelan en espacios exteriores y son capaces de realzar todo tipo de labores en base a los sensores que llevan incorporados. Seg\u00fan","og_url":"https:\/\/desdelaterrazadeamador.com\/en\/dron-para-aplicaciones-en-el-interior-de-edificios\/","og_site_name":"Desde la terraza de Amador","article_published_time":"2022-08-12T05:57:53+00:00","article_modified_time":"2022-08-12T05:57:55+00:00","og_image":[{"width":200,"height":200,"url":"https:\/\/desdelaterrazadeamador.com\/wp-content\/uploads\/2022\/06\/Dron-MODELO.jpg","type":"image\/jpeg"}],"author":"Amador Palacios","twitter_card":"summary_large_image","twitter_creator":"@https:\/\/twitter.com\/edurneamaya","twitter_site":"@edurneamaya","twitter_misc":{"Written by":"Amador Palacios","Est. reading time":"2 minutes"},"schema":{"@context":"https:\/\/schema.org","@graph":[{"@type":"Article","@id":"https:\/\/desdelaterrazadeamador.com\/dron-para-aplicaciones-en-el-interior-de-edificios\/#article","isPartOf":{"@id":"https:\/\/desdelaterrazadeamador.com\/dron-para-aplicaciones-en-el-interior-de-edificios\/"},"author":{"name":"Amador Palacios","@id":"https:\/\/desdelaterrazadeamador.com\/#\/schema\/person\/0b6966cf66bcc9a2eb35a69e1c074d66"},"headline":"Dron para aplicaciones en el interior de edificios","datePublished":"2022-08-12T05:57:53+00:00","dateModified":"2022-08-12T05:57:55+00:00","mainEntityOfPage":{"@id":"https:\/\/desdelaterrazadeamador.com\/dron-para-aplicaciones-en-el-interior-de-edificios\/"},"wordCount":317,"commentCount":0,"publisher":{"@id":"https:\/\/desdelaterrazadeamador.com\/#\/schema\/person\/0b6966cf66bcc9a2eb35a69e1c074d66"},"image":{"@id":"https:\/\/desdelaterrazadeamador.com\/dron-para-aplicaciones-en-el-interior-de-edificios\/#primaryimage"},"thumbnailUrl":"https:\/\/desdelaterrazadeamador.com\/wp-content\/uploads\/2022\/06\/Dron-MODELO.jpg","articleSection":["Dron","Drones"],"inLanguage":"en-US","potentialAction":[{"@type":"CommentAction","name":"Comment","target":["https:\/\/desdelaterrazadeamador.com\/dron-para-aplicaciones-en-el-interior-de-edificios\/#respond"]}]},{"@type":"WebPage","@id":"https:\/\/desdelaterrazadeamador.com\/dron-para-aplicaciones-en-el-interior-de-edificios\/","url":"https:\/\/desdelaterrazadeamador.com\/dron-para-aplicaciones-en-el-interior-de-edificios\/","name":"Dron para aplicaciones en el interior de edificios - Desde la terraza de Amador","isPartOf":{"@id":"https:\/\/desdelaterrazadeamador.com\/#website"},"primaryImageOfPage":{"@id":"https:\/\/desdelaterrazadeamador.com\/dron-para-aplicaciones-en-el-interior-de-edificios\/#primaryimage"},"image":{"@id":"https:\/\/desdelaterrazadeamador.com\/dron-para-aplicaciones-en-el-interior-de-edificios\/#primaryimage"},"thumbnailUrl":"https:\/\/desdelaterrazadeamador.com\/wp-content\/uploads\/2022\/06\/Dron-MODELO.jpg","datePublished":"2022-08-12T05:57:53+00:00","dateModified":"2022-08-12T05:57:55+00:00","description":"En general los drones vuelan en espacios exteriores y son capaces de realzar todo tipo de labores en base a los sensores que llevan incorporados. Seg\u00fan","breadcrumb":{"@id":"https:\/\/desdelaterrazadeamador.com\/dron-para-aplicaciones-en-el-interior-de-edificios\/#breadcrumb"},"inLanguage":"en-US","potentialAction":[{"@type":"ReadAction","target":["https:\/\/desdelaterrazadeamador.com\/dron-para-aplicaciones-en-el-interior-de-edificios\/"]}]},{"@type":"ImageObject","inLanguage":"en-US","@id":"https:\/\/desdelaterrazadeamador.com\/dron-para-aplicaciones-en-el-interior-de-edificios\/#primaryimage","url":"https:\/\/desdelaterrazadeamador.com\/wp-content\/uploads\/2022\/06\/Dron-MODELO.jpg","contentUrl":"https:\/\/desdelaterrazadeamador.com\/wp-content\/uploads\/2022\/06\/Dron-MODELO.jpg","width":200,"height":200},{"@type":"BreadcrumbList","@id":"https:\/\/desdelaterrazadeamador.com\/dron-para-aplicaciones-en-el-interior-de-edificios\/#breadcrumb","itemListElement":[{"@type":"ListItem","position":1,"name":"Portada","item":"https:\/\/desdelaterrazadeamador.com\/"},{"@type":"ListItem","position":2,"name":"Dron para aplicaciones en el interior de edificios"}]},{"@type":"WebSite","@id":"https:\/\/desdelaterrazadeamador.com\/#website","url":"https:\/\/desdelaterrazadeamador.com\/","name":"Desde la terraza de Amador","description":"Free and honest reflections on current social and technological issues","publisher":{"@id":"https:\/\/desdelaterrazadeamador.com\/#\/schema\/person\/0b6966cf66bcc9a2eb35a69e1c074d66"},"potentialAction":[{"@type":"SearchAction","target":{"@type":"EntryPoint","urlTemplate":"https:\/\/desdelaterrazadeamador.com\/?s={search_term_string}"},"query-input":{"@type":"PropertyValueSpecification","valueRequired":true,"valueName":"search_term_string"}}],"inLanguage":"en-US"},{"@type":["Person","Organization"],"@id":"https:\/\/desdelaterrazadeamador.com\/#\/schema\/person\/0b6966cf66bcc9a2eb35a69e1c074d66","name":"Amador Palacios","image":{"@type":"ImageObject","inLanguage":"en-US","@id":"https:\/\/desdelaterrazadeamador.com\/wp-content\/uploads\/2022\/01\/amador-palacios.jpg","url":"https:\/\/desdelaterrazadeamador.com\/wp-content\/uploads\/2022\/01\/amador-palacios.jpg","contentUrl":"https:\/\/desdelaterrazadeamador.com\/wp-content\/uploads\/2022\/01\/amador-palacios.jpg","width":1265,"height":899,"caption":"Amador Palacios"},"logo":{"@id":"https:\/\/desdelaterrazadeamador.com\/wp-content\/uploads\/2022\/01\/amador-palacios.jpg"},"description":"Reflexiones de Amador Palacios sobre temas de Actualidad Social y Tecnol\u00f3gica; otras opiniones diferentes a la m\u00eda son bienvenidas","sameAs":["http:\/\/desdelaterrazadeamador.com","https:\/\/es.linkedin.com\/in\/amador-palacios-499532a","https:\/\/x.com\/https:\/\/twitter.com\/edurneamaya"]}]}},"jetpack_publicize_connections":[],"_links":{"self":[{"href":"https:\/\/desdelaterrazadeamador.com\/en\/wp-json\/wp\/v2\/posts\/1085","targetHints":{"allow":["GET"]}}],"collection":[{"href":"https:\/\/desdelaterrazadeamador.com\/en\/wp-json\/wp\/v2\/posts"}],"about":[{"href":"https:\/\/desdelaterrazadeamador.com\/en\/wp-json\/wp\/v2\/types\/post"}],"author":[{"embeddable":true,"href":"https:\/\/desdelaterrazadeamador.com\/en\/wp-json\/wp\/v2\/users\/1"}],"replies":[{"embeddable":true,"href":"https:\/\/desdelaterrazadeamador.com\/en\/wp-json\/wp\/v2\/comments?post=1085"}],"version-history":[{"count":1,"href":"https:\/\/desdelaterrazadeamador.com\/en\/wp-json\/wp\/v2\/posts\/1085\/revisions"}],"predecessor-version":[{"id":1087,"href":"https:\/\/desdelaterrazadeamador.com\/en\/wp-json\/wp\/v2\/posts\/1085\/revisions\/1087"}],"wp:featuredmedia":[{"embeddable":true,"href":"https:\/\/desdelaterrazadeamador.com\/en\/wp-json\/wp\/v2\/media\/925"}],"wp:attachment":[{"href":"https:\/\/desdelaterrazadeamador.com\/en\/wp-json\/wp\/v2\/media?parent=1085"}],"wp:term":[{"taxonomy":"category","embeddable":true,"href":"https:\/\/desdelaterrazadeamador.com\/en\/wp-json\/wp\/v2\/categories?post=1085"},{"taxonomy":"post_tag","embeddable":true,"href":"https:\/\/desdelaterrazadeamador.com\/en\/wp-json\/wp\/v2\/tags?post=1085"}],"curies":[{"name":"wp","href":"https:\/\/api.w.org\/{rel}","templated":true}]}}