{"id":1071,"date":"2022-08-09T07:59:12","date_gmt":"2022-08-09T05:59:12","guid":{"rendered":"https:\/\/desdelaterrazadeamador.com\/?p=1071"},"modified":"2022-08-09T07:59:14","modified_gmt":"2022-08-09T05:59:14","slug":"google-y-apple-quieren-controlar-una-parte-del-coche-del-futuro","status":"publish","type":"post","link":"https:\/\/desdelaterrazadeamador.com\/en\/google-y-apple-quieren-controlar-una-parte-del-coche-del-futuro\/","title":{"rendered":"Google and Apple want to control a part of the car of the future"},"content":{"rendered":"<p>Views: 602<\/p>\n<p class=\"wp-block-paragraph\">Currently Google and Apple totally control the mobile world, since all the phones in the world use their systems, with Google being the one with the most widespread operating system, with a share of around 90%.<\/p>\n\n\n\n<p class=\"wp-block-paragraph\">All new cars, and especially those of a certain level, offer an Information \/ Entertainment system and offer one or both possibilities (both Google and Apple) for the user, but they are systems \"external\" to the vehicle.<\/p>\n\n\n\n<p class=\"wp-block-paragraph\">New electric cars could be defined very simply as a large computer, a battery, an electric motor, and a chassis. And the Information and Entertainment system would be part of the computer software. And this field is where Google and Apple are strong, and it is where they want to position themselves for the future.<\/p>\n\n\n\n<p class=\"wp-block-paragraph\">Google bets with its Android Automotive Operation System ( AAOS ) that it offers free to car manufacturers to include it in the system of their vehicles, and Apple does it with CarPlay, which is the equivalent system.<\/p>\n\n\n\n<figure class=\"wp-block-image size-full\"><img loading=\"lazy\" decoding=\"async\" width=\"700\" height=\"394\" src=\"https:\/\/desdelaterrazadeamador.com\/wp-content\/uploads\/2022\/08\/CarPlay.jpg\" alt=\"\" class=\"wp-image-1072\" srcset=\"https:\/\/desdelaterrazadeamador.com\/wp-content\/uploads\/2022\/08\/CarPlay.jpg 700w, https:\/\/desdelaterrazadeamador.com\/wp-content\/uploads\/2022\/08\/CarPlay-300x169.jpg 300w, https:\/\/desdelaterrazadeamador.com\/wp-content\/uploads\/2022\/08\/CarPlay-18x10.jpg 18w\" sizes=\"auto, (max-width: 700px) 100vw, 700px\" \/><\/figure>\n\n\n\n<p class=\"wp-block-paragraph\">And both companies want the same thing, that the car of the future be like a huge \"mobile\" with wheels, in which all its applications can be installed.<\/p>\n\n\n\n<p class=\"wp-block-paragraph\">And the car manufacturers are going to accept their proposals, because the attempts they have made to have their own Information systems have been unsuccessful. They cannot compete with the experience and knowledge of Google or Apple.<\/p>\n\n\n\n<p class=\"wp-block-paragraph\">And what will that mean for users? Well, we will be very happy to have the same system in our cars that we have in our mobile. Since that will give us ease of use.<\/p>\n\n\n\n<p class=\"wp-block-paragraph\">And for Google and Apple it will be an additional business, since they will have a huge amount of data, in addition to what they already have from us. And we know very well that this data is a big business, especially for Google.<\/p>\n\n\n\n<p class=\"wp-block-paragraph\">And in more than 20 years when there would be autonomous cars, we will continue to use the same entertainment systems from both manufacturers.<\/p>\n\n\n\n<p class=\"wp-block-paragraph\">Obviously, both Google and Apple are not at all stupid.<\/p>","protected":false},"excerpt":{"rendered":"<p>Views: 602 En la actualidad Google y Apple controlan totalmente el mundo del m\u00f3vil, pues todos los tel\u00e9fonos del mundo usan sus sistemas, siendo Google la que tiene m\u00e1s extendido su sistema operativo, con una cuota del orden del 90%. Todos los coches nuevos, y en especial los de cierto nivel, ofrecen un sistema de [&hellip;]<\/p>\n","protected":false},"author":1,"featured_media":1073,"comment_status":"open","ping_status":"open","sticky":false,"template":"","format":"standard","meta":{"_crdt_document":"","footnotes":"","jetpack_publicize_message":"","jetpack_publicize_feature_enabled":true,"jetpack_social_post_already_shared":false,"jetpack_social_options":{"image_generator_settings":{"template":"highway","default_image_id":0,"font":"","enabled":false},"version":2}},"categories":[110],"tags":[],"class_list":["post-1071","post","type-post","status-publish","format-standard","has-post-thumbnail","hentry","category-cars-vehicles"],"yoast_head":"<!-- This site is optimized with the Yoast SEO plugin v27.5 - https:\/\/yoast.com\/product\/yoast-seo-wordpress\/ -->\n<title>Google y Apple quieren controlar una parte del coche del futuro - Desde la terraza de Amador<\/title>\n<meta name=\"description\" content=\"En la actualidad Google y Apple controlan totalmente el mundo del m\u00f3vil, pues todos los tel\u00e9fonos del mundo usan sus sistemas, siendo Google la que tiene\" \/>\n<meta name=\"robots\" content=\"index, follow, max-snippet:-1, max-image-preview:large, max-video-preview:-1\" \/>\n<link rel=\"canonical\" href=\"https:\/\/desdelaterrazadeamador.com\/en\/google-y-apple-quieren-controlar-una-parte-del-coche-del-futuro\/\" \/>\n<meta property=\"og:locale\" content=\"en_US\" \/>\n<meta property=\"og:type\" content=\"article\" \/>\n<meta property=\"og:title\" content=\"Google y Apple quieren controlar una parte del coche del futuro - Desde la terraza de Amador\" \/>\n<meta property=\"og:description\" content=\"En la actualidad Google y Apple controlan totalmente el mundo del m\u00f3vil, pues todos los tel\u00e9fonos del mundo usan sus sistemas, siendo Google la que tiene\" \/>\n<meta property=\"og:url\" content=\"https:\/\/desdelaterrazadeamador.com\/en\/google-y-apple-quieren-controlar-una-parte-del-coche-del-futuro\/\" \/>\n<meta property=\"og:site_name\" content=\"Desde la terraza de Amador\" \/>\n<meta property=\"article:published_time\" content=\"2022-08-09T05:59:12+00:00\" \/>\n<meta property=\"article:modified_time\" content=\"2022-08-09T05:59:14+00:00\" \/>\n<meta property=\"og:image\" content=\"https:\/\/desdelaterrazadeamador.com\/wp-content\/uploads\/2022\/08\/Google-y-Apple.png\" \/>\n\t<meta property=\"og:image:width\" content=\"700\" \/>\n\t<meta property=\"og:image:height\" content=\"366\" \/>\n\t<meta property=\"og:image:type\" content=\"image\/png\" \/>\n<meta name=\"author\" content=\"Amador Palacios\" \/>\n<meta name=\"twitter:card\" content=\"summary_large_image\" \/>\n<meta name=\"twitter:creator\" content=\"@https:\/\/twitter.com\/edurneamaya\" \/>\n<meta name=\"twitter:site\" content=\"@edurneamaya\" \/>\n<meta name=\"twitter:label1\" content=\"Written by\" \/>\n\t<meta name=\"twitter:data1\" content=\"Amador Palacios\" \/>\n\t<meta name=\"twitter:label2\" content=\"Est. reading time\" \/>\n\t<meta name=\"twitter:data2\" content=\"2 minutes\" \/>\n<script type=\"application\/ld+json\" class=\"yoast-schema-graph\">{\"@context\":\"https:\\\/\\\/schema.org\",\"@graph\":[{\"@type\":\"Article\",\"@id\":\"https:\\\/\\\/desdelaterrazadeamador.com\\\/google-y-apple-quieren-controlar-una-parte-del-coche-del-futuro\\\/#article\",\"isPartOf\":{\"@id\":\"https:\\\/\\\/desdelaterrazadeamador.com\\\/google-y-apple-quieren-controlar-una-parte-del-coche-del-futuro\\\/\"},\"author\":{\"name\":\"Amador Palacios\",\"@id\":\"https:\\\/\\\/desdelaterrazadeamador.com\\\/#\\\/schema\\\/person\\\/0b6966cf66bcc9a2eb35a69e1c074d66\"},\"headline\":\"Google y Apple quieren controlar una parte del coche del futuro\",\"datePublished\":\"2022-08-09T05:59:12+00:00\",\"dateModified\":\"2022-08-09T05:59:14+00:00\",\"mainEntityOfPage\":{\"@id\":\"https:\\\/\\\/desdelaterrazadeamador.com\\\/google-y-apple-quieren-controlar-una-parte-del-coche-del-futuro\\\/\"},\"wordCount\":371,\"commentCount\":0,\"publisher\":{\"@id\":\"https:\\\/\\\/desdelaterrazadeamador.com\\\/#\\\/schema\\\/person\\\/0b6966cf66bcc9a2eb35a69e1c074d66\"},\"image\":{\"@id\":\"https:\\\/\\\/desdelaterrazadeamador.com\\\/google-y-apple-quieren-controlar-una-parte-del-coche-del-futuro\\\/#primaryimage\"},\"thumbnailUrl\":\"https:\\\/\\\/desdelaterrazadeamador.com\\\/wp-content\\\/uploads\\\/2022\\\/08\\\/Google-y-Apple.png\",\"articleSection\":[\"Cars\"],\"inLanguage\":\"en-US\",\"potentialAction\":[{\"@type\":\"CommentAction\",\"name\":\"Comment\",\"target\":[\"https:\\\/\\\/desdelaterrazadeamador.com\\\/google-y-apple-quieren-controlar-una-parte-del-coche-del-futuro\\\/#respond\"]}]},{\"@type\":\"WebPage\",\"@id\":\"https:\\\/\\\/desdelaterrazadeamador.com\\\/google-y-apple-quieren-controlar-una-parte-del-coche-del-futuro\\\/\",\"url\":\"https:\\\/\\\/desdelaterrazadeamador.com\\\/google-y-apple-quieren-controlar-una-parte-del-coche-del-futuro\\\/\",\"name\":\"Google y Apple quieren controlar una parte del coche del futuro - Desde la terraza de Amador\",\"isPartOf\":{\"@id\":\"https:\\\/\\\/desdelaterrazadeamador.com\\\/#website\"},\"primaryImageOfPage\":{\"@id\":\"https:\\\/\\\/desdelaterrazadeamador.com\\\/google-y-apple-quieren-controlar-una-parte-del-coche-del-futuro\\\/#primaryimage\"},\"image\":{\"@id\":\"https:\\\/\\\/desdelaterrazadeamador.com\\\/google-y-apple-quieren-controlar-una-parte-del-coche-del-futuro\\\/#primaryimage\"},\"thumbnailUrl\":\"https:\\\/\\\/desdelaterrazadeamador.com\\\/wp-content\\\/uploads\\\/2022\\\/08\\\/Google-y-Apple.png\",\"datePublished\":\"2022-08-09T05:59:12+00:00\",\"dateModified\":\"2022-08-09T05:59:14+00:00\",\"description\":\"En la actualidad Google y Apple controlan totalmente el mundo del m\u00f3vil, pues todos los tel\u00e9fonos del mundo usan sus sistemas, siendo Google la que tiene\",\"breadcrumb\":{\"@id\":\"https:\\\/\\\/desdelaterrazadeamador.com\\\/google-y-apple-quieren-controlar-una-parte-del-coche-del-futuro\\\/#breadcrumb\"},\"inLanguage\":\"en-US\",\"potentialAction\":[{\"@type\":\"ReadAction\",\"target\":[\"https:\\\/\\\/desdelaterrazadeamador.com\\\/google-y-apple-quieren-controlar-una-parte-del-coche-del-futuro\\\/\"]}]},{\"@type\":\"ImageObject\",\"inLanguage\":\"en-US\",\"@id\":\"https:\\\/\\\/desdelaterrazadeamador.com\\\/google-y-apple-quieren-controlar-una-parte-del-coche-del-futuro\\\/#primaryimage\",\"url\":\"https:\\\/\\\/desdelaterrazadeamador.com\\\/wp-content\\\/uploads\\\/2022\\\/08\\\/Google-y-Apple.png\",\"contentUrl\":\"https:\\\/\\\/desdelaterrazadeamador.com\\\/wp-content\\\/uploads\\\/2022\\\/08\\\/Google-y-Apple.png\",\"width\":700,\"height\":366},{\"@type\":\"BreadcrumbList\",\"@id\":\"https:\\\/\\\/desdelaterrazadeamador.com\\\/google-y-apple-quieren-controlar-una-parte-del-coche-del-futuro\\\/#breadcrumb\",\"itemListElement\":[{\"@type\":\"ListItem\",\"position\":1,\"name\":\"Portada\",\"item\":\"https:\\\/\\\/desdelaterrazadeamador.com\\\/\"},{\"@type\":\"ListItem\",\"position\":2,\"name\":\"Google y Apple quieren controlar una parte del coche del futuro\"}]},{\"@type\":\"WebSite\",\"@id\":\"https:\\\/\\\/desdelaterrazadeamador.com\\\/#website\",\"url\":\"https:\\\/\\\/desdelaterrazadeamador.com\\\/\",\"name\":\"Desde la terraza de Amador\",\"description\":\"Reflexiones libres y honestas sobre temas de actualidad social y tecnol\u00f3gica\",\"publisher\":{\"@id\":\"https:\\\/\\\/desdelaterrazadeamador.com\\\/#\\\/schema\\\/person\\\/0b6966cf66bcc9a2eb35a69e1c074d66\"},\"potentialAction\":[{\"@type\":\"SearchAction\",\"target\":{\"@type\":\"EntryPoint\",\"urlTemplate\":\"https:\\\/\\\/desdelaterrazadeamador.com\\\/?s={search_term_string}\"},\"query-input\":{\"@type\":\"PropertyValueSpecification\",\"valueRequired\":true,\"valueName\":\"search_term_string\"}}],\"inLanguage\":\"en-US\"},{\"@type\":[\"Person\",\"Organization\"],\"@id\":\"https:\\\/\\\/desdelaterrazadeamador.com\\\/#\\\/schema\\\/person\\\/0b6966cf66bcc9a2eb35a69e1c074d66\",\"name\":\"Amador Palacios\",\"image\":{\"@type\":\"ImageObject\",\"inLanguage\":\"en-US\",\"@id\":\"https:\\\/\\\/desdelaterrazadeamador.com\\\/wp-content\\\/uploads\\\/2022\\\/01\\\/amador-palacios.jpg\",\"url\":\"https:\\\/\\\/desdelaterrazadeamador.com\\\/wp-content\\\/uploads\\\/2022\\\/01\\\/amador-palacios.jpg\",\"contentUrl\":\"https:\\\/\\\/desdelaterrazadeamador.com\\\/wp-content\\\/uploads\\\/2022\\\/01\\\/amador-palacios.jpg\",\"width\":1265,\"height\":899,\"caption\":\"Amador Palacios\"},\"logo\":{\"@id\":\"https:\\\/\\\/desdelaterrazadeamador.com\\\/wp-content\\\/uploads\\\/2022\\\/01\\\/amador-palacios.jpg\"},\"description\":\"Reflexiones de Amador Palacios sobre temas de Actualidad Social y Tecnol\u00f3gica; otras opiniones diferentes a la m\u00eda son bienvenidas\",\"sameAs\":[\"http:\\\/\\\/desdelaterrazadeamador.com\",\"https:\\\/\\\/es.linkedin.com\\\/in\\\/amador-palacios-499532a\",\"https:\\\/\\\/x.com\\\/https:\\\/\\\/twitter.com\\\/edurneamaya\"]}]}<\/script>\n<!-- \/ Yoast SEO plugin. -->","yoast_head_json":{"title":"Google y Apple quieren controlar una parte del coche del futuro - Desde la terraza de Amador","description":"En la actualidad Google y Apple controlan totalmente el mundo del m\u00f3vil, pues todos los tel\u00e9fonos del mundo usan sus sistemas, siendo Google la que tiene","robots":{"index":"index","follow":"follow","max-snippet":"max-snippet:-1","max-image-preview":"max-image-preview:large","max-video-preview":"max-video-preview:-1"},"canonical":"https:\/\/desdelaterrazadeamador.com\/en\/google-y-apple-quieren-controlar-una-parte-del-coche-del-futuro\/","og_locale":"en_US","og_type":"article","og_title":"Google y Apple quieren controlar una parte del coche del futuro - Desde la terraza de Amador","og_description":"En la actualidad Google y Apple controlan totalmente el mundo del m\u00f3vil, pues todos los tel\u00e9fonos del mundo usan sus sistemas, siendo Google la que tiene","og_url":"https:\/\/desdelaterrazadeamador.com\/en\/google-y-apple-quieren-controlar-una-parte-del-coche-del-futuro\/","og_site_name":"Desde la terraza de Amador","article_published_time":"2022-08-09T05:59:12+00:00","article_modified_time":"2022-08-09T05:59:14+00:00","og_image":[{"width":700,"height":366,"url":"https:\/\/desdelaterrazadeamador.com\/wp-content\/uploads\/2022\/08\/Google-y-Apple.png","type":"image\/png"}],"author":"Amador Palacios","twitter_card":"summary_large_image","twitter_creator":"@https:\/\/twitter.com\/edurneamaya","twitter_site":"@edurneamaya","twitter_misc":{"Written by":"Amador Palacios","Est. reading time":"2 minutes"},"schema":{"@context":"https:\/\/schema.org","@graph":[{"@type":"Article","@id":"https:\/\/desdelaterrazadeamador.com\/google-y-apple-quieren-controlar-una-parte-del-coche-del-futuro\/#article","isPartOf":{"@id":"https:\/\/desdelaterrazadeamador.com\/google-y-apple-quieren-controlar-una-parte-del-coche-del-futuro\/"},"author":{"name":"Amador Palacios","@id":"https:\/\/desdelaterrazadeamador.com\/#\/schema\/person\/0b6966cf66bcc9a2eb35a69e1c074d66"},"headline":"Google y Apple quieren controlar una parte del coche del futuro","datePublished":"2022-08-09T05:59:12+00:00","dateModified":"2022-08-09T05:59:14+00:00","mainEntityOfPage":{"@id":"https:\/\/desdelaterrazadeamador.com\/google-y-apple-quieren-controlar-una-parte-del-coche-del-futuro\/"},"wordCount":371,"commentCount":0,"publisher":{"@id":"https:\/\/desdelaterrazadeamador.com\/#\/schema\/person\/0b6966cf66bcc9a2eb35a69e1c074d66"},"image":{"@id":"https:\/\/desdelaterrazadeamador.com\/google-y-apple-quieren-controlar-una-parte-del-coche-del-futuro\/#primaryimage"},"thumbnailUrl":"https:\/\/desdelaterrazadeamador.com\/wp-content\/uploads\/2022\/08\/Google-y-Apple.png","articleSection":["Cars"],"inLanguage":"en-US","potentialAction":[{"@type":"CommentAction","name":"Comment","target":["https:\/\/desdelaterrazadeamador.com\/google-y-apple-quieren-controlar-una-parte-del-coche-del-futuro\/#respond"]}]},{"@type":"WebPage","@id":"https:\/\/desdelaterrazadeamador.com\/google-y-apple-quieren-controlar-una-parte-del-coche-del-futuro\/","url":"https:\/\/desdelaterrazadeamador.com\/google-y-apple-quieren-controlar-una-parte-del-coche-del-futuro\/","name":"Google y Apple quieren controlar una parte del coche del futuro - Desde la terraza de Amador","isPartOf":{"@id":"https:\/\/desdelaterrazadeamador.com\/#website"},"primaryImageOfPage":{"@id":"https:\/\/desdelaterrazadeamador.com\/google-y-apple-quieren-controlar-una-parte-del-coche-del-futuro\/#primaryimage"},"image":{"@id":"https:\/\/desdelaterrazadeamador.com\/google-y-apple-quieren-controlar-una-parte-del-coche-del-futuro\/#primaryimage"},"thumbnailUrl":"https:\/\/desdelaterrazadeamador.com\/wp-content\/uploads\/2022\/08\/Google-y-Apple.png","datePublished":"2022-08-09T05:59:12+00:00","dateModified":"2022-08-09T05:59:14+00:00","description":"En la actualidad Google y Apple controlan totalmente el mundo del m\u00f3vil, pues todos los tel\u00e9fonos del mundo usan sus sistemas, siendo Google la que tiene","breadcrumb":{"@id":"https:\/\/desdelaterrazadeamador.com\/google-y-apple-quieren-controlar-una-parte-del-coche-del-futuro\/#breadcrumb"},"inLanguage":"en-US","potentialAction":[{"@type":"ReadAction","target":["https:\/\/desdelaterrazadeamador.com\/google-y-apple-quieren-controlar-una-parte-del-coche-del-futuro\/"]}]},{"@type":"ImageObject","inLanguage":"en-US","@id":"https:\/\/desdelaterrazadeamador.com\/google-y-apple-quieren-controlar-una-parte-del-coche-del-futuro\/#primaryimage","url":"https:\/\/desdelaterrazadeamador.com\/wp-content\/uploads\/2022\/08\/Google-y-Apple.png","contentUrl":"https:\/\/desdelaterrazadeamador.com\/wp-content\/uploads\/2022\/08\/Google-y-Apple.png","width":700,"height":366},{"@type":"BreadcrumbList","@id":"https:\/\/desdelaterrazadeamador.com\/google-y-apple-quieren-controlar-una-parte-del-coche-del-futuro\/#breadcrumb","itemListElement":[{"@type":"ListItem","position":1,"name":"Portada","item":"https:\/\/desdelaterrazadeamador.com\/"},{"@type":"ListItem","position":2,"name":"Google y Apple quieren controlar una parte del coche del futuro"}]},{"@type":"WebSite","@id":"https:\/\/desdelaterrazadeamador.com\/#website","url":"https:\/\/desdelaterrazadeamador.com\/","name":"Desde la terraza de Amador","description":"Free and honest reflections on current social and technological issues","publisher":{"@id":"https:\/\/desdelaterrazadeamador.com\/#\/schema\/person\/0b6966cf66bcc9a2eb35a69e1c074d66"},"potentialAction":[{"@type":"SearchAction","target":{"@type":"EntryPoint","urlTemplate":"https:\/\/desdelaterrazadeamador.com\/?s={search_term_string}"},"query-input":{"@type":"PropertyValueSpecification","valueRequired":true,"valueName":"search_term_string"}}],"inLanguage":"en-US"},{"@type":["Person","Organization"],"@id":"https:\/\/desdelaterrazadeamador.com\/#\/schema\/person\/0b6966cf66bcc9a2eb35a69e1c074d66","name":"Amador Palacios","image":{"@type":"ImageObject","inLanguage":"en-US","@id":"https:\/\/desdelaterrazadeamador.com\/wp-content\/uploads\/2022\/01\/amador-palacios.jpg","url":"https:\/\/desdelaterrazadeamador.com\/wp-content\/uploads\/2022\/01\/amador-palacios.jpg","contentUrl":"https:\/\/desdelaterrazadeamador.com\/wp-content\/uploads\/2022\/01\/amador-palacios.jpg","width":1265,"height":899,"caption":"Amador Palacios"},"logo":{"@id":"https:\/\/desdelaterrazadeamador.com\/wp-content\/uploads\/2022\/01\/amador-palacios.jpg"},"description":"Reflexiones de Amador Palacios sobre temas de Actualidad Social y Tecnol\u00f3gica; otras opiniones diferentes a la m\u00eda son bienvenidas","sameAs":["http:\/\/desdelaterrazadeamador.com","https:\/\/es.linkedin.com\/in\/amador-palacios-499532a","https:\/\/x.com\/https:\/\/twitter.com\/edurneamaya"]}]}},"jetpack_publicize_connections":[],"_links":{"self":[{"href":"https:\/\/desdelaterrazadeamador.com\/en\/wp-json\/wp\/v2\/posts\/1071","targetHints":{"allow":["GET"]}}],"collection":[{"href":"https:\/\/desdelaterrazadeamador.com\/en\/wp-json\/wp\/v2\/posts"}],"about":[{"href":"https:\/\/desdelaterrazadeamador.com\/en\/wp-json\/wp\/v2\/types\/post"}],"author":[{"embeddable":true,"href":"https:\/\/desdelaterrazadeamador.com\/en\/wp-json\/wp\/v2\/users\/1"}],"replies":[{"embeddable":true,"href":"https:\/\/desdelaterrazadeamador.com\/en\/wp-json\/wp\/v2\/comments?post=1071"}],"version-history":[{"count":1,"href":"https:\/\/desdelaterrazadeamador.com\/en\/wp-json\/wp\/v2\/posts\/1071\/revisions"}],"predecessor-version":[{"id":1074,"href":"https:\/\/desdelaterrazadeamador.com\/en\/wp-json\/wp\/v2\/posts\/1071\/revisions\/1074"}],"wp:featuredmedia":[{"embeddable":true,"href":"https:\/\/desdelaterrazadeamador.com\/en\/wp-json\/wp\/v2\/media\/1073"}],"wp:attachment":[{"href":"https:\/\/desdelaterrazadeamador.com\/en\/wp-json\/wp\/v2\/media?parent=1071"}],"wp:term":[{"taxonomy":"category","embeddable":true,"href":"https:\/\/desdelaterrazadeamador.com\/en\/wp-json\/wp\/v2\/categories?post=1071"},{"taxonomy":"post_tag","embeddable":true,"href":"https:\/\/desdelaterrazadeamador.com\/en\/wp-json\/wp\/v2\/tags?post=1071"}],"curies":[{"name":"wp","href":"https:\/\/api.w.org\/{rel}","templated":true}]}}